{"id":3714,"date":"2012-10-10T16:55:54","date_gmt":"2012-10-10T15:55:54","guid":{"rendered":"https:\/\/www.itakaescolapios.org\/?p=3714"},"modified":"2023-11-28T12:39:36","modified_gmt":"2023-11-28T11:39:36","slug":"comienzo-del-movimiento-calasanz-cordoba-2","status":"publish","type":"post","link":"https:\/\/www.itakaescolapios.org\/es\/2012\/10\/comienzo-del-movimiento-calasanz-cordoba-2\/","title":{"rendered":"Comienzo del Movimiento Calasanz C\u00f3rdoba"},"content":{"rendered":"<p>El viernes pasado comenzamos de nuevo los grupos con mucha ilusi\u00f3n. Arrancamos con nuestros proyectos en todas las etapas; aventureros, artesanos, caminantes, convocatoria y catecumenado, desde los 10 a\u00f1os hasta los mas grandes, los universitarios. Estamos creciendo a\u00f1o tras a\u00f1o, actualmente con una asistencia inicial de alrededor de 150 chavales de 5\u00ba de Primaria a Bachillerato. Y un genial grupo de catequistas de 23. Gracias a todos y seguiremos esforz\u00e1ndonos d\u00eda a d\u00eda.<\/p>\n","protected":false},"excerpt":{"rendered":"<p>El viernes pasado comenzamos de nuevo los grupos con mucha ilusi\u00f3n. Arrancamos con nuestros proyectos en todas las etapas; aventureros, artesanos, caminantes, convocatoria y catecumenado, desde los 10 a\u00f1os hasta [&hellip;]<\/p>\n","protected":false},"author":23,"featured_media":3715,"comment_status":"closed","ping_status":"closed","sticky":false,"template":"","format":"standard","meta":{"_et_pb_use_builder":"","_et_pb_old_content":"","_et_gb_content_width":"","footnotes":""},"categories":[18],"tags":[],"class_list":["post-3714","post","type-post","status-publish","format-standard","has-post-thumbnail","hentry","category-cordoba"],"yoast_head":"<!-- This site is optimized with the Yoast SEO plugin v27.4 - https:\/\/yoast.com\/product\/yoast-seo-wordpress\/ -->\n<title>Comienzo del Movimiento Calasanz C\u00f3rdoba - Itaka-Escolapios<\/title>\n<meta name=\"robots\" content=\"index, follow, max-snippet:-1, max-image-preview:large, max-video-preview:-1\" \/>\n<link rel=\"canonical\" href=\"https:\/\/www.itakaescolapios.org\/es\/2012\/10\/comienzo-del-movimiento-calasanz-cordoba-2\/\" \/>\n<meta property=\"og:locale\" content=\"es_ES\" \/>\n<meta property=\"og:type\" content=\"article\" \/>\n<meta property=\"og:title\" content=\"Comienzo del Movimiento Calasanz C\u00f3rdoba - Itaka-Escolapios\" \/>\n<meta property=\"og:description\" content=\"El viernes pasado comenzamos de nuevo los grupos con mucha ilusi\u00f3n. Arrancamos con nuestros proyectos en todas las etapas; aventureros, artesanos, caminantes, convocatoria y catecumenado, desde los 10 a\u00f1os hasta [&hellip;]\" \/>\n<meta property=\"og:url\" content=\"https:\/\/www.itakaescolapios.org\/es\/2012\/10\/comienzo-del-movimiento-calasanz-cordoba-2\/\" \/>\n<meta property=\"og:site_name\" content=\"Itaka-Escolapios\" \/>\n<meta property=\"article:published_time\" content=\"2012-10-10T15:55:54+00:00\" \/>\n<meta property=\"article:modified_time\" content=\"2023-11-28T11:39:36+00:00\" \/>\n<meta property=\"og:image\" content=\"https:\/\/www.itakaescolapios.org\/wp-content\/uploads\/2012\/10\/la-foto4.jpg\" \/>\n\t<meta property=\"og:image:width\" content=\"800\" \/>\n\t<meta property=\"og:image:height\" content=\"600\" \/>\n\t<meta property=\"og:image:type\" content=\"image\/jpeg\" \/>\n<meta name=\"author\" content=\"cordoba01\" \/>\n<meta name=\"twitter:card\" content=\"summary_large_image\" \/>\n<meta name=\"twitter:label1\" content=\"Escrito por\" \/>\n\t<meta name=\"twitter:data1\" content=\"cordoba01\" \/>\n<script type=\"application\/ld+json\" class=\"yoast-schema-graph\">{\"@context\":\"https:\\\/\\\/schema.org\",\"@graph\":[{\"@type\":\"Article\",\"@id\":\"https:\\\/\\\/www.itakaescolapios.org\\\/es\\\/2012\\\/10\\\/comienzo-del-movimiento-calasanz-cordoba-2\\\/#article\",\"isPartOf\":{\"@id\":\"https:\\\/\\\/www.itakaescolapios.org\\\/es\\\/2012\\\/10\\\/comienzo-del-movimiento-calasanz-cordoba-2\\\/\"},\"author\":{\"name\":\"cordoba01\",\"@id\":\"https:\\\/\\\/www.itakaescolapios.org\\\/es\\\/#\\\/schema\\\/person\\\/2393782712fccfca7107fe982babfe79\"},\"headline\":\"Comienzo del Movimiento Calasanz C\u00f3rdoba\",\"datePublished\":\"2012-10-10T15:55:54+00:00\",\"dateModified\":\"2023-11-28T11:39:36+00:00\",\"mainEntityOfPage\":{\"@id\":\"https:\\\/\\\/www.itakaescolapios.org\\\/es\\\/2012\\\/10\\\/comienzo-del-movimiento-calasanz-cordoba-2\\\/\"},\"wordCount\":82,\"publisher\":{\"@id\":\"https:\\\/\\\/www.itakaescolapios.org\\\/es\\\/#organization\"},\"image\":{\"@id\":\"https:\\\/\\\/www.itakaescolapios.org\\\/es\\\/2012\\\/10\\\/comienzo-del-movimiento-calasanz-cordoba-2\\\/#primaryimage\"},\"thumbnailUrl\":\"https:\\\/\\\/www.itakaescolapios.org\\\/wp-content\\\/uploads\\\/2012\\\/10\\\/la-foto4.jpg\",\"articleSection\":[\"C\u00f3rdoba\"],\"inLanguage\":\"es\"},{\"@type\":\"WebPage\",\"@id\":\"https:\\\/\\\/www.itakaescolapios.org\\\/es\\\/2012\\\/10\\\/comienzo-del-movimiento-calasanz-cordoba-2\\\/\",\"url\":\"https:\\\/\\\/www.itakaescolapios.org\\\/es\\\/2012\\\/10\\\/comienzo-del-movimiento-calasanz-cordoba-2\\\/\",\"name\":\"Comienzo del Movimiento Calasanz C\u00f3rdoba - Itaka-Escolapios\",\"isPartOf\":{\"@id\":\"https:\\\/\\\/www.itakaescolapios.org\\\/es\\\/#website\"},\"primaryImageOfPage\":{\"@id\":\"https:\\\/\\\/www.itakaescolapios.org\\\/es\\\/2012\\\/10\\\/comienzo-del-movimiento-calasanz-cordoba-2\\\/#primaryimage\"},\"image\":{\"@id\":\"https:\\\/\\\/www.itakaescolapios.org\\\/es\\\/2012\\\/10\\\/comienzo-del-movimiento-calasanz-cordoba-2\\\/#primaryimage\"},\"thumbnailUrl\":\"https:\\\/\\\/www.itakaescolapios.org\\\/wp-content\\\/uploads\\\/2012\\\/10\\\/la-foto4.jpg\",\"datePublished\":\"2012-10-10T15:55:54+00:00\",\"dateModified\":\"2023-11-28T11:39:36+00:00\",\"breadcrumb\":{\"@id\":\"https:\\\/\\\/www.itakaescolapios.org\\\/es\\\/2012\\\/10\\\/comienzo-del-movimiento-calasanz-cordoba-2\\\/#breadcrumb\"},\"inLanguage\":\"es\",\"potentialAction\":[{\"@type\":\"ReadAction\",\"target\":[\"https:\\\/\\\/www.itakaescolapios.org\\\/es\\\/2012\\\/10\\\/comienzo-del-movimiento-calasanz-cordoba-2\\\/\"]}]},{\"@type\":\"ImageObject\",\"inLanguage\":\"es\",\"@id\":\"https:\\\/\\\/www.itakaescolapios.org\\\/es\\\/2012\\\/10\\\/comienzo-del-movimiento-calasanz-cordoba-2\\\/#primaryimage\",\"url\":\"https:\\\/\\\/www.itakaescolapios.org\\\/wp-content\\\/uploads\\\/2012\\\/10\\\/la-foto4.jpg\",\"contentUrl\":\"https:\\\/\\\/www.itakaescolapios.org\\\/wp-content\\\/uploads\\\/2012\\\/10\\\/la-foto4.jpg\",\"width\":\"800\",\"height\":\"600\"},{\"@type\":\"BreadcrumbList\",\"@id\":\"https:\\\/\\\/www.itakaescolapios.org\\\/es\\\/2012\\\/10\\\/comienzo-del-movimiento-calasanz-cordoba-2\\\/#breadcrumb\",\"itemListElement\":[{\"@type\":\"ListItem\",\"position\":1,\"name\":\"Portada\",\"item\":\"https:\\\/\\\/www.itakaescolapios.org\\\/es\\\/\"},{\"@type\":\"ListItem\",\"position\":2,\"name\":\"Comienzo del Movimiento Calasanz C\u00f3rdoba\"}]},{\"@type\":\"WebSite\",\"@id\":\"https:\\\/\\\/www.itakaescolapios.org\\\/es\\\/#website\",\"url\":\"https:\\\/\\\/www.itakaescolapios.org\\\/es\\\/\",\"name\":\"Itaka-Escolapios\",\"description\":\"Red de Itaka-Escolapios\",\"publisher\":{\"@id\":\"https:\\\/\\\/www.itakaescolapios.org\\\/es\\\/#organization\"},\"potentialAction\":[{\"@type\":\"SearchAction\",\"target\":{\"@type\":\"EntryPoint\",\"urlTemplate\":\"https:\\\/\\\/www.itakaescolapios.org\\\/es\\\/?s={search_term_string}\"},\"query-input\":{\"@type\":\"PropertyValueSpecification\",\"valueRequired\":true,\"valueName\":\"search_term_string\"}}],\"inLanguage\":\"es\"},{\"@type\":\"Organization\",\"@id\":\"https:\\\/\\\/www.itakaescolapios.org\\\/es\\\/#organization\",\"name\":\"Fundaci\u00f3 Itaka-Escolapios\",\"url\":\"https:\\\/\\\/www.itakaescolapios.org\\\/es\\\/\",\"logo\":{\"@type\":\"ImageObject\",\"inLanguage\":\"es\",\"@id\":\"https:\\\/\\\/www.itakaescolapios.org\\\/es\\\/#\\\/schema\\\/logo\\\/image\\\/\",\"url\":\"https:\\\/\\\/www.itakaescolapios.org\\\/wp-content\\\/uploads\\\/2024\\\/04\\\/Logo-itakaescolapios-peque.png\",\"contentUrl\":\"https:\\\/\\\/www.itakaescolapios.org\\\/wp-content\\\/uploads\\\/2024\\\/04\\\/Logo-itakaescolapios-peque.png\",\"width\":500,\"height\":199,\"caption\":\"Fundaci\u00f3 Itaka-Escolapios\"},\"image\":{\"@id\":\"https:\\\/\\\/www.itakaescolapios.org\\\/es\\\/#\\\/schema\\\/logo\\\/image\\\/\"}},{\"@type\":\"Person\",\"@id\":\"https:\\\/\\\/www.itakaescolapios.org\\\/es\\\/#\\\/schema\\\/person\\\/2393782712fccfca7107fe982babfe79\",\"name\":\"cordoba01\",\"url\":\"https:\\\/\\\/www.itakaescolapios.org\\\/es\\\/author\\\/cordoba01\\\/\"}]}<\/script>\n<!-- \/ Yoast SEO plugin. -->","yoast_head_json":{"title":"Comienzo del Movimiento Calasanz C\u00f3rdoba - Itaka-Escolapios","robots":{"index":"index","follow":"follow","max-snippet":"max-snippet:-1","max-image-preview":"max-image-preview:large","max-video-preview":"max-video-preview:-1"},"canonical":"https:\/\/www.itakaescolapios.org\/es\/2012\/10\/comienzo-del-movimiento-calasanz-cordoba-2\/","og_locale":"es_ES","og_type":"article","og_title":"Comienzo del Movimiento Calasanz C\u00f3rdoba - Itaka-Escolapios","og_description":"El viernes pasado comenzamos de nuevo los grupos con mucha ilusi\u00f3n. Arrancamos con nuestros proyectos en todas las etapas; aventureros, artesanos, caminantes, convocatoria y catecumenado, desde los 10 a\u00f1os hasta [&hellip;]","og_url":"https:\/\/www.itakaescolapios.org\/es\/2012\/10\/comienzo-del-movimiento-calasanz-cordoba-2\/","og_site_name":"Itaka-Escolapios","article_published_time":"2012-10-10T15:55:54+00:00","article_modified_time":"2023-11-28T11:39:36+00:00","og_image":[{"width":800,"height":600,"url":"https:\/\/www.itakaescolapios.org\/wp-content\/uploads\/2012\/10\/la-foto4.jpg","type":"image\/jpeg"}],"author":"cordoba01","twitter_card":"summary_large_image","twitter_misc":{"Escrito por":"cordoba01"},"schema":{"@context":"https:\/\/schema.org","@graph":[{"@type":"Article","@id":"https:\/\/www.itakaescolapios.org\/es\/2012\/10\/comienzo-del-movimiento-calasanz-cordoba-2\/#article","isPartOf":{"@id":"https:\/\/www.itakaescolapios.org\/es\/2012\/10\/comienzo-del-movimiento-calasanz-cordoba-2\/"},"author":{"name":"cordoba01","@id":"https:\/\/www.itakaescolapios.org\/es\/#\/schema\/person\/2393782712fccfca7107fe982babfe79"},"headline":"Comienzo del Movimiento Calasanz C\u00f3rdoba","datePublished":"2012-10-10T15:55:54+00:00","dateModified":"2023-11-28T11:39:36+00:00","mainEntityOfPage":{"@id":"https:\/\/www.itakaescolapios.org\/es\/2012\/10\/comienzo-del-movimiento-calasanz-cordoba-2\/"},"wordCount":82,"publisher":{"@id":"https:\/\/www.itakaescolapios.org\/es\/#organization"},"image":{"@id":"https:\/\/www.itakaescolapios.org\/es\/2012\/10\/comienzo-del-movimiento-calasanz-cordoba-2\/#primaryimage"},"thumbnailUrl":"https:\/\/www.itakaescolapios.org\/wp-content\/uploads\/2012\/10\/la-foto4.jpg","articleSection":["C\u00f3rdoba"],"inLanguage":"es"},{"@type":"WebPage","@id":"https:\/\/www.itakaescolapios.org\/es\/2012\/10\/comienzo-del-movimiento-calasanz-cordoba-2\/","url":"https:\/\/www.itakaescolapios.org\/es\/2012\/10\/comienzo-del-movimiento-calasanz-cordoba-2\/","name":"Comienzo del Movimiento Calasanz C\u00f3rdoba - Itaka-Escolapios","isPartOf":{"@id":"https:\/\/www.itakaescolapios.org\/es\/#website"},"primaryImageOfPage":{"@id":"https:\/\/www.itakaescolapios.org\/es\/2012\/10\/comienzo-del-movimiento-calasanz-cordoba-2\/#primaryimage"},"image":{"@id":"https:\/\/www.itakaescolapios.org\/es\/2012\/10\/comienzo-del-movimiento-calasanz-cordoba-2\/#primaryimage"},"thumbnailUrl":"https:\/\/www.itakaescolapios.org\/wp-content\/uploads\/2012\/10\/la-foto4.jpg","datePublished":"2012-10-10T15:55:54+00:00","dateModified":"2023-11-28T11:39:36+00:00","breadcrumb":{"@id":"https:\/\/www.itakaescolapios.org\/es\/2012\/10\/comienzo-del-movimiento-calasanz-cordoba-2\/#breadcrumb"},"inLanguage":"es","potentialAction":[{"@type":"ReadAction","target":["https:\/\/www.itakaescolapios.org\/es\/2012\/10\/comienzo-del-movimiento-calasanz-cordoba-2\/"]}]},{"@type":"ImageObject","inLanguage":"es","@id":"https:\/\/www.itakaescolapios.org\/es\/2012\/10\/comienzo-del-movimiento-calasanz-cordoba-2\/#primaryimage","url":"https:\/\/www.itakaescolapios.org\/wp-content\/uploads\/2012\/10\/la-foto4.jpg","contentUrl":"https:\/\/www.itakaescolapios.org\/wp-content\/uploads\/2012\/10\/la-foto4.jpg","width":"800","height":"600"},{"@type":"BreadcrumbList","@id":"https:\/\/www.itakaescolapios.org\/es\/2012\/10\/comienzo-del-movimiento-calasanz-cordoba-2\/#breadcrumb","itemListElement":[{"@type":"ListItem","position":1,"name":"Portada","item":"https:\/\/www.itakaescolapios.org\/es\/"},{"@type":"ListItem","position":2,"name":"Comienzo del Movimiento Calasanz C\u00f3rdoba"}]},{"@type":"WebSite","@id":"https:\/\/www.itakaescolapios.org\/es\/#website","url":"https:\/\/www.itakaescolapios.org\/es\/","name":"Itaka-Escolapios","description":"Red de Itaka-Escolapios","publisher":{"@id":"https:\/\/www.itakaescolapios.org\/es\/#organization"},"potentialAction":[{"@type":"SearchAction","target":{"@type":"EntryPoint","urlTemplate":"https:\/\/www.itakaescolapios.org\/es\/?s={search_term_string}"},"query-input":{"@type":"PropertyValueSpecification","valueRequired":true,"valueName":"search_term_string"}}],"inLanguage":"es"},{"@type":"Organization","@id":"https:\/\/www.itakaescolapios.org\/es\/#organization","name":"Fundaci\u00f3 Itaka-Escolapios","url":"https:\/\/www.itakaescolapios.org\/es\/","logo":{"@type":"ImageObject","inLanguage":"es","@id":"https:\/\/www.itakaescolapios.org\/es\/#\/schema\/logo\/image\/","url":"https:\/\/www.itakaescolapios.org\/wp-content\/uploads\/2024\/04\/Logo-itakaescolapios-peque.png","contentUrl":"https:\/\/www.itakaescolapios.org\/wp-content\/uploads\/2024\/04\/Logo-itakaescolapios-peque.png","width":500,"height":199,"caption":"Fundaci\u00f3 Itaka-Escolapios"},"image":{"@id":"https:\/\/www.itakaescolapios.org\/es\/#\/schema\/logo\/image\/"}},{"@type":"Person","@id":"https:\/\/www.itakaescolapios.org\/es\/#\/schema\/person\/2393782712fccfca7107fe982babfe79","name":"cordoba01","url":"https:\/\/www.itakaescolapios.org\/es\/author\/cordoba01\/"}]}},"_links":{"self":[{"href":"https:\/\/www.itakaescolapios.org\/es\/wp-json\/wp\/v2\/posts\/3714","targetHints":{"allow":["GET"]}}],"collection":[{"href":"https:\/\/www.itakaescolapios.org\/es\/wp-json\/wp\/v2\/posts"}],"about":[{"href":"https:\/\/www.itakaescolapios.org\/es\/wp-json\/wp\/v2\/types\/post"}],"author":[{"embeddable":true,"href":"https:\/\/www.itakaescolapios.org\/es\/wp-json\/wp\/v2\/users\/23"}],"replies":[{"embeddable":true,"href":"https:\/\/www.itakaescolapios.org\/es\/wp-json\/wp\/v2\/comments?post=3714"}],"version-history":[{"count":9,"href":"https:\/\/www.itakaescolapios.org\/es\/wp-json\/wp\/v2\/posts\/3714\/revisions"}],"predecessor-version":[{"id":49972,"href":"https:\/\/www.itakaescolapios.org\/es\/wp-json\/wp\/v2\/posts\/3714\/revisions\/49972"}],"wp:featuredmedia":[{"embeddable":true,"href":"https:\/\/www.itakaescolapios.org\/es\/wp-json\/wp\/v2\/media\/3715"}],"wp:attachment":[{"href":"https:\/\/www.itakaescolapios.org\/es\/wp-json\/wp\/v2\/media?parent=3714"}],"wp:term":[{"taxonomy":"category","embeddable":true,"href":"https:\/\/www.itakaescolapios.org\/es\/wp-json\/wp\/v2\/categories?post=3714"},{"taxonomy":"post_tag","embeddable":true,"href":"https:\/\/www.itakaescolapios.org\/es\/wp-json\/wp\/v2\/tags?post=3714"}],"curies":[{"name":"wp","href":"https:\/\/api.w.org\/{rel}","templated":true}]}}