{"id":37414,"date":"2022-09-16T12:20:37","date_gmt":"2022-09-16T11:20:37","guid":{"rendered":"https:\/\/www.itakaescolapios.org\/?p=37414"},"modified":"2023-11-28T12:35:42","modified_gmt":"2023-11-28T11:35:42","slug":"francais-la-danse-comme-outil-pedagogique-dans-lenseignement-au-gabon","status":"publish","type":"post","link":"https:\/\/www.itakaescolapios.org\/es\/2022\/09\/francais-la-danse-comme-outil-pedagogique-dans-lenseignement-au-gabon\/","title":{"rendered":""},"content":{"rendered":"<p>[:fr]\u00bbLa danse est-elle un outil p\u00e9dagogique ? Entre-elle dans les multiples moyens ou m\u00e9thodes qu&#8217;un \u00e9ducateur peut utiliser pour transmettre le message ? Peut-on trouver une solution fiable \u00e0 travers la danse pour les enfants timides, tristes&#8230;? Nous dirons oui. C&#8217;est cette m\u00e9thode que le p\u00e8re Serge,Sch.p utilise apr\u00e8s ses multiples tourn\u00e9es dans les salles de classes, il a constat\u00e9 que certains de nos enfants sont toujours timides, froids, alors, il s&#8217;est dit qu&#8217;\u00e0 travers la danse ils seront d&#8217;eux. C&#8217;est aussi une m\u00e9thode qu&#8217;il utilise pour cr\u00e9er une proximit\u00e9 avec eux, cr\u00e9e un climat de confiance et c&#8217;est ce qui lui permettra de mieux les accompagner afin de mieux conna\u00eetre chacun d&#8217;entre eux.\u00bb<\/p>\n<p>P\u00e8re Andre Serge FOUDA<\/p>\n<p><img decoding=\"async\" class=\"size-full wp-image-37416 aligncenter\" src=\"https:\/\/www.itakaescolapios.org\/wp-content\/uploads\/2022\/09\/WhatsApp-Image-2022-09-16-at-9.59.02-AM.jpeg\" alt=\"\" width=\"809\" height=\"1080\" srcset=\"https:\/\/www.itakaescolapios.org\/wp-content\/uploads\/2022\/09\/WhatsApp-Image-2022-09-16-at-9.59.02-AM.jpeg 809w, https:\/\/www.itakaescolapios.org\/wp-content\/uploads\/2022\/09\/WhatsApp-Image-2022-09-16-at-9.59.02-AM-225x300.jpeg 225w, https:\/\/www.itakaescolapios.org\/wp-content\/uploads\/2022\/09\/WhatsApp-Image-2022-09-16-at-9.59.02-AM-767x1024.jpeg 767w, https:\/\/www.itakaescolapios.org\/wp-content\/uploads\/2022\/09\/WhatsApp-Image-2022-09-16-at-9.59.02-AM-768x1025.jpeg 768w, https:\/\/www.itakaescolapios.org\/wp-content\/uploads\/2022\/09\/WhatsApp-Image-2022-09-16-at-9.59.02-AM-250x334.jpeg 250w\" sizes=\"(max-width: 809px) 100vw, 809px\" \/>[:]<\/p>\n","protected":false},"excerpt":{"rendered":"<p>[:fr]\u00bbLa danse est-elle un outil p\u00e9dagogique ? Entre-elle dans les multiples moyens ou m\u00e9thodes qu&#8217;un \u00e9ducateur peut utiliser pour transmettre le message ? Peut-on trouver une solution fiable \u00e0 travers [&hellip;]<\/p>\n","protected":false},"author":15,"featured_media":37415,"comment_status":"closed","ping_status":"closed","sticky":false,"template":"","format":"standard","meta":{"_et_pb_use_builder":"","_et_pb_old_content":"","_et_gb_content_width":"","footnotes":""},"categories":[53,285],"tags":[],"class_list":["post-37414","post","type-post","status-publish","format-standard","has-post-thumbnail","hentry","category-africa-central","category-gabon"],"yoast_head":"<!-- This site is optimized with the Yoast SEO plugin v27.4 - https:\/\/yoast.com\/product\/yoast-seo-wordpress\/ -->\n<title>- Itaka-Escolapios<\/title>\n<meta name=\"robots\" content=\"index, follow, max-snippet:-1, max-image-preview:large, max-video-preview:-1\" \/>\n<link rel=\"canonical\" href=\"https:\/\/www.itakaescolapios.org\/es\/2022\/09\/francais-la-danse-comme-outil-pedagogique-dans-lenseignement-au-gabon\/\" \/>\n<meta property=\"og:locale\" content=\"es_ES\" \/>\n<meta property=\"og:type\" content=\"article\" \/>\n<meta property=\"og:title\" content=\"- Itaka-Escolapios\" \/>\n<meta property=\"og:description\" content=\"[:fr]\u00bbLa danse est-elle un outil p\u00e9dagogique ? Entre-elle dans les multiples moyens ou m\u00e9thodes qu&#8217;un \u00e9ducateur peut utiliser pour transmettre le message ? Peut-on trouver une solution fiable \u00e0 travers [&hellip;]\" \/>\n<meta property=\"og:url\" content=\"https:\/\/www.itakaescolapios.org\/es\/2022\/09\/francais-la-danse-comme-outil-pedagogique-dans-lenseignement-au-gabon\/\" \/>\n<meta property=\"og:site_name\" content=\"Itaka-Escolapios\" \/>\n<meta property=\"article:published_time\" content=\"2022-09-16T11:20:37+00:00\" \/>\n<meta property=\"article:modified_time\" content=\"2023-11-28T11:35:42+00:00\" \/>\n<meta property=\"og:image\" content=\"https:\/\/www.itakaescolapios.org\/wp-content\/uploads\/2022\/09\/WhatsApp-Image-2022-09-16-at-9.59.00-AM.jpeg\" \/>\n\t<meta property=\"og:image:width\" content=\"809\" \/>\n\t<meta property=\"og:image:height\" content=\"1080\" \/>\n\t<meta property=\"og:image:type\" content=\"image\/jpeg\" \/>\n<meta name=\"author\" content=\"cameroun01\" \/>\n<meta name=\"twitter:card\" content=\"summary_large_image\" \/>\n<meta name=\"twitter:label1\" content=\"Escrito por\" \/>\n\t<meta name=\"twitter:data1\" content=\"cameroun01\" \/>\n\t<meta name=\"twitter:label2\" content=\"Tiempo de lectura\" \/>\n\t<meta name=\"twitter:data2\" content=\"1 minuto\" \/>\n<script type=\"application\/ld+json\" class=\"yoast-schema-graph\">{\"@context\":\"https:\\\/\\\/schema.org\",\"@graph\":[{\"@type\":\"Article\",\"@id\":\"https:\\\/\\\/www.itakaescolapios.org\\\/es\\\/2022\\\/09\\\/francais-la-danse-comme-outil-pedagogique-dans-lenseignement-au-gabon\\\/#article\",\"isPartOf\":{\"@id\":\"https:\\\/\\\/www.itakaescolapios.org\\\/es\\\/2022\\\/09\\\/francais-la-danse-comme-outil-pedagogique-dans-lenseignement-au-gabon\\\/\"},\"author\":{\"name\":\"cameroun01\",\"@id\":\"https:\\\/\\\/www.itakaescolapios.org\\\/es\\\/#\\\/schema\\\/person\\\/d2844383e29bfdfef69039672ce14eb1\"},\"headline\":\"Sin t\u00edtulo\",\"datePublished\":\"2022-09-16T11:20:37+00:00\",\"dateModified\":\"2023-11-28T11:35:42+00:00\",\"mainEntityOfPage\":{\"@id\":\"https:\\\/\\\/www.itakaescolapios.org\\\/es\\\/2022\\\/09\\\/francais-la-danse-comme-outil-pedagogique-dans-lenseignement-au-gabon\\\/\"},\"wordCount\":137,\"publisher\":{\"@id\":\"https:\\\/\\\/www.itakaescolapios.org\\\/es\\\/#organization\"},\"image\":{\"@id\":\"https:\\\/\\\/www.itakaescolapios.org\\\/es\\\/2022\\\/09\\\/francais-la-danse-comme-outil-pedagogique-dans-lenseignement-au-gabon\\\/#primaryimage\"},\"thumbnailUrl\":\"https:\\\/\\\/www.itakaescolapios.org\\\/wp-content\\\/uploads\\\/2022\\\/09\\\/WhatsApp-Image-2022-09-16-at-9.59.00-AM.jpeg\",\"articleSection\":[\"\u00c1frica Central\",\"Gab\u00f3n\"],\"inLanguage\":\"es\"},{\"@type\":\"WebPage\",\"@id\":\"https:\\\/\\\/www.itakaescolapios.org\\\/es\\\/2022\\\/09\\\/francais-la-danse-comme-outil-pedagogique-dans-lenseignement-au-gabon\\\/\",\"url\":\"https:\\\/\\\/www.itakaescolapios.org\\\/es\\\/2022\\\/09\\\/francais-la-danse-comme-outil-pedagogique-dans-lenseignement-au-gabon\\\/\",\"name\":\"- Itaka-Escolapios\",\"isPartOf\":{\"@id\":\"https:\\\/\\\/www.itakaescolapios.org\\\/es\\\/#website\"},\"primaryImageOfPage\":{\"@id\":\"https:\\\/\\\/www.itakaescolapios.org\\\/es\\\/2022\\\/09\\\/francais-la-danse-comme-outil-pedagogique-dans-lenseignement-au-gabon\\\/#primaryimage\"},\"image\":{\"@id\":\"https:\\\/\\\/www.itakaescolapios.org\\\/es\\\/2022\\\/09\\\/francais-la-danse-comme-outil-pedagogique-dans-lenseignement-au-gabon\\\/#primaryimage\"},\"thumbnailUrl\":\"https:\\\/\\\/www.itakaescolapios.org\\\/wp-content\\\/uploads\\\/2022\\\/09\\\/WhatsApp-Image-2022-09-16-at-9.59.00-AM.jpeg\",\"datePublished\":\"2022-09-16T11:20:37+00:00\",\"dateModified\":\"2023-11-28T11:35:42+00:00\",\"inLanguage\":\"es\",\"potentialAction\":[{\"@type\":\"ReadAction\",\"target\":[\"https:\\\/\\\/www.itakaescolapios.org\\\/es\\\/2022\\\/09\\\/francais-la-danse-comme-outil-pedagogique-dans-lenseignement-au-gabon\\\/\"]}]},{\"@type\":\"ImageObject\",\"inLanguage\":\"es\",\"@id\":\"https:\\\/\\\/www.itakaescolapios.org\\\/es\\\/2022\\\/09\\\/francais-la-danse-comme-outil-pedagogique-dans-lenseignement-au-gabon\\\/#primaryimage\",\"url\":\"https:\\\/\\\/www.itakaescolapios.org\\\/wp-content\\\/uploads\\\/2022\\\/09\\\/WhatsApp-Image-2022-09-16-at-9.59.00-AM.jpeg\",\"contentUrl\":\"https:\\\/\\\/www.itakaescolapios.org\\\/wp-content\\\/uploads\\\/2022\\\/09\\\/WhatsApp-Image-2022-09-16-at-9.59.00-AM.jpeg\",\"width\":809,\"height\":1080},{\"@type\":\"WebSite\",\"@id\":\"https:\\\/\\\/www.itakaescolapios.org\\\/es\\\/#website\",\"url\":\"https:\\\/\\\/www.itakaescolapios.org\\\/es\\\/\",\"name\":\"Itaka-Escolapios\",\"description\":\"Red de Itaka-Escolapios\",\"publisher\":{\"@id\":\"https:\\\/\\\/www.itakaescolapios.org\\\/es\\\/#organization\"},\"potentialAction\":[{\"@type\":\"SearchAction\",\"target\":{\"@type\":\"EntryPoint\",\"urlTemplate\":\"https:\\\/\\\/www.itakaescolapios.org\\\/es\\\/?s={search_term_string}\"},\"query-input\":{\"@type\":\"PropertyValueSpecification\",\"valueRequired\":true,\"valueName\":\"search_term_string\"}}],\"inLanguage\":\"es\"},{\"@type\":\"Organization\",\"@id\":\"https:\\\/\\\/www.itakaescolapios.org\\\/es\\\/#organization\",\"name\":\"Fundaci\u00f3 Itaka-Escolapios\",\"url\":\"https:\\\/\\\/www.itakaescolapios.org\\\/es\\\/\",\"logo\":{\"@type\":\"ImageObject\",\"inLanguage\":\"es\",\"@id\":\"https:\\\/\\\/www.itakaescolapios.org\\\/es\\\/#\\\/schema\\\/logo\\\/image\\\/\",\"url\":\"https:\\\/\\\/www.itakaescolapios.org\\\/wp-content\\\/uploads\\\/2024\\\/04\\\/Logo-itakaescolapios-peque.png\",\"contentUrl\":\"https:\\\/\\\/www.itakaescolapios.org\\\/wp-content\\\/uploads\\\/2024\\\/04\\\/Logo-itakaescolapios-peque.png\",\"width\":500,\"height\":199,\"caption\":\"Fundaci\u00f3 Itaka-Escolapios\"},\"image\":{\"@id\":\"https:\\\/\\\/www.itakaescolapios.org\\\/es\\\/#\\\/schema\\\/logo\\\/image\\\/\"}},{\"@type\":\"Person\",\"@id\":\"https:\\\/\\\/www.itakaescolapios.org\\\/es\\\/#\\\/schema\\\/person\\\/d2844383e29bfdfef69039672ce14eb1\",\"name\":\"cameroun01\",\"url\":\"https:\\\/\\\/www.itakaescolapios.org\\\/es\\\/author\\\/cameroun01\\\/\"}]}<\/script>\n<!-- \/ Yoast SEO plugin. -->","yoast_head_json":{"title":"- Itaka-Escolapios","robots":{"index":"index","follow":"follow","max-snippet":"max-snippet:-1","max-image-preview":"max-image-preview:large","max-video-preview":"max-video-preview:-1"},"canonical":"https:\/\/www.itakaescolapios.org\/es\/2022\/09\/francais-la-danse-comme-outil-pedagogique-dans-lenseignement-au-gabon\/","og_locale":"es_ES","og_type":"article","og_title":"- Itaka-Escolapios","og_description":"[:fr]\u00bbLa danse est-elle un outil p\u00e9dagogique ? Entre-elle dans les multiples moyens ou m\u00e9thodes qu&#8217;un \u00e9ducateur peut utiliser pour transmettre le message ? Peut-on trouver une solution fiable \u00e0 travers [&hellip;]","og_url":"https:\/\/www.itakaescolapios.org\/es\/2022\/09\/francais-la-danse-comme-outil-pedagogique-dans-lenseignement-au-gabon\/","og_site_name":"Itaka-Escolapios","article_published_time":"2022-09-16T11:20:37+00:00","article_modified_time":"2023-11-28T11:35:42+00:00","og_image":[{"width":809,"height":1080,"url":"https:\/\/www.itakaescolapios.org\/wp-content\/uploads\/2022\/09\/WhatsApp-Image-2022-09-16-at-9.59.00-AM.jpeg","type":"image\/jpeg"}],"author":"cameroun01","twitter_card":"summary_large_image","twitter_misc":{"Escrito por":"cameroun01","Tiempo de lectura":"1 minuto"},"schema":{"@context":"https:\/\/schema.org","@graph":[{"@type":"Article","@id":"https:\/\/www.itakaescolapios.org\/es\/2022\/09\/francais-la-danse-comme-outil-pedagogique-dans-lenseignement-au-gabon\/#article","isPartOf":{"@id":"https:\/\/www.itakaescolapios.org\/es\/2022\/09\/francais-la-danse-comme-outil-pedagogique-dans-lenseignement-au-gabon\/"},"author":{"name":"cameroun01","@id":"https:\/\/www.itakaescolapios.org\/es\/#\/schema\/person\/d2844383e29bfdfef69039672ce14eb1"},"headline":"Sin t\u00edtulo","datePublished":"2022-09-16T11:20:37+00:00","dateModified":"2023-11-28T11:35:42+00:00","mainEntityOfPage":{"@id":"https:\/\/www.itakaescolapios.org\/es\/2022\/09\/francais-la-danse-comme-outil-pedagogique-dans-lenseignement-au-gabon\/"},"wordCount":137,"publisher":{"@id":"https:\/\/www.itakaescolapios.org\/es\/#organization"},"image":{"@id":"https:\/\/www.itakaescolapios.org\/es\/2022\/09\/francais-la-danse-comme-outil-pedagogique-dans-lenseignement-au-gabon\/#primaryimage"},"thumbnailUrl":"https:\/\/www.itakaescolapios.org\/wp-content\/uploads\/2022\/09\/WhatsApp-Image-2022-09-16-at-9.59.00-AM.jpeg","articleSection":["\u00c1frica Central","Gab\u00f3n"],"inLanguage":"es"},{"@type":"WebPage","@id":"https:\/\/www.itakaescolapios.org\/es\/2022\/09\/francais-la-danse-comme-outil-pedagogique-dans-lenseignement-au-gabon\/","url":"https:\/\/www.itakaescolapios.org\/es\/2022\/09\/francais-la-danse-comme-outil-pedagogique-dans-lenseignement-au-gabon\/","name":"- Itaka-Escolapios","isPartOf":{"@id":"https:\/\/www.itakaescolapios.org\/es\/#website"},"primaryImageOfPage":{"@id":"https:\/\/www.itakaescolapios.org\/es\/2022\/09\/francais-la-danse-comme-outil-pedagogique-dans-lenseignement-au-gabon\/#primaryimage"},"image":{"@id":"https:\/\/www.itakaescolapios.org\/es\/2022\/09\/francais-la-danse-comme-outil-pedagogique-dans-lenseignement-au-gabon\/#primaryimage"},"thumbnailUrl":"https:\/\/www.itakaescolapios.org\/wp-content\/uploads\/2022\/09\/WhatsApp-Image-2022-09-16-at-9.59.00-AM.jpeg","datePublished":"2022-09-16T11:20:37+00:00","dateModified":"2023-11-28T11:35:42+00:00","inLanguage":"es","potentialAction":[{"@type":"ReadAction","target":["https:\/\/www.itakaescolapios.org\/es\/2022\/09\/francais-la-danse-comme-outil-pedagogique-dans-lenseignement-au-gabon\/"]}]},{"@type":"ImageObject","inLanguage":"es","@id":"https:\/\/www.itakaescolapios.org\/es\/2022\/09\/francais-la-danse-comme-outil-pedagogique-dans-lenseignement-au-gabon\/#primaryimage","url":"https:\/\/www.itakaescolapios.org\/wp-content\/uploads\/2022\/09\/WhatsApp-Image-2022-09-16-at-9.59.00-AM.jpeg","contentUrl":"https:\/\/www.itakaescolapios.org\/wp-content\/uploads\/2022\/09\/WhatsApp-Image-2022-09-16-at-9.59.00-AM.jpeg","width":809,"height":1080},{"@type":"WebSite","@id":"https:\/\/www.itakaescolapios.org\/es\/#website","url":"https:\/\/www.itakaescolapios.org\/es\/","name":"Itaka-Escolapios","description":"Red de Itaka-Escolapios","publisher":{"@id":"https:\/\/www.itakaescolapios.org\/es\/#organization"},"potentialAction":[{"@type":"SearchAction","target":{"@type":"EntryPoint","urlTemplate":"https:\/\/www.itakaescolapios.org\/es\/?s={search_term_string}"},"query-input":{"@type":"PropertyValueSpecification","valueRequired":true,"valueName":"search_term_string"}}],"inLanguage":"es"},{"@type":"Organization","@id":"https:\/\/www.itakaescolapios.org\/es\/#organization","name":"Fundaci\u00f3 Itaka-Escolapios","url":"https:\/\/www.itakaescolapios.org\/es\/","logo":{"@type":"ImageObject","inLanguage":"es","@id":"https:\/\/www.itakaescolapios.org\/es\/#\/schema\/logo\/image\/","url":"https:\/\/www.itakaescolapios.org\/wp-content\/uploads\/2024\/04\/Logo-itakaescolapios-peque.png","contentUrl":"https:\/\/www.itakaescolapios.org\/wp-content\/uploads\/2024\/04\/Logo-itakaescolapios-peque.png","width":500,"height":199,"caption":"Fundaci\u00f3 Itaka-Escolapios"},"image":{"@id":"https:\/\/www.itakaescolapios.org\/es\/#\/schema\/logo\/image\/"}},{"@type":"Person","@id":"https:\/\/www.itakaescolapios.org\/es\/#\/schema\/person\/d2844383e29bfdfef69039672ce14eb1","name":"cameroun01","url":"https:\/\/www.itakaescolapios.org\/es\/author\/cameroun01\/"}]}},"_links":{"self":[{"href":"https:\/\/www.itakaescolapios.org\/es\/wp-json\/wp\/v2\/posts\/37414","targetHints":{"allow":["GET"]}}],"collection":[{"href":"https:\/\/www.itakaescolapios.org\/es\/wp-json\/wp\/v2\/posts"}],"about":[{"href":"https:\/\/www.itakaescolapios.org\/es\/wp-json\/wp\/v2\/types\/post"}],"author":[{"embeddable":true,"href":"https:\/\/www.itakaescolapios.org\/es\/wp-json\/wp\/v2\/users\/15"}],"replies":[{"embeddable":true,"href":"https:\/\/www.itakaescolapios.org\/es\/wp-json\/wp\/v2\/comments?post=37414"}],"version-history":[{"count":3,"href":"https:\/\/www.itakaescolapios.org\/es\/wp-json\/wp\/v2\/posts\/37414\/revisions"}],"predecessor-version":[{"id":43834,"href":"https:\/\/www.itakaescolapios.org\/es\/wp-json\/wp\/v2\/posts\/37414\/revisions\/43834"}],"wp:featuredmedia":[{"embeddable":true,"href":"https:\/\/www.itakaescolapios.org\/es\/wp-json\/wp\/v2\/media\/37415"}],"wp:attachment":[{"href":"https:\/\/www.itakaescolapios.org\/es\/wp-json\/wp\/v2\/media?parent=37414"}],"wp:term":[{"taxonomy":"category","embeddable":true,"href":"https:\/\/www.itakaescolapios.org\/es\/wp-json\/wp\/v2\/categories?post=37414"},{"taxonomy":"post_tag","embeddable":true,"href":"https:\/\/www.itakaescolapios.org\/es\/wp-json\/wp\/v2\/tags?post=37414"}],"curies":[{"name":"wp","href":"https:\/\/api.w.org\/{rel}","templated":true}]}}