{"id":38077,"date":"2022-12-15T14:29:50","date_gmt":"2022-12-15T13:29:50","guid":{"rendered":"https:\/\/www.itakaescolapios.org\/?p=38077"},"modified":"2023-11-28T12:35:38","modified_gmt":"2023-11-28T11:35:38","slug":"francais-larbre-de-noel-au-complexe-scolaire-integral-bilingue-calasanz-de-bafia","status":"publish","type":"post","link":"https:\/\/www.itakaescolapios.org\/es\/2022\/12\/francais-larbre-de-noel-au-complexe-scolaire-integral-bilingue-calasanz-de-bafia\/","title":{"rendered":""},"content":{"rendered":"<p>[:fr]Hier,\u00a0 mercredi 14 d\u00e9cembre 2022 s\u2019est tenu au Complexe Scolaire Int\u00e9grale Bilingue Calasanz de Bafia la c\u00e9l\u00e9bration de l\u2019arbre de no\u00ebl pour les enfants de la maternelle. Au programme messe, avec les enfants et leurs parents, danses, chants, r\u00e9cits, sketchs, hymne des maitresses, remise des cadeaux et photo de famille. C\u2019\u00e9tait une journ\u00e9e pleine d\u2019\u00e9motions et d\u2019ondes positives. Tout est bien qui finit bien. Rendez-vous en 2023 pour la reprise des cours.<\/p>\n<p><img decoding=\"async\" class=\"size-full wp-image-38079 aligncenter\" src=\"https:\/\/www.itakaescolapios.org\/wp-content\/uploads\/2022\/12\/WhatsApp-Image-2022-12-14-at-8.01.01-PM.jpeg\" alt=\"\" width=\"1080\" height=\"607\" srcset=\"https:\/\/www.itakaescolapios.org\/wp-content\/uploads\/2022\/12\/WhatsApp-Image-2022-12-14-at-8.01.01-PM.jpeg 1080w, https:\/\/www.itakaescolapios.org\/wp-content\/uploads\/2022\/12\/WhatsApp-Image-2022-12-14-at-8.01.01-PM-300x169.jpeg 300w, https:\/\/www.itakaescolapios.org\/wp-content\/uploads\/2022\/12\/WhatsApp-Image-2022-12-14-at-8.01.01-PM-1024x576.jpeg 1024w, https:\/\/www.itakaescolapios.org\/wp-content\/uploads\/2022\/12\/WhatsApp-Image-2022-12-14-at-8.01.01-PM-768x432.jpeg 768w, https:\/\/www.itakaescolapios.org\/wp-content\/uploads\/2022\/12\/WhatsApp-Image-2022-12-14-at-8.01.01-PM-250x141.jpeg 250w\" sizes=\"(max-width: 1080px) 100vw, 1080px\" \/><\/p>\n<p><img decoding=\"async\" class=\"size-full wp-image-38081 aligncenter\" src=\"https:\/\/www.itakaescolapios.org\/wp-content\/uploads\/2022\/12\/WhatsApp-Image-2022-12-14-at-11.30.57-AM.jpeg\" alt=\"\" width=\"1080\" height=\"486\" srcset=\"https:\/\/www.itakaescolapios.org\/wp-content\/uploads\/2022\/12\/WhatsApp-Image-2022-12-14-at-11.30.57-AM.jpeg 1080w, https:\/\/www.itakaescolapios.org\/wp-content\/uploads\/2022\/12\/WhatsApp-Image-2022-12-14-at-11.30.57-AM-300x135.jpeg 300w, https:\/\/www.itakaescolapios.org\/wp-content\/uploads\/2022\/12\/WhatsApp-Image-2022-12-14-at-11.30.57-AM-1024x461.jpeg 1024w, https:\/\/www.itakaescolapios.org\/wp-content\/uploads\/2022\/12\/WhatsApp-Image-2022-12-14-at-11.30.57-AM-768x346.jpeg 768w, https:\/\/www.itakaescolapios.org\/wp-content\/uploads\/2022\/12\/WhatsApp-Image-2022-12-14-at-11.30.57-AM-250x113.jpeg 250w\" sizes=\"(max-width: 1080px) 100vw, 1080px\" \/><\/p>\n<p><img decoding=\"async\" class=\"size-full wp-image-38084 aligncenter\" src=\"https:\/\/www.itakaescolapios.org\/wp-content\/uploads\/2022\/12\/WhatsApp-Image-2022-12-14-at-8.43.45-PM-Copie.jpeg\" alt=\"\" width=\"1999\" height=\"899\" srcset=\"https:\/\/www.itakaescolapios.org\/wp-content\/uploads\/2022\/12\/WhatsApp-Image-2022-12-14-at-8.43.45-PM-Copie.jpeg 1999w, https:\/\/www.itakaescolapios.org\/wp-content\/uploads\/2022\/12\/WhatsApp-Image-2022-12-14-at-8.43.45-PM-Copie-300x135.jpeg 300w, https:\/\/www.itakaescolapios.org\/wp-content\/uploads\/2022\/12\/WhatsApp-Image-2022-12-14-at-8.43.45-PM-Copie-1024x461.jpeg 1024w, https:\/\/www.itakaescolapios.org\/wp-content\/uploads\/2022\/12\/WhatsApp-Image-2022-12-14-at-8.43.45-PM-Copie-768x345.jpeg 768w, https:\/\/www.itakaescolapios.org\/wp-content\/uploads\/2022\/12\/WhatsApp-Image-2022-12-14-at-8.43.45-PM-Copie-1536x691.jpeg 1536w, https:\/\/www.itakaescolapios.org\/wp-content\/uploads\/2022\/12\/WhatsApp-Image-2022-12-14-at-8.43.45-PM-Copie-250x112.jpeg 250w, https:\/\/www.itakaescolapios.org\/wp-content\/uploads\/2022\/12\/WhatsApp-Image-2022-12-14-at-8.43.45-PM-Copie-1080x486.jpeg 1080w\" sizes=\"(max-width: 1999px) 100vw, 1999px\" \/><\/p>\n<p><div style=\"width: 640px;\" class=\"wp-video\"><video class=\"wp-video-shortcode\" id=\"video-38077-1\" width=\"640\" height=\"352\" preload=\"metadata\" controls=\"controls\"><source type=\"video\/mp4\" src=\"https:\/\/www.itakaescolapios.org\/wp-content\/uploads\/2022\/12\/WhatsApp-Video-2022-12-14-at-11.33.12-AM-Copie.mp4?_=1\" \/><a href=\"https:\/\/www.itakaescolapios.org\/wp-content\/uploads\/2022\/12\/WhatsApp-Video-2022-12-14-at-11.33.12-AM-Copie.mp4\">https:\/\/www.itakaescolapios.org\/wp-content\/uploads\/2022\/12\/WhatsApp-Video-2022-12-14-at-11.33.12-AM-Copie.mp4<\/a><\/video><\/div>[:]<\/p>\n","protected":false},"excerpt":{"rendered":"<p>[:fr]Hier,\u00a0 mercredi 14 d\u00e9cembre 2022 s\u2019est tenu au Complexe Scolaire Int\u00e9grale Bilingue Calasanz de Bafia la c\u00e9l\u00e9bration de l\u2019arbre de no\u00ebl pour les enfants de la maternelle. Au programme messe, [&hellip;]<\/p>\n","protected":false},"author":15,"featured_media":38083,"comment_status":"closed","ping_status":"closed","sticky":false,"template":"","format":"standard","meta":{"_et_pb_use_builder":"","_et_pb_old_content":"","_et_gb_content_width":"","footnotes":""},"categories":[53,10],"tags":[],"class_list":["post-38077","post","type-post","status-publish","format-standard","has-post-thumbnail","hentry","category-africa-central","category-camerun"],"yoast_head":"<!-- This site is optimized with the Yoast SEO plugin v27.4 - https:\/\/yoast.com\/product\/yoast-seo-wordpress\/ -->\n<title>- Itaka-Escolapios<\/title>\n<meta name=\"robots\" content=\"index, follow, max-snippet:-1, max-image-preview:large, max-video-preview:-1\" \/>\n<link rel=\"canonical\" href=\"https:\/\/www.itakaescolapios.org\/es\/2022\/12\/francais-larbre-de-noel-au-complexe-scolaire-integral-bilingue-calasanz-de-bafia\/\" \/>\n<meta property=\"og:locale\" content=\"es_ES\" \/>\n<meta property=\"og:type\" content=\"article\" \/>\n<meta property=\"og:title\" content=\"- Itaka-Escolapios\" \/>\n<meta property=\"og:description\" content=\"[:fr]Hier,\u00a0 mercredi 14 d\u00e9cembre 2022 s\u2019est tenu au Complexe Scolaire Int\u00e9grale Bilingue Calasanz de Bafia la c\u00e9l\u00e9bration de l\u2019arbre de no\u00ebl pour les enfants de la maternelle. Au programme messe, [&hellip;]\" \/>\n<meta property=\"og:url\" content=\"https:\/\/www.itakaescolapios.org\/es\/2022\/12\/francais-larbre-de-noel-au-complexe-scolaire-integral-bilingue-calasanz-de-bafia\/\" \/>\n<meta property=\"og:site_name\" content=\"Itaka-Escolapios\" \/>\n<meta property=\"article:published_time\" content=\"2022-12-15T13:29:50+00:00\" \/>\n<meta property=\"article:modified_time\" content=\"2023-11-28T11:35:38+00:00\" \/>\n<meta property=\"og:image\" content=\"https:\/\/www.itakaescolapios.org\/wp-content\/uploads\/2022\/12\/WhatsApp-Image-2022-12-15-at-5.34.19-AM-Copie.jpeg\" \/>\n\t<meta property=\"og:image:width\" content=\"1080\" \/>\n\t<meta property=\"og:image:height\" content=\"810\" \/>\n\t<meta property=\"og:image:type\" content=\"image\/jpeg\" \/>\n<meta name=\"author\" content=\"cameroun01\" \/>\n<meta name=\"twitter:card\" content=\"summary_large_image\" \/>\n<meta name=\"twitter:label1\" content=\"Escrito por\" \/>\n\t<meta name=\"twitter:data1\" content=\"cameroun01\" \/>\n<script type=\"application\/ld+json\" class=\"yoast-schema-graph\">{\"@context\":\"https:\\\/\\\/schema.org\",\"@graph\":[{\"@type\":\"Article\",\"@id\":\"https:\\\/\\\/www.itakaescolapios.org\\\/es\\\/2022\\\/12\\\/francais-larbre-de-noel-au-complexe-scolaire-integral-bilingue-calasanz-de-bafia\\\/#article\",\"isPartOf\":{\"@id\":\"https:\\\/\\\/www.itakaescolapios.org\\\/es\\\/2022\\\/12\\\/francais-larbre-de-noel-au-complexe-scolaire-integral-bilingue-calasanz-de-bafia\\\/\"},\"author\":{\"name\":\"cameroun01\",\"@id\":\"https:\\\/\\\/www.itakaescolapios.org\\\/es\\\/#\\\/schema\\\/person\\\/d2844383e29bfdfef69039672ce14eb1\"},\"headline\":\"Sin t\u00edtulo\",\"datePublished\":\"2022-12-15T13:29:50+00:00\",\"dateModified\":\"2023-11-28T11:35:38+00:00\",\"mainEntityOfPage\":{\"@id\":\"https:\\\/\\\/www.itakaescolapios.org\\\/es\\\/2022\\\/12\\\/francais-larbre-de-noel-au-complexe-scolaire-integral-bilingue-calasanz-de-bafia\\\/\"},\"wordCount\":99,\"publisher\":{\"@id\":\"https:\\\/\\\/www.itakaescolapios.org\\\/es\\\/#organization\"},\"image\":{\"@id\":\"https:\\\/\\\/www.itakaescolapios.org\\\/es\\\/2022\\\/12\\\/francais-larbre-de-noel-au-complexe-scolaire-integral-bilingue-calasanz-de-bafia\\\/#primaryimage\"},\"thumbnailUrl\":\"https:\\\/\\\/www.itakaescolapios.org\\\/wp-content\\\/uploads\\\/2022\\\/12\\\/WhatsApp-Image-2022-12-15-at-5.34.19-AM-Copie.jpeg\",\"articleSection\":[\"\u00c1frica Central\",\"Camer\u00fan\"],\"inLanguage\":\"es\"},{\"@type\":\"WebPage\",\"@id\":\"https:\\\/\\\/www.itakaescolapios.org\\\/es\\\/2022\\\/12\\\/francais-larbre-de-noel-au-complexe-scolaire-integral-bilingue-calasanz-de-bafia\\\/\",\"url\":\"https:\\\/\\\/www.itakaescolapios.org\\\/es\\\/2022\\\/12\\\/francais-larbre-de-noel-au-complexe-scolaire-integral-bilingue-calasanz-de-bafia\\\/\",\"name\":\"- Itaka-Escolapios\",\"isPartOf\":{\"@id\":\"https:\\\/\\\/www.itakaescolapios.org\\\/es\\\/#website\"},\"primaryImageOfPage\":{\"@id\":\"https:\\\/\\\/www.itakaescolapios.org\\\/es\\\/2022\\\/12\\\/francais-larbre-de-noel-au-complexe-scolaire-integral-bilingue-calasanz-de-bafia\\\/#primaryimage\"},\"image\":{\"@id\":\"https:\\\/\\\/www.itakaescolapios.org\\\/es\\\/2022\\\/12\\\/francais-larbre-de-noel-au-complexe-scolaire-integral-bilingue-calasanz-de-bafia\\\/#primaryimage\"},\"thumbnailUrl\":\"https:\\\/\\\/www.itakaescolapios.org\\\/wp-content\\\/uploads\\\/2022\\\/12\\\/WhatsApp-Image-2022-12-15-at-5.34.19-AM-Copie.jpeg\",\"datePublished\":\"2022-12-15T13:29:50+00:00\",\"dateModified\":\"2023-11-28T11:35:38+00:00\",\"inLanguage\":\"es\",\"potentialAction\":[{\"@type\":\"ReadAction\",\"target\":[\"https:\\\/\\\/www.itakaescolapios.org\\\/es\\\/2022\\\/12\\\/francais-larbre-de-noel-au-complexe-scolaire-integral-bilingue-calasanz-de-bafia\\\/\"]}]},{\"@type\":\"ImageObject\",\"inLanguage\":\"es\",\"@id\":\"https:\\\/\\\/www.itakaescolapios.org\\\/es\\\/2022\\\/12\\\/francais-larbre-de-noel-au-complexe-scolaire-integral-bilingue-calasanz-de-bafia\\\/#primaryimage\",\"url\":\"https:\\\/\\\/www.itakaescolapios.org\\\/wp-content\\\/uploads\\\/2022\\\/12\\\/WhatsApp-Image-2022-12-15-at-5.34.19-AM-Copie.jpeg\",\"contentUrl\":\"https:\\\/\\\/www.itakaescolapios.org\\\/wp-content\\\/uploads\\\/2022\\\/12\\\/WhatsApp-Image-2022-12-15-at-5.34.19-AM-Copie.jpeg\",\"width\":1080,\"height\":810},{\"@type\":\"WebSite\",\"@id\":\"https:\\\/\\\/www.itakaescolapios.org\\\/es\\\/#website\",\"url\":\"https:\\\/\\\/www.itakaescolapios.org\\\/es\\\/\",\"name\":\"Itaka-Escolapios\",\"description\":\"Red de Itaka-Escolapios\",\"publisher\":{\"@id\":\"https:\\\/\\\/www.itakaescolapios.org\\\/es\\\/#organization\"},\"potentialAction\":[{\"@type\":\"SearchAction\",\"target\":{\"@type\":\"EntryPoint\",\"urlTemplate\":\"https:\\\/\\\/www.itakaescolapios.org\\\/es\\\/?s={search_term_string}\"},\"query-input\":{\"@type\":\"PropertyValueSpecification\",\"valueRequired\":true,\"valueName\":\"search_term_string\"}}],\"inLanguage\":\"es\"},{\"@type\":\"Organization\",\"@id\":\"https:\\\/\\\/www.itakaescolapios.org\\\/es\\\/#organization\",\"name\":\"Fundaci\u00f3 Itaka-Escolapios\",\"url\":\"https:\\\/\\\/www.itakaescolapios.org\\\/es\\\/\",\"logo\":{\"@type\":\"ImageObject\",\"inLanguage\":\"es\",\"@id\":\"https:\\\/\\\/www.itakaescolapios.org\\\/es\\\/#\\\/schema\\\/logo\\\/image\\\/\",\"url\":\"https:\\\/\\\/www.itakaescolapios.org\\\/wp-content\\\/uploads\\\/2024\\\/04\\\/Logo-itakaescolapios-peque.png\",\"contentUrl\":\"https:\\\/\\\/www.itakaescolapios.org\\\/wp-content\\\/uploads\\\/2024\\\/04\\\/Logo-itakaescolapios-peque.png\",\"width\":500,\"height\":199,\"caption\":\"Fundaci\u00f3 Itaka-Escolapios\"},\"image\":{\"@id\":\"https:\\\/\\\/www.itakaescolapios.org\\\/es\\\/#\\\/schema\\\/logo\\\/image\\\/\"}},{\"@type\":\"Person\",\"@id\":\"https:\\\/\\\/www.itakaescolapios.org\\\/es\\\/#\\\/schema\\\/person\\\/d2844383e29bfdfef69039672ce14eb1\",\"name\":\"cameroun01\",\"url\":\"https:\\\/\\\/www.itakaescolapios.org\\\/es\\\/author\\\/cameroun01\\\/\"}]}<\/script>\n<!-- \/ Yoast SEO plugin. -->","yoast_head_json":{"title":"- Itaka-Escolapios","robots":{"index":"index","follow":"follow","max-snippet":"max-snippet:-1","max-image-preview":"max-image-preview:large","max-video-preview":"max-video-preview:-1"},"canonical":"https:\/\/www.itakaescolapios.org\/es\/2022\/12\/francais-larbre-de-noel-au-complexe-scolaire-integral-bilingue-calasanz-de-bafia\/","og_locale":"es_ES","og_type":"article","og_title":"- Itaka-Escolapios","og_description":"[:fr]Hier,\u00a0 mercredi 14 d\u00e9cembre 2022 s\u2019est tenu au Complexe Scolaire Int\u00e9grale Bilingue Calasanz de Bafia la c\u00e9l\u00e9bration de l\u2019arbre de no\u00ebl pour les enfants de la maternelle. Au programme messe, [&hellip;]","og_url":"https:\/\/www.itakaescolapios.org\/es\/2022\/12\/francais-larbre-de-noel-au-complexe-scolaire-integral-bilingue-calasanz-de-bafia\/","og_site_name":"Itaka-Escolapios","article_published_time":"2022-12-15T13:29:50+00:00","article_modified_time":"2023-11-28T11:35:38+00:00","og_image":[{"width":1080,"height":810,"url":"https:\/\/www.itakaescolapios.org\/wp-content\/uploads\/2022\/12\/WhatsApp-Image-2022-12-15-at-5.34.19-AM-Copie.jpeg","type":"image\/jpeg"}],"author":"cameroun01","twitter_card":"summary_large_image","twitter_misc":{"Escrito por":"cameroun01"},"schema":{"@context":"https:\/\/schema.org","@graph":[{"@type":"Article","@id":"https:\/\/www.itakaescolapios.org\/es\/2022\/12\/francais-larbre-de-noel-au-complexe-scolaire-integral-bilingue-calasanz-de-bafia\/#article","isPartOf":{"@id":"https:\/\/www.itakaescolapios.org\/es\/2022\/12\/francais-larbre-de-noel-au-complexe-scolaire-integral-bilingue-calasanz-de-bafia\/"},"author":{"name":"cameroun01","@id":"https:\/\/www.itakaescolapios.org\/es\/#\/schema\/person\/d2844383e29bfdfef69039672ce14eb1"},"headline":"Sin t\u00edtulo","datePublished":"2022-12-15T13:29:50+00:00","dateModified":"2023-11-28T11:35:38+00:00","mainEntityOfPage":{"@id":"https:\/\/www.itakaescolapios.org\/es\/2022\/12\/francais-larbre-de-noel-au-complexe-scolaire-integral-bilingue-calasanz-de-bafia\/"},"wordCount":99,"publisher":{"@id":"https:\/\/www.itakaescolapios.org\/es\/#organization"},"image":{"@id":"https:\/\/www.itakaescolapios.org\/es\/2022\/12\/francais-larbre-de-noel-au-complexe-scolaire-integral-bilingue-calasanz-de-bafia\/#primaryimage"},"thumbnailUrl":"https:\/\/www.itakaescolapios.org\/wp-content\/uploads\/2022\/12\/WhatsApp-Image-2022-12-15-at-5.34.19-AM-Copie.jpeg","articleSection":["\u00c1frica Central","Camer\u00fan"],"inLanguage":"es"},{"@type":"WebPage","@id":"https:\/\/www.itakaescolapios.org\/es\/2022\/12\/francais-larbre-de-noel-au-complexe-scolaire-integral-bilingue-calasanz-de-bafia\/","url":"https:\/\/www.itakaescolapios.org\/es\/2022\/12\/francais-larbre-de-noel-au-complexe-scolaire-integral-bilingue-calasanz-de-bafia\/","name":"- Itaka-Escolapios","isPartOf":{"@id":"https:\/\/www.itakaescolapios.org\/es\/#website"},"primaryImageOfPage":{"@id":"https:\/\/www.itakaescolapios.org\/es\/2022\/12\/francais-larbre-de-noel-au-complexe-scolaire-integral-bilingue-calasanz-de-bafia\/#primaryimage"},"image":{"@id":"https:\/\/www.itakaescolapios.org\/es\/2022\/12\/francais-larbre-de-noel-au-complexe-scolaire-integral-bilingue-calasanz-de-bafia\/#primaryimage"},"thumbnailUrl":"https:\/\/www.itakaescolapios.org\/wp-content\/uploads\/2022\/12\/WhatsApp-Image-2022-12-15-at-5.34.19-AM-Copie.jpeg","datePublished":"2022-12-15T13:29:50+00:00","dateModified":"2023-11-28T11:35:38+00:00","inLanguage":"es","potentialAction":[{"@type":"ReadAction","target":["https:\/\/www.itakaescolapios.org\/es\/2022\/12\/francais-larbre-de-noel-au-complexe-scolaire-integral-bilingue-calasanz-de-bafia\/"]}]},{"@type":"ImageObject","inLanguage":"es","@id":"https:\/\/www.itakaescolapios.org\/es\/2022\/12\/francais-larbre-de-noel-au-complexe-scolaire-integral-bilingue-calasanz-de-bafia\/#primaryimage","url":"https:\/\/www.itakaescolapios.org\/wp-content\/uploads\/2022\/12\/WhatsApp-Image-2022-12-15-at-5.34.19-AM-Copie.jpeg","contentUrl":"https:\/\/www.itakaescolapios.org\/wp-content\/uploads\/2022\/12\/WhatsApp-Image-2022-12-15-at-5.34.19-AM-Copie.jpeg","width":1080,"height":810},{"@type":"WebSite","@id":"https:\/\/www.itakaescolapios.org\/es\/#website","url":"https:\/\/www.itakaescolapios.org\/es\/","name":"Itaka-Escolapios","description":"Red de Itaka-Escolapios","publisher":{"@id":"https:\/\/www.itakaescolapios.org\/es\/#organization"},"potentialAction":[{"@type":"SearchAction","target":{"@type":"EntryPoint","urlTemplate":"https:\/\/www.itakaescolapios.org\/es\/?s={search_term_string}"},"query-input":{"@type":"PropertyValueSpecification","valueRequired":true,"valueName":"search_term_string"}}],"inLanguage":"es"},{"@type":"Organization","@id":"https:\/\/www.itakaescolapios.org\/es\/#organization","name":"Fundaci\u00f3 Itaka-Escolapios","url":"https:\/\/www.itakaescolapios.org\/es\/","logo":{"@type":"ImageObject","inLanguage":"es","@id":"https:\/\/www.itakaescolapios.org\/es\/#\/schema\/logo\/image\/","url":"https:\/\/www.itakaescolapios.org\/wp-content\/uploads\/2024\/04\/Logo-itakaescolapios-peque.png","contentUrl":"https:\/\/www.itakaescolapios.org\/wp-content\/uploads\/2024\/04\/Logo-itakaescolapios-peque.png","width":500,"height":199,"caption":"Fundaci\u00f3 Itaka-Escolapios"},"image":{"@id":"https:\/\/www.itakaescolapios.org\/es\/#\/schema\/logo\/image\/"}},{"@type":"Person","@id":"https:\/\/www.itakaescolapios.org\/es\/#\/schema\/person\/d2844383e29bfdfef69039672ce14eb1","name":"cameroun01","url":"https:\/\/www.itakaescolapios.org\/es\/author\/cameroun01\/"}]}},"_links":{"self":[{"href":"https:\/\/www.itakaescolapios.org\/es\/wp-json\/wp\/v2\/posts\/38077","targetHints":{"allow":["GET"]}}],"collection":[{"href":"https:\/\/www.itakaescolapios.org\/es\/wp-json\/wp\/v2\/posts"}],"about":[{"href":"https:\/\/www.itakaescolapios.org\/es\/wp-json\/wp\/v2\/types\/post"}],"author":[{"embeddable":true,"href":"https:\/\/www.itakaescolapios.org\/es\/wp-json\/wp\/v2\/users\/15"}],"replies":[{"embeddable":true,"href":"https:\/\/www.itakaescolapios.org\/es\/wp-json\/wp\/v2\/comments?post=38077"}],"version-history":[{"count":3,"href":"https:\/\/www.itakaescolapios.org\/es\/wp-json\/wp\/v2\/posts\/38077\/revisions"}],"predecessor-version":[{"id":43749,"href":"https:\/\/www.itakaescolapios.org\/es\/wp-json\/wp\/v2\/posts\/38077\/revisions\/43749"}],"wp:featuredmedia":[{"embeddable":true,"href":"https:\/\/www.itakaescolapios.org\/es\/wp-json\/wp\/v2\/media\/38083"}],"wp:attachment":[{"href":"https:\/\/www.itakaescolapios.org\/es\/wp-json\/wp\/v2\/media?parent=38077"}],"wp:term":[{"taxonomy":"category","embeddable":true,"href":"https:\/\/www.itakaescolapios.org\/es\/wp-json\/wp\/v2\/categories?post=38077"},{"taxonomy":"post_tag","embeddable":true,"href":"https:\/\/www.itakaescolapios.org\/es\/wp-json\/wp\/v2\/tags?post=38077"}],"curies":[{"name":"wp","href":"https:\/\/api.w.org\/{rel}","templated":true}]}}