{"id":38265,"date":"2022-09-26T08:52:59","date_gmt":"2022-09-26T07:52:59","guid":{"rendered":"https:\/\/www.itakaescolapios.org\/?p=38265"},"modified":"2023-11-28T12:35:42","modified_gmt":"2023-11-28T11:35:42","slug":"elaboracion-de-proyectos-y-bocetos-del-taller-manos-en-el-arte","status":"publish","type":"post","link":"https:\/\/www.itakaescolapios.org\/es\/2022\/09\/elaboracion-de-proyectos-y-bocetos-del-taller-manos-en-el-arte\/","title":{"rendered":"Elaboraci\u00f3n de proyectos y bocetos del taller Manos en el arte"},"content":{"rendered":"<p>26 de septiembre de 2022<\/p>\n<p>El pasado viernes 23 se realiz\u00f3 una reuni\u00f3n del taller \u00abManos en el arte\u00bb del proyecto Sumamos M\u00e1s para planificar los proyectos de lo que queda del a\u00f1o 2022.<\/p>\n<p>Se compartieron ideas, bocetos hecho por algunas participantes, se revis\u00f3 el material del que se dispone y se vio cu\u00e1l har\u00e1 falta comprar para llevar a cabo todas estas ideas para este \u00faltimo trimestre del a\u00f1o. Pero no todo fue hablar. Mucha parte del tiempo fue hacer peque\u00f1as muestras del trabajo a realizar este trimestre.<\/p>\n<p>Una buena jornada donde la gente particip\u00f3 mucho, aportando ideas y proyectos para el grupo.<\/p>\n\n\t\t<style type=\"text\/css\">\n\t\t\t#gallery-1 {\n\t\t\t\tmargin: auto;\n\t\t\t}\n\t\t\t#gallery-1 .gallery-item {\n\t\t\t\tfloat: left;\n\t\t\t\tmargin-top: 10px;\n\t\t\t\ttext-align: center;\n\t\t\t\twidth: 33%;\n\t\t\t}\n\t\t\t#gallery-1 img {\n\t\t\t\tborder: 2px solid #cfcfcf;\n\t\t\t}\n\t\t\t#gallery-1 .gallery-caption {\n\t\t\t\tmargin-left: 0;\n\t\t\t}\n\t\t\t\/* see gallery_shortcode() in wp-includes\/media.php *\/\n\t\t<\/style>\n\t\t<div id='gallery-1' class='gallery galleryid-38265 gallery-columns-3 gallery-size-medium'><dl class='gallery-item'>\n\t\t\t<dt class='gallery-icon portrait'>\n\t\t\t\t<a href='https:\/\/www.itakaescolapios.org\/es\/2022\/09\/elaboracion-de-proyectos-y-bocetos-del-taller-manos-en-el-arte\/23s-1\/'><img decoding=\"async\" width=\"225\" height=\"300\" src=\"https:\/\/www.itakaescolapios.org\/wp-content\/uploads\/2023\/01\/23s-1-225x300.jpg\" class=\"attachment-medium size-medium\" alt=\"\" srcset=\"https:\/\/www.itakaescolapios.org\/wp-content\/uploads\/2023\/01\/23s-1-225x300.jpg 225w, https:\/\/www.itakaescolapios.org\/wp-content\/uploads\/2023\/01\/23s-1-768x1024.jpg 768w, https:\/\/www.itakaescolapios.org\/wp-content\/uploads\/2023\/01\/23s-1-1152x1536.jpg 1152w, https:\/\/www.itakaescolapios.org\/wp-content\/uploads\/2023\/01\/23s-1-250x333.jpg 250w, https:\/\/www.itakaescolapios.org\/wp-content\/uploads\/2023\/01\/23s-1-1080x1440.jpg 1080w, https:\/\/www.itakaescolapios.org\/wp-content\/uploads\/2023\/01\/23s-1.jpg 1125w\" sizes=\"(max-width: 225px) 100vw, 225px\" \/><\/a>\n\t\t\t<\/dt><\/dl><dl class='gallery-item'>\n\t\t\t<dt class='gallery-icon landscape'>\n\t\t\t\t<a href='https:\/\/www.itakaescolapios.org\/es\/2022\/09\/elaboracion-de-proyectos-y-bocetos-del-taller-manos-en-el-arte\/23s-2\/'><img decoding=\"async\" width=\"300\" height=\"225\" src=\"https:\/\/www.itakaescolapios.org\/wp-content\/uploads\/2023\/01\/23s-2-300x225.jpg\" class=\"attachment-medium size-medium\" alt=\"\" srcset=\"https:\/\/www.itakaescolapios.org\/wp-content\/uploads\/2023\/01\/23s-2-300x225.jpg 300w, https:\/\/www.itakaescolapios.org\/wp-content\/uploads\/2023\/01\/23s-2-1024x768.jpg 1024w, https:\/\/www.itakaescolapios.org\/wp-content\/uploads\/2023\/01\/23s-2-768x576.jpg 768w, https:\/\/www.itakaescolapios.org\/wp-content\/uploads\/2023\/01\/23s-2-1536x1152.jpg 1536w, https:\/\/www.itakaescolapios.org\/wp-content\/uploads\/2023\/01\/23s-2-250x188.jpg 250w, https:\/\/www.itakaescolapios.org\/wp-content\/uploads\/2023\/01\/23s-2-510x382.jpg 510w, https:\/\/www.itakaescolapios.org\/wp-content\/uploads\/2023\/01\/23s-2-1080x810.jpg 1080w, https:\/\/www.itakaescolapios.org\/wp-content\/uploads\/2023\/01\/23s-2.jpg 2000w\" sizes=\"(max-width: 300px) 100vw, 300px\" \/><\/a>\n\t\t\t<\/dt><\/dl>\n\t\t\t<br style='clear: both' \/>\n\t\t<\/div>\n\n","protected":false},"excerpt":{"rendered":"<p>26 de septiembre de 2022 El pasado viernes 23 se realiz\u00f3 una reuni\u00f3n del taller \u00abManos en el arte\u00bb del proyecto Sumamos M\u00e1s para planificar los proyectos de lo que [&hellip;]<\/p>\n","protected":false},"author":62,"featured_media":0,"comment_status":"closed","ping_status":"closed","sticky":false,"template":"","format":"standard","meta":{"_et_pb_use_builder":"","_et_pb_old_content":"","_et_gb_content_width":"","footnotes":""},"categories":[13],"tags":[],"class_list":["post-38265","post","type-post","status-publish","format-standard","hentry","category-vitoria"],"yoast_head":"<!-- This site is optimized with the Yoast SEO plugin v27.4 - https:\/\/yoast.com\/product\/yoast-seo-wordpress\/ -->\n<title>Elaboraci\u00f3n de proyectos y bocetos del taller Manos en el arte - Itaka-Escolapios<\/title>\n<meta name=\"robots\" content=\"index, follow, max-snippet:-1, max-image-preview:large, max-video-preview:-1\" \/>\n<link rel=\"canonical\" href=\"https:\/\/www.itakaescolapios.org\/es\/2022\/09\/elaboracion-de-proyectos-y-bocetos-del-taller-manos-en-el-arte\/\" \/>\n<meta property=\"og:locale\" content=\"es_ES\" \/>\n<meta property=\"og:type\" content=\"article\" \/>\n<meta property=\"og:title\" content=\"Elaboraci\u00f3n de proyectos y bocetos del taller Manos en el arte - Itaka-Escolapios\" \/>\n<meta property=\"og:description\" content=\"26 de septiembre de 2022 El pasado viernes 23 se realiz\u00f3 una reuni\u00f3n del taller \u00abManos en el arte\u00bb del proyecto Sumamos M\u00e1s para planificar los proyectos de lo que [&hellip;]\" \/>\n<meta property=\"og:url\" content=\"https:\/\/www.itakaescolapios.org\/es\/2022\/09\/elaboracion-de-proyectos-y-bocetos-del-taller-manos-en-el-arte\/\" \/>\n<meta property=\"og:site_name\" content=\"Itaka-Escolapios\" \/>\n<meta property=\"article:published_time\" content=\"2022-09-26T07:52:59+00:00\" \/>\n<meta property=\"article:modified_time\" content=\"2023-11-28T11:35:42+00:00\" \/>\n<meta property=\"og:image\" content=\"https:\/\/www.itakaescolapios.org\/wp-content\/uploads\/2023\/01\/23s-1-225x300.jpg\" \/>\n<meta name=\"author\" content=\"Equipo TIC Ema\u00fas\" \/>\n<meta name=\"twitter:card\" content=\"summary_large_image\" \/>\n<meta name=\"twitter:label1\" content=\"Escrito por\" \/>\n\t<meta name=\"twitter:data1\" content=\"Equipo TIC Ema\u00fas\" \/>\n\t<meta name=\"twitter:label2\" content=\"Tiempo de lectura\" \/>\n\t<meta name=\"twitter:data2\" content=\"1 minuto\" \/>\n<script type=\"application\/ld+json\" class=\"yoast-schema-graph\">{\"@context\":\"https:\\\/\\\/schema.org\",\"@graph\":[{\"@type\":\"Article\",\"@id\":\"https:\\\/\\\/www.itakaescolapios.org\\\/es\\\/2022\\\/09\\\/elaboracion-de-proyectos-y-bocetos-del-taller-manos-en-el-arte\\\/#article\",\"isPartOf\":{\"@id\":\"https:\\\/\\\/www.itakaescolapios.org\\\/es\\\/2022\\\/09\\\/elaboracion-de-proyectos-y-bocetos-del-taller-manos-en-el-arte\\\/\"},\"author\":{\"name\":\"Equipo TIC Ema\u00fas\",\"@id\":\"https:\\\/\\\/www.itakaescolapios.org\\\/es\\\/#\\\/schema\\\/person\\\/200262de1d464b07c45f3c70eb4cf614\"},\"headline\":\"Elaboraci\u00f3n de proyectos y bocetos del taller Manos en el arte\",\"datePublished\":\"2022-09-26T07:52:59+00:00\",\"dateModified\":\"2023-11-28T11:35:42+00:00\",\"mainEntityOfPage\":{\"@id\":\"https:\\\/\\\/www.itakaescolapios.org\\\/es\\\/2022\\\/09\\\/elaboracion-de-proyectos-y-bocetos-del-taller-manos-en-el-arte\\\/\"},\"wordCount\":122,\"publisher\":{\"@id\":\"https:\\\/\\\/www.itakaescolapios.org\\\/es\\\/#organization\"},\"articleSection\":[\"Vitoria-Gasteiz\"],\"inLanguage\":\"es\"},{\"@type\":\"WebPage\",\"@id\":\"https:\\\/\\\/www.itakaescolapios.org\\\/es\\\/2022\\\/09\\\/elaboracion-de-proyectos-y-bocetos-del-taller-manos-en-el-arte\\\/\",\"url\":\"https:\\\/\\\/www.itakaescolapios.org\\\/es\\\/2022\\\/09\\\/elaboracion-de-proyectos-y-bocetos-del-taller-manos-en-el-arte\\\/\",\"name\":\"Elaboraci\u00f3n de proyectos y bocetos del taller Manos en el arte - Itaka-Escolapios\",\"isPartOf\":{\"@id\":\"https:\\\/\\\/www.itakaescolapios.org\\\/es\\\/#website\"},\"datePublished\":\"2022-09-26T07:52:59+00:00\",\"dateModified\":\"2023-11-28T11:35:42+00:00\",\"breadcrumb\":{\"@id\":\"https:\\\/\\\/www.itakaescolapios.org\\\/es\\\/2022\\\/09\\\/elaboracion-de-proyectos-y-bocetos-del-taller-manos-en-el-arte\\\/#breadcrumb\"},\"inLanguage\":\"es\",\"potentialAction\":[{\"@type\":\"ReadAction\",\"target\":[\"https:\\\/\\\/www.itakaescolapios.org\\\/es\\\/2022\\\/09\\\/elaboracion-de-proyectos-y-bocetos-del-taller-manos-en-el-arte\\\/\"]}]},{\"@type\":\"BreadcrumbList\",\"@id\":\"https:\\\/\\\/www.itakaescolapios.org\\\/es\\\/2022\\\/09\\\/elaboracion-de-proyectos-y-bocetos-del-taller-manos-en-el-arte\\\/#breadcrumb\",\"itemListElement\":[{\"@type\":\"ListItem\",\"position\":1,\"name\":\"Portada\",\"item\":\"https:\\\/\\\/www.itakaescolapios.org\\\/es\\\/\"},{\"@type\":\"ListItem\",\"position\":2,\"name\":\"Elaboraci\u00f3n de proyectos y bocetos del taller Manos en el arte\"}]},{\"@type\":\"WebSite\",\"@id\":\"https:\\\/\\\/www.itakaescolapios.org\\\/es\\\/#website\",\"url\":\"https:\\\/\\\/www.itakaescolapios.org\\\/es\\\/\",\"name\":\"Itaka-Escolapios\",\"description\":\"Red de Itaka-Escolapios\",\"publisher\":{\"@id\":\"https:\\\/\\\/www.itakaescolapios.org\\\/es\\\/#organization\"},\"potentialAction\":[{\"@type\":\"SearchAction\",\"target\":{\"@type\":\"EntryPoint\",\"urlTemplate\":\"https:\\\/\\\/www.itakaescolapios.org\\\/es\\\/?s={search_term_string}\"},\"query-input\":{\"@type\":\"PropertyValueSpecification\",\"valueRequired\":true,\"valueName\":\"search_term_string\"}}],\"inLanguage\":\"es\"},{\"@type\":\"Organization\",\"@id\":\"https:\\\/\\\/www.itakaescolapios.org\\\/es\\\/#organization\",\"name\":\"Fundaci\u00f3 Itaka-Escolapios\",\"url\":\"https:\\\/\\\/www.itakaescolapios.org\\\/es\\\/\",\"logo\":{\"@type\":\"ImageObject\",\"inLanguage\":\"es\",\"@id\":\"https:\\\/\\\/www.itakaescolapios.org\\\/es\\\/#\\\/schema\\\/logo\\\/image\\\/\",\"url\":\"https:\\\/\\\/www.itakaescolapios.org\\\/wp-content\\\/uploads\\\/2024\\\/04\\\/Logo-itakaescolapios-peque.png\",\"contentUrl\":\"https:\\\/\\\/www.itakaescolapios.org\\\/wp-content\\\/uploads\\\/2024\\\/04\\\/Logo-itakaescolapios-peque.png\",\"width\":500,\"height\":199,\"caption\":\"Fundaci\u00f3 Itaka-Escolapios\"},\"image\":{\"@id\":\"https:\\\/\\\/www.itakaescolapios.org\\\/es\\\/#\\\/schema\\\/logo\\\/image\\\/\"}},{\"@type\":\"Person\",\"@id\":\"https:\\\/\\\/www.itakaescolapios.org\\\/es\\\/#\\\/schema\\\/person\\\/200262de1d464b07c45f3c70eb4cf614\",\"name\":\"Equipo TIC Ema\u00fas\",\"url\":\"https:\\\/\\\/www.itakaescolapios.org\\\/es\\\/author\\\/ntic\\\/\"}]}<\/script>\n<!-- \/ Yoast SEO plugin. -->","yoast_head_json":{"title":"Elaboraci\u00f3n de proyectos y bocetos del taller Manos en el arte - Itaka-Escolapios","robots":{"index":"index","follow":"follow","max-snippet":"max-snippet:-1","max-image-preview":"max-image-preview:large","max-video-preview":"max-video-preview:-1"},"canonical":"https:\/\/www.itakaescolapios.org\/es\/2022\/09\/elaboracion-de-proyectos-y-bocetos-del-taller-manos-en-el-arte\/","og_locale":"es_ES","og_type":"article","og_title":"Elaboraci\u00f3n de proyectos y bocetos del taller Manos en el arte - Itaka-Escolapios","og_description":"26 de septiembre de 2022 El pasado viernes 23 se realiz\u00f3 una reuni\u00f3n del taller \u00abManos en el arte\u00bb del proyecto Sumamos M\u00e1s para planificar los proyectos de lo que [&hellip;]","og_url":"https:\/\/www.itakaescolapios.org\/es\/2022\/09\/elaboracion-de-proyectos-y-bocetos-del-taller-manos-en-el-arte\/","og_site_name":"Itaka-Escolapios","article_published_time":"2022-09-26T07:52:59+00:00","article_modified_time":"2023-11-28T11:35:42+00:00","og_image":[{"url":"https:\/\/www.itakaescolapios.org\/wp-content\/uploads\/2023\/01\/23s-1-225x300.jpg","type":"","width":"","height":""}],"author":"Equipo TIC Ema\u00fas","twitter_card":"summary_large_image","twitter_misc":{"Escrito por":"Equipo TIC Ema\u00fas","Tiempo de lectura":"1 minuto"},"schema":{"@context":"https:\/\/schema.org","@graph":[{"@type":"Article","@id":"https:\/\/www.itakaescolapios.org\/es\/2022\/09\/elaboracion-de-proyectos-y-bocetos-del-taller-manos-en-el-arte\/#article","isPartOf":{"@id":"https:\/\/www.itakaescolapios.org\/es\/2022\/09\/elaboracion-de-proyectos-y-bocetos-del-taller-manos-en-el-arte\/"},"author":{"name":"Equipo TIC Ema\u00fas","@id":"https:\/\/www.itakaescolapios.org\/es\/#\/schema\/person\/200262de1d464b07c45f3c70eb4cf614"},"headline":"Elaboraci\u00f3n de proyectos y bocetos del taller Manos en el arte","datePublished":"2022-09-26T07:52:59+00:00","dateModified":"2023-11-28T11:35:42+00:00","mainEntityOfPage":{"@id":"https:\/\/www.itakaescolapios.org\/es\/2022\/09\/elaboracion-de-proyectos-y-bocetos-del-taller-manos-en-el-arte\/"},"wordCount":122,"publisher":{"@id":"https:\/\/www.itakaescolapios.org\/es\/#organization"},"articleSection":["Vitoria-Gasteiz"],"inLanguage":"es"},{"@type":"WebPage","@id":"https:\/\/www.itakaescolapios.org\/es\/2022\/09\/elaboracion-de-proyectos-y-bocetos-del-taller-manos-en-el-arte\/","url":"https:\/\/www.itakaescolapios.org\/es\/2022\/09\/elaboracion-de-proyectos-y-bocetos-del-taller-manos-en-el-arte\/","name":"Elaboraci\u00f3n de proyectos y bocetos del taller Manos en el arte - Itaka-Escolapios","isPartOf":{"@id":"https:\/\/www.itakaescolapios.org\/es\/#website"},"datePublished":"2022-09-26T07:52:59+00:00","dateModified":"2023-11-28T11:35:42+00:00","breadcrumb":{"@id":"https:\/\/www.itakaescolapios.org\/es\/2022\/09\/elaboracion-de-proyectos-y-bocetos-del-taller-manos-en-el-arte\/#breadcrumb"},"inLanguage":"es","potentialAction":[{"@type":"ReadAction","target":["https:\/\/www.itakaescolapios.org\/es\/2022\/09\/elaboracion-de-proyectos-y-bocetos-del-taller-manos-en-el-arte\/"]}]},{"@type":"BreadcrumbList","@id":"https:\/\/www.itakaescolapios.org\/es\/2022\/09\/elaboracion-de-proyectos-y-bocetos-del-taller-manos-en-el-arte\/#breadcrumb","itemListElement":[{"@type":"ListItem","position":1,"name":"Portada","item":"https:\/\/www.itakaescolapios.org\/es\/"},{"@type":"ListItem","position":2,"name":"Elaboraci\u00f3n de proyectos y bocetos del taller Manos en el arte"}]},{"@type":"WebSite","@id":"https:\/\/www.itakaescolapios.org\/es\/#website","url":"https:\/\/www.itakaescolapios.org\/es\/","name":"Itaka-Escolapios","description":"Red de Itaka-Escolapios","publisher":{"@id":"https:\/\/www.itakaescolapios.org\/es\/#organization"},"potentialAction":[{"@type":"SearchAction","target":{"@type":"EntryPoint","urlTemplate":"https:\/\/www.itakaescolapios.org\/es\/?s={search_term_string}"},"query-input":{"@type":"PropertyValueSpecification","valueRequired":true,"valueName":"search_term_string"}}],"inLanguage":"es"},{"@type":"Organization","@id":"https:\/\/www.itakaescolapios.org\/es\/#organization","name":"Fundaci\u00f3 Itaka-Escolapios","url":"https:\/\/www.itakaescolapios.org\/es\/","logo":{"@type":"ImageObject","inLanguage":"es","@id":"https:\/\/www.itakaescolapios.org\/es\/#\/schema\/logo\/image\/","url":"https:\/\/www.itakaescolapios.org\/wp-content\/uploads\/2024\/04\/Logo-itakaescolapios-peque.png","contentUrl":"https:\/\/www.itakaescolapios.org\/wp-content\/uploads\/2024\/04\/Logo-itakaescolapios-peque.png","width":500,"height":199,"caption":"Fundaci\u00f3 Itaka-Escolapios"},"image":{"@id":"https:\/\/www.itakaescolapios.org\/es\/#\/schema\/logo\/image\/"}},{"@type":"Person","@id":"https:\/\/www.itakaescolapios.org\/es\/#\/schema\/person\/200262de1d464b07c45f3c70eb4cf614","name":"Equipo TIC Ema\u00fas","url":"https:\/\/www.itakaescolapios.org\/es\/author\/ntic\/"}]}},"_links":{"self":[{"href":"https:\/\/www.itakaescolapios.org\/es\/wp-json\/wp\/v2\/posts\/38265","targetHints":{"allow":["GET"]}}],"collection":[{"href":"https:\/\/www.itakaescolapios.org\/es\/wp-json\/wp\/v2\/posts"}],"about":[{"href":"https:\/\/www.itakaescolapios.org\/es\/wp-json\/wp\/v2\/types\/post"}],"author":[{"embeddable":true,"href":"https:\/\/www.itakaescolapios.org\/es\/wp-json\/wp\/v2\/users\/62"}],"replies":[{"embeddable":true,"href":"https:\/\/www.itakaescolapios.org\/es\/wp-json\/wp\/v2\/comments?post=38265"}],"version-history":[{"count":4,"href":"https:\/\/www.itakaescolapios.org\/es\/wp-json\/wp\/v2\/posts\/38265\/revisions"}],"predecessor-version":[{"id":43827,"href":"https:\/\/www.itakaescolapios.org\/es\/wp-json\/wp\/v2\/posts\/38265\/revisions\/43827"}],"wp:attachment":[{"href":"https:\/\/www.itakaescolapios.org\/es\/wp-json\/wp\/v2\/media?parent=38265"}],"wp:term":[{"taxonomy":"category","embeddable":true,"href":"https:\/\/www.itakaescolapios.org\/es\/wp-json\/wp\/v2\/categories?post=38265"},{"taxonomy":"post_tag","embeddable":true,"href":"https:\/\/www.itakaescolapios.org\/es\/wp-json\/wp\/v2\/tags?post=38265"}],"curies":[{"name":"wp","href":"https:\/\/api.w.org\/{rel}","templated":true}]}}