{"id":38409,"date":"2023-01-30T09:43:33","date_gmt":"2023-01-30T08:43:33","guid":{"rendered":"https:\/\/www.itakaescolapios.org\/?p=38409"},"modified":"2023-11-28T12:35:37","modified_gmt":"2023-11-28T11:35:37","slug":"english-peace-week-closing-in-malibe-gabon","status":"publish","type":"post","link":"https:\/\/www.itakaescolapios.org\/es\/2023\/01\/english-peace-week-closing-in-malibe-gabon\/","title":{"rendered":""},"content":{"rendered":"<p>[:en]<\/p>\n<p id=\"tw-target-text\" class=\"tw-data-text tw-text-large tw-ta\" dir=\"ltr\" data-placeholder=\"Traduction\"><span class=\"Y2IQFc\" lang=\"en\">Last Friday, January 27, 2023, Peace Week ended at the Calasanz school complex in Malib\u00e9 (Gabon). Throughout the week, we had sensitizations on peace in the classrooms with the children and the administrative and teaching staff of the school. For the closing of the week, on Friday January 27, we carried out a peace march with posters, then several other activities: stories, dances, songs, etc. In general we can say that everything went well and we had a lot of fun while spreading our message of peace.<\/span><\/p>\n<p><img decoding=\"async\" class=\"size-full wp-image-38412 aligncenter\" src=\"https:\/\/www.itakaescolapios.org\/wp-content\/uploads\/2023\/01\/WhatsApp-Image-2023-01-27-at-3.23.58-PM.jpeg\" alt=\"\" width=\"780\" height=\"1040\" srcset=\"https:\/\/www.itakaescolapios.org\/wp-content\/uploads\/2023\/01\/WhatsApp-Image-2023-01-27-at-3.23.58-PM.jpeg 780w, https:\/\/www.itakaescolapios.org\/wp-content\/uploads\/2023\/01\/WhatsApp-Image-2023-01-27-at-3.23.58-PM-225x300.jpeg 225w, https:\/\/www.itakaescolapios.org\/wp-content\/uploads\/2023\/01\/WhatsApp-Image-2023-01-27-at-3.23.58-PM-768x1024.jpeg 768w, https:\/\/www.itakaescolapios.org\/wp-content\/uploads\/2023\/01\/WhatsApp-Image-2023-01-27-at-3.23.58-PM-250x333.jpeg 250w\" sizes=\"(max-width: 780px) 100vw, 780px\" \/><\/p>\n<p>&nbsp;<\/p>\n<p><div style=\"width: 640px;\" class=\"wp-video\"><video class=\"wp-video-shortcode\" id=\"video-38409-1\" width=\"640\" height=\"352\" preload=\"metadata\" controls=\"controls\"><source type=\"video\/mp4\" src=\"https:\/\/www.itakaescolapios.org\/wp-content\/uploads\/2023\/01\/WhatsApp-Video-2023-01-27-at-3.23.28-PM.mp4?_=1\" \/><a href=\"https:\/\/www.itakaescolapios.org\/wp-content\/uploads\/2023\/01\/WhatsApp-Video-2023-01-27-at-3.23.28-PM.mp4\">https:\/\/www.itakaescolapios.org\/wp-content\/uploads\/2023\/01\/WhatsApp-Video-2023-01-27-at-3.23.28-PM.mp4<\/a><\/video><\/div>[:fr]Vendredi dernier, 27 janvier 2023, s\u2019est cl\u00f4tur\u00e9e la Semaine de la paix au complexe scolaire Calasanz de Malib\u00e9 ( Gabon). Nous avons eu durant toute la semaine des sensibilisations sur la paix dans les salles de classes avec les enfants et le corps administratif et professoral de l\u2019\u00e9cole. Pour la cl\u00f4ture de la semaine, nous avons effectu\u00e9 vendredi 27 janvier, une marche de Paix avec des affiches, puis plusieurs autres activit\u00e9s : r\u00e9cits, danses, chants, etc. En g\u00e9n\u00e9ral nous pouvons dire que tout s\u2019est bien pass\u00e9 et nous nous sommes bien amus\u00e9s tout en passant notre message de paix.<\/p>\n<p><img decoding=\"async\" class=\"size-full wp-image-38412 aligncenter\" src=\"https:\/\/www.itakaescolapios.org\/wp-content\/uploads\/2023\/01\/WhatsApp-Image-2023-01-27-at-3.23.58-PM.jpeg\" alt=\"\" width=\"780\" height=\"1040\" srcset=\"https:\/\/www.itakaescolapios.org\/wp-content\/uploads\/2023\/01\/WhatsApp-Image-2023-01-27-at-3.23.58-PM.jpeg 780w, https:\/\/www.itakaescolapios.org\/wp-content\/uploads\/2023\/01\/WhatsApp-Image-2023-01-27-at-3.23.58-PM-225x300.jpeg 225w, https:\/\/www.itakaescolapios.org\/wp-content\/uploads\/2023\/01\/WhatsApp-Image-2023-01-27-at-3.23.58-PM-768x1024.jpeg 768w, https:\/\/www.itakaescolapios.org\/wp-content\/uploads\/2023\/01\/WhatsApp-Image-2023-01-27-at-3.23.58-PM-250x333.jpeg 250w\" sizes=\"(max-width: 780px) 100vw, 780px\" \/><\/p>\n<p>&nbsp;<\/p>\n<p><div style=\"width: 640px;\" class=\"wp-video\"><video class=\"wp-video-shortcode\" id=\"video-38409-2\" width=\"640\" height=\"352\" preload=\"metadata\" controls=\"controls\"><source type=\"video\/mp4\" src=\"https:\/\/www.itakaescolapios.org\/wp-content\/uploads\/2023\/01\/WhatsApp-Video-2023-01-27-at-3.23.28-PM.mp4?_=2\" \/><a href=\"https:\/\/www.itakaescolapios.org\/wp-content\/uploads\/2023\/01\/WhatsApp-Video-2023-01-27-at-3.23.28-PM.mp4\">https:\/\/www.itakaescolapios.org\/wp-content\/uploads\/2023\/01\/WhatsApp-Video-2023-01-27-at-3.23.28-PM.mp4<\/a><\/video><\/div>[:]<\/p>\n","protected":false},"excerpt":{"rendered":"<p>[:en] Last Friday, January 27, 2023, Peace Week ended at the Calasanz school complex in Malib\u00e9 (Gabon). Throughout the week, we had sensitizations on peace in the classrooms with the [&hellip;]<\/p>\n","protected":false},"author":15,"featured_media":38410,"comment_status":"closed","ping_status":"closed","sticky":false,"template":"","format":"standard","meta":{"_et_pb_use_builder":"","_et_pb_old_content":"","_et_gb_content_width":"","footnotes":""},"categories":[53,285],"tags":[],"class_list":["post-38409","post","type-post","status-publish","format-standard","has-post-thumbnail","hentry","category-africa-central","category-gabon"],"yoast_head":"<!-- This site is optimized with the Yoast SEO plugin v27.4 - https:\/\/yoast.com\/product\/yoast-seo-wordpress\/ -->\n<title>- Itaka-Escolapios<\/title>\n<meta name=\"robots\" content=\"index, follow, max-snippet:-1, max-image-preview:large, max-video-preview:-1\" \/>\n<link rel=\"canonical\" href=\"https:\/\/www.itakaescolapios.org\/es\/2023\/01\/english-peace-week-closing-in-malibe-gabon\/\" \/>\n<meta property=\"og:locale\" content=\"es_ES\" \/>\n<meta property=\"og:type\" content=\"article\" \/>\n<meta property=\"og:title\" content=\"- Itaka-Escolapios\" \/>\n<meta property=\"og:description\" content=\"[:en] Last Friday, January 27, 2023, Peace Week ended at the Calasanz school complex in Malib\u00e9 (Gabon). Throughout the week, we had sensitizations on peace in the classrooms with the [&hellip;]\" \/>\n<meta property=\"og:url\" content=\"https:\/\/www.itakaescolapios.org\/es\/2023\/01\/english-peace-week-closing-in-malibe-gabon\/\" \/>\n<meta property=\"og:site_name\" content=\"Itaka-Escolapios\" \/>\n<meta property=\"article:published_time\" content=\"2023-01-30T08:43:33+00:00\" \/>\n<meta property=\"article:modified_time\" content=\"2023-11-28T11:35:37+00:00\" \/>\n<meta property=\"og:image\" content=\"https:\/\/www.itakaescolapios.org\/wp-content\/uploads\/2023\/01\/WhatsApp-Image-2023-01-27-at-3.23.59-PM.jpeg\" \/>\n\t<meta property=\"og:image:width\" content=\"1040\" \/>\n\t<meta property=\"og:image:height\" content=\"780\" \/>\n\t<meta property=\"og:image:type\" content=\"image\/jpeg\" \/>\n<meta name=\"author\" content=\"cameroun01\" \/>\n<meta name=\"twitter:card\" content=\"summary_large_image\" \/>\n<meta name=\"twitter:label1\" content=\"Escrito por\" \/>\n\t<meta name=\"twitter:data1\" content=\"cameroun01\" \/>\n\t<meta name=\"twitter:label2\" content=\"Tiempo de lectura\" \/>\n\t<meta name=\"twitter:data2\" content=\"1 minuto\" \/>\n<script type=\"application\/ld+json\" class=\"yoast-schema-graph\">{\"@context\":\"https:\\\/\\\/schema.org\",\"@graph\":[{\"@type\":\"Article\",\"@id\":\"https:\\\/\\\/www.itakaescolapios.org\\\/es\\\/2023\\\/01\\\/english-peace-week-closing-in-malibe-gabon\\\/#article\",\"isPartOf\":{\"@id\":\"https:\\\/\\\/www.itakaescolapios.org\\\/es\\\/2023\\\/01\\\/english-peace-week-closing-in-malibe-gabon\\\/\"},\"author\":{\"name\":\"cameroun01\",\"@id\":\"https:\\\/\\\/www.itakaescolapios.org\\\/es\\\/#\\\/schema\\\/person\\\/d2844383e29bfdfef69039672ce14eb1\"},\"headline\":\"Sin t\u00edtulo\",\"datePublished\":\"2023-01-30T08:43:33+00:00\",\"dateModified\":\"2023-11-28T11:35:37+00:00\",\"mainEntityOfPage\":{\"@id\":\"https:\\\/\\\/www.itakaescolapios.org\\\/es\\\/2023\\\/01\\\/english-peace-week-closing-in-malibe-gabon\\\/\"},\"wordCount\":227,\"publisher\":{\"@id\":\"https:\\\/\\\/www.itakaescolapios.org\\\/es\\\/#organization\"},\"image\":{\"@id\":\"https:\\\/\\\/www.itakaescolapios.org\\\/es\\\/2023\\\/01\\\/english-peace-week-closing-in-malibe-gabon\\\/#primaryimage\"},\"thumbnailUrl\":\"https:\\\/\\\/www.itakaescolapios.org\\\/wp-content\\\/uploads\\\/2023\\\/01\\\/WhatsApp-Image-2023-01-27-at-3.23.59-PM.jpeg\",\"articleSection\":[\"\u00c1frica Central\",\"Gab\u00f3n\"],\"inLanguage\":\"es\"},{\"@type\":\"WebPage\",\"@id\":\"https:\\\/\\\/www.itakaescolapios.org\\\/es\\\/2023\\\/01\\\/english-peace-week-closing-in-malibe-gabon\\\/\",\"url\":\"https:\\\/\\\/www.itakaescolapios.org\\\/es\\\/2023\\\/01\\\/english-peace-week-closing-in-malibe-gabon\\\/\",\"name\":\"- Itaka-Escolapios\",\"isPartOf\":{\"@id\":\"https:\\\/\\\/www.itakaescolapios.org\\\/es\\\/#website\"},\"primaryImageOfPage\":{\"@id\":\"https:\\\/\\\/www.itakaescolapios.org\\\/es\\\/2023\\\/01\\\/english-peace-week-closing-in-malibe-gabon\\\/#primaryimage\"},\"image\":{\"@id\":\"https:\\\/\\\/www.itakaescolapios.org\\\/es\\\/2023\\\/01\\\/english-peace-week-closing-in-malibe-gabon\\\/#primaryimage\"},\"thumbnailUrl\":\"https:\\\/\\\/www.itakaescolapios.org\\\/wp-content\\\/uploads\\\/2023\\\/01\\\/WhatsApp-Image-2023-01-27-at-3.23.59-PM.jpeg\",\"datePublished\":\"2023-01-30T08:43:33+00:00\",\"dateModified\":\"2023-11-28T11:35:37+00:00\",\"inLanguage\":\"es\",\"potentialAction\":[{\"@type\":\"ReadAction\",\"target\":[\"https:\\\/\\\/www.itakaescolapios.org\\\/es\\\/2023\\\/01\\\/english-peace-week-closing-in-malibe-gabon\\\/\"]}]},{\"@type\":\"ImageObject\",\"inLanguage\":\"es\",\"@id\":\"https:\\\/\\\/www.itakaescolapios.org\\\/es\\\/2023\\\/01\\\/english-peace-week-closing-in-malibe-gabon\\\/#primaryimage\",\"url\":\"https:\\\/\\\/www.itakaescolapios.org\\\/wp-content\\\/uploads\\\/2023\\\/01\\\/WhatsApp-Image-2023-01-27-at-3.23.59-PM.jpeg\",\"contentUrl\":\"https:\\\/\\\/www.itakaescolapios.org\\\/wp-content\\\/uploads\\\/2023\\\/01\\\/WhatsApp-Image-2023-01-27-at-3.23.59-PM.jpeg\",\"width\":1040,\"height\":780},{\"@type\":\"WebSite\",\"@id\":\"https:\\\/\\\/www.itakaescolapios.org\\\/es\\\/#website\",\"url\":\"https:\\\/\\\/www.itakaescolapios.org\\\/es\\\/\",\"name\":\"Itaka-Escolapios\",\"description\":\"Red de Itaka-Escolapios\",\"publisher\":{\"@id\":\"https:\\\/\\\/www.itakaescolapios.org\\\/es\\\/#organization\"},\"potentialAction\":[{\"@type\":\"SearchAction\",\"target\":{\"@type\":\"EntryPoint\",\"urlTemplate\":\"https:\\\/\\\/www.itakaescolapios.org\\\/es\\\/?s={search_term_string}\"},\"query-input\":{\"@type\":\"PropertyValueSpecification\",\"valueRequired\":true,\"valueName\":\"search_term_string\"}}],\"inLanguage\":\"es\"},{\"@type\":\"Organization\",\"@id\":\"https:\\\/\\\/www.itakaescolapios.org\\\/es\\\/#organization\",\"name\":\"Fundaci\u00f3 Itaka-Escolapios\",\"url\":\"https:\\\/\\\/www.itakaescolapios.org\\\/es\\\/\",\"logo\":{\"@type\":\"ImageObject\",\"inLanguage\":\"es\",\"@id\":\"https:\\\/\\\/www.itakaescolapios.org\\\/es\\\/#\\\/schema\\\/logo\\\/image\\\/\",\"url\":\"https:\\\/\\\/www.itakaescolapios.org\\\/wp-content\\\/uploads\\\/2024\\\/04\\\/Logo-itakaescolapios-peque.png\",\"contentUrl\":\"https:\\\/\\\/www.itakaescolapios.org\\\/wp-content\\\/uploads\\\/2024\\\/04\\\/Logo-itakaescolapios-peque.png\",\"width\":500,\"height\":199,\"caption\":\"Fundaci\u00f3 Itaka-Escolapios\"},\"image\":{\"@id\":\"https:\\\/\\\/www.itakaescolapios.org\\\/es\\\/#\\\/schema\\\/logo\\\/image\\\/\"}},{\"@type\":\"Person\",\"@id\":\"https:\\\/\\\/www.itakaescolapios.org\\\/es\\\/#\\\/schema\\\/person\\\/d2844383e29bfdfef69039672ce14eb1\",\"name\":\"cameroun01\",\"url\":\"https:\\\/\\\/www.itakaescolapios.org\\\/es\\\/author\\\/cameroun01\\\/\"}]}<\/script>\n<!-- \/ Yoast SEO plugin. -->","yoast_head_json":{"title":"- Itaka-Escolapios","robots":{"index":"index","follow":"follow","max-snippet":"max-snippet:-1","max-image-preview":"max-image-preview:large","max-video-preview":"max-video-preview:-1"},"canonical":"https:\/\/www.itakaescolapios.org\/es\/2023\/01\/english-peace-week-closing-in-malibe-gabon\/","og_locale":"es_ES","og_type":"article","og_title":"- Itaka-Escolapios","og_description":"[:en] Last Friday, January 27, 2023, Peace Week ended at the Calasanz school complex in Malib\u00e9 (Gabon). Throughout the week, we had sensitizations on peace in the classrooms with the [&hellip;]","og_url":"https:\/\/www.itakaescolapios.org\/es\/2023\/01\/english-peace-week-closing-in-malibe-gabon\/","og_site_name":"Itaka-Escolapios","article_published_time":"2023-01-30T08:43:33+00:00","article_modified_time":"2023-11-28T11:35:37+00:00","og_image":[{"width":1040,"height":780,"url":"https:\/\/www.itakaescolapios.org\/wp-content\/uploads\/2023\/01\/WhatsApp-Image-2023-01-27-at-3.23.59-PM.jpeg","type":"image\/jpeg"}],"author":"cameroun01","twitter_card":"summary_large_image","twitter_misc":{"Escrito por":"cameroun01","Tiempo de lectura":"1 minuto"},"schema":{"@context":"https:\/\/schema.org","@graph":[{"@type":"Article","@id":"https:\/\/www.itakaescolapios.org\/es\/2023\/01\/english-peace-week-closing-in-malibe-gabon\/#article","isPartOf":{"@id":"https:\/\/www.itakaescolapios.org\/es\/2023\/01\/english-peace-week-closing-in-malibe-gabon\/"},"author":{"name":"cameroun01","@id":"https:\/\/www.itakaescolapios.org\/es\/#\/schema\/person\/d2844383e29bfdfef69039672ce14eb1"},"headline":"Sin t\u00edtulo","datePublished":"2023-01-30T08:43:33+00:00","dateModified":"2023-11-28T11:35:37+00:00","mainEntityOfPage":{"@id":"https:\/\/www.itakaescolapios.org\/es\/2023\/01\/english-peace-week-closing-in-malibe-gabon\/"},"wordCount":227,"publisher":{"@id":"https:\/\/www.itakaescolapios.org\/es\/#organization"},"image":{"@id":"https:\/\/www.itakaescolapios.org\/es\/2023\/01\/english-peace-week-closing-in-malibe-gabon\/#primaryimage"},"thumbnailUrl":"https:\/\/www.itakaescolapios.org\/wp-content\/uploads\/2023\/01\/WhatsApp-Image-2023-01-27-at-3.23.59-PM.jpeg","articleSection":["\u00c1frica Central","Gab\u00f3n"],"inLanguage":"es"},{"@type":"WebPage","@id":"https:\/\/www.itakaescolapios.org\/es\/2023\/01\/english-peace-week-closing-in-malibe-gabon\/","url":"https:\/\/www.itakaescolapios.org\/es\/2023\/01\/english-peace-week-closing-in-malibe-gabon\/","name":"- Itaka-Escolapios","isPartOf":{"@id":"https:\/\/www.itakaescolapios.org\/es\/#website"},"primaryImageOfPage":{"@id":"https:\/\/www.itakaescolapios.org\/es\/2023\/01\/english-peace-week-closing-in-malibe-gabon\/#primaryimage"},"image":{"@id":"https:\/\/www.itakaescolapios.org\/es\/2023\/01\/english-peace-week-closing-in-malibe-gabon\/#primaryimage"},"thumbnailUrl":"https:\/\/www.itakaescolapios.org\/wp-content\/uploads\/2023\/01\/WhatsApp-Image-2023-01-27-at-3.23.59-PM.jpeg","datePublished":"2023-01-30T08:43:33+00:00","dateModified":"2023-11-28T11:35:37+00:00","inLanguage":"es","potentialAction":[{"@type":"ReadAction","target":["https:\/\/www.itakaescolapios.org\/es\/2023\/01\/english-peace-week-closing-in-malibe-gabon\/"]}]},{"@type":"ImageObject","inLanguage":"es","@id":"https:\/\/www.itakaescolapios.org\/es\/2023\/01\/english-peace-week-closing-in-malibe-gabon\/#primaryimage","url":"https:\/\/www.itakaescolapios.org\/wp-content\/uploads\/2023\/01\/WhatsApp-Image-2023-01-27-at-3.23.59-PM.jpeg","contentUrl":"https:\/\/www.itakaescolapios.org\/wp-content\/uploads\/2023\/01\/WhatsApp-Image-2023-01-27-at-3.23.59-PM.jpeg","width":1040,"height":780},{"@type":"WebSite","@id":"https:\/\/www.itakaescolapios.org\/es\/#website","url":"https:\/\/www.itakaescolapios.org\/es\/","name":"Itaka-Escolapios","description":"Red de Itaka-Escolapios","publisher":{"@id":"https:\/\/www.itakaescolapios.org\/es\/#organization"},"potentialAction":[{"@type":"SearchAction","target":{"@type":"EntryPoint","urlTemplate":"https:\/\/www.itakaescolapios.org\/es\/?s={search_term_string}"},"query-input":{"@type":"PropertyValueSpecification","valueRequired":true,"valueName":"search_term_string"}}],"inLanguage":"es"},{"@type":"Organization","@id":"https:\/\/www.itakaescolapios.org\/es\/#organization","name":"Fundaci\u00f3 Itaka-Escolapios","url":"https:\/\/www.itakaescolapios.org\/es\/","logo":{"@type":"ImageObject","inLanguage":"es","@id":"https:\/\/www.itakaescolapios.org\/es\/#\/schema\/logo\/image\/","url":"https:\/\/www.itakaescolapios.org\/wp-content\/uploads\/2024\/04\/Logo-itakaescolapios-peque.png","contentUrl":"https:\/\/www.itakaescolapios.org\/wp-content\/uploads\/2024\/04\/Logo-itakaescolapios-peque.png","width":500,"height":199,"caption":"Fundaci\u00f3 Itaka-Escolapios"},"image":{"@id":"https:\/\/www.itakaescolapios.org\/es\/#\/schema\/logo\/image\/"}},{"@type":"Person","@id":"https:\/\/www.itakaescolapios.org\/es\/#\/schema\/person\/d2844383e29bfdfef69039672ce14eb1","name":"cameroun01","url":"https:\/\/www.itakaescolapios.org\/es\/author\/cameroun01\/"}]}},"_links":{"self":[{"href":"https:\/\/www.itakaescolapios.org\/es\/wp-json\/wp\/v2\/posts\/38409","targetHints":{"allow":["GET"]}}],"collection":[{"href":"https:\/\/www.itakaescolapios.org\/es\/wp-json\/wp\/v2\/posts"}],"about":[{"href":"https:\/\/www.itakaescolapios.org\/es\/wp-json\/wp\/v2\/types\/post"}],"author":[{"embeddable":true,"href":"https:\/\/www.itakaescolapios.org\/es\/wp-json\/wp\/v2\/users\/15"}],"replies":[{"embeddable":true,"href":"https:\/\/www.itakaescolapios.org\/es\/wp-json\/wp\/v2\/comments?post=38409"}],"version-history":[{"count":2,"href":"https:\/\/www.itakaescolapios.org\/es\/wp-json\/wp\/v2\/posts\/38409\/revisions"}],"predecessor-version":[{"id":43716,"href":"https:\/\/www.itakaescolapios.org\/es\/wp-json\/wp\/v2\/posts\/38409\/revisions\/43716"}],"wp:featuredmedia":[{"embeddable":true,"href":"https:\/\/www.itakaescolapios.org\/es\/wp-json\/wp\/v2\/media\/38410"}],"wp:attachment":[{"href":"https:\/\/www.itakaescolapios.org\/es\/wp-json\/wp\/v2\/media?parent=38409"}],"wp:term":[{"taxonomy":"category","embeddable":true,"href":"https:\/\/www.itakaescolapios.org\/es\/wp-json\/wp\/v2\/categories?post=38409"},{"taxonomy":"post_tag","embeddable":true,"href":"https:\/\/www.itakaescolapios.org\/es\/wp-json\/wp\/v2\/tags?post=38409"}],"curies":[{"name":"wp","href":"https:\/\/api.w.org\/{rel}","templated":true}]}}