{"id":38523,"date":"2023-02-13T11:39:50","date_gmt":"2023-02-13T10:39:50","guid":{"rendered":"https:\/\/www.itakaescolapios.org\/?p=38523"},"modified":"2023-11-28T12:35:36","modified_gmt":"2023-11-28T11:35:36","slug":"english-youth-festival-2023-at-the-multi-purpose-bilingual-college-saint-joseph-calasanz-in-bandjoun","status":"publish","type":"post","link":"https:\/\/www.itakaescolapios.org\/es\/2023\/02\/english-youth-festival-2023-at-the-multi-purpose-bilingual-college-saint-joseph-calasanz-in-bandjoun\/","title":{"rendered":""},"content":{"rendered":"<p>[:en]<\/p>\n<p id=\"tw-target-text\" class=\"tw-data-text tw-text-large tw-ta\" dir=\"ltr\" data-placeholder=\"Traduction\"><span class=\"Y2IQFc\" lang=\"en\">On the theme \u00bb Youth: Great Opportunities and Participation in the Construction of a Peaceful, Stable and Emerging Cameroon \u00bb, was held last Saturday, February 11, 2023, the 53rd edition of the Youth Day. The Polyvalent Bilingue College Saint Joseph Calasanz of Bandjoun (West Cameroon), participated in this celebration, through the parade of students from various sectors. It was a moment of joy, celebration and above all patriotism.<\/span><\/p>\n<p dir=\"ltr\" data-placeholder=\"Traduction\"><img decoding=\"async\" class=\"size-full wp-image-38524 aligncenter\" src=\"https:\/\/www.itakaescolapios.org\/wp-content\/uploads\/2023\/02\/WhatsApp-Image-2023-02-11-at-14.13.21.jpeg\" alt=\"\" width=\"780\" height=\"1040\" srcset=\"https:\/\/www.itakaescolapios.org\/wp-content\/uploads\/2023\/02\/WhatsApp-Image-2023-02-11-at-14.13.21.jpeg 780w, https:\/\/www.itakaescolapios.org\/wp-content\/uploads\/2023\/02\/WhatsApp-Image-2023-02-11-at-14.13.21-225x300.jpeg 225w, https:\/\/www.itakaescolapios.org\/wp-content\/uploads\/2023\/02\/WhatsApp-Image-2023-02-11-at-14.13.21-768x1024.jpeg 768w, https:\/\/www.itakaescolapios.org\/wp-content\/uploads\/2023\/02\/WhatsApp-Image-2023-02-11-at-14.13.21-250x333.jpeg 250w\" sizes=\"(max-width: 780px) 100vw, 780px\" \/><\/p>\n<p>[:fr]Sur le th\u00e8me \u00bb Jeunesse : Grandes Opportunit\u00e9s et Participation \u00e0 la Construction d&#8217;un Cameroun en paix, stable et \u00e9mergent \u00bb, s\u2019est tenu samedi dernier 11 f\u00e9vrier 2023, la 53eme \u00e9dition de la f\u00eate de la jeunesse. Le Coll\u00e8ge Polyvalent Bilingue Saint Joseph Calasanz de Bandjoun (Ouest Cameroun), a particip\u00e9 \u00e0 cette c\u00e9l\u00e9bration, \u00e0 travers le d\u00e9fil\u00e9 des \u00e9l\u00e8ves de diverses fili\u00e8res. C\u2019\u00e9tait un moment de joie, de c\u00e9l\u00e9bration et surtout de patriotisme.<\/p>\n<p>&nbsp;[:]<\/p>\n","protected":false},"excerpt":{"rendered":"<p>[:en] On the theme \u00bb Youth: Great Opportunities and Participation in the Construction of a Peaceful, Stable and Emerging Cameroon \u00bb, was held last Saturday, February 11, 2023, the 53rd [&hellip;]<\/p>\n","protected":false},"author":15,"featured_media":38525,"comment_status":"closed","ping_status":"closed","sticky":false,"template":"","format":"standard","meta":{"_et_pb_use_builder":"","_et_pb_old_content":"","_et_gb_content_width":"","footnotes":""},"categories":[53,10],"tags":[],"class_list":["post-38523","post","type-post","status-publish","format-standard","has-post-thumbnail","hentry","category-africa-central","category-camerun"],"yoast_head":"<!-- This site is optimized with the Yoast SEO plugin v27.4 - https:\/\/yoast.com\/product\/yoast-seo-wordpress\/ -->\n<title>- Itaka-Escolapios<\/title>\n<meta name=\"robots\" content=\"index, follow, max-snippet:-1, max-image-preview:large, max-video-preview:-1\" \/>\n<link rel=\"canonical\" href=\"https:\/\/www.itakaescolapios.org\/es\/2023\/02\/english-youth-festival-2023-at-the-multi-purpose-bilingual-college-saint-joseph-calasanz-in-bandjoun\/\" \/>\n<meta property=\"og:locale\" content=\"es_ES\" \/>\n<meta property=\"og:type\" content=\"article\" \/>\n<meta property=\"og:title\" content=\"- Itaka-Escolapios\" \/>\n<meta property=\"og:description\" content=\"[:en] On the theme \u00bb Youth: Great Opportunities and Participation in the Construction of a Peaceful, Stable and Emerging Cameroon \u00bb, was held last Saturday, February 11, 2023, the 53rd [&hellip;]\" \/>\n<meta property=\"og:url\" content=\"https:\/\/www.itakaescolapios.org\/es\/2023\/02\/english-youth-festival-2023-at-the-multi-purpose-bilingual-college-saint-joseph-calasanz-in-bandjoun\/\" \/>\n<meta property=\"og:site_name\" content=\"Itaka-Escolapios\" \/>\n<meta property=\"article:published_time\" content=\"2023-02-13T10:39:50+00:00\" \/>\n<meta property=\"article:modified_time\" content=\"2023-11-28T11:35:36+00:00\" \/>\n<meta property=\"og:image\" content=\"https:\/\/www.itakaescolapios.org\/wp-content\/uploads\/2023\/02\/WhatsApp-Image-2023-02-11-at-14.13.20.jpeg\" \/>\n\t<meta property=\"og:image:width\" content=\"1040\" \/>\n\t<meta property=\"og:image:height\" content=\"780\" \/>\n\t<meta property=\"og:image:type\" content=\"image\/jpeg\" \/>\n<meta name=\"author\" content=\"cameroun01\" \/>\n<meta name=\"twitter:card\" content=\"summary_large_image\" \/>\n<meta name=\"twitter:label1\" content=\"Escrito por\" \/>\n\t<meta name=\"twitter:data1\" content=\"cameroun01\" \/>\n\t<meta name=\"twitter:label2\" content=\"Tiempo de lectura\" \/>\n\t<meta name=\"twitter:data2\" content=\"1 minuto\" \/>\n<script type=\"application\/ld+json\" class=\"yoast-schema-graph\">{\"@context\":\"https:\\\/\\\/schema.org\",\"@graph\":[{\"@type\":\"Article\",\"@id\":\"https:\\\/\\\/www.itakaescolapios.org\\\/es\\\/2023\\\/02\\\/english-youth-festival-2023-at-the-multi-purpose-bilingual-college-saint-joseph-calasanz-in-bandjoun\\\/#article\",\"isPartOf\":{\"@id\":\"https:\\\/\\\/www.itakaescolapios.org\\\/es\\\/2023\\\/02\\\/english-youth-festival-2023-at-the-multi-purpose-bilingual-college-saint-joseph-calasanz-in-bandjoun\\\/\"},\"author\":{\"name\":\"cameroun01\",\"@id\":\"https:\\\/\\\/www.itakaescolapios.org\\\/es\\\/#\\\/schema\\\/person\\\/d2844383e29bfdfef69039672ce14eb1\"},\"headline\":\"Sin t\u00edtulo\",\"datePublished\":\"2023-02-13T10:39:50+00:00\",\"dateModified\":\"2023-11-28T11:35:36+00:00\",\"mainEntityOfPage\":{\"@id\":\"https:\\\/\\\/www.itakaescolapios.org\\\/es\\\/2023\\\/02\\\/english-youth-festival-2023-at-the-multi-purpose-bilingual-college-saint-joseph-calasanz-in-bandjoun\\\/\"},\"wordCount\":147,\"publisher\":{\"@id\":\"https:\\\/\\\/www.itakaescolapios.org\\\/es\\\/#organization\"},\"image\":{\"@id\":\"https:\\\/\\\/www.itakaescolapios.org\\\/es\\\/2023\\\/02\\\/english-youth-festival-2023-at-the-multi-purpose-bilingual-college-saint-joseph-calasanz-in-bandjoun\\\/#primaryimage\"},\"thumbnailUrl\":\"https:\\\/\\\/www.itakaescolapios.org\\\/wp-content\\\/uploads\\\/2023\\\/02\\\/WhatsApp-Image-2023-02-11-at-14.13.20.jpeg\",\"articleSection\":[\"\u00c1frica Central\",\"Camer\u00fan\"],\"inLanguage\":\"es\"},{\"@type\":\"WebPage\",\"@id\":\"https:\\\/\\\/www.itakaescolapios.org\\\/es\\\/2023\\\/02\\\/english-youth-festival-2023-at-the-multi-purpose-bilingual-college-saint-joseph-calasanz-in-bandjoun\\\/\",\"url\":\"https:\\\/\\\/www.itakaescolapios.org\\\/es\\\/2023\\\/02\\\/english-youth-festival-2023-at-the-multi-purpose-bilingual-college-saint-joseph-calasanz-in-bandjoun\\\/\",\"name\":\"- Itaka-Escolapios\",\"isPartOf\":{\"@id\":\"https:\\\/\\\/www.itakaescolapios.org\\\/es\\\/#website\"},\"primaryImageOfPage\":{\"@id\":\"https:\\\/\\\/www.itakaescolapios.org\\\/es\\\/2023\\\/02\\\/english-youth-festival-2023-at-the-multi-purpose-bilingual-college-saint-joseph-calasanz-in-bandjoun\\\/#primaryimage\"},\"image\":{\"@id\":\"https:\\\/\\\/www.itakaescolapios.org\\\/es\\\/2023\\\/02\\\/english-youth-festival-2023-at-the-multi-purpose-bilingual-college-saint-joseph-calasanz-in-bandjoun\\\/#primaryimage\"},\"thumbnailUrl\":\"https:\\\/\\\/www.itakaescolapios.org\\\/wp-content\\\/uploads\\\/2023\\\/02\\\/WhatsApp-Image-2023-02-11-at-14.13.20.jpeg\",\"datePublished\":\"2023-02-13T10:39:50+00:00\",\"dateModified\":\"2023-11-28T11:35:36+00:00\",\"inLanguage\":\"es\",\"potentialAction\":[{\"@type\":\"ReadAction\",\"target\":[\"https:\\\/\\\/www.itakaescolapios.org\\\/es\\\/2023\\\/02\\\/english-youth-festival-2023-at-the-multi-purpose-bilingual-college-saint-joseph-calasanz-in-bandjoun\\\/\"]}]},{\"@type\":\"ImageObject\",\"inLanguage\":\"es\",\"@id\":\"https:\\\/\\\/www.itakaescolapios.org\\\/es\\\/2023\\\/02\\\/english-youth-festival-2023-at-the-multi-purpose-bilingual-college-saint-joseph-calasanz-in-bandjoun\\\/#primaryimage\",\"url\":\"https:\\\/\\\/www.itakaescolapios.org\\\/wp-content\\\/uploads\\\/2023\\\/02\\\/WhatsApp-Image-2023-02-11-at-14.13.20.jpeg\",\"contentUrl\":\"https:\\\/\\\/www.itakaescolapios.org\\\/wp-content\\\/uploads\\\/2023\\\/02\\\/WhatsApp-Image-2023-02-11-at-14.13.20.jpeg\",\"width\":1040,\"height\":780},{\"@type\":\"WebSite\",\"@id\":\"https:\\\/\\\/www.itakaescolapios.org\\\/es\\\/#website\",\"url\":\"https:\\\/\\\/www.itakaescolapios.org\\\/es\\\/\",\"name\":\"Itaka-Escolapios\",\"description\":\"Red de Itaka-Escolapios\",\"publisher\":{\"@id\":\"https:\\\/\\\/www.itakaescolapios.org\\\/es\\\/#organization\"},\"potentialAction\":[{\"@type\":\"SearchAction\",\"target\":{\"@type\":\"EntryPoint\",\"urlTemplate\":\"https:\\\/\\\/www.itakaescolapios.org\\\/es\\\/?s={search_term_string}\"},\"query-input\":{\"@type\":\"PropertyValueSpecification\",\"valueRequired\":true,\"valueName\":\"search_term_string\"}}],\"inLanguage\":\"es\"},{\"@type\":\"Organization\",\"@id\":\"https:\\\/\\\/www.itakaescolapios.org\\\/es\\\/#organization\",\"name\":\"Fundaci\u00f3 Itaka-Escolapios\",\"url\":\"https:\\\/\\\/www.itakaescolapios.org\\\/es\\\/\",\"logo\":{\"@type\":\"ImageObject\",\"inLanguage\":\"es\",\"@id\":\"https:\\\/\\\/www.itakaescolapios.org\\\/es\\\/#\\\/schema\\\/logo\\\/image\\\/\",\"url\":\"https:\\\/\\\/www.itakaescolapios.org\\\/wp-content\\\/uploads\\\/2024\\\/04\\\/Logo-itakaescolapios-peque.png\",\"contentUrl\":\"https:\\\/\\\/www.itakaescolapios.org\\\/wp-content\\\/uploads\\\/2024\\\/04\\\/Logo-itakaescolapios-peque.png\",\"width\":500,\"height\":199,\"caption\":\"Fundaci\u00f3 Itaka-Escolapios\"},\"image\":{\"@id\":\"https:\\\/\\\/www.itakaescolapios.org\\\/es\\\/#\\\/schema\\\/logo\\\/image\\\/\"}},{\"@type\":\"Person\",\"@id\":\"https:\\\/\\\/www.itakaescolapios.org\\\/es\\\/#\\\/schema\\\/person\\\/d2844383e29bfdfef69039672ce14eb1\",\"name\":\"cameroun01\",\"url\":\"https:\\\/\\\/www.itakaescolapios.org\\\/es\\\/author\\\/cameroun01\\\/\"}]}<\/script>\n<!-- \/ Yoast SEO plugin. -->","yoast_head_json":{"title":"- Itaka-Escolapios","robots":{"index":"index","follow":"follow","max-snippet":"max-snippet:-1","max-image-preview":"max-image-preview:large","max-video-preview":"max-video-preview:-1"},"canonical":"https:\/\/www.itakaescolapios.org\/es\/2023\/02\/english-youth-festival-2023-at-the-multi-purpose-bilingual-college-saint-joseph-calasanz-in-bandjoun\/","og_locale":"es_ES","og_type":"article","og_title":"- Itaka-Escolapios","og_description":"[:en] On the theme \u00bb Youth: Great Opportunities and Participation in the Construction of a Peaceful, Stable and Emerging Cameroon \u00bb, was held last Saturday, February 11, 2023, the 53rd [&hellip;]","og_url":"https:\/\/www.itakaescolapios.org\/es\/2023\/02\/english-youth-festival-2023-at-the-multi-purpose-bilingual-college-saint-joseph-calasanz-in-bandjoun\/","og_site_name":"Itaka-Escolapios","article_published_time":"2023-02-13T10:39:50+00:00","article_modified_time":"2023-11-28T11:35:36+00:00","og_image":[{"width":1040,"height":780,"url":"https:\/\/www.itakaescolapios.org\/wp-content\/uploads\/2023\/02\/WhatsApp-Image-2023-02-11-at-14.13.20.jpeg","type":"image\/jpeg"}],"author":"cameroun01","twitter_card":"summary_large_image","twitter_misc":{"Escrito por":"cameroun01","Tiempo de lectura":"1 minuto"},"schema":{"@context":"https:\/\/schema.org","@graph":[{"@type":"Article","@id":"https:\/\/www.itakaescolapios.org\/es\/2023\/02\/english-youth-festival-2023-at-the-multi-purpose-bilingual-college-saint-joseph-calasanz-in-bandjoun\/#article","isPartOf":{"@id":"https:\/\/www.itakaescolapios.org\/es\/2023\/02\/english-youth-festival-2023-at-the-multi-purpose-bilingual-college-saint-joseph-calasanz-in-bandjoun\/"},"author":{"name":"cameroun01","@id":"https:\/\/www.itakaescolapios.org\/es\/#\/schema\/person\/d2844383e29bfdfef69039672ce14eb1"},"headline":"Sin t\u00edtulo","datePublished":"2023-02-13T10:39:50+00:00","dateModified":"2023-11-28T11:35:36+00:00","mainEntityOfPage":{"@id":"https:\/\/www.itakaescolapios.org\/es\/2023\/02\/english-youth-festival-2023-at-the-multi-purpose-bilingual-college-saint-joseph-calasanz-in-bandjoun\/"},"wordCount":147,"publisher":{"@id":"https:\/\/www.itakaescolapios.org\/es\/#organization"},"image":{"@id":"https:\/\/www.itakaescolapios.org\/es\/2023\/02\/english-youth-festival-2023-at-the-multi-purpose-bilingual-college-saint-joseph-calasanz-in-bandjoun\/#primaryimage"},"thumbnailUrl":"https:\/\/www.itakaescolapios.org\/wp-content\/uploads\/2023\/02\/WhatsApp-Image-2023-02-11-at-14.13.20.jpeg","articleSection":["\u00c1frica Central","Camer\u00fan"],"inLanguage":"es"},{"@type":"WebPage","@id":"https:\/\/www.itakaescolapios.org\/es\/2023\/02\/english-youth-festival-2023-at-the-multi-purpose-bilingual-college-saint-joseph-calasanz-in-bandjoun\/","url":"https:\/\/www.itakaescolapios.org\/es\/2023\/02\/english-youth-festival-2023-at-the-multi-purpose-bilingual-college-saint-joseph-calasanz-in-bandjoun\/","name":"- Itaka-Escolapios","isPartOf":{"@id":"https:\/\/www.itakaescolapios.org\/es\/#website"},"primaryImageOfPage":{"@id":"https:\/\/www.itakaescolapios.org\/es\/2023\/02\/english-youth-festival-2023-at-the-multi-purpose-bilingual-college-saint-joseph-calasanz-in-bandjoun\/#primaryimage"},"image":{"@id":"https:\/\/www.itakaescolapios.org\/es\/2023\/02\/english-youth-festival-2023-at-the-multi-purpose-bilingual-college-saint-joseph-calasanz-in-bandjoun\/#primaryimage"},"thumbnailUrl":"https:\/\/www.itakaescolapios.org\/wp-content\/uploads\/2023\/02\/WhatsApp-Image-2023-02-11-at-14.13.20.jpeg","datePublished":"2023-02-13T10:39:50+00:00","dateModified":"2023-11-28T11:35:36+00:00","inLanguage":"es","potentialAction":[{"@type":"ReadAction","target":["https:\/\/www.itakaescolapios.org\/es\/2023\/02\/english-youth-festival-2023-at-the-multi-purpose-bilingual-college-saint-joseph-calasanz-in-bandjoun\/"]}]},{"@type":"ImageObject","inLanguage":"es","@id":"https:\/\/www.itakaescolapios.org\/es\/2023\/02\/english-youth-festival-2023-at-the-multi-purpose-bilingual-college-saint-joseph-calasanz-in-bandjoun\/#primaryimage","url":"https:\/\/www.itakaescolapios.org\/wp-content\/uploads\/2023\/02\/WhatsApp-Image-2023-02-11-at-14.13.20.jpeg","contentUrl":"https:\/\/www.itakaescolapios.org\/wp-content\/uploads\/2023\/02\/WhatsApp-Image-2023-02-11-at-14.13.20.jpeg","width":1040,"height":780},{"@type":"WebSite","@id":"https:\/\/www.itakaescolapios.org\/es\/#website","url":"https:\/\/www.itakaescolapios.org\/es\/","name":"Itaka-Escolapios","description":"Red de Itaka-Escolapios","publisher":{"@id":"https:\/\/www.itakaescolapios.org\/es\/#organization"},"potentialAction":[{"@type":"SearchAction","target":{"@type":"EntryPoint","urlTemplate":"https:\/\/www.itakaescolapios.org\/es\/?s={search_term_string}"},"query-input":{"@type":"PropertyValueSpecification","valueRequired":true,"valueName":"search_term_string"}}],"inLanguage":"es"},{"@type":"Organization","@id":"https:\/\/www.itakaescolapios.org\/es\/#organization","name":"Fundaci\u00f3 Itaka-Escolapios","url":"https:\/\/www.itakaescolapios.org\/es\/","logo":{"@type":"ImageObject","inLanguage":"es","@id":"https:\/\/www.itakaescolapios.org\/es\/#\/schema\/logo\/image\/","url":"https:\/\/www.itakaescolapios.org\/wp-content\/uploads\/2024\/04\/Logo-itakaescolapios-peque.png","contentUrl":"https:\/\/www.itakaescolapios.org\/wp-content\/uploads\/2024\/04\/Logo-itakaescolapios-peque.png","width":500,"height":199,"caption":"Fundaci\u00f3 Itaka-Escolapios"},"image":{"@id":"https:\/\/www.itakaescolapios.org\/es\/#\/schema\/logo\/image\/"}},{"@type":"Person","@id":"https:\/\/www.itakaescolapios.org\/es\/#\/schema\/person\/d2844383e29bfdfef69039672ce14eb1","name":"cameroun01","url":"https:\/\/www.itakaescolapios.org\/es\/author\/cameroun01\/"}]}},"_links":{"self":[{"href":"https:\/\/www.itakaescolapios.org\/es\/wp-json\/wp\/v2\/posts\/38523","targetHints":{"allow":["GET"]}}],"collection":[{"href":"https:\/\/www.itakaescolapios.org\/es\/wp-json\/wp\/v2\/posts"}],"about":[{"href":"https:\/\/www.itakaescolapios.org\/es\/wp-json\/wp\/v2\/types\/post"}],"author":[{"embeddable":true,"href":"https:\/\/www.itakaescolapios.org\/es\/wp-json\/wp\/v2\/users\/15"}],"replies":[{"embeddable":true,"href":"https:\/\/www.itakaescolapios.org\/es\/wp-json\/wp\/v2\/comments?post=38523"}],"version-history":[{"count":2,"href":"https:\/\/www.itakaescolapios.org\/es\/wp-json\/wp\/v2\/posts\/38523\/revisions"}],"predecessor-version":[{"id":43702,"href":"https:\/\/www.itakaescolapios.org\/es\/wp-json\/wp\/v2\/posts\/38523\/revisions\/43702"}],"wp:featuredmedia":[{"embeddable":true,"href":"https:\/\/www.itakaescolapios.org\/es\/wp-json\/wp\/v2\/media\/38525"}],"wp:attachment":[{"href":"https:\/\/www.itakaescolapios.org\/es\/wp-json\/wp\/v2\/media?parent=38523"}],"wp:term":[{"taxonomy":"category","embeddable":true,"href":"https:\/\/www.itakaescolapios.org\/es\/wp-json\/wp\/v2\/categories?post=38523"},{"taxonomy":"post_tag","embeddable":true,"href":"https:\/\/www.itakaescolapios.org\/es\/wp-json\/wp\/v2\/tags?post=38523"}],"curies":[{"name":"wp","href":"https:\/\/api.w.org\/{rel}","templated":true}]}}