{"id":40589,"date":"2023-02-23T09:01:22","date_gmt":"2023-02-23T08:01:22","guid":{"rendered":"https:\/\/www.itakaescolapios.org\/?p=40589"},"modified":"2023-11-28T12:35:36","modified_gmt":"2023-11-28T11:35:36","slug":"english-ash-wednesday-mass-at-the-calasanz-school-complex-in-malibe-and-at-the-calasanz-catholic-institute-in-libreville","status":"publish","type":"post","link":"https:\/\/www.itakaescolapios.org\/es\/2023\/02\/english-ash-wednesday-mass-at-the-calasanz-school-complex-in-malibe-and-at-the-calasanz-catholic-institute-in-libreville\/","title":{"rendered":""},"content":{"rendered":"<p>[:en]<\/p>\n<p id=\"tw-target-text\" class=\"tw-data-text tw-text-large tw-ta\" dir=\"ltr\" data-placeholder=\"Traduction\"><span class=\"Y2IQFc\" lang=\"en\">\u00a0Yesterday Wednesday, February 22, 2023, took place at the Calasanz School Complex in Malibe (Gabon) AND at the Catholic Institute Calasanz in Libreville, the ash mass for the students. Father Andr\u00e9 Serge Fouda, during the Eucharistic celebration, asked students, teaching staff and parents to enter this time of Lent by observing the 4 Ps: prayer, penance, sharing and patience&#8230; Father Bob Stevy, main officiant, recalled the origin of Ash Wednesday (Joshua 7) and how to observe it for middle and high school students, staff and parents of students. The mass ended with the imposition of ashes on the forehead&#8230;<\/span><\/p>\n<p><img decoding=\"async\" class=\"size-full wp-image-3733 aligncenter\" src=\"https:\/\/piaristesafriquecentrale.org\/wp-content\/uploads\/2023\/02\/WhatsApp-Image-2023-02-22-at-20.42.01.jpeg\" alt=\"\" width=\"992\" height=\"744\" \/><\/p>\n<p><img decoding=\"async\" class=\"size-full wp-image-3734 aligncenter\" src=\"https:\/\/piaristesafriquecentrale.org\/wp-content\/uploads\/2023\/02\/WhatsApp-Image-2023-02-22-at-20.41.58.jpeg\" alt=\"\" width=\"992\" height=\"744\" \/><\/p>\n<p><img decoding=\"async\" class=\"size-full wp-image-3735 aligncenter\" src=\"https:\/\/piaristesafriquecentrale.org\/wp-content\/uploads\/2023\/02\/WhatsApp-Image-2023-02-22-at-20.41.56.jpeg\" alt=\"\" width=\"992\" height=\"744\" \/>[:fr]Hier mercredi 22 f\u00e9vrier 2023, a eu lieu au Complexe Scolaire Calasanz de Malibe (Gabon) ET \u00e0 l\u2019Institut Catholique Calasanz de Libreville, la messe des cendres pour les \u00e9l\u00e8ves. Le p\u00e8re Andr\u00e9 Serge Fouda a durant la c\u00e9l\u00e9bration eucharistique, demand\u00e9 aux \u00e9l\u00e8ves, personnels enseignants et aux parents d&#8217;entrer dans ce temps de car\u00eame en observant les 4P: pri\u00e8re, p\u00e9nitence partage et patience&#8230; Le P\u00e8re Bob Stevy officiant principal a rappel\u00e9 l&#8217;origine du mercredi de cendre (Josu\u00e9 7) et comment l&#8217;observer aux coll\u00e9giens, lyc\u00e9ens, personnels et parents d&#8217;\u00e9l\u00e8ves. La messe s&#8217;est cl\u00f4tur\u00e9e par l&#8217;imposition des cendres sur le front&#8230;<\/p>\n<p><img decoding=\"async\" class=\"size-full wp-image-3733 aligncenter\" src=\"https:\/\/piaristesafriquecentrale.org\/wp-content\/uploads\/2023\/02\/WhatsApp-Image-2023-02-22-at-20.42.01.jpeg\" alt=\"\" width=\"992\" height=\"744\" \/><\/p>\n<p><img decoding=\"async\" class=\"size-full wp-image-3734 aligncenter\" src=\"https:\/\/piaristesafriquecentrale.org\/wp-content\/uploads\/2023\/02\/WhatsApp-Image-2023-02-22-at-20.41.58.jpeg\" alt=\"\" width=\"992\" height=\"744\" \/><\/p>\n<p><img decoding=\"async\" class=\"size-full wp-image-3735 aligncenter\" src=\"https:\/\/piaristesafriquecentrale.org\/wp-content\/uploads\/2023\/02\/WhatsApp-Image-2023-02-22-at-20.41.56.jpeg\" alt=\"\" width=\"992\" height=\"744\" \/>[:]<\/p>\n","protected":false},"excerpt":{"rendered":"<p>[:en] \u00a0Yesterday Wednesday, February 22, 2023, took place at the Calasanz School Complex in Malibe (Gabon) AND at the Catholic Institute Calasanz in Libreville, the ash mass for the students. [&hellip;]<\/p>\n","protected":false},"author":15,"featured_media":40590,"comment_status":"closed","ping_status":"closed","sticky":false,"template":"","format":"standard","meta":{"_et_pb_use_builder":"","_et_pb_old_content":"","_et_gb_content_width":"","footnotes":""},"categories":[53,285],"tags":[],"class_list":["post-40589","post","type-post","status-publish","format-standard","has-post-thumbnail","hentry","category-africa-central","category-gabon"],"yoast_head":"<!-- This site is optimized with the Yoast SEO plugin v27.4 - https:\/\/yoast.com\/product\/yoast-seo-wordpress\/ -->\n<title>- Itaka-Escolapios<\/title>\n<meta name=\"robots\" content=\"index, follow, max-snippet:-1, max-image-preview:large, max-video-preview:-1\" \/>\n<link rel=\"canonical\" href=\"https:\/\/www.itakaescolapios.org\/es\/2023\/02\/english-ash-wednesday-mass-at-the-calasanz-school-complex-in-malibe-and-at-the-calasanz-catholic-institute-in-libreville\/\" \/>\n<meta property=\"og:locale\" content=\"es_ES\" \/>\n<meta property=\"og:type\" content=\"article\" \/>\n<meta property=\"og:title\" content=\"- Itaka-Escolapios\" \/>\n<meta property=\"og:description\" content=\"[:en] \u00a0Yesterday Wednesday, February 22, 2023, took place at the Calasanz School Complex in Malibe (Gabon) AND at the Catholic Institute Calasanz in Libreville, the ash mass for the students. [&hellip;]\" \/>\n<meta property=\"og:url\" content=\"https:\/\/www.itakaescolapios.org\/es\/2023\/02\/english-ash-wednesday-mass-at-the-calasanz-school-complex-in-malibe-and-at-the-calasanz-catholic-institute-in-libreville\/\" \/>\n<meta property=\"og:site_name\" content=\"Itaka-Escolapios\" \/>\n<meta property=\"article:published_time\" content=\"2023-02-23T08:01:22+00:00\" \/>\n<meta property=\"article:modified_time\" content=\"2023-11-28T11:35:36+00:00\" \/>\n<meta property=\"og:image\" content=\"https:\/\/www.itakaescolapios.org\/wp-content\/uploads\/2023\/02\/WhatsApp-Image-2023-02-22-at-20.42.05.jpeg\" \/>\n\t<meta property=\"og:image:width\" content=\"1280\" \/>\n\t<meta property=\"og:image:height\" content=\"720\" \/>\n\t<meta property=\"og:image:type\" content=\"image\/jpeg\" \/>\n<meta name=\"author\" content=\"cameroun01\" \/>\n<meta name=\"twitter:card\" content=\"summary_large_image\" \/>\n<meta name=\"twitter:label1\" content=\"Escrito por\" \/>\n\t<meta name=\"twitter:data1\" content=\"cameroun01\" \/>\n\t<meta name=\"twitter:label2\" content=\"Tiempo de lectura\" \/>\n\t<meta name=\"twitter:data2\" content=\"1 minuto\" \/>\n<script type=\"application\/ld+json\" class=\"yoast-schema-graph\">{\"@context\":\"https:\\\/\\\/schema.org\",\"@graph\":[{\"@type\":\"Article\",\"@id\":\"https:\\\/\\\/www.itakaescolapios.org\\\/es\\\/2023\\\/02\\\/english-ash-wednesday-mass-at-the-calasanz-school-complex-in-malibe-and-at-the-calasanz-catholic-institute-in-libreville\\\/#article\",\"isPartOf\":{\"@id\":\"https:\\\/\\\/www.itakaescolapios.org\\\/es\\\/2023\\\/02\\\/english-ash-wednesday-mass-at-the-calasanz-school-complex-in-malibe-and-at-the-calasanz-catholic-institute-in-libreville\\\/\"},\"author\":{\"name\":\"cameroun01\",\"@id\":\"https:\\\/\\\/www.itakaescolapios.org\\\/es\\\/#\\\/schema\\\/person\\\/d2844383e29bfdfef69039672ce14eb1\"},\"headline\":\"Sin t\u00edtulo\",\"datePublished\":\"2023-02-23T08:01:22+00:00\",\"dateModified\":\"2023-11-28T11:35:36+00:00\",\"mainEntityOfPage\":{\"@id\":\"https:\\\/\\\/www.itakaescolapios.org\\\/es\\\/2023\\\/02\\\/english-ash-wednesday-mass-at-the-calasanz-school-complex-in-malibe-and-at-the-calasanz-catholic-institute-in-libreville\\\/\"},\"wordCount\":213,\"publisher\":{\"@id\":\"https:\\\/\\\/www.itakaescolapios.org\\\/es\\\/#organization\"},\"image\":{\"@id\":\"https:\\\/\\\/www.itakaescolapios.org\\\/es\\\/2023\\\/02\\\/english-ash-wednesday-mass-at-the-calasanz-school-complex-in-malibe-and-at-the-calasanz-catholic-institute-in-libreville\\\/#primaryimage\"},\"thumbnailUrl\":\"https:\\\/\\\/www.itakaescolapios.org\\\/wp-content\\\/uploads\\\/2023\\\/02\\\/WhatsApp-Image-2023-02-22-at-20.42.05.jpeg\",\"articleSection\":[\"\u00c1frica Central\",\"Gab\u00f3n\"],\"inLanguage\":\"es\"},{\"@type\":\"WebPage\",\"@id\":\"https:\\\/\\\/www.itakaescolapios.org\\\/es\\\/2023\\\/02\\\/english-ash-wednesday-mass-at-the-calasanz-school-complex-in-malibe-and-at-the-calasanz-catholic-institute-in-libreville\\\/\",\"url\":\"https:\\\/\\\/www.itakaescolapios.org\\\/es\\\/2023\\\/02\\\/english-ash-wednesday-mass-at-the-calasanz-school-complex-in-malibe-and-at-the-calasanz-catholic-institute-in-libreville\\\/\",\"name\":\"- Itaka-Escolapios\",\"isPartOf\":{\"@id\":\"https:\\\/\\\/www.itakaescolapios.org\\\/es\\\/#website\"},\"primaryImageOfPage\":{\"@id\":\"https:\\\/\\\/www.itakaescolapios.org\\\/es\\\/2023\\\/02\\\/english-ash-wednesday-mass-at-the-calasanz-school-complex-in-malibe-and-at-the-calasanz-catholic-institute-in-libreville\\\/#primaryimage\"},\"image\":{\"@id\":\"https:\\\/\\\/www.itakaescolapios.org\\\/es\\\/2023\\\/02\\\/english-ash-wednesday-mass-at-the-calasanz-school-complex-in-malibe-and-at-the-calasanz-catholic-institute-in-libreville\\\/#primaryimage\"},\"thumbnailUrl\":\"https:\\\/\\\/www.itakaescolapios.org\\\/wp-content\\\/uploads\\\/2023\\\/02\\\/WhatsApp-Image-2023-02-22-at-20.42.05.jpeg\",\"datePublished\":\"2023-02-23T08:01:22+00:00\",\"dateModified\":\"2023-11-28T11:35:36+00:00\",\"inLanguage\":\"es\",\"potentialAction\":[{\"@type\":\"ReadAction\",\"target\":[\"https:\\\/\\\/www.itakaescolapios.org\\\/es\\\/2023\\\/02\\\/english-ash-wednesday-mass-at-the-calasanz-school-complex-in-malibe-and-at-the-calasanz-catholic-institute-in-libreville\\\/\"]}]},{\"@type\":\"ImageObject\",\"inLanguage\":\"es\",\"@id\":\"https:\\\/\\\/www.itakaescolapios.org\\\/es\\\/2023\\\/02\\\/english-ash-wednesday-mass-at-the-calasanz-school-complex-in-malibe-and-at-the-calasanz-catholic-institute-in-libreville\\\/#primaryimage\",\"url\":\"https:\\\/\\\/www.itakaescolapios.org\\\/wp-content\\\/uploads\\\/2023\\\/02\\\/WhatsApp-Image-2023-02-22-at-20.42.05.jpeg\",\"contentUrl\":\"https:\\\/\\\/www.itakaescolapios.org\\\/wp-content\\\/uploads\\\/2023\\\/02\\\/WhatsApp-Image-2023-02-22-at-20.42.05.jpeg\",\"width\":1280,\"height\":720},{\"@type\":\"WebSite\",\"@id\":\"https:\\\/\\\/www.itakaescolapios.org\\\/es\\\/#website\",\"url\":\"https:\\\/\\\/www.itakaescolapios.org\\\/es\\\/\",\"name\":\"Itaka-Escolapios\",\"description\":\"Red de Itaka-Escolapios\",\"publisher\":{\"@id\":\"https:\\\/\\\/www.itakaescolapios.org\\\/es\\\/#organization\"},\"potentialAction\":[{\"@type\":\"SearchAction\",\"target\":{\"@type\":\"EntryPoint\",\"urlTemplate\":\"https:\\\/\\\/www.itakaescolapios.org\\\/es\\\/?s={search_term_string}\"},\"query-input\":{\"@type\":\"PropertyValueSpecification\",\"valueRequired\":true,\"valueName\":\"search_term_string\"}}],\"inLanguage\":\"es\"},{\"@type\":\"Organization\",\"@id\":\"https:\\\/\\\/www.itakaescolapios.org\\\/es\\\/#organization\",\"name\":\"Fundaci\u00f3 Itaka-Escolapios\",\"url\":\"https:\\\/\\\/www.itakaescolapios.org\\\/es\\\/\",\"logo\":{\"@type\":\"ImageObject\",\"inLanguage\":\"es\",\"@id\":\"https:\\\/\\\/www.itakaescolapios.org\\\/es\\\/#\\\/schema\\\/logo\\\/image\\\/\",\"url\":\"https:\\\/\\\/www.itakaescolapios.org\\\/wp-content\\\/uploads\\\/2024\\\/04\\\/Logo-itakaescolapios-peque.png\",\"contentUrl\":\"https:\\\/\\\/www.itakaescolapios.org\\\/wp-content\\\/uploads\\\/2024\\\/04\\\/Logo-itakaescolapios-peque.png\",\"width\":500,\"height\":199,\"caption\":\"Fundaci\u00f3 Itaka-Escolapios\"},\"image\":{\"@id\":\"https:\\\/\\\/www.itakaescolapios.org\\\/es\\\/#\\\/schema\\\/logo\\\/image\\\/\"}},{\"@type\":\"Person\",\"@id\":\"https:\\\/\\\/www.itakaescolapios.org\\\/es\\\/#\\\/schema\\\/person\\\/d2844383e29bfdfef69039672ce14eb1\",\"name\":\"cameroun01\",\"url\":\"https:\\\/\\\/www.itakaescolapios.org\\\/es\\\/author\\\/cameroun01\\\/\"}]}<\/script>\n<!-- \/ Yoast SEO plugin. -->","yoast_head_json":{"title":"- Itaka-Escolapios","robots":{"index":"index","follow":"follow","max-snippet":"max-snippet:-1","max-image-preview":"max-image-preview:large","max-video-preview":"max-video-preview:-1"},"canonical":"https:\/\/www.itakaescolapios.org\/es\/2023\/02\/english-ash-wednesday-mass-at-the-calasanz-school-complex-in-malibe-and-at-the-calasanz-catholic-institute-in-libreville\/","og_locale":"es_ES","og_type":"article","og_title":"- Itaka-Escolapios","og_description":"[:en] \u00a0Yesterday Wednesday, February 22, 2023, took place at the Calasanz School Complex in Malibe (Gabon) AND at the Catholic Institute Calasanz in Libreville, the ash mass for the students. [&hellip;]","og_url":"https:\/\/www.itakaescolapios.org\/es\/2023\/02\/english-ash-wednesday-mass-at-the-calasanz-school-complex-in-malibe-and-at-the-calasanz-catholic-institute-in-libreville\/","og_site_name":"Itaka-Escolapios","article_published_time":"2023-02-23T08:01:22+00:00","article_modified_time":"2023-11-28T11:35:36+00:00","og_image":[{"width":1280,"height":720,"url":"https:\/\/www.itakaescolapios.org\/wp-content\/uploads\/2023\/02\/WhatsApp-Image-2023-02-22-at-20.42.05.jpeg","type":"image\/jpeg"}],"author":"cameroun01","twitter_card":"summary_large_image","twitter_misc":{"Escrito por":"cameroun01","Tiempo de lectura":"1 minuto"},"schema":{"@context":"https:\/\/schema.org","@graph":[{"@type":"Article","@id":"https:\/\/www.itakaescolapios.org\/es\/2023\/02\/english-ash-wednesday-mass-at-the-calasanz-school-complex-in-malibe-and-at-the-calasanz-catholic-institute-in-libreville\/#article","isPartOf":{"@id":"https:\/\/www.itakaescolapios.org\/es\/2023\/02\/english-ash-wednesday-mass-at-the-calasanz-school-complex-in-malibe-and-at-the-calasanz-catholic-institute-in-libreville\/"},"author":{"name":"cameroun01","@id":"https:\/\/www.itakaescolapios.org\/es\/#\/schema\/person\/d2844383e29bfdfef69039672ce14eb1"},"headline":"Sin t\u00edtulo","datePublished":"2023-02-23T08:01:22+00:00","dateModified":"2023-11-28T11:35:36+00:00","mainEntityOfPage":{"@id":"https:\/\/www.itakaescolapios.org\/es\/2023\/02\/english-ash-wednesday-mass-at-the-calasanz-school-complex-in-malibe-and-at-the-calasanz-catholic-institute-in-libreville\/"},"wordCount":213,"publisher":{"@id":"https:\/\/www.itakaescolapios.org\/es\/#organization"},"image":{"@id":"https:\/\/www.itakaescolapios.org\/es\/2023\/02\/english-ash-wednesday-mass-at-the-calasanz-school-complex-in-malibe-and-at-the-calasanz-catholic-institute-in-libreville\/#primaryimage"},"thumbnailUrl":"https:\/\/www.itakaescolapios.org\/wp-content\/uploads\/2023\/02\/WhatsApp-Image-2023-02-22-at-20.42.05.jpeg","articleSection":["\u00c1frica Central","Gab\u00f3n"],"inLanguage":"es"},{"@type":"WebPage","@id":"https:\/\/www.itakaescolapios.org\/es\/2023\/02\/english-ash-wednesday-mass-at-the-calasanz-school-complex-in-malibe-and-at-the-calasanz-catholic-institute-in-libreville\/","url":"https:\/\/www.itakaescolapios.org\/es\/2023\/02\/english-ash-wednesday-mass-at-the-calasanz-school-complex-in-malibe-and-at-the-calasanz-catholic-institute-in-libreville\/","name":"- Itaka-Escolapios","isPartOf":{"@id":"https:\/\/www.itakaescolapios.org\/es\/#website"},"primaryImageOfPage":{"@id":"https:\/\/www.itakaescolapios.org\/es\/2023\/02\/english-ash-wednesday-mass-at-the-calasanz-school-complex-in-malibe-and-at-the-calasanz-catholic-institute-in-libreville\/#primaryimage"},"image":{"@id":"https:\/\/www.itakaescolapios.org\/es\/2023\/02\/english-ash-wednesday-mass-at-the-calasanz-school-complex-in-malibe-and-at-the-calasanz-catholic-institute-in-libreville\/#primaryimage"},"thumbnailUrl":"https:\/\/www.itakaescolapios.org\/wp-content\/uploads\/2023\/02\/WhatsApp-Image-2023-02-22-at-20.42.05.jpeg","datePublished":"2023-02-23T08:01:22+00:00","dateModified":"2023-11-28T11:35:36+00:00","inLanguage":"es","potentialAction":[{"@type":"ReadAction","target":["https:\/\/www.itakaescolapios.org\/es\/2023\/02\/english-ash-wednesday-mass-at-the-calasanz-school-complex-in-malibe-and-at-the-calasanz-catholic-institute-in-libreville\/"]}]},{"@type":"ImageObject","inLanguage":"es","@id":"https:\/\/www.itakaescolapios.org\/es\/2023\/02\/english-ash-wednesday-mass-at-the-calasanz-school-complex-in-malibe-and-at-the-calasanz-catholic-institute-in-libreville\/#primaryimage","url":"https:\/\/www.itakaescolapios.org\/wp-content\/uploads\/2023\/02\/WhatsApp-Image-2023-02-22-at-20.42.05.jpeg","contentUrl":"https:\/\/www.itakaescolapios.org\/wp-content\/uploads\/2023\/02\/WhatsApp-Image-2023-02-22-at-20.42.05.jpeg","width":1280,"height":720},{"@type":"WebSite","@id":"https:\/\/www.itakaescolapios.org\/es\/#website","url":"https:\/\/www.itakaescolapios.org\/es\/","name":"Itaka-Escolapios","description":"Red de Itaka-Escolapios","publisher":{"@id":"https:\/\/www.itakaescolapios.org\/es\/#organization"},"potentialAction":[{"@type":"SearchAction","target":{"@type":"EntryPoint","urlTemplate":"https:\/\/www.itakaescolapios.org\/es\/?s={search_term_string}"},"query-input":{"@type":"PropertyValueSpecification","valueRequired":true,"valueName":"search_term_string"}}],"inLanguage":"es"},{"@type":"Organization","@id":"https:\/\/www.itakaescolapios.org\/es\/#organization","name":"Fundaci\u00f3 Itaka-Escolapios","url":"https:\/\/www.itakaescolapios.org\/es\/","logo":{"@type":"ImageObject","inLanguage":"es","@id":"https:\/\/www.itakaescolapios.org\/es\/#\/schema\/logo\/image\/","url":"https:\/\/www.itakaescolapios.org\/wp-content\/uploads\/2024\/04\/Logo-itakaescolapios-peque.png","contentUrl":"https:\/\/www.itakaescolapios.org\/wp-content\/uploads\/2024\/04\/Logo-itakaescolapios-peque.png","width":500,"height":199,"caption":"Fundaci\u00f3 Itaka-Escolapios"},"image":{"@id":"https:\/\/www.itakaescolapios.org\/es\/#\/schema\/logo\/image\/"}},{"@type":"Person","@id":"https:\/\/www.itakaescolapios.org\/es\/#\/schema\/person\/d2844383e29bfdfef69039672ce14eb1","name":"cameroun01","url":"https:\/\/www.itakaescolapios.org\/es\/author\/cameroun01\/"}]}},"_links":{"self":[{"href":"https:\/\/www.itakaescolapios.org\/es\/wp-json\/wp\/v2\/posts\/40589","targetHints":{"allow":["GET"]}}],"collection":[{"href":"https:\/\/www.itakaescolapios.org\/es\/wp-json\/wp\/v2\/posts"}],"about":[{"href":"https:\/\/www.itakaescolapios.org\/es\/wp-json\/wp\/v2\/types\/post"}],"author":[{"embeddable":true,"href":"https:\/\/www.itakaescolapios.org\/es\/wp-json\/wp\/v2\/users\/15"}],"replies":[{"embeddable":true,"href":"https:\/\/www.itakaescolapios.org\/es\/wp-json\/wp\/v2\/comments?post=40589"}],"version-history":[{"count":2,"href":"https:\/\/www.itakaescolapios.org\/es\/wp-json\/wp\/v2\/posts\/40589\/revisions"}],"predecessor-version":[{"id":43689,"href":"https:\/\/www.itakaescolapios.org\/es\/wp-json\/wp\/v2\/posts\/40589\/revisions\/43689"}],"wp:featuredmedia":[{"embeddable":true,"href":"https:\/\/www.itakaescolapios.org\/es\/wp-json\/wp\/v2\/media\/40590"}],"wp:attachment":[{"href":"https:\/\/www.itakaescolapios.org\/es\/wp-json\/wp\/v2\/media?parent=40589"}],"wp:term":[{"taxonomy":"category","embeddable":true,"href":"https:\/\/www.itakaescolapios.org\/es\/wp-json\/wp\/v2\/categories?post=40589"},{"taxonomy":"post_tag","embeddable":true,"href":"https:\/\/www.itakaescolapios.org\/es\/wp-json\/wp\/v2\/tags?post=40589"}],"curies":[{"name":"wp","href":"https:\/\/api.w.org\/{rel}","templated":true}]}}