{"id":5108,"date":"2012-12-19T10:50:12","date_gmt":"2012-12-19T09:50:12","guid":{"rendered":"https:\/\/www.itakaescolapios.org\/?p=5108"},"modified":"2023-11-28T12:39:31","modified_gmt":"2023-11-28T11:39:31","slug":"formacion-de-directivos-de-obras-escolapias-de-camerun","status":"publish","type":"post","link":"https:\/\/www.itakaescolapios.org\/es\/2012\/12\/formacion-de-directivos-de-obras-escolapias-de-camerun\/","title":{"rendered":"Formaci\u00f3n de directivos de obras escolapias de Camer\u00fan."},"content":{"rendered":"<p style=\"text-align: justify\"><strong><span style=\"color: #3366ff\">Este lunes, 17 de diciembre tuvo lugar la primera sesi\u00f3n de formaci\u00f3n del curso 2012-13.<\/span><\/strong><\/p>\n<p style=\"text-align: justify\">Se juntaron en la comunidad de Menteh, 15 personas asumiendo responsabilidades en los \u00e1mbitos de direcci\u00f3n, administraci\u00f3n y gesti\u00f3n econ\u00f3mica para este cursillo interno. Con Georges Bissiongol (t\u00e9cnico de la sede) como animador, se dedic\u00f3 todo el d\u00eda a abordar los temas de recogida, an\u00e1lisis y comunicaci\u00f3n de datos pedag\u00f3gicos, t\u00e9cnicos y econ\u00f3micos de las obras. Se dieron tambi\u00e9n aclaraciones con vista a la mejora de la calidad de la gesti\u00f3n de los distintos centros.<\/p>\n<p style=\"text-align: justify\">En la foto de familia, los participantes con el calendario 2013 de Itaka-Escolapios Camer\u00fan.<\/p>\n<p style=\"text-align: center\"><strong><span style=\"color: #808000\">\u00abEscolapios, 25 a\u00f1os ya\u2026\u2026 multiplicando vida en Camer\u00fan\u201d<\/span><\/strong><\/p>\n","protected":false},"excerpt":{"rendered":"<p>Este lunes, 17 de diciembre tuvo lugar la primera sesi\u00f3n de formaci\u00f3n del curso 2012-13. Se juntaron en la comunidad de Menteh, 15 personas asumiendo responsabilidades en los \u00e1mbitos de [&hellip;]<\/p>\n","protected":false},"author":16,"featured_media":5109,"comment_status":"closed","ping_status":"closed","sticky":false,"template":"","format":"standard","meta":{"_et_pb_use_builder":"","_et_pb_old_content":"","_et_gb_content_width":"","footnotes":""},"categories":[10],"tags":[],"class_list":["post-5108","post","type-post","status-publish","format-standard","has-post-thumbnail","hentry","category-camerun"],"yoast_head":"<!-- This site is optimized with the Yoast SEO plugin v27.4 - https:\/\/yoast.com\/product\/yoast-seo-wordpress\/ -->\n<title>Formaci\u00f3n de directivos de obras escolapias de Camer\u00fan. - Itaka-Escolapios<\/title>\n<meta name=\"robots\" content=\"index, follow, max-snippet:-1, max-image-preview:large, max-video-preview:-1\" \/>\n<link rel=\"canonical\" href=\"https:\/\/www.itakaescolapios.org\/es\/2012\/12\/formacion-de-directivos-de-obras-escolapias-de-camerun\/\" \/>\n<meta property=\"og:locale\" content=\"es_ES\" \/>\n<meta property=\"og:type\" content=\"article\" \/>\n<meta property=\"og:title\" content=\"Formaci\u00f3n de directivos de obras escolapias de Camer\u00fan. - Itaka-Escolapios\" \/>\n<meta property=\"og:description\" content=\"Este lunes, 17 de diciembre tuvo lugar la primera sesi\u00f3n de formaci\u00f3n del curso 2012-13. Se juntaron en la comunidad de Menteh, 15 personas asumiendo responsabilidades en los \u00e1mbitos de [&hellip;]\" \/>\n<meta property=\"og:url\" content=\"https:\/\/www.itakaescolapios.org\/es\/2012\/12\/formacion-de-directivos-de-obras-escolapias-de-camerun\/\" \/>\n<meta property=\"og:site_name\" content=\"Itaka-Escolapios\" \/>\n<meta property=\"article:published_time\" content=\"2012-12-19T09:50:12+00:00\" \/>\n<meta property=\"article:modified_time\" content=\"2023-11-28T11:39:31+00:00\" \/>\n<meta property=\"og:image\" content=\"https:\/\/www.itakaescolapios.org\/wp-content\/uploads\/2012\/12\/DSC00282.jpg\" \/>\n\t<meta property=\"og:image:width\" content=\"2000\" \/>\n\t<meta property=\"og:image:height\" content=\"1500\" \/>\n\t<meta property=\"og:image:type\" content=\"image\/jpeg\" \/>\n<meta name=\"author\" content=\"cameroun02\" \/>\n<meta name=\"twitter:card\" content=\"summary_large_image\" \/>\n<meta name=\"twitter:label1\" content=\"Escrito por\" \/>\n\t<meta name=\"twitter:data1\" content=\"cameroun02\" \/>\n\t<meta name=\"twitter:label2\" content=\"Tiempo de lectura\" \/>\n\t<meta name=\"twitter:data2\" content=\"1 minuto\" \/>\n<script type=\"application\/ld+json\" class=\"yoast-schema-graph\">{\"@context\":\"https:\\\/\\\/schema.org\",\"@graph\":[{\"@type\":\"Article\",\"@id\":\"https:\\\/\\\/www.itakaescolapios.org\\\/es\\\/2012\\\/12\\\/formacion-de-directivos-de-obras-escolapias-de-camerun\\\/#article\",\"isPartOf\":{\"@id\":\"https:\\\/\\\/www.itakaescolapios.org\\\/es\\\/2012\\\/12\\\/formacion-de-directivos-de-obras-escolapias-de-camerun\\\/\"},\"author\":{\"name\":\"cameroun02\",\"@id\":\"https:\\\/\\\/www.itakaescolapios.org\\\/es\\\/#\\\/schema\\\/person\\\/9274f8b80c7385b5aae18a7831c4a9c5\"},\"headline\":\"Formaci\u00f3n de directivos de obras escolapias de Camer\u00fan.\",\"datePublished\":\"2012-12-19T09:50:12+00:00\",\"dateModified\":\"2023-11-28T11:39:31+00:00\",\"mainEntityOfPage\":{\"@id\":\"https:\\\/\\\/www.itakaescolapios.org\\\/es\\\/2012\\\/12\\\/formacion-de-directivos-de-obras-escolapias-de-camerun\\\/\"},\"wordCount\":136,\"publisher\":{\"@id\":\"https:\\\/\\\/www.itakaescolapios.org\\\/es\\\/#organization\"},\"image\":{\"@id\":\"https:\\\/\\\/www.itakaescolapios.org\\\/es\\\/2012\\\/12\\\/formacion-de-directivos-de-obras-escolapias-de-camerun\\\/#primaryimage\"},\"thumbnailUrl\":\"https:\\\/\\\/www.itakaescolapios.org\\\/wp-content\\\/uploads\\\/2012\\\/12\\\/DSC00282.jpg\",\"articleSection\":[\"Camer\u00fan\"],\"inLanguage\":\"es\"},{\"@type\":\"WebPage\",\"@id\":\"https:\\\/\\\/www.itakaescolapios.org\\\/es\\\/2012\\\/12\\\/formacion-de-directivos-de-obras-escolapias-de-camerun\\\/\",\"url\":\"https:\\\/\\\/www.itakaescolapios.org\\\/es\\\/2012\\\/12\\\/formacion-de-directivos-de-obras-escolapias-de-camerun\\\/\",\"name\":\"Formaci\u00f3n de directivos de obras escolapias de Camer\u00fan. - Itaka-Escolapios\",\"isPartOf\":{\"@id\":\"https:\\\/\\\/www.itakaescolapios.org\\\/es\\\/#website\"},\"primaryImageOfPage\":{\"@id\":\"https:\\\/\\\/www.itakaescolapios.org\\\/es\\\/2012\\\/12\\\/formacion-de-directivos-de-obras-escolapias-de-camerun\\\/#primaryimage\"},\"image\":{\"@id\":\"https:\\\/\\\/www.itakaescolapios.org\\\/es\\\/2012\\\/12\\\/formacion-de-directivos-de-obras-escolapias-de-camerun\\\/#primaryimage\"},\"thumbnailUrl\":\"https:\\\/\\\/www.itakaescolapios.org\\\/wp-content\\\/uploads\\\/2012\\\/12\\\/DSC00282.jpg\",\"datePublished\":\"2012-12-19T09:50:12+00:00\",\"dateModified\":\"2023-11-28T11:39:31+00:00\",\"breadcrumb\":{\"@id\":\"https:\\\/\\\/www.itakaescolapios.org\\\/es\\\/2012\\\/12\\\/formacion-de-directivos-de-obras-escolapias-de-camerun\\\/#breadcrumb\"},\"inLanguage\":\"es\",\"potentialAction\":[{\"@type\":\"ReadAction\",\"target\":[\"https:\\\/\\\/www.itakaescolapios.org\\\/es\\\/2012\\\/12\\\/formacion-de-directivos-de-obras-escolapias-de-camerun\\\/\"]}]},{\"@type\":\"ImageObject\",\"inLanguage\":\"es\",\"@id\":\"https:\\\/\\\/www.itakaescolapios.org\\\/es\\\/2012\\\/12\\\/formacion-de-directivos-de-obras-escolapias-de-camerun\\\/#primaryimage\",\"url\":\"https:\\\/\\\/www.itakaescolapios.org\\\/wp-content\\\/uploads\\\/2012\\\/12\\\/DSC00282.jpg\",\"contentUrl\":\"https:\\\/\\\/www.itakaescolapios.org\\\/wp-content\\\/uploads\\\/2012\\\/12\\\/DSC00282.jpg\",\"width\":2000,\"height\":1500},{\"@type\":\"BreadcrumbList\",\"@id\":\"https:\\\/\\\/www.itakaescolapios.org\\\/es\\\/2012\\\/12\\\/formacion-de-directivos-de-obras-escolapias-de-camerun\\\/#breadcrumb\",\"itemListElement\":[{\"@type\":\"ListItem\",\"position\":1,\"name\":\"Portada\",\"item\":\"https:\\\/\\\/www.itakaescolapios.org\\\/es\\\/\"},{\"@type\":\"ListItem\",\"position\":2,\"name\":\"Formaci\u00f3n de directivos de obras escolapias de Camer\u00fan.\"}]},{\"@type\":\"WebSite\",\"@id\":\"https:\\\/\\\/www.itakaescolapios.org\\\/es\\\/#website\",\"url\":\"https:\\\/\\\/www.itakaescolapios.org\\\/es\\\/\",\"name\":\"Itaka-Escolapios\",\"description\":\"Red de Itaka-Escolapios\",\"publisher\":{\"@id\":\"https:\\\/\\\/www.itakaescolapios.org\\\/es\\\/#organization\"},\"potentialAction\":[{\"@type\":\"SearchAction\",\"target\":{\"@type\":\"EntryPoint\",\"urlTemplate\":\"https:\\\/\\\/www.itakaescolapios.org\\\/es\\\/?s={search_term_string}\"},\"query-input\":{\"@type\":\"PropertyValueSpecification\",\"valueRequired\":true,\"valueName\":\"search_term_string\"}}],\"inLanguage\":\"es\"},{\"@type\":\"Organization\",\"@id\":\"https:\\\/\\\/www.itakaescolapios.org\\\/es\\\/#organization\",\"name\":\"Fundaci\u00f3 Itaka-Escolapios\",\"url\":\"https:\\\/\\\/www.itakaescolapios.org\\\/es\\\/\",\"logo\":{\"@type\":\"ImageObject\",\"inLanguage\":\"es\",\"@id\":\"https:\\\/\\\/www.itakaescolapios.org\\\/es\\\/#\\\/schema\\\/logo\\\/image\\\/\",\"url\":\"https:\\\/\\\/www.itakaescolapios.org\\\/wp-content\\\/uploads\\\/2024\\\/04\\\/Logo-itakaescolapios-peque.png\",\"contentUrl\":\"https:\\\/\\\/www.itakaescolapios.org\\\/wp-content\\\/uploads\\\/2024\\\/04\\\/Logo-itakaescolapios-peque.png\",\"width\":500,\"height\":199,\"caption\":\"Fundaci\u00f3 Itaka-Escolapios\"},\"image\":{\"@id\":\"https:\\\/\\\/www.itakaescolapios.org\\\/es\\\/#\\\/schema\\\/logo\\\/image\\\/\"}},{\"@type\":\"Person\",\"@id\":\"https:\\\/\\\/www.itakaescolapios.org\\\/es\\\/#\\\/schema\\\/person\\\/9274f8b80c7385b5aae18a7831c4a9c5\",\"name\":\"cameroun02\",\"url\":\"https:\\\/\\\/www.itakaescolapios.org\\\/es\\\/author\\\/cameroun02\\\/\"}]}<\/script>\n<!-- \/ Yoast SEO plugin. -->","yoast_head_json":{"title":"Formaci\u00f3n de directivos de obras escolapias de Camer\u00fan. - Itaka-Escolapios","robots":{"index":"index","follow":"follow","max-snippet":"max-snippet:-1","max-image-preview":"max-image-preview:large","max-video-preview":"max-video-preview:-1"},"canonical":"https:\/\/www.itakaescolapios.org\/es\/2012\/12\/formacion-de-directivos-de-obras-escolapias-de-camerun\/","og_locale":"es_ES","og_type":"article","og_title":"Formaci\u00f3n de directivos de obras escolapias de Camer\u00fan. - Itaka-Escolapios","og_description":"Este lunes, 17 de diciembre tuvo lugar la primera sesi\u00f3n de formaci\u00f3n del curso 2012-13. Se juntaron en la comunidad de Menteh, 15 personas asumiendo responsabilidades en los \u00e1mbitos de [&hellip;]","og_url":"https:\/\/www.itakaescolapios.org\/es\/2012\/12\/formacion-de-directivos-de-obras-escolapias-de-camerun\/","og_site_name":"Itaka-Escolapios","article_published_time":"2012-12-19T09:50:12+00:00","article_modified_time":"2023-11-28T11:39:31+00:00","og_image":[{"width":2000,"height":1500,"url":"https:\/\/www.itakaescolapios.org\/wp-content\/uploads\/2012\/12\/DSC00282.jpg","type":"image\/jpeg"}],"author":"cameroun02","twitter_card":"summary_large_image","twitter_misc":{"Escrito por":"cameroun02","Tiempo de lectura":"1 minuto"},"schema":{"@context":"https:\/\/schema.org","@graph":[{"@type":"Article","@id":"https:\/\/www.itakaescolapios.org\/es\/2012\/12\/formacion-de-directivos-de-obras-escolapias-de-camerun\/#article","isPartOf":{"@id":"https:\/\/www.itakaescolapios.org\/es\/2012\/12\/formacion-de-directivos-de-obras-escolapias-de-camerun\/"},"author":{"name":"cameroun02","@id":"https:\/\/www.itakaescolapios.org\/es\/#\/schema\/person\/9274f8b80c7385b5aae18a7831c4a9c5"},"headline":"Formaci\u00f3n de directivos de obras escolapias de Camer\u00fan.","datePublished":"2012-12-19T09:50:12+00:00","dateModified":"2023-11-28T11:39:31+00:00","mainEntityOfPage":{"@id":"https:\/\/www.itakaescolapios.org\/es\/2012\/12\/formacion-de-directivos-de-obras-escolapias-de-camerun\/"},"wordCount":136,"publisher":{"@id":"https:\/\/www.itakaescolapios.org\/es\/#organization"},"image":{"@id":"https:\/\/www.itakaescolapios.org\/es\/2012\/12\/formacion-de-directivos-de-obras-escolapias-de-camerun\/#primaryimage"},"thumbnailUrl":"https:\/\/www.itakaescolapios.org\/wp-content\/uploads\/2012\/12\/DSC00282.jpg","articleSection":["Camer\u00fan"],"inLanguage":"es"},{"@type":"WebPage","@id":"https:\/\/www.itakaescolapios.org\/es\/2012\/12\/formacion-de-directivos-de-obras-escolapias-de-camerun\/","url":"https:\/\/www.itakaescolapios.org\/es\/2012\/12\/formacion-de-directivos-de-obras-escolapias-de-camerun\/","name":"Formaci\u00f3n de directivos de obras escolapias de Camer\u00fan. - Itaka-Escolapios","isPartOf":{"@id":"https:\/\/www.itakaescolapios.org\/es\/#website"},"primaryImageOfPage":{"@id":"https:\/\/www.itakaescolapios.org\/es\/2012\/12\/formacion-de-directivos-de-obras-escolapias-de-camerun\/#primaryimage"},"image":{"@id":"https:\/\/www.itakaescolapios.org\/es\/2012\/12\/formacion-de-directivos-de-obras-escolapias-de-camerun\/#primaryimage"},"thumbnailUrl":"https:\/\/www.itakaescolapios.org\/wp-content\/uploads\/2012\/12\/DSC00282.jpg","datePublished":"2012-12-19T09:50:12+00:00","dateModified":"2023-11-28T11:39:31+00:00","breadcrumb":{"@id":"https:\/\/www.itakaescolapios.org\/es\/2012\/12\/formacion-de-directivos-de-obras-escolapias-de-camerun\/#breadcrumb"},"inLanguage":"es","potentialAction":[{"@type":"ReadAction","target":["https:\/\/www.itakaescolapios.org\/es\/2012\/12\/formacion-de-directivos-de-obras-escolapias-de-camerun\/"]}]},{"@type":"ImageObject","inLanguage":"es","@id":"https:\/\/www.itakaescolapios.org\/es\/2012\/12\/formacion-de-directivos-de-obras-escolapias-de-camerun\/#primaryimage","url":"https:\/\/www.itakaescolapios.org\/wp-content\/uploads\/2012\/12\/DSC00282.jpg","contentUrl":"https:\/\/www.itakaescolapios.org\/wp-content\/uploads\/2012\/12\/DSC00282.jpg","width":2000,"height":1500},{"@type":"BreadcrumbList","@id":"https:\/\/www.itakaescolapios.org\/es\/2012\/12\/formacion-de-directivos-de-obras-escolapias-de-camerun\/#breadcrumb","itemListElement":[{"@type":"ListItem","position":1,"name":"Portada","item":"https:\/\/www.itakaescolapios.org\/es\/"},{"@type":"ListItem","position":2,"name":"Formaci\u00f3n de directivos de obras escolapias de Camer\u00fan."}]},{"@type":"WebSite","@id":"https:\/\/www.itakaescolapios.org\/es\/#website","url":"https:\/\/www.itakaescolapios.org\/es\/","name":"Itaka-Escolapios","description":"Red de Itaka-Escolapios","publisher":{"@id":"https:\/\/www.itakaescolapios.org\/es\/#organization"},"potentialAction":[{"@type":"SearchAction","target":{"@type":"EntryPoint","urlTemplate":"https:\/\/www.itakaescolapios.org\/es\/?s={search_term_string}"},"query-input":{"@type":"PropertyValueSpecification","valueRequired":true,"valueName":"search_term_string"}}],"inLanguage":"es"},{"@type":"Organization","@id":"https:\/\/www.itakaescolapios.org\/es\/#organization","name":"Fundaci\u00f3 Itaka-Escolapios","url":"https:\/\/www.itakaescolapios.org\/es\/","logo":{"@type":"ImageObject","inLanguage":"es","@id":"https:\/\/www.itakaescolapios.org\/es\/#\/schema\/logo\/image\/","url":"https:\/\/www.itakaescolapios.org\/wp-content\/uploads\/2024\/04\/Logo-itakaescolapios-peque.png","contentUrl":"https:\/\/www.itakaescolapios.org\/wp-content\/uploads\/2024\/04\/Logo-itakaescolapios-peque.png","width":500,"height":199,"caption":"Fundaci\u00f3 Itaka-Escolapios"},"image":{"@id":"https:\/\/www.itakaescolapios.org\/es\/#\/schema\/logo\/image\/"}},{"@type":"Person","@id":"https:\/\/www.itakaescolapios.org\/es\/#\/schema\/person\/9274f8b80c7385b5aae18a7831c4a9c5","name":"cameroun02","url":"https:\/\/www.itakaescolapios.org\/es\/author\/cameroun02\/"}]}},"_links":{"self":[{"href":"https:\/\/www.itakaescolapios.org\/es\/wp-json\/wp\/v2\/posts\/5108","targetHints":{"allow":["GET"]}}],"collection":[{"href":"https:\/\/www.itakaescolapios.org\/es\/wp-json\/wp\/v2\/posts"}],"about":[{"href":"https:\/\/www.itakaescolapios.org\/es\/wp-json\/wp\/v2\/types\/post"}],"author":[{"embeddable":true,"href":"https:\/\/www.itakaescolapios.org\/es\/wp-json\/wp\/v2\/users\/16"}],"replies":[{"embeddable":true,"href":"https:\/\/www.itakaescolapios.org\/es\/wp-json\/wp\/v2\/comments?post=5108"}],"version-history":[{"count":4,"href":"https:\/\/www.itakaescolapios.org\/es\/wp-json\/wp\/v2\/posts\/5108\/revisions"}],"predecessor-version":[{"id":49836,"href":"https:\/\/www.itakaescolapios.org\/es\/wp-json\/wp\/v2\/posts\/5108\/revisions\/49836"}],"wp:featuredmedia":[{"embeddable":true,"href":"https:\/\/www.itakaescolapios.org\/es\/wp-json\/wp\/v2\/media\/5109"}],"wp:attachment":[{"href":"https:\/\/www.itakaescolapios.org\/es\/wp-json\/wp\/v2\/media?parent=5108"}],"wp:term":[{"taxonomy":"category","embeddable":true,"href":"https:\/\/www.itakaescolapios.org\/es\/wp-json\/wp\/v2\/categories?post=5108"},{"taxonomy":"post_tag","embeddable":true,"href":"https:\/\/www.itakaescolapios.org\/es\/wp-json\/wp\/v2\/tags?post=5108"}],"curies":[{"name":"wp","href":"https:\/\/api.w.org\/{rel}","templated":true}]}}