{"id":5232,"date":"2013-01-09T10:07:14","date_gmt":"2013-01-09T09:07:14","guid":{"rendered":"https:\/\/www.itakaescolapios.org\/?p=5232"},"modified":"2023-11-28T12:39:30","modified_gmt":"2023-11-28T11:39:30","slug":"areso-y-paz","status":"publish","type":"post","link":"https:\/\/www.itakaescolapios.org\/es\/2013\/01\/areso-y-paz\/","title":{"rendered":"ARESO y PAZ"},"content":{"rendered":"<p>&nbsp;<\/p>\n<p>&nbsp;<\/p>\n<p>Nos van llegando cada vez m\u00e1s art\u00edculos hechos por alumnos y familias de nuestro entorno social, listos para ser vendidos en nuestro \u00abstand\u00bb en la siguiente campa\u00f1a, Semana por la PAZ. Tendremos a la venta de todo, pulseras, pendientes, collares, camisetas&#8230; Tambi\u00e9n el s\u00e1bado 2 de febrero celebraremos la ya conocida carrera por la Paz alrededor de centro de C\u00f3rdoba, y en el propio colegio habr\u00e1 chocolate por la ma\u00f1ana, actividades deportivas con los voluntarios del proyecto DESEO, nuestra barra para refrescarnos. Al mediod\u00eda estar\u00e1 preparado el \u00abarroz\u00bb grandes paellas para todo aquel que quiera compartir este d\u00eda con nosotros, y para acabar el d\u00eda por la tarde un a\u00f1o m\u00e1s tendremos la Gymkhana familiar, momento para compartir en familiar padres e hijos recorriendo distintas pruebas cooperativas por el colegio, en la que participar\u00e1n los catequistas de grupos y los voluntarios de DESEO como voluntarios. Os animamos a participar a todos en ARESO en la campa\u00f1a por la PAZ y en cualquier actividad que celebremos. Gracias a todos.<!--more--><\/p>\n","protected":false},"excerpt":{"rendered":"<p>&nbsp; &nbsp; Nos van llegando cada vez m\u00e1s art\u00edculos hechos por alumnos y familias de nuestro entorno social, listos para ser vendidos en nuestro \u00abstand\u00bb en la siguiente campa\u00f1a, Semana [&hellip;]<\/p>\n","protected":false},"author":23,"featured_media":5240,"comment_status":"closed","ping_status":"closed","sticky":false,"template":"","format":"standard","meta":{"_et_pb_use_builder":"","_et_pb_old_content":"","_et_gb_content_width":"","footnotes":""},"categories":[18],"tags":[],"class_list":["post-5232","post","type-post","status-publish","format-standard","has-post-thumbnail","hentry","category-cordoba"],"yoast_head":"<!-- This site is optimized with the Yoast SEO plugin v27.4 - https:\/\/yoast.com\/product\/yoast-seo-wordpress\/ -->\n<title>ARESO y PAZ - Itaka-Escolapios<\/title>\n<meta name=\"robots\" content=\"index, follow, max-snippet:-1, max-image-preview:large, max-video-preview:-1\" \/>\n<link rel=\"canonical\" href=\"https:\/\/www.itakaescolapios.org\/es\/2013\/01\/areso-y-paz\/\" \/>\n<meta property=\"og:locale\" content=\"es_ES\" \/>\n<meta property=\"og:type\" content=\"article\" \/>\n<meta property=\"og:title\" content=\"ARESO y PAZ - Itaka-Escolapios\" \/>\n<meta property=\"og:description\" content=\"&nbsp; &nbsp; Nos van llegando cada vez m\u00e1s art\u00edculos hechos por alumnos y familias de nuestro entorno social, listos para ser vendidos en nuestro \u00abstand\u00bb en la siguiente campa\u00f1a, Semana [&hellip;]\" \/>\n<meta property=\"og:url\" content=\"https:\/\/www.itakaescolapios.org\/es\/2013\/01\/areso-y-paz\/\" \/>\n<meta property=\"og:site_name\" content=\"Itaka-Escolapios\" \/>\n<meta property=\"article:published_time\" content=\"2013-01-09T09:07:14+00:00\" \/>\n<meta property=\"article:modified_time\" content=\"2023-11-28T11:39:30+00:00\" \/>\n<meta property=\"og:image\" content=\"https:\/\/www.itakaescolapios.org\/wp-content\/uploads\/2013\/01\/la-foto-34.jpg\" \/>\n\t<meta property=\"og:image:width\" content=\"2000\" \/>\n\t<meta property=\"og:image:height\" content=\"1494\" \/>\n\t<meta property=\"og:image:type\" content=\"image\/jpeg\" \/>\n<meta name=\"author\" content=\"cordoba01\" \/>\n<meta name=\"twitter:card\" content=\"summary_large_image\" \/>\n<meta name=\"twitter:label1\" content=\"Escrito por\" \/>\n\t<meta name=\"twitter:data1\" content=\"cordoba01\" \/>\n\t<meta name=\"twitter:label2\" content=\"Tiempo de lectura\" \/>\n\t<meta name=\"twitter:data2\" content=\"1 minuto\" \/>\n<script type=\"application\/ld+json\" class=\"yoast-schema-graph\">{\"@context\":\"https:\\\/\\\/schema.org\",\"@graph\":[{\"@type\":\"Article\",\"@id\":\"https:\\\/\\\/www.itakaescolapios.org\\\/es\\\/2013\\\/01\\\/areso-y-paz\\\/#article\",\"isPartOf\":{\"@id\":\"https:\\\/\\\/www.itakaescolapios.org\\\/es\\\/2013\\\/01\\\/areso-y-paz\\\/\"},\"author\":{\"name\":\"cordoba01\",\"@id\":\"https:\\\/\\\/www.itakaescolapios.org\\\/es\\\/#\\\/schema\\\/person\\\/2393782712fccfca7107fe982babfe79\"},\"headline\":\"ARESO y PAZ\",\"datePublished\":\"2013-01-09T09:07:14+00:00\",\"dateModified\":\"2023-11-28T11:39:30+00:00\",\"mainEntityOfPage\":{\"@id\":\"https:\\\/\\\/www.itakaescolapios.org\\\/es\\\/2013\\\/01\\\/areso-y-paz\\\/\"},\"wordCount\":186,\"publisher\":{\"@id\":\"https:\\\/\\\/www.itakaescolapios.org\\\/es\\\/#organization\"},\"image\":{\"@id\":\"https:\\\/\\\/www.itakaescolapios.org\\\/es\\\/2013\\\/01\\\/areso-y-paz\\\/#primaryimage\"},\"thumbnailUrl\":\"https:\\\/\\\/www.itakaescolapios.org\\\/wp-content\\\/uploads\\\/2013\\\/01\\\/la-foto-34.jpg\",\"articleSection\":[\"C\u00f3rdoba\"],\"inLanguage\":\"es\"},{\"@type\":\"WebPage\",\"@id\":\"https:\\\/\\\/www.itakaescolapios.org\\\/es\\\/2013\\\/01\\\/areso-y-paz\\\/\",\"url\":\"https:\\\/\\\/www.itakaescolapios.org\\\/es\\\/2013\\\/01\\\/areso-y-paz\\\/\",\"name\":\"ARESO y PAZ - Itaka-Escolapios\",\"isPartOf\":{\"@id\":\"https:\\\/\\\/www.itakaescolapios.org\\\/es\\\/#website\"},\"primaryImageOfPage\":{\"@id\":\"https:\\\/\\\/www.itakaescolapios.org\\\/es\\\/2013\\\/01\\\/areso-y-paz\\\/#primaryimage\"},\"image\":{\"@id\":\"https:\\\/\\\/www.itakaescolapios.org\\\/es\\\/2013\\\/01\\\/areso-y-paz\\\/#primaryimage\"},\"thumbnailUrl\":\"https:\\\/\\\/www.itakaescolapios.org\\\/wp-content\\\/uploads\\\/2013\\\/01\\\/la-foto-34.jpg\",\"datePublished\":\"2013-01-09T09:07:14+00:00\",\"dateModified\":\"2023-11-28T11:39:30+00:00\",\"breadcrumb\":{\"@id\":\"https:\\\/\\\/www.itakaescolapios.org\\\/es\\\/2013\\\/01\\\/areso-y-paz\\\/#breadcrumb\"},\"inLanguage\":\"es\",\"potentialAction\":[{\"@type\":\"ReadAction\",\"target\":[\"https:\\\/\\\/www.itakaescolapios.org\\\/es\\\/2013\\\/01\\\/areso-y-paz\\\/\"]}]},{\"@type\":\"ImageObject\",\"inLanguage\":\"es\",\"@id\":\"https:\\\/\\\/www.itakaescolapios.org\\\/es\\\/2013\\\/01\\\/areso-y-paz\\\/#primaryimage\",\"url\":\"https:\\\/\\\/www.itakaescolapios.org\\\/wp-content\\\/uploads\\\/2013\\\/01\\\/la-foto-34.jpg\",\"contentUrl\":\"https:\\\/\\\/www.itakaescolapios.org\\\/wp-content\\\/uploads\\\/2013\\\/01\\\/la-foto-34.jpg\",\"width\":2000,\"height\":1494},{\"@type\":\"BreadcrumbList\",\"@id\":\"https:\\\/\\\/www.itakaescolapios.org\\\/es\\\/2013\\\/01\\\/areso-y-paz\\\/#breadcrumb\",\"itemListElement\":[{\"@type\":\"ListItem\",\"position\":1,\"name\":\"Portada\",\"item\":\"https:\\\/\\\/www.itakaescolapios.org\\\/es\\\/\"},{\"@type\":\"ListItem\",\"position\":2,\"name\":\"ARESO y PAZ\"}]},{\"@type\":\"WebSite\",\"@id\":\"https:\\\/\\\/www.itakaescolapios.org\\\/es\\\/#website\",\"url\":\"https:\\\/\\\/www.itakaescolapios.org\\\/es\\\/\",\"name\":\"Itaka-Escolapios\",\"description\":\"Red de Itaka-Escolapios\",\"publisher\":{\"@id\":\"https:\\\/\\\/www.itakaescolapios.org\\\/es\\\/#organization\"},\"potentialAction\":[{\"@type\":\"SearchAction\",\"target\":{\"@type\":\"EntryPoint\",\"urlTemplate\":\"https:\\\/\\\/www.itakaescolapios.org\\\/es\\\/?s={search_term_string}\"},\"query-input\":{\"@type\":\"PropertyValueSpecification\",\"valueRequired\":true,\"valueName\":\"search_term_string\"}}],\"inLanguage\":\"es\"},{\"@type\":\"Organization\",\"@id\":\"https:\\\/\\\/www.itakaescolapios.org\\\/es\\\/#organization\",\"name\":\"Fundaci\u00f3 Itaka-Escolapios\",\"url\":\"https:\\\/\\\/www.itakaescolapios.org\\\/es\\\/\",\"logo\":{\"@type\":\"ImageObject\",\"inLanguage\":\"es\",\"@id\":\"https:\\\/\\\/www.itakaescolapios.org\\\/es\\\/#\\\/schema\\\/logo\\\/image\\\/\",\"url\":\"https:\\\/\\\/www.itakaescolapios.org\\\/wp-content\\\/uploads\\\/2024\\\/04\\\/Logo-itakaescolapios-peque.png\",\"contentUrl\":\"https:\\\/\\\/www.itakaescolapios.org\\\/wp-content\\\/uploads\\\/2024\\\/04\\\/Logo-itakaescolapios-peque.png\",\"width\":500,\"height\":199,\"caption\":\"Fundaci\u00f3 Itaka-Escolapios\"},\"image\":{\"@id\":\"https:\\\/\\\/www.itakaescolapios.org\\\/es\\\/#\\\/schema\\\/logo\\\/image\\\/\"}},{\"@type\":\"Person\",\"@id\":\"https:\\\/\\\/www.itakaescolapios.org\\\/es\\\/#\\\/schema\\\/person\\\/2393782712fccfca7107fe982babfe79\",\"name\":\"cordoba01\",\"url\":\"https:\\\/\\\/www.itakaescolapios.org\\\/es\\\/author\\\/cordoba01\\\/\"}]}<\/script>\n<!-- \/ Yoast SEO plugin. -->","yoast_head_json":{"title":"ARESO y PAZ - Itaka-Escolapios","robots":{"index":"index","follow":"follow","max-snippet":"max-snippet:-1","max-image-preview":"max-image-preview:large","max-video-preview":"max-video-preview:-1"},"canonical":"https:\/\/www.itakaescolapios.org\/es\/2013\/01\/areso-y-paz\/","og_locale":"es_ES","og_type":"article","og_title":"ARESO y PAZ - Itaka-Escolapios","og_description":"&nbsp; &nbsp; Nos van llegando cada vez m\u00e1s art\u00edculos hechos por alumnos y familias de nuestro entorno social, listos para ser vendidos en nuestro \u00abstand\u00bb en la siguiente campa\u00f1a, Semana [&hellip;]","og_url":"https:\/\/www.itakaescolapios.org\/es\/2013\/01\/areso-y-paz\/","og_site_name":"Itaka-Escolapios","article_published_time":"2013-01-09T09:07:14+00:00","article_modified_time":"2023-11-28T11:39:30+00:00","og_image":[{"width":2000,"height":1494,"url":"https:\/\/www.itakaescolapios.org\/wp-content\/uploads\/2013\/01\/la-foto-34.jpg","type":"image\/jpeg"}],"author":"cordoba01","twitter_card":"summary_large_image","twitter_misc":{"Escrito por":"cordoba01","Tiempo de lectura":"1 minuto"},"schema":{"@context":"https:\/\/schema.org","@graph":[{"@type":"Article","@id":"https:\/\/www.itakaescolapios.org\/es\/2013\/01\/areso-y-paz\/#article","isPartOf":{"@id":"https:\/\/www.itakaescolapios.org\/es\/2013\/01\/areso-y-paz\/"},"author":{"name":"cordoba01","@id":"https:\/\/www.itakaescolapios.org\/es\/#\/schema\/person\/2393782712fccfca7107fe982babfe79"},"headline":"ARESO y PAZ","datePublished":"2013-01-09T09:07:14+00:00","dateModified":"2023-11-28T11:39:30+00:00","mainEntityOfPage":{"@id":"https:\/\/www.itakaescolapios.org\/es\/2013\/01\/areso-y-paz\/"},"wordCount":186,"publisher":{"@id":"https:\/\/www.itakaescolapios.org\/es\/#organization"},"image":{"@id":"https:\/\/www.itakaescolapios.org\/es\/2013\/01\/areso-y-paz\/#primaryimage"},"thumbnailUrl":"https:\/\/www.itakaescolapios.org\/wp-content\/uploads\/2013\/01\/la-foto-34.jpg","articleSection":["C\u00f3rdoba"],"inLanguage":"es"},{"@type":"WebPage","@id":"https:\/\/www.itakaescolapios.org\/es\/2013\/01\/areso-y-paz\/","url":"https:\/\/www.itakaescolapios.org\/es\/2013\/01\/areso-y-paz\/","name":"ARESO y PAZ - Itaka-Escolapios","isPartOf":{"@id":"https:\/\/www.itakaescolapios.org\/es\/#website"},"primaryImageOfPage":{"@id":"https:\/\/www.itakaescolapios.org\/es\/2013\/01\/areso-y-paz\/#primaryimage"},"image":{"@id":"https:\/\/www.itakaescolapios.org\/es\/2013\/01\/areso-y-paz\/#primaryimage"},"thumbnailUrl":"https:\/\/www.itakaescolapios.org\/wp-content\/uploads\/2013\/01\/la-foto-34.jpg","datePublished":"2013-01-09T09:07:14+00:00","dateModified":"2023-11-28T11:39:30+00:00","breadcrumb":{"@id":"https:\/\/www.itakaescolapios.org\/es\/2013\/01\/areso-y-paz\/#breadcrumb"},"inLanguage":"es","potentialAction":[{"@type":"ReadAction","target":["https:\/\/www.itakaescolapios.org\/es\/2013\/01\/areso-y-paz\/"]}]},{"@type":"ImageObject","inLanguage":"es","@id":"https:\/\/www.itakaescolapios.org\/es\/2013\/01\/areso-y-paz\/#primaryimage","url":"https:\/\/www.itakaescolapios.org\/wp-content\/uploads\/2013\/01\/la-foto-34.jpg","contentUrl":"https:\/\/www.itakaescolapios.org\/wp-content\/uploads\/2013\/01\/la-foto-34.jpg","width":2000,"height":1494},{"@type":"BreadcrumbList","@id":"https:\/\/www.itakaescolapios.org\/es\/2013\/01\/areso-y-paz\/#breadcrumb","itemListElement":[{"@type":"ListItem","position":1,"name":"Portada","item":"https:\/\/www.itakaescolapios.org\/es\/"},{"@type":"ListItem","position":2,"name":"ARESO y PAZ"}]},{"@type":"WebSite","@id":"https:\/\/www.itakaescolapios.org\/es\/#website","url":"https:\/\/www.itakaescolapios.org\/es\/","name":"Itaka-Escolapios","description":"Red de Itaka-Escolapios","publisher":{"@id":"https:\/\/www.itakaescolapios.org\/es\/#organization"},"potentialAction":[{"@type":"SearchAction","target":{"@type":"EntryPoint","urlTemplate":"https:\/\/www.itakaescolapios.org\/es\/?s={search_term_string}"},"query-input":{"@type":"PropertyValueSpecification","valueRequired":true,"valueName":"search_term_string"}}],"inLanguage":"es"},{"@type":"Organization","@id":"https:\/\/www.itakaescolapios.org\/es\/#organization","name":"Fundaci\u00f3 Itaka-Escolapios","url":"https:\/\/www.itakaescolapios.org\/es\/","logo":{"@type":"ImageObject","inLanguage":"es","@id":"https:\/\/www.itakaescolapios.org\/es\/#\/schema\/logo\/image\/","url":"https:\/\/www.itakaescolapios.org\/wp-content\/uploads\/2024\/04\/Logo-itakaescolapios-peque.png","contentUrl":"https:\/\/www.itakaescolapios.org\/wp-content\/uploads\/2024\/04\/Logo-itakaescolapios-peque.png","width":500,"height":199,"caption":"Fundaci\u00f3 Itaka-Escolapios"},"image":{"@id":"https:\/\/www.itakaescolapios.org\/es\/#\/schema\/logo\/image\/"}},{"@type":"Person","@id":"https:\/\/www.itakaescolapios.org\/es\/#\/schema\/person\/2393782712fccfca7107fe982babfe79","name":"cordoba01","url":"https:\/\/www.itakaescolapios.org\/es\/author\/cordoba01\/"}]}},"_links":{"self":[{"href":"https:\/\/www.itakaescolapios.org\/es\/wp-json\/wp\/v2\/posts\/5232","targetHints":{"allow":["GET"]}}],"collection":[{"href":"https:\/\/www.itakaescolapios.org\/es\/wp-json\/wp\/v2\/posts"}],"about":[{"href":"https:\/\/www.itakaescolapios.org\/es\/wp-json\/wp\/v2\/types\/post"}],"author":[{"embeddable":true,"href":"https:\/\/www.itakaescolapios.org\/es\/wp-json\/wp\/v2\/users\/23"}],"replies":[{"embeddable":true,"href":"https:\/\/www.itakaescolapios.org\/es\/wp-json\/wp\/v2\/comments?post=5232"}],"version-history":[{"count":10,"href":"https:\/\/www.itakaescolapios.org\/es\/wp-json\/wp\/v2\/posts\/5232\/revisions"}],"predecessor-version":[{"id":49808,"href":"https:\/\/www.itakaescolapios.org\/es\/wp-json\/wp\/v2\/posts\/5232\/revisions\/49808"}],"wp:featuredmedia":[{"embeddable":true,"href":"https:\/\/www.itakaescolapios.org\/es\/wp-json\/wp\/v2\/media\/5240"}],"wp:attachment":[{"href":"https:\/\/www.itakaescolapios.org\/es\/wp-json\/wp\/v2\/media?parent=5232"}],"wp:term":[{"taxonomy":"category","embeddable":true,"href":"https:\/\/www.itakaescolapios.org\/es\/wp-json\/wp\/v2\/categories?post=5232"},{"taxonomy":"post_tag","embeddable":true,"href":"https:\/\/www.itakaescolapios.org\/es\/wp-json\/wp\/v2\/tags?post=5232"}],"curies":[{"name":"wp","href":"https:\/\/api.w.org\/{rel}","templated":true}]}}