{"id":5606,"date":"2013-02-06T12:58:45","date_gmt":"2013-02-06T11:58:45","guid":{"rendered":"https:\/\/www.itakaescolapios.org\/?p=5606"},"modified":"2023-11-28T12:39:28","modified_gmt":"2023-11-28T11:39:28","slug":"jornadas-por-la-paz","status":"publish","type":"post","link":"https:\/\/www.itakaescolapios.org\/es\/2013\/02\/jornadas-por-la-paz\/","title":{"rendered":"Jornadas por la Paz"},"content":{"rendered":"<p>El\u00a0mi\u00e9rcoles\u00a030 de enero celebramos un acto por la Paz en la Plaza de las Tendillas. Fue muy bonito y emotivo, ya que se acerc\u00f3 mucha gente que pasaba por el centro, familias y todos los alumnos de nuestro colegio.<\/p>\n<p>Ya el pasado s\u00e1bado 2 de febrero acabamos la semana de la paz a lo grande. Comenzamos la ma\u00f1ana con la carrera por la Paz por los alrededores del centro de C\u00f3rdoba.\u00a0 Desde los m\u00e1s peque\u00f1os de Infantil hasta los de secundaria fueron pasando por el recorrido. Mientras tanto en los patios del colegio Itaka-Escolapios hac\u00eda una chocolatada y una jornada de actividades deportivas por nuestros patios organizada por los voluntarios del proyecto DESEO. Fue pasando la ma\u00f1ana y ya ol\u00eda a paella, segu\u00edamos en un ambiente de convivencia familiar. Lleg\u00f3 el esperado partido de baloncesto entre profesores contra padres, en el que los profes demostraron que siguen estando en forma.\u00a0 Sali\u00f3 el arroz y con el sol calentando el suelo de nuestro patio grande fuimos disfrutando la comida unas 500 personas.<\/p>\n<p>Ya por la tarde despu\u00e9s de que se agotaran varias veces las existencias de la barra, se comenz\u00f3 la Gymkhana familiar un mont\u00f3n de juegos cooperativos entre padres e hijos organizada por los catequistas y los alumnos de pr\u00e1cticas del Curso de monitor de tiempo libre\u00a0 de Itaka-Escolapios.<\/p>\n<p>Un buen d\u00eda de convivencia en el que aunque pasaron m\u00e1s de 1000 personas por nuestras actividades nos quedamos con la calidad con la que se vivi\u00f3 este d\u00eda el buen ambiente, el compartir todos juntos lo que tenemos, celebrando la Paz.<!--more--><\/p>\n","protected":false},"excerpt":{"rendered":"<p>El\u00a0mi\u00e9rcoles\u00a030 de enero celebramos un acto por la Paz en la Plaza de las Tendillas. Fue muy bonito y emotivo, ya que se acerc\u00f3 mucha gente que pasaba por el [&hellip;]<\/p>\n","protected":false},"author":23,"featured_media":5607,"comment_status":"closed","ping_status":"closed","sticky":false,"template":"","format":"standard","meta":{"_et_pb_use_builder":"","_et_pb_old_content":"","_et_gb_content_width":"","footnotes":""},"categories":[18],"tags":[],"class_list":["post-5606","post","type-post","status-publish","format-standard","has-post-thumbnail","hentry","category-cordoba"],"yoast_head":"<!-- This site is optimized with the Yoast SEO plugin v27.4 - https:\/\/yoast.com\/product\/yoast-seo-wordpress\/ -->\n<title>Jornadas por la Paz - Itaka-Escolapios<\/title>\n<meta name=\"robots\" content=\"index, follow, max-snippet:-1, max-image-preview:large, max-video-preview:-1\" \/>\n<link rel=\"canonical\" href=\"https:\/\/www.itakaescolapios.org\/es\/2013\/02\/jornadas-por-la-paz\/\" \/>\n<meta property=\"og:locale\" content=\"es_ES\" \/>\n<meta property=\"og:type\" content=\"article\" \/>\n<meta property=\"og:title\" content=\"Jornadas por la Paz - Itaka-Escolapios\" \/>\n<meta property=\"og:description\" content=\"El\u00a0mi\u00e9rcoles\u00a030 de enero celebramos un acto por la Paz en la Plaza de las Tendillas. Fue muy bonito y emotivo, ya que se acerc\u00f3 mucha gente que pasaba por el [&hellip;]\" \/>\n<meta property=\"og:url\" content=\"https:\/\/www.itakaescolapios.org\/es\/2013\/02\/jornadas-por-la-paz\/\" \/>\n<meta property=\"og:site_name\" content=\"Itaka-Escolapios\" \/>\n<meta property=\"article:published_time\" content=\"2013-02-06T11:58:45+00:00\" \/>\n<meta property=\"article:modified_time\" content=\"2023-11-28T11:39:28+00:00\" \/>\n<meta property=\"og:image\" content=\"https:\/\/www.itakaescolapios.org\/wp-content\/uploads\/2013\/02\/DSC06039.jpg\" \/>\n\t<meta property=\"og:image:width\" content=\"2000\" \/>\n\t<meta property=\"og:image:height\" content=\"1500\" \/>\n\t<meta property=\"og:image:type\" content=\"image\/jpeg\" \/>\n<meta name=\"author\" content=\"cordoba01\" \/>\n<meta name=\"twitter:card\" content=\"summary_large_image\" \/>\n<meta name=\"twitter:label1\" content=\"Escrito por\" \/>\n\t<meta name=\"twitter:data1\" content=\"cordoba01\" \/>\n\t<meta name=\"twitter:label2\" content=\"Tiempo de lectura\" \/>\n\t<meta name=\"twitter:data2\" content=\"1 minuto\" \/>\n<script type=\"application\/ld+json\" class=\"yoast-schema-graph\">{\"@context\":\"https:\\\/\\\/schema.org\",\"@graph\":[{\"@type\":\"Article\",\"@id\":\"https:\\\/\\\/www.itakaescolapios.org\\\/es\\\/2013\\\/02\\\/jornadas-por-la-paz\\\/#article\",\"isPartOf\":{\"@id\":\"https:\\\/\\\/www.itakaescolapios.org\\\/es\\\/2013\\\/02\\\/jornadas-por-la-paz\\\/\"},\"author\":{\"name\":\"cordoba01\",\"@id\":\"https:\\\/\\\/www.itakaescolapios.org\\\/es\\\/#\\\/schema\\\/person\\\/2393782712fccfca7107fe982babfe79\"},\"headline\":\"Jornadas por la Paz\",\"datePublished\":\"2013-02-06T11:58:45+00:00\",\"dateModified\":\"2023-11-28T11:39:28+00:00\",\"mainEntityOfPage\":{\"@id\":\"https:\\\/\\\/www.itakaescolapios.org\\\/es\\\/2013\\\/02\\\/jornadas-por-la-paz\\\/\"},\"wordCount\":279,\"publisher\":{\"@id\":\"https:\\\/\\\/www.itakaescolapios.org\\\/es\\\/#organization\"},\"image\":{\"@id\":\"https:\\\/\\\/www.itakaescolapios.org\\\/es\\\/2013\\\/02\\\/jornadas-por-la-paz\\\/#primaryimage\"},\"thumbnailUrl\":\"https:\\\/\\\/www.itakaescolapios.org\\\/wp-content\\\/uploads\\\/2013\\\/02\\\/DSC06039.jpg\",\"articleSection\":[\"C\u00f3rdoba\"],\"inLanguage\":\"es\"},{\"@type\":\"WebPage\",\"@id\":\"https:\\\/\\\/www.itakaescolapios.org\\\/es\\\/2013\\\/02\\\/jornadas-por-la-paz\\\/\",\"url\":\"https:\\\/\\\/www.itakaescolapios.org\\\/es\\\/2013\\\/02\\\/jornadas-por-la-paz\\\/\",\"name\":\"Jornadas por la Paz - Itaka-Escolapios\",\"isPartOf\":{\"@id\":\"https:\\\/\\\/www.itakaescolapios.org\\\/es\\\/#website\"},\"primaryImageOfPage\":{\"@id\":\"https:\\\/\\\/www.itakaescolapios.org\\\/es\\\/2013\\\/02\\\/jornadas-por-la-paz\\\/#primaryimage\"},\"image\":{\"@id\":\"https:\\\/\\\/www.itakaescolapios.org\\\/es\\\/2013\\\/02\\\/jornadas-por-la-paz\\\/#primaryimage\"},\"thumbnailUrl\":\"https:\\\/\\\/www.itakaescolapios.org\\\/wp-content\\\/uploads\\\/2013\\\/02\\\/DSC06039.jpg\",\"datePublished\":\"2013-02-06T11:58:45+00:00\",\"dateModified\":\"2023-11-28T11:39:28+00:00\",\"breadcrumb\":{\"@id\":\"https:\\\/\\\/www.itakaescolapios.org\\\/es\\\/2013\\\/02\\\/jornadas-por-la-paz\\\/#breadcrumb\"},\"inLanguage\":\"es\",\"potentialAction\":[{\"@type\":\"ReadAction\",\"target\":[\"https:\\\/\\\/www.itakaescolapios.org\\\/es\\\/2013\\\/02\\\/jornadas-por-la-paz\\\/\"]}]},{\"@type\":\"ImageObject\",\"inLanguage\":\"es\",\"@id\":\"https:\\\/\\\/www.itakaescolapios.org\\\/es\\\/2013\\\/02\\\/jornadas-por-la-paz\\\/#primaryimage\",\"url\":\"https:\\\/\\\/www.itakaescolapios.org\\\/wp-content\\\/uploads\\\/2013\\\/02\\\/DSC06039.jpg\",\"contentUrl\":\"https:\\\/\\\/www.itakaescolapios.org\\\/wp-content\\\/uploads\\\/2013\\\/02\\\/DSC06039.jpg\",\"width\":2000,\"height\":1500},{\"@type\":\"BreadcrumbList\",\"@id\":\"https:\\\/\\\/www.itakaescolapios.org\\\/es\\\/2013\\\/02\\\/jornadas-por-la-paz\\\/#breadcrumb\",\"itemListElement\":[{\"@type\":\"ListItem\",\"position\":1,\"name\":\"Portada\",\"item\":\"https:\\\/\\\/www.itakaescolapios.org\\\/es\\\/\"},{\"@type\":\"ListItem\",\"position\":2,\"name\":\"Jornadas por la Paz\"}]},{\"@type\":\"WebSite\",\"@id\":\"https:\\\/\\\/www.itakaescolapios.org\\\/es\\\/#website\",\"url\":\"https:\\\/\\\/www.itakaescolapios.org\\\/es\\\/\",\"name\":\"Itaka-Escolapios\",\"description\":\"Red de Itaka-Escolapios\",\"publisher\":{\"@id\":\"https:\\\/\\\/www.itakaescolapios.org\\\/es\\\/#organization\"},\"potentialAction\":[{\"@type\":\"SearchAction\",\"target\":{\"@type\":\"EntryPoint\",\"urlTemplate\":\"https:\\\/\\\/www.itakaescolapios.org\\\/es\\\/?s={search_term_string}\"},\"query-input\":{\"@type\":\"PropertyValueSpecification\",\"valueRequired\":true,\"valueName\":\"search_term_string\"}}],\"inLanguage\":\"es\"},{\"@type\":\"Organization\",\"@id\":\"https:\\\/\\\/www.itakaescolapios.org\\\/es\\\/#organization\",\"name\":\"Fundaci\u00f3 Itaka-Escolapios\",\"url\":\"https:\\\/\\\/www.itakaescolapios.org\\\/es\\\/\",\"logo\":{\"@type\":\"ImageObject\",\"inLanguage\":\"es\",\"@id\":\"https:\\\/\\\/www.itakaescolapios.org\\\/es\\\/#\\\/schema\\\/logo\\\/image\\\/\",\"url\":\"https:\\\/\\\/www.itakaescolapios.org\\\/wp-content\\\/uploads\\\/2024\\\/04\\\/Logo-itakaescolapios-peque.png\",\"contentUrl\":\"https:\\\/\\\/www.itakaescolapios.org\\\/wp-content\\\/uploads\\\/2024\\\/04\\\/Logo-itakaescolapios-peque.png\",\"width\":500,\"height\":199,\"caption\":\"Fundaci\u00f3 Itaka-Escolapios\"},\"image\":{\"@id\":\"https:\\\/\\\/www.itakaescolapios.org\\\/es\\\/#\\\/schema\\\/logo\\\/image\\\/\"}},{\"@type\":\"Person\",\"@id\":\"https:\\\/\\\/www.itakaescolapios.org\\\/es\\\/#\\\/schema\\\/person\\\/2393782712fccfca7107fe982babfe79\",\"name\":\"cordoba01\",\"url\":\"https:\\\/\\\/www.itakaescolapios.org\\\/es\\\/author\\\/cordoba01\\\/\"}]}<\/script>\n<!-- \/ Yoast SEO plugin. -->","yoast_head_json":{"title":"Jornadas por la Paz - Itaka-Escolapios","robots":{"index":"index","follow":"follow","max-snippet":"max-snippet:-1","max-image-preview":"max-image-preview:large","max-video-preview":"max-video-preview:-1"},"canonical":"https:\/\/www.itakaescolapios.org\/es\/2013\/02\/jornadas-por-la-paz\/","og_locale":"es_ES","og_type":"article","og_title":"Jornadas por la Paz - Itaka-Escolapios","og_description":"El\u00a0mi\u00e9rcoles\u00a030 de enero celebramos un acto por la Paz en la Plaza de las Tendillas. Fue muy bonito y emotivo, ya que se acerc\u00f3 mucha gente que pasaba por el [&hellip;]","og_url":"https:\/\/www.itakaescolapios.org\/es\/2013\/02\/jornadas-por-la-paz\/","og_site_name":"Itaka-Escolapios","article_published_time":"2013-02-06T11:58:45+00:00","article_modified_time":"2023-11-28T11:39:28+00:00","og_image":[{"width":2000,"height":1500,"url":"https:\/\/www.itakaescolapios.org\/wp-content\/uploads\/2013\/02\/DSC06039.jpg","type":"image\/jpeg"}],"author":"cordoba01","twitter_card":"summary_large_image","twitter_misc":{"Escrito por":"cordoba01","Tiempo de lectura":"1 minuto"},"schema":{"@context":"https:\/\/schema.org","@graph":[{"@type":"Article","@id":"https:\/\/www.itakaescolapios.org\/es\/2013\/02\/jornadas-por-la-paz\/#article","isPartOf":{"@id":"https:\/\/www.itakaescolapios.org\/es\/2013\/02\/jornadas-por-la-paz\/"},"author":{"name":"cordoba01","@id":"https:\/\/www.itakaescolapios.org\/es\/#\/schema\/person\/2393782712fccfca7107fe982babfe79"},"headline":"Jornadas por la Paz","datePublished":"2013-02-06T11:58:45+00:00","dateModified":"2023-11-28T11:39:28+00:00","mainEntityOfPage":{"@id":"https:\/\/www.itakaescolapios.org\/es\/2013\/02\/jornadas-por-la-paz\/"},"wordCount":279,"publisher":{"@id":"https:\/\/www.itakaescolapios.org\/es\/#organization"},"image":{"@id":"https:\/\/www.itakaescolapios.org\/es\/2013\/02\/jornadas-por-la-paz\/#primaryimage"},"thumbnailUrl":"https:\/\/www.itakaescolapios.org\/wp-content\/uploads\/2013\/02\/DSC06039.jpg","articleSection":["C\u00f3rdoba"],"inLanguage":"es"},{"@type":"WebPage","@id":"https:\/\/www.itakaescolapios.org\/es\/2013\/02\/jornadas-por-la-paz\/","url":"https:\/\/www.itakaescolapios.org\/es\/2013\/02\/jornadas-por-la-paz\/","name":"Jornadas por la Paz - Itaka-Escolapios","isPartOf":{"@id":"https:\/\/www.itakaescolapios.org\/es\/#website"},"primaryImageOfPage":{"@id":"https:\/\/www.itakaescolapios.org\/es\/2013\/02\/jornadas-por-la-paz\/#primaryimage"},"image":{"@id":"https:\/\/www.itakaescolapios.org\/es\/2013\/02\/jornadas-por-la-paz\/#primaryimage"},"thumbnailUrl":"https:\/\/www.itakaescolapios.org\/wp-content\/uploads\/2013\/02\/DSC06039.jpg","datePublished":"2013-02-06T11:58:45+00:00","dateModified":"2023-11-28T11:39:28+00:00","breadcrumb":{"@id":"https:\/\/www.itakaescolapios.org\/es\/2013\/02\/jornadas-por-la-paz\/#breadcrumb"},"inLanguage":"es","potentialAction":[{"@type":"ReadAction","target":["https:\/\/www.itakaescolapios.org\/es\/2013\/02\/jornadas-por-la-paz\/"]}]},{"@type":"ImageObject","inLanguage":"es","@id":"https:\/\/www.itakaescolapios.org\/es\/2013\/02\/jornadas-por-la-paz\/#primaryimage","url":"https:\/\/www.itakaescolapios.org\/wp-content\/uploads\/2013\/02\/DSC06039.jpg","contentUrl":"https:\/\/www.itakaescolapios.org\/wp-content\/uploads\/2013\/02\/DSC06039.jpg","width":2000,"height":1500},{"@type":"BreadcrumbList","@id":"https:\/\/www.itakaescolapios.org\/es\/2013\/02\/jornadas-por-la-paz\/#breadcrumb","itemListElement":[{"@type":"ListItem","position":1,"name":"Portada","item":"https:\/\/www.itakaescolapios.org\/es\/"},{"@type":"ListItem","position":2,"name":"Jornadas por la Paz"}]},{"@type":"WebSite","@id":"https:\/\/www.itakaescolapios.org\/es\/#website","url":"https:\/\/www.itakaescolapios.org\/es\/","name":"Itaka-Escolapios","description":"Red de Itaka-Escolapios","publisher":{"@id":"https:\/\/www.itakaescolapios.org\/es\/#organization"},"potentialAction":[{"@type":"SearchAction","target":{"@type":"EntryPoint","urlTemplate":"https:\/\/www.itakaescolapios.org\/es\/?s={search_term_string}"},"query-input":{"@type":"PropertyValueSpecification","valueRequired":true,"valueName":"search_term_string"}}],"inLanguage":"es"},{"@type":"Organization","@id":"https:\/\/www.itakaescolapios.org\/es\/#organization","name":"Fundaci\u00f3 Itaka-Escolapios","url":"https:\/\/www.itakaescolapios.org\/es\/","logo":{"@type":"ImageObject","inLanguage":"es","@id":"https:\/\/www.itakaescolapios.org\/es\/#\/schema\/logo\/image\/","url":"https:\/\/www.itakaescolapios.org\/wp-content\/uploads\/2024\/04\/Logo-itakaescolapios-peque.png","contentUrl":"https:\/\/www.itakaescolapios.org\/wp-content\/uploads\/2024\/04\/Logo-itakaescolapios-peque.png","width":500,"height":199,"caption":"Fundaci\u00f3 Itaka-Escolapios"},"image":{"@id":"https:\/\/www.itakaescolapios.org\/es\/#\/schema\/logo\/image\/"}},{"@type":"Person","@id":"https:\/\/www.itakaescolapios.org\/es\/#\/schema\/person\/2393782712fccfca7107fe982babfe79","name":"cordoba01","url":"https:\/\/www.itakaescolapios.org\/es\/author\/cordoba01\/"}]}},"_links":{"self":[{"href":"https:\/\/www.itakaescolapios.org\/es\/wp-json\/wp\/v2\/posts\/5606","targetHints":{"allow":["GET"]}}],"collection":[{"href":"https:\/\/www.itakaescolapios.org\/es\/wp-json\/wp\/v2\/posts"}],"about":[{"href":"https:\/\/www.itakaescolapios.org\/es\/wp-json\/wp\/v2\/types\/post"}],"author":[{"embeddable":true,"href":"https:\/\/www.itakaescolapios.org\/es\/wp-json\/wp\/v2\/users\/23"}],"replies":[{"embeddable":true,"href":"https:\/\/www.itakaescolapios.org\/es\/wp-json\/wp\/v2\/comments?post=5606"}],"version-history":[{"count":3,"href":"https:\/\/www.itakaescolapios.org\/es\/wp-json\/wp\/v2\/posts\/5606\/revisions"}],"predecessor-version":[{"id":49756,"href":"https:\/\/www.itakaescolapios.org\/es\/wp-json\/wp\/v2\/posts\/5606\/revisions\/49756"}],"wp:featuredmedia":[{"embeddable":true,"href":"https:\/\/www.itakaescolapios.org\/es\/wp-json\/wp\/v2\/media\/5607"}],"wp:attachment":[{"href":"https:\/\/www.itakaescolapios.org\/es\/wp-json\/wp\/v2\/media?parent=5606"}],"wp:term":[{"taxonomy":"category","embeddable":true,"href":"https:\/\/www.itakaescolapios.org\/es\/wp-json\/wp\/v2\/categories?post=5606"},{"taxonomy":"post_tag","embeddable":true,"href":"https:\/\/www.itakaescolapios.org\/es\/wp-json\/wp\/v2\/tags?post=5606"}],"curies":[{"name":"wp","href":"https:\/\/api.w.org\/{rel}","templated":true}]}}