{"id":5612,"date":"2013-02-08T11:13:14","date_gmt":"2013-02-08T10:13:14","guid":{"rendered":"https:\/\/www.itakaescolapios.org\/?p=5612"},"modified":"2023-11-28T12:39:28","modified_gmt":"2023-11-28T11:39:28","slug":"exposicion-de-pancartas-marcha-contra-el-cancer","status":"publish","type":"post","link":"https:\/\/www.itakaescolapios.org\/es\/2013\/02\/exposicion-de-pancartas-marcha-contra-el-cancer\/","title":{"rendered":"Exposici\u00f3n de pancartas marcha contra el c\u00e1ncer."},"content":{"rendered":"<dl>\n<dt><\/dt>\n<dd><\/dd>\n<\/dl>\n<p>El d\u00eda 14 y 15 de febrero tendr\u00e1 lugar la exposici\u00f3n de las pancartas que hicimos todas los participantes en la marcha contra el c\u00e1ncer del pasado domingo 11 de noviembre de 2012. Entre ellas estar\u00e1n la nuestra que pod\u00e9is ver en la foto. Horario de 10:15 a 13:30 sito en Cajasur de Avenida Gran\u00a0Capit\u00e1n\u00a0&#8211; sala de exposiciones planta baja. Os animamos a todos a que la\u00a0visit\u00e9is\u00a0y\u00a0apoy\u00e9is\u00a0esta buena causa.<\/p>\n<p><a href=\"https:\/\/www.itakaescolapios.org\/2013\/02\/exposicion-de-pancartas-marcha-contra-el-cancer\/img-20121111-wa0002\/\" rel=\"attachment wp-att-5614\"><img decoding=\"async\" src=\"https:\/\/www.itakaescolapios.org\/wp-content\/uploads\/2013\/02\/IMG-20121111-WA0002-300x225.jpg\" alt=\"\" width=\"300\" height=\"225\" \/><\/a><\/p>\n<p>Pulseras que regalamos entre los participantes de la marcha&#8230;<!--more--><\/p>\n","protected":false},"excerpt":{"rendered":"<p>El d\u00eda 14 y 15 de febrero tendr\u00e1 lugar la exposici\u00f3n de las pancartas que hicimos todas los participantes en la marcha contra el c\u00e1ncer del pasado domingo 11 de [&hellip;]<\/p>\n","protected":false},"author":23,"featured_media":5613,"comment_status":"closed","ping_status":"closed","sticky":false,"template":"","format":"standard","meta":{"_et_pb_use_builder":"","_et_pb_old_content":"","_et_gb_content_width":"","footnotes":""},"categories":[18],"tags":[],"class_list":["post-5612","post","type-post","status-publish","format-standard","has-post-thumbnail","hentry","category-cordoba"],"yoast_head":"<!-- This site is optimized with the Yoast SEO plugin v27.4 - https:\/\/yoast.com\/product\/yoast-seo-wordpress\/ -->\n<title>Exposici\u00f3n de pancartas marcha contra el c\u00e1ncer. - Itaka-Escolapios<\/title>\n<meta name=\"robots\" content=\"index, follow, max-snippet:-1, max-image-preview:large, max-video-preview:-1\" \/>\n<link rel=\"canonical\" href=\"https:\/\/www.itakaescolapios.org\/es\/2013\/02\/exposicion-de-pancartas-marcha-contra-el-cancer\/\" \/>\n<meta property=\"og:locale\" content=\"es_ES\" \/>\n<meta property=\"og:type\" content=\"article\" \/>\n<meta property=\"og:title\" content=\"Exposici\u00f3n de pancartas marcha contra el c\u00e1ncer. - Itaka-Escolapios\" \/>\n<meta property=\"og:description\" content=\"El d\u00eda 14 y 15 de febrero tendr\u00e1 lugar la exposici\u00f3n de las pancartas que hicimos todas los participantes en la marcha contra el c\u00e1ncer del pasado domingo 11 de [&hellip;]\" \/>\n<meta property=\"og:url\" content=\"https:\/\/www.itakaescolapios.org\/es\/2013\/02\/exposicion-de-pancartas-marcha-contra-el-cancer\/\" \/>\n<meta property=\"og:site_name\" content=\"Itaka-Escolapios\" \/>\n<meta property=\"article:published_time\" content=\"2013-02-08T10:13:14+00:00\" \/>\n<meta property=\"article:modified_time\" content=\"2023-11-28T11:39:28+00:00\" \/>\n<meta property=\"og:image\" content=\"https:\/\/www.itakaescolapios.org\/wp-content\/uploads\/2013\/02\/IMG-20121111-WA0003.jpg\" \/>\n\t<meta property=\"og:image:width\" content=\"800\" \/>\n\t<meta property=\"og:image:height\" content=\"600\" \/>\n\t<meta property=\"og:image:type\" content=\"image\/jpeg\" \/>\n<meta name=\"author\" content=\"cordoba01\" \/>\n<meta name=\"twitter:card\" content=\"summary_large_image\" \/>\n<meta name=\"twitter:label1\" content=\"Escrito por\" \/>\n\t<meta name=\"twitter:data1\" content=\"cordoba01\" \/>\n<script type=\"application\/ld+json\" class=\"yoast-schema-graph\">{\"@context\":\"https:\\\/\\\/schema.org\",\"@graph\":[{\"@type\":\"Article\",\"@id\":\"https:\\\/\\\/www.itakaescolapios.org\\\/es\\\/2013\\\/02\\\/exposicion-de-pancartas-marcha-contra-el-cancer\\\/#article\",\"isPartOf\":{\"@id\":\"https:\\\/\\\/www.itakaescolapios.org\\\/es\\\/2013\\\/02\\\/exposicion-de-pancartas-marcha-contra-el-cancer\\\/\"},\"author\":{\"name\":\"cordoba01\",\"@id\":\"https:\\\/\\\/www.itakaescolapios.org\\\/es\\\/#\\\/schema\\\/person\\\/2393782712fccfca7107fe982babfe79\"},\"headline\":\"Exposici\u00f3n de pancartas marcha contra el c\u00e1ncer.\",\"datePublished\":\"2013-02-08T10:13:14+00:00\",\"dateModified\":\"2023-11-28T11:39:28+00:00\",\"mainEntityOfPage\":{\"@id\":\"https:\\\/\\\/www.itakaescolapios.org\\\/es\\\/2013\\\/02\\\/exposicion-de-pancartas-marcha-contra-el-cancer\\\/\"},\"wordCount\":95,\"publisher\":{\"@id\":\"https:\\\/\\\/www.itakaescolapios.org\\\/es\\\/#organization\"},\"image\":{\"@id\":\"https:\\\/\\\/www.itakaescolapios.org\\\/es\\\/2013\\\/02\\\/exposicion-de-pancartas-marcha-contra-el-cancer\\\/#primaryimage\"},\"thumbnailUrl\":\"https:\\\/\\\/www.itakaescolapios.org\\\/wp-content\\\/uploads\\\/2013\\\/02\\\/IMG-20121111-WA0003.jpg\",\"articleSection\":[\"C\u00f3rdoba\"],\"inLanguage\":\"es\"},{\"@type\":\"WebPage\",\"@id\":\"https:\\\/\\\/www.itakaescolapios.org\\\/es\\\/2013\\\/02\\\/exposicion-de-pancartas-marcha-contra-el-cancer\\\/\",\"url\":\"https:\\\/\\\/www.itakaescolapios.org\\\/es\\\/2013\\\/02\\\/exposicion-de-pancartas-marcha-contra-el-cancer\\\/\",\"name\":\"Exposici\u00f3n de pancartas marcha contra el c\u00e1ncer. - Itaka-Escolapios\",\"isPartOf\":{\"@id\":\"https:\\\/\\\/www.itakaescolapios.org\\\/es\\\/#website\"},\"primaryImageOfPage\":{\"@id\":\"https:\\\/\\\/www.itakaescolapios.org\\\/es\\\/2013\\\/02\\\/exposicion-de-pancartas-marcha-contra-el-cancer\\\/#primaryimage\"},\"image\":{\"@id\":\"https:\\\/\\\/www.itakaescolapios.org\\\/es\\\/2013\\\/02\\\/exposicion-de-pancartas-marcha-contra-el-cancer\\\/#primaryimage\"},\"thumbnailUrl\":\"https:\\\/\\\/www.itakaescolapios.org\\\/wp-content\\\/uploads\\\/2013\\\/02\\\/IMG-20121111-WA0003.jpg\",\"datePublished\":\"2013-02-08T10:13:14+00:00\",\"dateModified\":\"2023-11-28T11:39:28+00:00\",\"breadcrumb\":{\"@id\":\"https:\\\/\\\/www.itakaescolapios.org\\\/es\\\/2013\\\/02\\\/exposicion-de-pancartas-marcha-contra-el-cancer\\\/#breadcrumb\"},\"inLanguage\":\"es\",\"potentialAction\":[{\"@type\":\"ReadAction\",\"target\":[\"https:\\\/\\\/www.itakaescolapios.org\\\/es\\\/2013\\\/02\\\/exposicion-de-pancartas-marcha-contra-el-cancer\\\/\"]}]},{\"@type\":\"ImageObject\",\"inLanguage\":\"es\",\"@id\":\"https:\\\/\\\/www.itakaescolapios.org\\\/es\\\/2013\\\/02\\\/exposicion-de-pancartas-marcha-contra-el-cancer\\\/#primaryimage\",\"url\":\"https:\\\/\\\/www.itakaescolapios.org\\\/wp-content\\\/uploads\\\/2013\\\/02\\\/IMG-20121111-WA0003.jpg\",\"contentUrl\":\"https:\\\/\\\/www.itakaescolapios.org\\\/wp-content\\\/uploads\\\/2013\\\/02\\\/IMG-20121111-WA0003.jpg\",\"width\":\"800\",\"height\":\"600\"},{\"@type\":\"BreadcrumbList\",\"@id\":\"https:\\\/\\\/www.itakaescolapios.org\\\/es\\\/2013\\\/02\\\/exposicion-de-pancartas-marcha-contra-el-cancer\\\/#breadcrumb\",\"itemListElement\":[{\"@type\":\"ListItem\",\"position\":1,\"name\":\"Portada\",\"item\":\"https:\\\/\\\/www.itakaescolapios.org\\\/es\\\/\"},{\"@type\":\"ListItem\",\"position\":2,\"name\":\"Exposici\u00f3n de pancartas marcha contra el c\u00e1ncer.\"}]},{\"@type\":\"WebSite\",\"@id\":\"https:\\\/\\\/www.itakaescolapios.org\\\/es\\\/#website\",\"url\":\"https:\\\/\\\/www.itakaescolapios.org\\\/es\\\/\",\"name\":\"Itaka-Escolapios\",\"description\":\"Red de Itaka-Escolapios\",\"publisher\":{\"@id\":\"https:\\\/\\\/www.itakaescolapios.org\\\/es\\\/#organization\"},\"potentialAction\":[{\"@type\":\"SearchAction\",\"target\":{\"@type\":\"EntryPoint\",\"urlTemplate\":\"https:\\\/\\\/www.itakaescolapios.org\\\/es\\\/?s={search_term_string}\"},\"query-input\":{\"@type\":\"PropertyValueSpecification\",\"valueRequired\":true,\"valueName\":\"search_term_string\"}}],\"inLanguage\":\"es\"},{\"@type\":\"Organization\",\"@id\":\"https:\\\/\\\/www.itakaescolapios.org\\\/es\\\/#organization\",\"name\":\"Fundaci\u00f3 Itaka-Escolapios\",\"url\":\"https:\\\/\\\/www.itakaescolapios.org\\\/es\\\/\",\"logo\":{\"@type\":\"ImageObject\",\"inLanguage\":\"es\",\"@id\":\"https:\\\/\\\/www.itakaescolapios.org\\\/es\\\/#\\\/schema\\\/logo\\\/image\\\/\",\"url\":\"https:\\\/\\\/www.itakaescolapios.org\\\/wp-content\\\/uploads\\\/2024\\\/04\\\/Logo-itakaescolapios-peque.png\",\"contentUrl\":\"https:\\\/\\\/www.itakaescolapios.org\\\/wp-content\\\/uploads\\\/2024\\\/04\\\/Logo-itakaescolapios-peque.png\",\"width\":500,\"height\":199,\"caption\":\"Fundaci\u00f3 Itaka-Escolapios\"},\"image\":{\"@id\":\"https:\\\/\\\/www.itakaescolapios.org\\\/es\\\/#\\\/schema\\\/logo\\\/image\\\/\"}},{\"@type\":\"Person\",\"@id\":\"https:\\\/\\\/www.itakaescolapios.org\\\/es\\\/#\\\/schema\\\/person\\\/2393782712fccfca7107fe982babfe79\",\"name\":\"cordoba01\",\"url\":\"https:\\\/\\\/www.itakaescolapios.org\\\/es\\\/author\\\/cordoba01\\\/\"}]}<\/script>\n<!-- \/ Yoast SEO plugin. -->","yoast_head_json":{"title":"Exposici\u00f3n de pancartas marcha contra el c\u00e1ncer. - Itaka-Escolapios","robots":{"index":"index","follow":"follow","max-snippet":"max-snippet:-1","max-image-preview":"max-image-preview:large","max-video-preview":"max-video-preview:-1"},"canonical":"https:\/\/www.itakaescolapios.org\/es\/2013\/02\/exposicion-de-pancartas-marcha-contra-el-cancer\/","og_locale":"es_ES","og_type":"article","og_title":"Exposici\u00f3n de pancartas marcha contra el c\u00e1ncer. - Itaka-Escolapios","og_description":"El d\u00eda 14 y 15 de febrero tendr\u00e1 lugar la exposici\u00f3n de las pancartas que hicimos todas los participantes en la marcha contra el c\u00e1ncer del pasado domingo 11 de [&hellip;]","og_url":"https:\/\/www.itakaescolapios.org\/es\/2013\/02\/exposicion-de-pancartas-marcha-contra-el-cancer\/","og_site_name":"Itaka-Escolapios","article_published_time":"2013-02-08T10:13:14+00:00","article_modified_time":"2023-11-28T11:39:28+00:00","og_image":[{"width":800,"height":600,"url":"https:\/\/www.itakaescolapios.org\/wp-content\/uploads\/2013\/02\/IMG-20121111-WA0003.jpg","type":"image\/jpeg"}],"author":"cordoba01","twitter_card":"summary_large_image","twitter_misc":{"Escrito por":"cordoba01"},"schema":{"@context":"https:\/\/schema.org","@graph":[{"@type":"Article","@id":"https:\/\/www.itakaescolapios.org\/es\/2013\/02\/exposicion-de-pancartas-marcha-contra-el-cancer\/#article","isPartOf":{"@id":"https:\/\/www.itakaescolapios.org\/es\/2013\/02\/exposicion-de-pancartas-marcha-contra-el-cancer\/"},"author":{"name":"cordoba01","@id":"https:\/\/www.itakaescolapios.org\/es\/#\/schema\/person\/2393782712fccfca7107fe982babfe79"},"headline":"Exposici\u00f3n de pancartas marcha contra el c\u00e1ncer.","datePublished":"2013-02-08T10:13:14+00:00","dateModified":"2023-11-28T11:39:28+00:00","mainEntityOfPage":{"@id":"https:\/\/www.itakaescolapios.org\/es\/2013\/02\/exposicion-de-pancartas-marcha-contra-el-cancer\/"},"wordCount":95,"publisher":{"@id":"https:\/\/www.itakaescolapios.org\/es\/#organization"},"image":{"@id":"https:\/\/www.itakaescolapios.org\/es\/2013\/02\/exposicion-de-pancartas-marcha-contra-el-cancer\/#primaryimage"},"thumbnailUrl":"https:\/\/www.itakaescolapios.org\/wp-content\/uploads\/2013\/02\/IMG-20121111-WA0003.jpg","articleSection":["C\u00f3rdoba"],"inLanguage":"es"},{"@type":"WebPage","@id":"https:\/\/www.itakaescolapios.org\/es\/2013\/02\/exposicion-de-pancartas-marcha-contra-el-cancer\/","url":"https:\/\/www.itakaescolapios.org\/es\/2013\/02\/exposicion-de-pancartas-marcha-contra-el-cancer\/","name":"Exposici\u00f3n de pancartas marcha contra el c\u00e1ncer. - Itaka-Escolapios","isPartOf":{"@id":"https:\/\/www.itakaescolapios.org\/es\/#website"},"primaryImageOfPage":{"@id":"https:\/\/www.itakaescolapios.org\/es\/2013\/02\/exposicion-de-pancartas-marcha-contra-el-cancer\/#primaryimage"},"image":{"@id":"https:\/\/www.itakaescolapios.org\/es\/2013\/02\/exposicion-de-pancartas-marcha-contra-el-cancer\/#primaryimage"},"thumbnailUrl":"https:\/\/www.itakaescolapios.org\/wp-content\/uploads\/2013\/02\/IMG-20121111-WA0003.jpg","datePublished":"2013-02-08T10:13:14+00:00","dateModified":"2023-11-28T11:39:28+00:00","breadcrumb":{"@id":"https:\/\/www.itakaescolapios.org\/es\/2013\/02\/exposicion-de-pancartas-marcha-contra-el-cancer\/#breadcrumb"},"inLanguage":"es","potentialAction":[{"@type":"ReadAction","target":["https:\/\/www.itakaescolapios.org\/es\/2013\/02\/exposicion-de-pancartas-marcha-contra-el-cancer\/"]}]},{"@type":"ImageObject","inLanguage":"es","@id":"https:\/\/www.itakaescolapios.org\/es\/2013\/02\/exposicion-de-pancartas-marcha-contra-el-cancer\/#primaryimage","url":"https:\/\/www.itakaescolapios.org\/wp-content\/uploads\/2013\/02\/IMG-20121111-WA0003.jpg","contentUrl":"https:\/\/www.itakaescolapios.org\/wp-content\/uploads\/2013\/02\/IMG-20121111-WA0003.jpg","width":"800","height":"600"},{"@type":"BreadcrumbList","@id":"https:\/\/www.itakaescolapios.org\/es\/2013\/02\/exposicion-de-pancartas-marcha-contra-el-cancer\/#breadcrumb","itemListElement":[{"@type":"ListItem","position":1,"name":"Portada","item":"https:\/\/www.itakaescolapios.org\/es\/"},{"@type":"ListItem","position":2,"name":"Exposici\u00f3n de pancartas marcha contra el c\u00e1ncer."}]},{"@type":"WebSite","@id":"https:\/\/www.itakaescolapios.org\/es\/#website","url":"https:\/\/www.itakaescolapios.org\/es\/","name":"Itaka-Escolapios","description":"Red de Itaka-Escolapios","publisher":{"@id":"https:\/\/www.itakaescolapios.org\/es\/#organization"},"potentialAction":[{"@type":"SearchAction","target":{"@type":"EntryPoint","urlTemplate":"https:\/\/www.itakaescolapios.org\/es\/?s={search_term_string}"},"query-input":{"@type":"PropertyValueSpecification","valueRequired":true,"valueName":"search_term_string"}}],"inLanguage":"es"},{"@type":"Organization","@id":"https:\/\/www.itakaescolapios.org\/es\/#organization","name":"Fundaci\u00f3 Itaka-Escolapios","url":"https:\/\/www.itakaescolapios.org\/es\/","logo":{"@type":"ImageObject","inLanguage":"es","@id":"https:\/\/www.itakaescolapios.org\/es\/#\/schema\/logo\/image\/","url":"https:\/\/www.itakaescolapios.org\/wp-content\/uploads\/2024\/04\/Logo-itakaescolapios-peque.png","contentUrl":"https:\/\/www.itakaescolapios.org\/wp-content\/uploads\/2024\/04\/Logo-itakaescolapios-peque.png","width":500,"height":199,"caption":"Fundaci\u00f3 Itaka-Escolapios"},"image":{"@id":"https:\/\/www.itakaescolapios.org\/es\/#\/schema\/logo\/image\/"}},{"@type":"Person","@id":"https:\/\/www.itakaescolapios.org\/es\/#\/schema\/person\/2393782712fccfca7107fe982babfe79","name":"cordoba01","url":"https:\/\/www.itakaescolapios.org\/es\/author\/cordoba01\/"}]}},"_links":{"self":[{"href":"https:\/\/www.itakaescolapios.org\/es\/wp-json\/wp\/v2\/posts\/5612","targetHints":{"allow":["GET"]}}],"collection":[{"href":"https:\/\/www.itakaescolapios.org\/es\/wp-json\/wp\/v2\/posts"}],"about":[{"href":"https:\/\/www.itakaescolapios.org\/es\/wp-json\/wp\/v2\/types\/post"}],"author":[{"embeddable":true,"href":"https:\/\/www.itakaescolapios.org\/es\/wp-json\/wp\/v2\/users\/23"}],"replies":[{"embeddable":true,"href":"https:\/\/www.itakaescolapios.org\/es\/wp-json\/wp\/v2\/comments?post=5612"}],"version-history":[{"count":9,"href":"https:\/\/www.itakaescolapios.org\/es\/wp-json\/wp\/v2\/posts\/5612\/revisions"}],"predecessor-version":[{"id":49754,"href":"https:\/\/www.itakaescolapios.org\/es\/wp-json\/wp\/v2\/posts\/5612\/revisions\/49754"}],"wp:featuredmedia":[{"embeddable":true,"href":"https:\/\/www.itakaescolapios.org\/es\/wp-json\/wp\/v2\/media\/5613"}],"wp:attachment":[{"href":"https:\/\/www.itakaescolapios.org\/es\/wp-json\/wp\/v2\/media?parent=5612"}],"wp:term":[{"taxonomy":"category","embeddable":true,"href":"https:\/\/www.itakaescolapios.org\/es\/wp-json\/wp\/v2\/categories?post=5612"},{"taxonomy":"post_tag","embeddable":true,"href":"https:\/\/www.itakaescolapios.org\/es\/wp-json\/wp\/v2\/tags?post=5612"}],"curies":[{"name":"wp","href":"https:\/\/api.w.org\/{rel}","templated":true}]}}