{"id":5654,"date":"2013-02-13T11:18:39","date_gmt":"2013-02-13T10:18:39","guid":{"rendered":"https:\/\/www.itakaescolapios.org\/?p=5654"},"modified":"2023-11-28T12:39:28","modified_gmt":"2023-11-28T11:39:28","slug":"solicaldo-viernes-15-a-las-1400","status":"publish","type":"post","link":"https:\/\/www.itakaescolapios.org\/es\/2013\/02\/solicaldo-viernes-15-a-las-1400\/","title":{"rendered":"Solicaldo Viernes 15 a las 14:00"},"content":{"rendered":"<p><strong><span style=\"text-decoration: underline\">Este viernes Solicaldo<\/span><\/strong><\/p>\n<p>El viernes que viene celebramos el colegio el d\u00eda del ayuno voluntario, el famoso SOLICALDO, en el que por 1\u20ac podemos compartir un ratito tom\u00e1ndonos este fabuloso tentempi\u00e9 simb\u00f3lico. El caldo nos lo dona el catering del cole \u201cARAMARK y\u00a0 \u201cRestaurante el Churrasco\u201d al que estamos muy agradecidos.<\/p>\n<p>Es un d\u00eda en el que por un rato sentimos el hambre que hay en el mundo. Recordamos que as\u00ed viven cada d\u00eda miles de ni\u00f1os en nuestro planeta. Pasando Hambre. Los tickets se venden a lo largo de la semana por las clases y el mismo viernes en la barra, donde algunas de nuestras familias nos lo sirven con cari\u00f1o. Comenzaremos seguidamente los Grupos con un bocata que regala Itaka-Escolapios de forma simb\u00f3lica para seguir con la din\u00e1mica. Despu\u00e9s la catequesis hasta las 17:30 y a continuaci\u00f3n \u201cP\u00c0CH\u00c1 EL RATO\u201d hasta las 19:30.<\/p>\n<p>Todo lo que se recaude ir\u00e1 destinado al proyecto com\u00fan de solidaridad \u00a0Itaka-Escolapios \u00abLa educaci\u00f3n multiplica el futuro\u00bb<strong><\/strong><\/p>\n<p>Pasaremos todos un estupendo d\u00eda en el que como siempre intentamos ser \u201ccolegio abierto 24h\u201d<\/p>\n<p><strong><span style=\"text-decoration: underline\"><a href=\"https:\/\/www.itakaescolapios.org\/2013\/02\/solicaldo-viernes-15-a-las-1400\/patrocinadores\/\" rel=\"attachment wp-att-5664\"><img decoding=\"async\" class=\"alignnone size-medium wp-image-5664\" src=\"https:\/\/www.itakaescolapios.org\/wp-content\/uploads\/2013\/02\/patrocinadores-300x237.png\" alt=\"\" width=\"300\" height=\"237\" srcset=\"https:\/\/www.itakaescolapios.org\/wp-content\/uploads\/2013\/02\/patrocinadores-300x237.png 300w, https:\/\/www.itakaescolapios.org\/wp-content\/uploads\/2013\/02\/patrocinadores-250x198.png 250w, https:\/\/www.itakaescolapios.org\/wp-content\/uploads\/2013\/02\/patrocinadores.png 655w\" sizes=\"(max-width: 300px) 100vw, 300px\" \/><\/a><\/span><\/strong><!--more--><\/p>\n","protected":false},"excerpt":{"rendered":"<p>Este viernes Solicaldo El viernes que viene celebramos el colegio el d\u00eda del ayuno voluntario, el famoso SOLICALDO, en el que por 1\u20ac podemos compartir un ratito tom\u00e1ndonos este fabuloso [&hellip;]<\/p>\n","protected":false},"author":23,"featured_media":5655,"comment_status":"closed","ping_status":"closed","sticky":false,"template":"","format":"standard","meta":{"_et_pb_use_builder":"","_et_pb_old_content":"","_et_gb_content_width":"","footnotes":""},"categories":[18],"tags":[],"class_list":["post-5654","post","type-post","status-publish","format-standard","has-post-thumbnail","hentry","category-cordoba"],"yoast_head":"<!-- This site is optimized with the Yoast SEO plugin v27.4 - https:\/\/yoast.com\/product\/yoast-seo-wordpress\/ -->\n<title>Solicaldo Viernes 15 a las 14:00 - Itaka-Escolapios<\/title>\n<meta name=\"robots\" content=\"index, follow, max-snippet:-1, max-image-preview:large, max-video-preview:-1\" \/>\n<link rel=\"canonical\" href=\"https:\/\/www.itakaescolapios.org\/es\/2013\/02\/solicaldo-viernes-15-a-las-1400\/\" \/>\n<meta property=\"og:locale\" content=\"es_ES\" \/>\n<meta property=\"og:type\" content=\"article\" \/>\n<meta property=\"og:title\" content=\"Solicaldo Viernes 15 a las 14:00 - Itaka-Escolapios\" \/>\n<meta property=\"og:description\" content=\"Este viernes Solicaldo El viernes que viene celebramos el colegio el d\u00eda del ayuno voluntario, el famoso SOLICALDO, en el que por 1\u20ac podemos compartir un ratito tom\u00e1ndonos este fabuloso [&hellip;]\" \/>\n<meta property=\"og:url\" content=\"https:\/\/www.itakaescolapios.org\/es\/2013\/02\/solicaldo-viernes-15-a-las-1400\/\" \/>\n<meta property=\"og:site_name\" content=\"Itaka-Escolapios\" \/>\n<meta property=\"article:published_time\" content=\"2013-02-13T10:18:39+00:00\" \/>\n<meta property=\"article:modified_time\" content=\"2023-11-28T11:39:28+00:00\" \/>\n<meta property=\"og:image\" content=\"https:\/\/www.itakaescolapios.org\/wp-content\/uploads\/2013\/02\/Cartel-Solicaldo-Cuaresma.gif\" \/>\n\t<meta property=\"og:image:width\" content=\"620\" \/>\n\t<meta property=\"og:image:height\" content=\"456\" \/>\n\t<meta property=\"og:image:type\" content=\"image\/gif\" \/>\n<meta name=\"author\" content=\"cordoba01\" \/>\n<meta name=\"twitter:card\" content=\"summary_large_image\" \/>\n<meta name=\"twitter:label1\" content=\"Escrito por\" \/>\n\t<meta name=\"twitter:data1\" content=\"cordoba01\" \/>\n\t<meta name=\"twitter:label2\" content=\"Tiempo de lectura\" \/>\n\t<meta name=\"twitter:data2\" content=\"1 minuto\" \/>\n<script type=\"application\/ld+json\" class=\"yoast-schema-graph\">{\"@context\":\"https:\\\/\\\/schema.org\",\"@graph\":[{\"@type\":\"Article\",\"@id\":\"https:\\\/\\\/www.itakaescolapios.org\\\/es\\\/2013\\\/02\\\/solicaldo-viernes-15-a-las-1400\\\/#article\",\"isPartOf\":{\"@id\":\"https:\\\/\\\/www.itakaescolapios.org\\\/es\\\/2013\\\/02\\\/solicaldo-viernes-15-a-las-1400\\\/\"},\"author\":{\"name\":\"cordoba01\",\"@id\":\"https:\\\/\\\/www.itakaescolapios.org\\\/es\\\/#\\\/schema\\\/person\\\/2393782712fccfca7107fe982babfe79\"},\"headline\":\"Solicaldo Viernes 15 a las 14:00\",\"datePublished\":\"2013-02-13T10:18:39+00:00\",\"dateModified\":\"2023-11-28T11:39:28+00:00\",\"mainEntityOfPage\":{\"@id\":\"https:\\\/\\\/www.itakaescolapios.org\\\/es\\\/2013\\\/02\\\/solicaldo-viernes-15-a-las-1400\\\/\"},\"wordCount\":194,\"publisher\":{\"@id\":\"https:\\\/\\\/www.itakaescolapios.org\\\/es\\\/#organization\"},\"image\":{\"@id\":\"https:\\\/\\\/www.itakaescolapios.org\\\/es\\\/2013\\\/02\\\/solicaldo-viernes-15-a-las-1400\\\/#primaryimage\"},\"thumbnailUrl\":\"https:\\\/\\\/www.itakaescolapios.org\\\/wp-content\\\/uploads\\\/2013\\\/02\\\/Cartel-Solicaldo-Cuaresma.gif\",\"articleSection\":[\"C\u00f3rdoba\"],\"inLanguage\":\"es\"},{\"@type\":\"WebPage\",\"@id\":\"https:\\\/\\\/www.itakaescolapios.org\\\/es\\\/2013\\\/02\\\/solicaldo-viernes-15-a-las-1400\\\/\",\"url\":\"https:\\\/\\\/www.itakaescolapios.org\\\/es\\\/2013\\\/02\\\/solicaldo-viernes-15-a-las-1400\\\/\",\"name\":\"Solicaldo Viernes 15 a las 14:00 - Itaka-Escolapios\",\"isPartOf\":{\"@id\":\"https:\\\/\\\/www.itakaescolapios.org\\\/es\\\/#website\"},\"primaryImageOfPage\":{\"@id\":\"https:\\\/\\\/www.itakaescolapios.org\\\/es\\\/2013\\\/02\\\/solicaldo-viernes-15-a-las-1400\\\/#primaryimage\"},\"image\":{\"@id\":\"https:\\\/\\\/www.itakaescolapios.org\\\/es\\\/2013\\\/02\\\/solicaldo-viernes-15-a-las-1400\\\/#primaryimage\"},\"thumbnailUrl\":\"https:\\\/\\\/www.itakaescolapios.org\\\/wp-content\\\/uploads\\\/2013\\\/02\\\/Cartel-Solicaldo-Cuaresma.gif\",\"datePublished\":\"2013-02-13T10:18:39+00:00\",\"dateModified\":\"2023-11-28T11:39:28+00:00\",\"breadcrumb\":{\"@id\":\"https:\\\/\\\/www.itakaescolapios.org\\\/es\\\/2013\\\/02\\\/solicaldo-viernes-15-a-las-1400\\\/#breadcrumb\"},\"inLanguage\":\"es\",\"potentialAction\":[{\"@type\":\"ReadAction\",\"target\":[\"https:\\\/\\\/www.itakaescolapios.org\\\/es\\\/2013\\\/02\\\/solicaldo-viernes-15-a-las-1400\\\/\"]}]},{\"@type\":\"ImageObject\",\"inLanguage\":\"es\",\"@id\":\"https:\\\/\\\/www.itakaescolapios.org\\\/es\\\/2013\\\/02\\\/solicaldo-viernes-15-a-las-1400\\\/#primaryimage\",\"url\":\"https:\\\/\\\/www.itakaescolapios.org\\\/wp-content\\\/uploads\\\/2013\\\/02\\\/Cartel-Solicaldo-Cuaresma.gif\",\"contentUrl\":\"https:\\\/\\\/www.itakaescolapios.org\\\/wp-content\\\/uploads\\\/2013\\\/02\\\/Cartel-Solicaldo-Cuaresma.gif\",\"width\":\"620\",\"height\":\"456\"},{\"@type\":\"BreadcrumbList\",\"@id\":\"https:\\\/\\\/www.itakaescolapios.org\\\/es\\\/2013\\\/02\\\/solicaldo-viernes-15-a-las-1400\\\/#breadcrumb\",\"itemListElement\":[{\"@type\":\"ListItem\",\"position\":1,\"name\":\"Portada\",\"item\":\"https:\\\/\\\/www.itakaescolapios.org\\\/es\\\/\"},{\"@type\":\"ListItem\",\"position\":2,\"name\":\"Solicaldo Viernes 15 a las 14:00\"}]},{\"@type\":\"WebSite\",\"@id\":\"https:\\\/\\\/www.itakaescolapios.org\\\/es\\\/#website\",\"url\":\"https:\\\/\\\/www.itakaescolapios.org\\\/es\\\/\",\"name\":\"Itaka-Escolapios\",\"description\":\"Red de Itaka-Escolapios\",\"publisher\":{\"@id\":\"https:\\\/\\\/www.itakaescolapios.org\\\/es\\\/#organization\"},\"potentialAction\":[{\"@type\":\"SearchAction\",\"target\":{\"@type\":\"EntryPoint\",\"urlTemplate\":\"https:\\\/\\\/www.itakaescolapios.org\\\/es\\\/?s={search_term_string}\"},\"query-input\":{\"@type\":\"PropertyValueSpecification\",\"valueRequired\":true,\"valueName\":\"search_term_string\"}}],\"inLanguage\":\"es\"},{\"@type\":\"Organization\",\"@id\":\"https:\\\/\\\/www.itakaescolapios.org\\\/es\\\/#organization\",\"name\":\"Fundaci\u00f3 Itaka-Escolapios\",\"url\":\"https:\\\/\\\/www.itakaescolapios.org\\\/es\\\/\",\"logo\":{\"@type\":\"ImageObject\",\"inLanguage\":\"es\",\"@id\":\"https:\\\/\\\/www.itakaescolapios.org\\\/es\\\/#\\\/schema\\\/logo\\\/image\\\/\",\"url\":\"https:\\\/\\\/www.itakaescolapios.org\\\/wp-content\\\/uploads\\\/2024\\\/04\\\/Logo-itakaescolapios-peque.png\",\"contentUrl\":\"https:\\\/\\\/www.itakaescolapios.org\\\/wp-content\\\/uploads\\\/2024\\\/04\\\/Logo-itakaescolapios-peque.png\",\"width\":500,\"height\":199,\"caption\":\"Fundaci\u00f3 Itaka-Escolapios\"},\"image\":{\"@id\":\"https:\\\/\\\/www.itakaescolapios.org\\\/es\\\/#\\\/schema\\\/logo\\\/image\\\/\"}},{\"@type\":\"Person\",\"@id\":\"https:\\\/\\\/www.itakaescolapios.org\\\/es\\\/#\\\/schema\\\/person\\\/2393782712fccfca7107fe982babfe79\",\"name\":\"cordoba01\",\"url\":\"https:\\\/\\\/www.itakaescolapios.org\\\/es\\\/author\\\/cordoba01\\\/\"}]}<\/script>\n<!-- \/ Yoast SEO plugin. -->","yoast_head_json":{"title":"Solicaldo Viernes 15 a las 14:00 - Itaka-Escolapios","robots":{"index":"index","follow":"follow","max-snippet":"max-snippet:-1","max-image-preview":"max-image-preview:large","max-video-preview":"max-video-preview:-1"},"canonical":"https:\/\/www.itakaescolapios.org\/es\/2013\/02\/solicaldo-viernes-15-a-las-1400\/","og_locale":"es_ES","og_type":"article","og_title":"Solicaldo Viernes 15 a las 14:00 - Itaka-Escolapios","og_description":"Este viernes Solicaldo El viernes que viene celebramos el colegio el d\u00eda del ayuno voluntario, el famoso SOLICALDO, en el que por 1\u20ac podemos compartir un ratito tom\u00e1ndonos este fabuloso [&hellip;]","og_url":"https:\/\/www.itakaescolapios.org\/es\/2013\/02\/solicaldo-viernes-15-a-las-1400\/","og_site_name":"Itaka-Escolapios","article_published_time":"2013-02-13T10:18:39+00:00","article_modified_time":"2023-11-28T11:39:28+00:00","og_image":[{"width":620,"height":456,"url":"https:\/\/www.itakaescolapios.org\/wp-content\/uploads\/2013\/02\/Cartel-Solicaldo-Cuaresma.gif","type":"image\/gif"}],"author":"cordoba01","twitter_card":"summary_large_image","twitter_misc":{"Escrito por":"cordoba01","Tiempo de lectura":"1 minuto"},"schema":{"@context":"https:\/\/schema.org","@graph":[{"@type":"Article","@id":"https:\/\/www.itakaescolapios.org\/es\/2013\/02\/solicaldo-viernes-15-a-las-1400\/#article","isPartOf":{"@id":"https:\/\/www.itakaescolapios.org\/es\/2013\/02\/solicaldo-viernes-15-a-las-1400\/"},"author":{"name":"cordoba01","@id":"https:\/\/www.itakaescolapios.org\/es\/#\/schema\/person\/2393782712fccfca7107fe982babfe79"},"headline":"Solicaldo Viernes 15 a las 14:00","datePublished":"2013-02-13T10:18:39+00:00","dateModified":"2023-11-28T11:39:28+00:00","mainEntityOfPage":{"@id":"https:\/\/www.itakaescolapios.org\/es\/2013\/02\/solicaldo-viernes-15-a-las-1400\/"},"wordCount":194,"publisher":{"@id":"https:\/\/www.itakaescolapios.org\/es\/#organization"},"image":{"@id":"https:\/\/www.itakaescolapios.org\/es\/2013\/02\/solicaldo-viernes-15-a-las-1400\/#primaryimage"},"thumbnailUrl":"https:\/\/www.itakaescolapios.org\/wp-content\/uploads\/2013\/02\/Cartel-Solicaldo-Cuaresma.gif","articleSection":["C\u00f3rdoba"],"inLanguage":"es"},{"@type":"WebPage","@id":"https:\/\/www.itakaescolapios.org\/es\/2013\/02\/solicaldo-viernes-15-a-las-1400\/","url":"https:\/\/www.itakaescolapios.org\/es\/2013\/02\/solicaldo-viernes-15-a-las-1400\/","name":"Solicaldo Viernes 15 a las 14:00 - Itaka-Escolapios","isPartOf":{"@id":"https:\/\/www.itakaescolapios.org\/es\/#website"},"primaryImageOfPage":{"@id":"https:\/\/www.itakaescolapios.org\/es\/2013\/02\/solicaldo-viernes-15-a-las-1400\/#primaryimage"},"image":{"@id":"https:\/\/www.itakaescolapios.org\/es\/2013\/02\/solicaldo-viernes-15-a-las-1400\/#primaryimage"},"thumbnailUrl":"https:\/\/www.itakaescolapios.org\/wp-content\/uploads\/2013\/02\/Cartel-Solicaldo-Cuaresma.gif","datePublished":"2013-02-13T10:18:39+00:00","dateModified":"2023-11-28T11:39:28+00:00","breadcrumb":{"@id":"https:\/\/www.itakaescolapios.org\/es\/2013\/02\/solicaldo-viernes-15-a-las-1400\/#breadcrumb"},"inLanguage":"es","potentialAction":[{"@type":"ReadAction","target":["https:\/\/www.itakaescolapios.org\/es\/2013\/02\/solicaldo-viernes-15-a-las-1400\/"]}]},{"@type":"ImageObject","inLanguage":"es","@id":"https:\/\/www.itakaescolapios.org\/es\/2013\/02\/solicaldo-viernes-15-a-las-1400\/#primaryimage","url":"https:\/\/www.itakaescolapios.org\/wp-content\/uploads\/2013\/02\/Cartel-Solicaldo-Cuaresma.gif","contentUrl":"https:\/\/www.itakaescolapios.org\/wp-content\/uploads\/2013\/02\/Cartel-Solicaldo-Cuaresma.gif","width":"620","height":"456"},{"@type":"BreadcrumbList","@id":"https:\/\/www.itakaescolapios.org\/es\/2013\/02\/solicaldo-viernes-15-a-las-1400\/#breadcrumb","itemListElement":[{"@type":"ListItem","position":1,"name":"Portada","item":"https:\/\/www.itakaescolapios.org\/es\/"},{"@type":"ListItem","position":2,"name":"Solicaldo Viernes 15 a las 14:00"}]},{"@type":"WebSite","@id":"https:\/\/www.itakaescolapios.org\/es\/#website","url":"https:\/\/www.itakaescolapios.org\/es\/","name":"Itaka-Escolapios","description":"Red de Itaka-Escolapios","publisher":{"@id":"https:\/\/www.itakaescolapios.org\/es\/#organization"},"potentialAction":[{"@type":"SearchAction","target":{"@type":"EntryPoint","urlTemplate":"https:\/\/www.itakaescolapios.org\/es\/?s={search_term_string}"},"query-input":{"@type":"PropertyValueSpecification","valueRequired":true,"valueName":"search_term_string"}}],"inLanguage":"es"},{"@type":"Organization","@id":"https:\/\/www.itakaescolapios.org\/es\/#organization","name":"Fundaci\u00f3 Itaka-Escolapios","url":"https:\/\/www.itakaescolapios.org\/es\/","logo":{"@type":"ImageObject","inLanguage":"es","@id":"https:\/\/www.itakaescolapios.org\/es\/#\/schema\/logo\/image\/","url":"https:\/\/www.itakaescolapios.org\/wp-content\/uploads\/2024\/04\/Logo-itakaescolapios-peque.png","contentUrl":"https:\/\/www.itakaescolapios.org\/wp-content\/uploads\/2024\/04\/Logo-itakaescolapios-peque.png","width":500,"height":199,"caption":"Fundaci\u00f3 Itaka-Escolapios"},"image":{"@id":"https:\/\/www.itakaescolapios.org\/es\/#\/schema\/logo\/image\/"}},{"@type":"Person","@id":"https:\/\/www.itakaescolapios.org\/es\/#\/schema\/person\/2393782712fccfca7107fe982babfe79","name":"cordoba01","url":"https:\/\/www.itakaescolapios.org\/es\/author\/cordoba01\/"}]}},"_links":{"self":[{"href":"https:\/\/www.itakaescolapios.org\/es\/wp-json\/wp\/v2\/posts\/5654","targetHints":{"allow":["GET"]}}],"collection":[{"href":"https:\/\/www.itakaescolapios.org\/es\/wp-json\/wp\/v2\/posts"}],"about":[{"href":"https:\/\/www.itakaescolapios.org\/es\/wp-json\/wp\/v2\/types\/post"}],"author":[{"embeddable":true,"href":"https:\/\/www.itakaescolapios.org\/es\/wp-json\/wp\/v2\/users\/23"}],"replies":[{"embeddable":true,"href":"https:\/\/www.itakaescolapios.org\/es\/wp-json\/wp\/v2\/comments?post=5654"}],"version-history":[{"count":10,"href":"https:\/\/www.itakaescolapios.org\/es\/wp-json\/wp\/v2\/posts\/5654\/revisions"}],"predecessor-version":[{"id":49745,"href":"https:\/\/www.itakaescolapios.org\/es\/wp-json\/wp\/v2\/posts\/5654\/revisions\/49745"}],"wp:featuredmedia":[{"embeddable":true,"href":"https:\/\/www.itakaescolapios.org\/es\/wp-json\/wp\/v2\/media\/5655"}],"wp:attachment":[{"href":"https:\/\/www.itakaescolapios.org\/es\/wp-json\/wp\/v2\/media?parent=5654"}],"wp:term":[{"taxonomy":"category","embeddable":true,"href":"https:\/\/www.itakaescolapios.org\/es\/wp-json\/wp\/v2\/categories?post=5654"},{"taxonomy":"post_tag","embeddable":true,"href":"https:\/\/www.itakaescolapios.org\/es\/wp-json\/wp\/v2\/tags?post=5654"}],"curies":[{"name":"wp","href":"https:\/\/api.w.org\/{rel}","templated":true}]}}