{"id":6870,"date":"2013-06-17T18:45:25","date_gmt":"2013-06-17T17:45:25","guid":{"rendered":"https:\/\/www.itakaescolapios.org\/?p=6870"},"modified":"2023-11-28T12:39:20","modified_gmt":"2023-11-28T11:39:20","slug":"cate-i-y-cate-iii-acuden-a-la-confirmacion-de-bilbao","status":"publish","type":"post","link":"https:\/\/www.itakaescolapios.org\/es\/2013\/06\/cate-i-y-cate-iii-acuden-a-la-confirmacion-de-bilbao\/","title":{"rendered":"CATE I Y CATE III ACUDEN A LA CONFIRMACI\u00d3N DE BILBAO"},"content":{"rendered":"<p>Este s\u00e1bado, CATE III del colegio de Bilbao ha celebrado su confirmaci\u00f3n, en el colegio Escolapios, coincidiendo adem\u00e1s con el evento de \u00abArroces del mundo\u00bb que como cada a\u00f1o se celebra en el barrio bilbaino de San Francisco. \u00a0Desde Vitoria quer\u00edamos estar presentes en dichos acontecimientos.<\/p>\n<p>Por ello Cate III parti\u00f3 el Viernes por la noche hacia el caser\u00edo de Lekun-etxea en Arrazola, visitando por el camino el santuario de Urkiola y quedando maravillados con las vistas que ofrece el lugar. \u00a0Junto a ello, el grupo ha realizado sus Proyectos Personales en un lugar privilegiado, visualizando su propia confirmaci\u00f3n.<\/p>\n<p>Por otra parte, Aukera yel grupo de Cate I , tambi\u00e9n acudieron el s\u00e1bado desde primera hora al evento de los \u00abArroces del mundo\u00bb en Bilbao. Estos \u00faltimos, junto a los de Arrazola, fueron a la confirmaci\u00f3n que se desarrollaba en el colegio, compartiendo despu\u00e9s una maravillosa velada en el caser\u00edo.<\/p>\n<p>De esta forma, los grupos de Catecumenado de Vitoria han realizado su \u00faltimo retiro del a\u00f1o.<!--more--><\/p>\n","protected":false},"excerpt":{"rendered":"<p>Este s\u00e1bado, CATE III del colegio de Bilbao ha celebrado su confirmaci\u00f3n, en el colegio Escolapios, coincidiendo adem\u00e1s con el evento de \u00abArroces del mundo\u00bb que como cada a\u00f1o se [&hellip;]<\/p>\n","protected":false},"author":42,"featured_media":6871,"comment_status":"closed","ping_status":"closed","sticky":false,"template":"","format":"standard","meta":{"_et_pb_use_builder":"","_et_pb_old_content":"","_et_gb_content_width":"","footnotes":""},"categories":[13],"tags":[],"class_list":["post-6870","post","type-post","status-publish","format-standard","has-post-thumbnail","hentry","category-vitoria"],"yoast_head":"<!-- This site is optimized with the Yoast SEO plugin v27.4 - https:\/\/yoast.com\/product\/yoast-seo-wordpress\/ -->\n<title>CATE I Y CATE III ACUDEN A LA CONFIRMACI\u00d3N DE BILBAO - Itaka-Escolapios<\/title>\n<meta name=\"robots\" content=\"index, follow, max-snippet:-1, max-image-preview:large, max-video-preview:-1\" \/>\n<link rel=\"canonical\" href=\"https:\/\/www.itakaescolapios.org\/es\/2013\/06\/cate-i-y-cate-iii-acuden-a-la-confirmacion-de-bilbao\/\" \/>\n<meta property=\"og:locale\" content=\"es_ES\" \/>\n<meta property=\"og:type\" content=\"article\" \/>\n<meta property=\"og:title\" content=\"CATE I Y CATE III ACUDEN A LA CONFIRMACI\u00d3N DE BILBAO - Itaka-Escolapios\" \/>\n<meta property=\"og:description\" content=\"Este s\u00e1bado, CATE III del colegio de Bilbao ha celebrado su confirmaci\u00f3n, en el colegio Escolapios, coincidiendo adem\u00e1s con el evento de \u00abArroces del mundo\u00bb que como cada a\u00f1o se [&hellip;]\" \/>\n<meta property=\"og:url\" content=\"https:\/\/www.itakaescolapios.org\/es\/2013\/06\/cate-i-y-cate-iii-acuden-a-la-confirmacion-de-bilbao\/\" \/>\n<meta property=\"og:site_name\" content=\"Itaka-Escolapios\" \/>\n<meta property=\"article:published_time\" content=\"2013-06-17T17:45:25+00:00\" \/>\n<meta property=\"article:modified_time\" content=\"2023-11-28T11:39:20+00:00\" \/>\n<meta property=\"og:image\" content=\"https:\/\/www.itakaescolapios.org\/wp-content\/uploads\/2013\/06\/P1020613.jpg\" \/>\n\t<meta property=\"og:image:width\" content=\"2000\" \/>\n\t<meta property=\"og:image:height\" content=\"1333\" \/>\n\t<meta property=\"og:image:type\" content=\"image\/jpeg\" \/>\n<meta name=\"author\" content=\"gasteiz02\" \/>\n<meta name=\"twitter:card\" content=\"summary_large_image\" \/>\n<meta name=\"twitter:label1\" content=\"Escrito por\" \/>\n\t<meta name=\"twitter:data1\" content=\"gasteiz02\" \/>\n\t<meta name=\"twitter:label2\" content=\"Tiempo de lectura\" \/>\n\t<meta name=\"twitter:data2\" content=\"1 minuto\" \/>\n<script type=\"application\/ld+json\" class=\"yoast-schema-graph\">{\"@context\":\"https:\\\/\\\/schema.org\",\"@graph\":[{\"@type\":\"Article\",\"@id\":\"https:\\\/\\\/www.itakaescolapios.org\\\/es\\\/2013\\\/06\\\/cate-i-y-cate-iii-acuden-a-la-confirmacion-de-bilbao\\\/#article\",\"isPartOf\":{\"@id\":\"https:\\\/\\\/www.itakaescolapios.org\\\/es\\\/2013\\\/06\\\/cate-i-y-cate-iii-acuden-a-la-confirmacion-de-bilbao\\\/\"},\"author\":{\"name\":\"gasteiz02\",\"@id\":\"https:\\\/\\\/www.itakaescolapios.org\\\/es\\\/#\\\/schema\\\/person\\\/9cc185e6cd9bcae456bb4586c2d42ea3\"},\"headline\":\"CATE I Y CATE III ACUDEN A LA CONFIRMACI\u00d3N DE BILBAO\",\"datePublished\":\"2013-06-17T17:45:25+00:00\",\"dateModified\":\"2023-11-28T11:39:20+00:00\",\"mainEntityOfPage\":{\"@id\":\"https:\\\/\\\/www.itakaescolapios.org\\\/es\\\/2013\\\/06\\\/cate-i-y-cate-iii-acuden-a-la-confirmacion-de-bilbao\\\/\"},\"wordCount\":190,\"publisher\":{\"@id\":\"https:\\\/\\\/www.itakaescolapios.org\\\/es\\\/#organization\"},\"image\":{\"@id\":\"https:\\\/\\\/www.itakaescolapios.org\\\/es\\\/2013\\\/06\\\/cate-i-y-cate-iii-acuden-a-la-confirmacion-de-bilbao\\\/#primaryimage\"},\"thumbnailUrl\":\"https:\\\/\\\/www.itakaescolapios.org\\\/wp-content\\\/uploads\\\/2013\\\/06\\\/P1020613.jpg\",\"articleSection\":[\"Vitoria-Gasteiz\"],\"inLanguage\":\"es\"},{\"@type\":\"WebPage\",\"@id\":\"https:\\\/\\\/www.itakaescolapios.org\\\/es\\\/2013\\\/06\\\/cate-i-y-cate-iii-acuden-a-la-confirmacion-de-bilbao\\\/\",\"url\":\"https:\\\/\\\/www.itakaescolapios.org\\\/es\\\/2013\\\/06\\\/cate-i-y-cate-iii-acuden-a-la-confirmacion-de-bilbao\\\/\",\"name\":\"CATE I Y CATE III ACUDEN A LA CONFIRMACI\u00d3N DE BILBAO - Itaka-Escolapios\",\"isPartOf\":{\"@id\":\"https:\\\/\\\/www.itakaescolapios.org\\\/es\\\/#website\"},\"primaryImageOfPage\":{\"@id\":\"https:\\\/\\\/www.itakaescolapios.org\\\/es\\\/2013\\\/06\\\/cate-i-y-cate-iii-acuden-a-la-confirmacion-de-bilbao\\\/#primaryimage\"},\"image\":{\"@id\":\"https:\\\/\\\/www.itakaescolapios.org\\\/es\\\/2013\\\/06\\\/cate-i-y-cate-iii-acuden-a-la-confirmacion-de-bilbao\\\/#primaryimage\"},\"thumbnailUrl\":\"https:\\\/\\\/www.itakaescolapios.org\\\/wp-content\\\/uploads\\\/2013\\\/06\\\/P1020613.jpg\",\"datePublished\":\"2013-06-17T17:45:25+00:00\",\"dateModified\":\"2023-11-28T11:39:20+00:00\",\"breadcrumb\":{\"@id\":\"https:\\\/\\\/www.itakaescolapios.org\\\/es\\\/2013\\\/06\\\/cate-i-y-cate-iii-acuden-a-la-confirmacion-de-bilbao\\\/#breadcrumb\"},\"inLanguage\":\"es\",\"potentialAction\":[{\"@type\":\"ReadAction\",\"target\":[\"https:\\\/\\\/www.itakaescolapios.org\\\/es\\\/2013\\\/06\\\/cate-i-y-cate-iii-acuden-a-la-confirmacion-de-bilbao\\\/\"]}]},{\"@type\":\"ImageObject\",\"inLanguage\":\"es\",\"@id\":\"https:\\\/\\\/www.itakaescolapios.org\\\/es\\\/2013\\\/06\\\/cate-i-y-cate-iii-acuden-a-la-confirmacion-de-bilbao\\\/#primaryimage\",\"url\":\"https:\\\/\\\/www.itakaescolapios.org\\\/wp-content\\\/uploads\\\/2013\\\/06\\\/P1020613.jpg\",\"contentUrl\":\"https:\\\/\\\/www.itakaescolapios.org\\\/wp-content\\\/uploads\\\/2013\\\/06\\\/P1020613.jpg\",\"width\":2000,\"height\":1333},{\"@type\":\"BreadcrumbList\",\"@id\":\"https:\\\/\\\/www.itakaescolapios.org\\\/es\\\/2013\\\/06\\\/cate-i-y-cate-iii-acuden-a-la-confirmacion-de-bilbao\\\/#breadcrumb\",\"itemListElement\":[{\"@type\":\"ListItem\",\"position\":1,\"name\":\"Portada\",\"item\":\"https:\\\/\\\/www.itakaescolapios.org\\\/es\\\/\"},{\"@type\":\"ListItem\",\"position\":2,\"name\":\"CATE I Y CATE III ACUDEN A LA CONFIRMACI\u00d3N DE BILBAO\"}]},{\"@type\":\"WebSite\",\"@id\":\"https:\\\/\\\/www.itakaescolapios.org\\\/es\\\/#website\",\"url\":\"https:\\\/\\\/www.itakaescolapios.org\\\/es\\\/\",\"name\":\"Itaka-Escolapios\",\"description\":\"Red de Itaka-Escolapios\",\"publisher\":{\"@id\":\"https:\\\/\\\/www.itakaescolapios.org\\\/es\\\/#organization\"},\"potentialAction\":[{\"@type\":\"SearchAction\",\"target\":{\"@type\":\"EntryPoint\",\"urlTemplate\":\"https:\\\/\\\/www.itakaescolapios.org\\\/es\\\/?s={search_term_string}\"},\"query-input\":{\"@type\":\"PropertyValueSpecification\",\"valueRequired\":true,\"valueName\":\"search_term_string\"}}],\"inLanguage\":\"es\"},{\"@type\":\"Organization\",\"@id\":\"https:\\\/\\\/www.itakaescolapios.org\\\/es\\\/#organization\",\"name\":\"Fundaci\u00f3 Itaka-Escolapios\",\"url\":\"https:\\\/\\\/www.itakaescolapios.org\\\/es\\\/\",\"logo\":{\"@type\":\"ImageObject\",\"inLanguage\":\"es\",\"@id\":\"https:\\\/\\\/www.itakaescolapios.org\\\/es\\\/#\\\/schema\\\/logo\\\/image\\\/\",\"url\":\"https:\\\/\\\/www.itakaescolapios.org\\\/wp-content\\\/uploads\\\/2024\\\/04\\\/Logo-itakaescolapios-peque.png\",\"contentUrl\":\"https:\\\/\\\/www.itakaescolapios.org\\\/wp-content\\\/uploads\\\/2024\\\/04\\\/Logo-itakaescolapios-peque.png\",\"width\":500,\"height\":199,\"caption\":\"Fundaci\u00f3 Itaka-Escolapios\"},\"image\":{\"@id\":\"https:\\\/\\\/www.itakaescolapios.org\\\/es\\\/#\\\/schema\\\/logo\\\/image\\\/\"}},{\"@type\":\"Person\",\"@id\":\"https:\\\/\\\/www.itakaescolapios.org\\\/es\\\/#\\\/schema\\\/person\\\/9cc185e6cd9bcae456bb4586c2d42ea3\",\"name\":\"gasteiz02\",\"url\":\"https:\\\/\\\/www.itakaescolapios.org\\\/es\\\/author\\\/gasteiz02\\\/\"}]}<\/script>\n<!-- \/ Yoast SEO plugin. -->","yoast_head_json":{"title":"CATE I Y CATE III ACUDEN A LA CONFIRMACI\u00d3N DE BILBAO - Itaka-Escolapios","robots":{"index":"index","follow":"follow","max-snippet":"max-snippet:-1","max-image-preview":"max-image-preview:large","max-video-preview":"max-video-preview:-1"},"canonical":"https:\/\/www.itakaescolapios.org\/es\/2013\/06\/cate-i-y-cate-iii-acuden-a-la-confirmacion-de-bilbao\/","og_locale":"es_ES","og_type":"article","og_title":"CATE I Y CATE III ACUDEN A LA CONFIRMACI\u00d3N DE BILBAO - Itaka-Escolapios","og_description":"Este s\u00e1bado, CATE III del colegio de Bilbao ha celebrado su confirmaci\u00f3n, en el colegio Escolapios, coincidiendo adem\u00e1s con el evento de \u00abArroces del mundo\u00bb que como cada a\u00f1o se [&hellip;]","og_url":"https:\/\/www.itakaescolapios.org\/es\/2013\/06\/cate-i-y-cate-iii-acuden-a-la-confirmacion-de-bilbao\/","og_site_name":"Itaka-Escolapios","article_published_time":"2013-06-17T17:45:25+00:00","article_modified_time":"2023-11-28T11:39:20+00:00","og_image":[{"width":2000,"height":1333,"url":"https:\/\/www.itakaescolapios.org\/wp-content\/uploads\/2013\/06\/P1020613.jpg","type":"image\/jpeg"}],"author":"gasteiz02","twitter_card":"summary_large_image","twitter_misc":{"Escrito por":"gasteiz02","Tiempo de lectura":"1 minuto"},"schema":{"@context":"https:\/\/schema.org","@graph":[{"@type":"Article","@id":"https:\/\/www.itakaescolapios.org\/es\/2013\/06\/cate-i-y-cate-iii-acuden-a-la-confirmacion-de-bilbao\/#article","isPartOf":{"@id":"https:\/\/www.itakaescolapios.org\/es\/2013\/06\/cate-i-y-cate-iii-acuden-a-la-confirmacion-de-bilbao\/"},"author":{"name":"gasteiz02","@id":"https:\/\/www.itakaescolapios.org\/es\/#\/schema\/person\/9cc185e6cd9bcae456bb4586c2d42ea3"},"headline":"CATE I Y CATE III ACUDEN A LA CONFIRMACI\u00d3N DE BILBAO","datePublished":"2013-06-17T17:45:25+00:00","dateModified":"2023-11-28T11:39:20+00:00","mainEntityOfPage":{"@id":"https:\/\/www.itakaescolapios.org\/es\/2013\/06\/cate-i-y-cate-iii-acuden-a-la-confirmacion-de-bilbao\/"},"wordCount":190,"publisher":{"@id":"https:\/\/www.itakaescolapios.org\/es\/#organization"},"image":{"@id":"https:\/\/www.itakaescolapios.org\/es\/2013\/06\/cate-i-y-cate-iii-acuden-a-la-confirmacion-de-bilbao\/#primaryimage"},"thumbnailUrl":"https:\/\/www.itakaescolapios.org\/wp-content\/uploads\/2013\/06\/P1020613.jpg","articleSection":["Vitoria-Gasteiz"],"inLanguage":"es"},{"@type":"WebPage","@id":"https:\/\/www.itakaescolapios.org\/es\/2013\/06\/cate-i-y-cate-iii-acuden-a-la-confirmacion-de-bilbao\/","url":"https:\/\/www.itakaescolapios.org\/es\/2013\/06\/cate-i-y-cate-iii-acuden-a-la-confirmacion-de-bilbao\/","name":"CATE I Y CATE III ACUDEN A LA CONFIRMACI\u00d3N DE BILBAO - Itaka-Escolapios","isPartOf":{"@id":"https:\/\/www.itakaescolapios.org\/es\/#website"},"primaryImageOfPage":{"@id":"https:\/\/www.itakaescolapios.org\/es\/2013\/06\/cate-i-y-cate-iii-acuden-a-la-confirmacion-de-bilbao\/#primaryimage"},"image":{"@id":"https:\/\/www.itakaescolapios.org\/es\/2013\/06\/cate-i-y-cate-iii-acuden-a-la-confirmacion-de-bilbao\/#primaryimage"},"thumbnailUrl":"https:\/\/www.itakaescolapios.org\/wp-content\/uploads\/2013\/06\/P1020613.jpg","datePublished":"2013-06-17T17:45:25+00:00","dateModified":"2023-11-28T11:39:20+00:00","breadcrumb":{"@id":"https:\/\/www.itakaescolapios.org\/es\/2013\/06\/cate-i-y-cate-iii-acuden-a-la-confirmacion-de-bilbao\/#breadcrumb"},"inLanguage":"es","potentialAction":[{"@type":"ReadAction","target":["https:\/\/www.itakaescolapios.org\/es\/2013\/06\/cate-i-y-cate-iii-acuden-a-la-confirmacion-de-bilbao\/"]}]},{"@type":"ImageObject","inLanguage":"es","@id":"https:\/\/www.itakaescolapios.org\/es\/2013\/06\/cate-i-y-cate-iii-acuden-a-la-confirmacion-de-bilbao\/#primaryimage","url":"https:\/\/www.itakaescolapios.org\/wp-content\/uploads\/2013\/06\/P1020613.jpg","contentUrl":"https:\/\/www.itakaescolapios.org\/wp-content\/uploads\/2013\/06\/P1020613.jpg","width":2000,"height":1333},{"@type":"BreadcrumbList","@id":"https:\/\/www.itakaescolapios.org\/es\/2013\/06\/cate-i-y-cate-iii-acuden-a-la-confirmacion-de-bilbao\/#breadcrumb","itemListElement":[{"@type":"ListItem","position":1,"name":"Portada","item":"https:\/\/www.itakaescolapios.org\/es\/"},{"@type":"ListItem","position":2,"name":"CATE I Y CATE III ACUDEN A LA CONFIRMACI\u00d3N DE BILBAO"}]},{"@type":"WebSite","@id":"https:\/\/www.itakaescolapios.org\/es\/#website","url":"https:\/\/www.itakaescolapios.org\/es\/","name":"Itaka-Escolapios","description":"Red de Itaka-Escolapios","publisher":{"@id":"https:\/\/www.itakaescolapios.org\/es\/#organization"},"potentialAction":[{"@type":"SearchAction","target":{"@type":"EntryPoint","urlTemplate":"https:\/\/www.itakaescolapios.org\/es\/?s={search_term_string}"},"query-input":{"@type":"PropertyValueSpecification","valueRequired":true,"valueName":"search_term_string"}}],"inLanguage":"es"},{"@type":"Organization","@id":"https:\/\/www.itakaescolapios.org\/es\/#organization","name":"Fundaci\u00f3 Itaka-Escolapios","url":"https:\/\/www.itakaescolapios.org\/es\/","logo":{"@type":"ImageObject","inLanguage":"es","@id":"https:\/\/www.itakaescolapios.org\/es\/#\/schema\/logo\/image\/","url":"https:\/\/www.itakaescolapios.org\/wp-content\/uploads\/2024\/04\/Logo-itakaescolapios-peque.png","contentUrl":"https:\/\/www.itakaescolapios.org\/wp-content\/uploads\/2024\/04\/Logo-itakaescolapios-peque.png","width":500,"height":199,"caption":"Fundaci\u00f3 Itaka-Escolapios"},"image":{"@id":"https:\/\/www.itakaescolapios.org\/es\/#\/schema\/logo\/image\/"}},{"@type":"Person","@id":"https:\/\/www.itakaescolapios.org\/es\/#\/schema\/person\/9cc185e6cd9bcae456bb4586c2d42ea3","name":"gasteiz02","url":"https:\/\/www.itakaescolapios.org\/es\/author\/gasteiz02\/"}]}},"_links":{"self":[{"href":"https:\/\/www.itakaescolapios.org\/es\/wp-json\/wp\/v2\/posts\/6870","targetHints":{"allow":["GET"]}}],"collection":[{"href":"https:\/\/www.itakaescolapios.org\/es\/wp-json\/wp\/v2\/posts"}],"about":[{"href":"https:\/\/www.itakaescolapios.org\/es\/wp-json\/wp\/v2\/types\/post"}],"author":[{"embeddable":true,"href":"https:\/\/www.itakaescolapios.org\/es\/wp-json\/wp\/v2\/users\/42"}],"replies":[{"embeddable":true,"href":"https:\/\/www.itakaescolapios.org\/es\/wp-json\/wp\/v2\/comments?post=6870"}],"version-history":[{"count":8,"href":"https:\/\/www.itakaescolapios.org\/es\/wp-json\/wp\/v2\/posts\/6870\/revisions"}],"predecessor-version":[{"id":49524,"href":"https:\/\/www.itakaescolapios.org\/es\/wp-json\/wp\/v2\/posts\/6870\/revisions\/49524"}],"wp:featuredmedia":[{"embeddable":true,"href":"https:\/\/www.itakaescolapios.org\/es\/wp-json\/wp\/v2\/media\/6871"}],"wp:attachment":[{"href":"https:\/\/www.itakaescolapios.org\/es\/wp-json\/wp\/v2\/media?parent=6870"}],"wp:term":[{"taxonomy":"category","embeddable":true,"href":"https:\/\/www.itakaescolapios.org\/es\/wp-json\/wp\/v2\/categories?post=6870"},{"taxonomy":"post_tag","embeddable":true,"href":"https:\/\/www.itakaescolapios.org\/es\/wp-json\/wp\/v2\/tags?post=6870"}],"curies":[{"name":"wp","href":"https:\/\/api.w.org\/{rel}","templated":true}]}}