{"id":7018,"date":"2013-07-09T19:18:22","date_gmt":"2013-07-09T18:18:22","guid":{"rendered":"https:\/\/www.itakaescolapios.org\/?p=7018"},"modified":"2023-11-28T12:39:18","modified_gmt":"2023-11-28T11:39:18","slug":"ayuntamiento-de-vitoria-gasteiz-y-banco-de-alimentos-de-alava-colaboran-con-el-hogar-aukera","status":"publish","type":"post","link":"https:\/\/www.itakaescolapios.org\/es\/2013\/07\/ayuntamiento-de-vitoria-gasteiz-y-banco-de-alimentos-de-alava-colaboran-con-el-hogar-aukera\/","title":{"rendered":"AYUNTAMIENTO DE VITORIA-GASTEIZ Y BANCO DE ALIMENTOS DE \u00c1LAVA COLABORAN CON EL HOGAR AUKERA"},"content":{"rendered":"<p>En la convocatoria de ayudas a proyectos sociales del a\u00f1o 2013 el Ayuntamiento de Vitoria-Gasteiz ha concedido al hogar Aukera en el barrio de Adurza \u00a0la subvenci\u00f3n de <strong>6.193 euros<\/strong> que se destinar\u00e1 a cubrir los gastos de personal dedicado al acompa\u00f1amiento educativo de los j\u00f3venes acogidos. \u00c9sta es la segunda vez que el proyecto recibe financiaci\u00f3n del Ayuntamiento de Vitoria en la convocatoria de servicios sociales.<\/p>\n<p>Adem\u00e1s de esta ayuda, el Banco de Alimentos de \u00c1lava se ha comprometido con la Fundaci\u00f3n Itaka Escolapios a \u00a0colaborar con una cantidad mensual fija de alimentos para el hogar. En el mes de junio hemos recogido el primer paquete con 25 kilos de comida.<\/p>\n<p>Agradecemos a estas dos entidades su colaboraci\u00f3n con Itaka Escolapios y su compromiso con las personas m\u00e1s desfavorecidas de nuestra ciudad.<!--more--><\/p>\n","protected":false},"excerpt":{"rendered":"<p>En la convocatoria de ayudas a proyectos sociales del a\u00f1o 2013 el Ayuntamiento de Vitoria-Gasteiz ha concedido al hogar Aukera en el barrio de Adurza \u00a0la subvenci\u00f3n de 6.193 euros [&hellip;]<\/p>\n","protected":false},"author":41,"featured_media":7019,"comment_status":"closed","ping_status":"closed","sticky":false,"template":"","format":"standard","meta":{"_et_pb_use_builder":"","_et_pb_old_content":"","_et_gb_content_width":"","footnotes":""},"categories":[13],"tags":[],"class_list":["post-7018","post","type-post","status-publish","format-standard","has-post-thumbnail","hentry","category-vitoria"],"yoast_head":"<!-- This site is optimized with the Yoast SEO plugin v27.4 - https:\/\/yoast.com\/product\/yoast-seo-wordpress\/ -->\n<title>AYUNTAMIENTO DE VITORIA-GASTEIZ Y BANCO DE ALIMENTOS DE \u00c1LAVA COLABORAN CON EL HOGAR AUKERA - Itaka-Escolapios<\/title>\n<meta name=\"robots\" content=\"index, follow, max-snippet:-1, max-image-preview:large, max-video-preview:-1\" \/>\n<link rel=\"canonical\" href=\"https:\/\/www.itakaescolapios.org\/es\/2013\/07\/ayuntamiento-de-vitoria-gasteiz-y-banco-de-alimentos-de-alava-colaboran-con-el-hogar-aukera\/\" \/>\n<meta property=\"og:locale\" content=\"es_ES\" \/>\n<meta property=\"og:type\" content=\"article\" \/>\n<meta property=\"og:title\" content=\"AYUNTAMIENTO DE VITORIA-GASTEIZ Y BANCO DE ALIMENTOS DE \u00c1LAVA COLABORAN CON EL HOGAR AUKERA - Itaka-Escolapios\" \/>\n<meta property=\"og:description\" content=\"En la convocatoria de ayudas a proyectos sociales del a\u00f1o 2013 el Ayuntamiento de Vitoria-Gasteiz ha concedido al hogar Aukera en el barrio de Adurza \u00a0la subvenci\u00f3n de 6.193 euros [&hellip;]\" \/>\n<meta property=\"og:url\" content=\"https:\/\/www.itakaescolapios.org\/es\/2013\/07\/ayuntamiento-de-vitoria-gasteiz-y-banco-de-alimentos-de-alava-colaboran-con-el-hogar-aukera\/\" \/>\n<meta property=\"og:site_name\" content=\"Itaka-Escolapios\" \/>\n<meta property=\"article:published_time\" content=\"2013-07-09T18:18:22+00:00\" \/>\n<meta property=\"article:modified_time\" content=\"2023-11-28T11:39:18+00:00\" \/>\n<meta property=\"og:image\" content=\"https:\/\/www.itakaescolapios.org\/wp-content\/uploads\/2013\/07\/IMAG0099.jpg\" \/>\n\t<meta property=\"og:image:width\" content=\"1000\" \/>\n\t<meta property=\"og:image:height\" content=\"1500\" \/>\n\t<meta property=\"og:image:type\" content=\"image\/jpeg\" \/>\n<meta name=\"author\" content=\"gasteiz01\" \/>\n<meta name=\"twitter:card\" content=\"summary_large_image\" \/>\n<meta name=\"twitter:label1\" content=\"Escrito por\" \/>\n\t<meta name=\"twitter:data1\" content=\"gasteiz01\" \/>\n\t<meta name=\"twitter:label2\" content=\"Tiempo de lectura\" \/>\n\t<meta name=\"twitter:data2\" content=\"1 minuto\" \/>\n<script type=\"application\/ld+json\" class=\"yoast-schema-graph\">{\"@context\":\"https:\\\/\\\/schema.org\",\"@graph\":[{\"@type\":\"Article\",\"@id\":\"https:\\\/\\\/www.itakaescolapios.org\\\/es\\\/2013\\\/07\\\/ayuntamiento-de-vitoria-gasteiz-y-banco-de-alimentos-de-alava-colaboran-con-el-hogar-aukera\\\/#article\",\"isPartOf\":{\"@id\":\"https:\\\/\\\/www.itakaescolapios.org\\\/es\\\/2013\\\/07\\\/ayuntamiento-de-vitoria-gasteiz-y-banco-de-alimentos-de-alava-colaboran-con-el-hogar-aukera\\\/\"},\"author\":{\"name\":\"gasteiz01\",\"@id\":\"https:\\\/\\\/www.itakaescolapios.org\\\/es\\\/#\\\/schema\\\/person\\\/ab0993cd608ccb55ef100715f05010e1\"},\"headline\":\"AYUNTAMIENTO DE VITORIA-GASTEIZ Y BANCO DE ALIMENTOS DE \u00c1LAVA COLABORAN CON EL HOGAR AUKERA\",\"datePublished\":\"2013-07-09T18:18:22+00:00\",\"dateModified\":\"2023-11-28T11:39:18+00:00\",\"mainEntityOfPage\":{\"@id\":\"https:\\\/\\\/www.itakaescolapios.org\\\/es\\\/2013\\\/07\\\/ayuntamiento-de-vitoria-gasteiz-y-banco-de-alimentos-de-alava-colaboran-con-el-hogar-aukera\\\/\"},\"wordCount\":153,\"publisher\":{\"@id\":\"https:\\\/\\\/www.itakaescolapios.org\\\/es\\\/#organization\"},\"image\":{\"@id\":\"https:\\\/\\\/www.itakaescolapios.org\\\/es\\\/2013\\\/07\\\/ayuntamiento-de-vitoria-gasteiz-y-banco-de-alimentos-de-alava-colaboran-con-el-hogar-aukera\\\/#primaryimage\"},\"thumbnailUrl\":\"https:\\\/\\\/www.itakaescolapios.org\\\/wp-content\\\/uploads\\\/2013\\\/07\\\/IMAG0099.jpg\",\"articleSection\":[\"Vitoria-Gasteiz\"],\"inLanguage\":\"es\"},{\"@type\":\"WebPage\",\"@id\":\"https:\\\/\\\/www.itakaescolapios.org\\\/es\\\/2013\\\/07\\\/ayuntamiento-de-vitoria-gasteiz-y-banco-de-alimentos-de-alava-colaboran-con-el-hogar-aukera\\\/\",\"url\":\"https:\\\/\\\/www.itakaescolapios.org\\\/es\\\/2013\\\/07\\\/ayuntamiento-de-vitoria-gasteiz-y-banco-de-alimentos-de-alava-colaboran-con-el-hogar-aukera\\\/\",\"name\":\"AYUNTAMIENTO DE VITORIA-GASTEIZ Y BANCO DE ALIMENTOS DE \u00c1LAVA COLABORAN CON EL HOGAR AUKERA - Itaka-Escolapios\",\"isPartOf\":{\"@id\":\"https:\\\/\\\/www.itakaescolapios.org\\\/es\\\/#website\"},\"primaryImageOfPage\":{\"@id\":\"https:\\\/\\\/www.itakaescolapios.org\\\/es\\\/2013\\\/07\\\/ayuntamiento-de-vitoria-gasteiz-y-banco-de-alimentos-de-alava-colaboran-con-el-hogar-aukera\\\/#primaryimage\"},\"image\":{\"@id\":\"https:\\\/\\\/www.itakaescolapios.org\\\/es\\\/2013\\\/07\\\/ayuntamiento-de-vitoria-gasteiz-y-banco-de-alimentos-de-alava-colaboran-con-el-hogar-aukera\\\/#primaryimage\"},\"thumbnailUrl\":\"https:\\\/\\\/www.itakaescolapios.org\\\/wp-content\\\/uploads\\\/2013\\\/07\\\/IMAG0099.jpg\",\"datePublished\":\"2013-07-09T18:18:22+00:00\",\"dateModified\":\"2023-11-28T11:39:18+00:00\",\"breadcrumb\":{\"@id\":\"https:\\\/\\\/www.itakaescolapios.org\\\/es\\\/2013\\\/07\\\/ayuntamiento-de-vitoria-gasteiz-y-banco-de-alimentos-de-alava-colaboran-con-el-hogar-aukera\\\/#breadcrumb\"},\"inLanguage\":\"es\",\"potentialAction\":[{\"@type\":\"ReadAction\",\"target\":[\"https:\\\/\\\/www.itakaescolapios.org\\\/es\\\/2013\\\/07\\\/ayuntamiento-de-vitoria-gasteiz-y-banco-de-alimentos-de-alava-colaboran-con-el-hogar-aukera\\\/\"]}]},{\"@type\":\"ImageObject\",\"inLanguage\":\"es\",\"@id\":\"https:\\\/\\\/www.itakaescolapios.org\\\/es\\\/2013\\\/07\\\/ayuntamiento-de-vitoria-gasteiz-y-banco-de-alimentos-de-alava-colaboran-con-el-hogar-aukera\\\/#primaryimage\",\"url\":\"https:\\\/\\\/www.itakaescolapios.org\\\/wp-content\\\/uploads\\\/2013\\\/07\\\/IMAG0099.jpg\",\"contentUrl\":\"https:\\\/\\\/www.itakaescolapios.org\\\/wp-content\\\/uploads\\\/2013\\\/07\\\/IMAG0099.jpg\",\"width\":1000,\"height\":1500},{\"@type\":\"BreadcrumbList\",\"@id\":\"https:\\\/\\\/www.itakaescolapios.org\\\/es\\\/2013\\\/07\\\/ayuntamiento-de-vitoria-gasteiz-y-banco-de-alimentos-de-alava-colaboran-con-el-hogar-aukera\\\/#breadcrumb\",\"itemListElement\":[{\"@type\":\"ListItem\",\"position\":1,\"name\":\"Portada\",\"item\":\"https:\\\/\\\/www.itakaescolapios.org\\\/es\\\/\"},{\"@type\":\"ListItem\",\"position\":2,\"name\":\"AYUNTAMIENTO DE VITORIA-GASTEIZ Y BANCO DE ALIMENTOS DE \u00c1LAVA COLABORAN CON EL HOGAR AUKERA\"}]},{\"@type\":\"WebSite\",\"@id\":\"https:\\\/\\\/www.itakaescolapios.org\\\/es\\\/#website\",\"url\":\"https:\\\/\\\/www.itakaescolapios.org\\\/es\\\/\",\"name\":\"Itaka-Escolapios\",\"description\":\"Red de Itaka-Escolapios\",\"publisher\":{\"@id\":\"https:\\\/\\\/www.itakaescolapios.org\\\/es\\\/#organization\"},\"potentialAction\":[{\"@type\":\"SearchAction\",\"target\":{\"@type\":\"EntryPoint\",\"urlTemplate\":\"https:\\\/\\\/www.itakaescolapios.org\\\/es\\\/?s={search_term_string}\"},\"query-input\":{\"@type\":\"PropertyValueSpecification\",\"valueRequired\":true,\"valueName\":\"search_term_string\"}}],\"inLanguage\":\"es\"},{\"@type\":\"Organization\",\"@id\":\"https:\\\/\\\/www.itakaescolapios.org\\\/es\\\/#organization\",\"name\":\"Fundaci\u00f3 Itaka-Escolapios\",\"url\":\"https:\\\/\\\/www.itakaescolapios.org\\\/es\\\/\",\"logo\":{\"@type\":\"ImageObject\",\"inLanguage\":\"es\",\"@id\":\"https:\\\/\\\/www.itakaescolapios.org\\\/es\\\/#\\\/schema\\\/logo\\\/image\\\/\",\"url\":\"https:\\\/\\\/www.itakaescolapios.org\\\/wp-content\\\/uploads\\\/2024\\\/04\\\/Logo-itakaescolapios-peque.png\",\"contentUrl\":\"https:\\\/\\\/www.itakaescolapios.org\\\/wp-content\\\/uploads\\\/2024\\\/04\\\/Logo-itakaescolapios-peque.png\",\"width\":500,\"height\":199,\"caption\":\"Fundaci\u00f3 Itaka-Escolapios\"},\"image\":{\"@id\":\"https:\\\/\\\/www.itakaescolapios.org\\\/es\\\/#\\\/schema\\\/logo\\\/image\\\/\"}},{\"@type\":\"Person\",\"@id\":\"https:\\\/\\\/www.itakaescolapios.org\\\/es\\\/#\\\/schema\\\/person\\\/ab0993cd608ccb55ef100715f05010e1\",\"name\":\"gasteiz01\",\"url\":\"https:\\\/\\\/www.itakaescolapios.org\\\/es\\\/author\\\/gasteiz01\\\/\"}]}<\/script>\n<!-- \/ Yoast SEO plugin. -->","yoast_head_json":{"title":"AYUNTAMIENTO DE VITORIA-GASTEIZ Y BANCO DE ALIMENTOS DE \u00c1LAVA COLABORAN CON EL HOGAR AUKERA - Itaka-Escolapios","robots":{"index":"index","follow":"follow","max-snippet":"max-snippet:-1","max-image-preview":"max-image-preview:large","max-video-preview":"max-video-preview:-1"},"canonical":"https:\/\/www.itakaescolapios.org\/es\/2013\/07\/ayuntamiento-de-vitoria-gasteiz-y-banco-de-alimentos-de-alava-colaboran-con-el-hogar-aukera\/","og_locale":"es_ES","og_type":"article","og_title":"AYUNTAMIENTO DE VITORIA-GASTEIZ Y BANCO DE ALIMENTOS DE \u00c1LAVA COLABORAN CON EL HOGAR AUKERA - Itaka-Escolapios","og_description":"En la convocatoria de ayudas a proyectos sociales del a\u00f1o 2013 el Ayuntamiento de Vitoria-Gasteiz ha concedido al hogar Aukera en el barrio de Adurza \u00a0la subvenci\u00f3n de 6.193 euros [&hellip;]","og_url":"https:\/\/www.itakaescolapios.org\/es\/2013\/07\/ayuntamiento-de-vitoria-gasteiz-y-banco-de-alimentos-de-alava-colaboran-con-el-hogar-aukera\/","og_site_name":"Itaka-Escolapios","article_published_time":"2013-07-09T18:18:22+00:00","article_modified_time":"2023-11-28T11:39:18+00:00","og_image":[{"width":1000,"height":1500,"url":"https:\/\/www.itakaescolapios.org\/wp-content\/uploads\/2013\/07\/IMAG0099.jpg","type":"image\/jpeg"}],"author":"gasteiz01","twitter_card":"summary_large_image","twitter_misc":{"Escrito por":"gasteiz01","Tiempo de lectura":"1 minuto"},"schema":{"@context":"https:\/\/schema.org","@graph":[{"@type":"Article","@id":"https:\/\/www.itakaescolapios.org\/es\/2013\/07\/ayuntamiento-de-vitoria-gasteiz-y-banco-de-alimentos-de-alava-colaboran-con-el-hogar-aukera\/#article","isPartOf":{"@id":"https:\/\/www.itakaescolapios.org\/es\/2013\/07\/ayuntamiento-de-vitoria-gasteiz-y-banco-de-alimentos-de-alava-colaboran-con-el-hogar-aukera\/"},"author":{"name":"gasteiz01","@id":"https:\/\/www.itakaescolapios.org\/es\/#\/schema\/person\/ab0993cd608ccb55ef100715f05010e1"},"headline":"AYUNTAMIENTO DE VITORIA-GASTEIZ Y BANCO DE ALIMENTOS DE \u00c1LAVA COLABORAN CON EL HOGAR AUKERA","datePublished":"2013-07-09T18:18:22+00:00","dateModified":"2023-11-28T11:39:18+00:00","mainEntityOfPage":{"@id":"https:\/\/www.itakaescolapios.org\/es\/2013\/07\/ayuntamiento-de-vitoria-gasteiz-y-banco-de-alimentos-de-alava-colaboran-con-el-hogar-aukera\/"},"wordCount":153,"publisher":{"@id":"https:\/\/www.itakaescolapios.org\/es\/#organization"},"image":{"@id":"https:\/\/www.itakaescolapios.org\/es\/2013\/07\/ayuntamiento-de-vitoria-gasteiz-y-banco-de-alimentos-de-alava-colaboran-con-el-hogar-aukera\/#primaryimage"},"thumbnailUrl":"https:\/\/www.itakaescolapios.org\/wp-content\/uploads\/2013\/07\/IMAG0099.jpg","articleSection":["Vitoria-Gasteiz"],"inLanguage":"es"},{"@type":"WebPage","@id":"https:\/\/www.itakaescolapios.org\/es\/2013\/07\/ayuntamiento-de-vitoria-gasteiz-y-banco-de-alimentos-de-alava-colaboran-con-el-hogar-aukera\/","url":"https:\/\/www.itakaescolapios.org\/es\/2013\/07\/ayuntamiento-de-vitoria-gasteiz-y-banco-de-alimentos-de-alava-colaboran-con-el-hogar-aukera\/","name":"AYUNTAMIENTO DE VITORIA-GASTEIZ Y BANCO DE ALIMENTOS DE \u00c1LAVA COLABORAN CON EL HOGAR AUKERA - Itaka-Escolapios","isPartOf":{"@id":"https:\/\/www.itakaescolapios.org\/es\/#website"},"primaryImageOfPage":{"@id":"https:\/\/www.itakaescolapios.org\/es\/2013\/07\/ayuntamiento-de-vitoria-gasteiz-y-banco-de-alimentos-de-alava-colaboran-con-el-hogar-aukera\/#primaryimage"},"image":{"@id":"https:\/\/www.itakaescolapios.org\/es\/2013\/07\/ayuntamiento-de-vitoria-gasteiz-y-banco-de-alimentos-de-alava-colaboran-con-el-hogar-aukera\/#primaryimage"},"thumbnailUrl":"https:\/\/www.itakaescolapios.org\/wp-content\/uploads\/2013\/07\/IMAG0099.jpg","datePublished":"2013-07-09T18:18:22+00:00","dateModified":"2023-11-28T11:39:18+00:00","breadcrumb":{"@id":"https:\/\/www.itakaescolapios.org\/es\/2013\/07\/ayuntamiento-de-vitoria-gasteiz-y-banco-de-alimentos-de-alava-colaboran-con-el-hogar-aukera\/#breadcrumb"},"inLanguage":"es","potentialAction":[{"@type":"ReadAction","target":["https:\/\/www.itakaescolapios.org\/es\/2013\/07\/ayuntamiento-de-vitoria-gasteiz-y-banco-de-alimentos-de-alava-colaboran-con-el-hogar-aukera\/"]}]},{"@type":"ImageObject","inLanguage":"es","@id":"https:\/\/www.itakaescolapios.org\/es\/2013\/07\/ayuntamiento-de-vitoria-gasteiz-y-banco-de-alimentos-de-alava-colaboran-con-el-hogar-aukera\/#primaryimage","url":"https:\/\/www.itakaescolapios.org\/wp-content\/uploads\/2013\/07\/IMAG0099.jpg","contentUrl":"https:\/\/www.itakaescolapios.org\/wp-content\/uploads\/2013\/07\/IMAG0099.jpg","width":1000,"height":1500},{"@type":"BreadcrumbList","@id":"https:\/\/www.itakaescolapios.org\/es\/2013\/07\/ayuntamiento-de-vitoria-gasteiz-y-banco-de-alimentos-de-alava-colaboran-con-el-hogar-aukera\/#breadcrumb","itemListElement":[{"@type":"ListItem","position":1,"name":"Portada","item":"https:\/\/www.itakaescolapios.org\/es\/"},{"@type":"ListItem","position":2,"name":"AYUNTAMIENTO DE VITORIA-GASTEIZ Y BANCO DE ALIMENTOS DE \u00c1LAVA COLABORAN CON EL HOGAR AUKERA"}]},{"@type":"WebSite","@id":"https:\/\/www.itakaescolapios.org\/es\/#website","url":"https:\/\/www.itakaescolapios.org\/es\/","name":"Itaka-Escolapios","description":"Red de Itaka-Escolapios","publisher":{"@id":"https:\/\/www.itakaescolapios.org\/es\/#organization"},"potentialAction":[{"@type":"SearchAction","target":{"@type":"EntryPoint","urlTemplate":"https:\/\/www.itakaescolapios.org\/es\/?s={search_term_string}"},"query-input":{"@type":"PropertyValueSpecification","valueRequired":true,"valueName":"search_term_string"}}],"inLanguage":"es"},{"@type":"Organization","@id":"https:\/\/www.itakaescolapios.org\/es\/#organization","name":"Fundaci\u00f3 Itaka-Escolapios","url":"https:\/\/www.itakaescolapios.org\/es\/","logo":{"@type":"ImageObject","inLanguage":"es","@id":"https:\/\/www.itakaescolapios.org\/es\/#\/schema\/logo\/image\/","url":"https:\/\/www.itakaescolapios.org\/wp-content\/uploads\/2024\/04\/Logo-itakaescolapios-peque.png","contentUrl":"https:\/\/www.itakaescolapios.org\/wp-content\/uploads\/2024\/04\/Logo-itakaescolapios-peque.png","width":500,"height":199,"caption":"Fundaci\u00f3 Itaka-Escolapios"},"image":{"@id":"https:\/\/www.itakaescolapios.org\/es\/#\/schema\/logo\/image\/"}},{"@type":"Person","@id":"https:\/\/www.itakaescolapios.org\/es\/#\/schema\/person\/ab0993cd608ccb55ef100715f05010e1","name":"gasteiz01","url":"https:\/\/www.itakaescolapios.org\/es\/author\/gasteiz01\/"}]}},"_links":{"self":[{"href":"https:\/\/www.itakaescolapios.org\/es\/wp-json\/wp\/v2\/posts\/7018","targetHints":{"allow":["GET"]}}],"collection":[{"href":"https:\/\/www.itakaescolapios.org\/es\/wp-json\/wp\/v2\/posts"}],"about":[{"href":"https:\/\/www.itakaescolapios.org\/es\/wp-json\/wp\/v2\/types\/post"}],"author":[{"embeddable":true,"href":"https:\/\/www.itakaescolapios.org\/es\/wp-json\/wp\/v2\/users\/41"}],"replies":[{"embeddable":true,"href":"https:\/\/www.itakaescolapios.org\/es\/wp-json\/wp\/v2\/comments?post=7018"}],"version-history":[{"count":4,"href":"https:\/\/www.itakaescolapios.org\/es\/wp-json\/wp\/v2\/posts\/7018\/revisions"}],"predecessor-version":[{"id":49490,"href":"https:\/\/www.itakaescolapios.org\/es\/wp-json\/wp\/v2\/posts\/7018\/revisions\/49490"}],"wp:featuredmedia":[{"embeddable":true,"href":"https:\/\/www.itakaescolapios.org\/es\/wp-json\/wp\/v2\/media\/7019"}],"wp:attachment":[{"href":"https:\/\/www.itakaescolapios.org\/es\/wp-json\/wp\/v2\/media?parent=7018"}],"wp:term":[{"taxonomy":"category","embeddable":true,"href":"https:\/\/www.itakaescolapios.org\/es\/wp-json\/wp\/v2\/categories?post=7018"},{"taxonomy":"post_tag","embeddable":true,"href":"https:\/\/www.itakaescolapios.org\/es\/wp-json\/wp\/v2\/tags?post=7018"}],"curies":[{"name":"wp","href":"https:\/\/api.w.org\/{rel}","templated":true}]}}