{"id":7656,"date":"2013-11-01T16:10:08","date_gmt":"2013-11-01T15:10:08","guid":{"rendered":"https:\/\/www.itakaescolapios.org\/?p=7656"},"modified":"2023-11-28T12:39:14","modified_gmt":"2023-11-28T11:39:14","slug":"convivencia-de-aventureros-1-en-sevilla","status":"publish","type":"post","link":"https:\/\/www.itakaescolapios.org\/es\/2013\/11\/convivencia-de-aventureros-1-en-sevilla\/","title":{"rendered":"Convivencia de Aventureros 1 en Sevilla"},"content":{"rendered":"<p>Este fin de semana, los Artesanos 1 de Sevilla hemos estado de convivencia. Han sido un total de 50 ni\u00f1os. \u00a1El MC crece!<\/p>\n<p>En este fin de semana los ni\u00f1os han aprendido que son una manada unida y han conocido a Akela, el que ser\u00e1 su referente a lo largo de este curso. Hemos compartido momentos de risas, juegos, canciones, momentos de reflexi\u00f3n&#8230; Y, \u00bfqu\u00e9 mejor forma de acabar una convivencia que celebrando todos juntos la eucarist\u00eda?<\/p>\n<p>Ha sido un fin de semana bastante completo en el que los ni\u00f1os han aprendido un mont\u00f3n de cosas sobre ellos y sobre la vida dentro del grupo.<\/p>\n","protected":false},"excerpt":{"rendered":"<p>Este fin de semana, los Artesanos 1 de Sevilla hemos estado de convivencia. Han sido un total de 50 ni\u00f1os. \u00a1El MC crece! En este fin de semana los ni\u00f1os [&hellip;]<\/p>\n","protected":false},"author":32,"featured_media":7657,"comment_status":"closed","ping_status":"closed","sticky":false,"template":"","format":"standard","meta":{"_et_pb_use_builder":"","_et_pb_old_content":"","_et_gb_content_width":"","footnotes":""},"categories":[21],"tags":[],"class_list":["post-7656","post","type-post","status-publish","format-standard","has-post-thumbnail","hentry","category-sevilla"],"yoast_head":"<!-- This site is optimized with the Yoast SEO plugin v27.4 - https:\/\/yoast.com\/product\/yoast-seo-wordpress\/ -->\n<title>Convivencia de Aventureros 1 en Sevilla - Itaka-Escolapios<\/title>\n<meta name=\"robots\" content=\"index, follow, max-snippet:-1, max-image-preview:large, max-video-preview:-1\" \/>\n<link rel=\"canonical\" href=\"https:\/\/www.itakaescolapios.org\/es\/2013\/11\/convivencia-de-aventureros-1-en-sevilla\/\" \/>\n<meta property=\"og:locale\" content=\"es_ES\" \/>\n<meta property=\"og:type\" content=\"article\" \/>\n<meta property=\"og:title\" content=\"Convivencia de Aventureros 1 en Sevilla - Itaka-Escolapios\" \/>\n<meta property=\"og:description\" content=\"Este fin de semana, los Artesanos 1 de Sevilla hemos estado de convivencia. Han sido un total de 50 ni\u00f1os. \u00a1El MC crece! En este fin de semana los ni\u00f1os [&hellip;]\" \/>\n<meta property=\"og:url\" content=\"https:\/\/www.itakaescolapios.org\/es\/2013\/11\/convivencia-de-aventureros-1-en-sevilla\/\" \/>\n<meta property=\"og:site_name\" content=\"Itaka-Escolapios\" \/>\n<meta property=\"article:published_time\" content=\"2013-11-01T15:10:08+00:00\" \/>\n<meta property=\"article:modified_time\" content=\"2023-11-28T11:39:14+00:00\" \/>\n<meta property=\"og:image\" content=\"https:\/\/www.itakaescolapios.org\/wp-content\/uploads\/2013\/11\/1381609_410119872450593_1655875357_n.jpg\" \/>\n\t<meta property=\"og:image:width\" content=\"960\" \/>\n\t<meta property=\"og:image:height\" content=\"540\" \/>\n\t<meta property=\"og:image:type\" content=\"image\/jpeg\" \/>\n<meta name=\"author\" content=\"sevilla02\" \/>\n<meta name=\"twitter:card\" content=\"summary_large_image\" \/>\n<meta name=\"twitter:label1\" content=\"Escrito por\" \/>\n\t<meta name=\"twitter:data1\" content=\"sevilla02\" \/>\n\t<meta name=\"twitter:label2\" content=\"Tiempo de lectura\" \/>\n\t<meta name=\"twitter:data2\" content=\"1 minuto\" \/>\n<script type=\"application\/ld+json\" class=\"yoast-schema-graph\">{\"@context\":\"https:\\\/\\\/schema.org\",\"@graph\":[{\"@type\":\"Article\",\"@id\":\"https:\\\/\\\/www.itakaescolapios.org\\\/es\\\/2013\\\/11\\\/convivencia-de-aventureros-1-en-sevilla\\\/#article\",\"isPartOf\":{\"@id\":\"https:\\\/\\\/www.itakaescolapios.org\\\/es\\\/2013\\\/11\\\/convivencia-de-aventureros-1-en-sevilla\\\/\"},\"author\":{\"name\":\"sevilla02\",\"@id\":\"https:\\\/\\\/www.itakaescolapios.org\\\/es\\\/#\\\/schema\\\/person\\\/9d38cb4c6acec09134bd66519cd18b4d\"},\"headline\":\"Convivencia de Aventureros 1 en Sevilla\",\"datePublished\":\"2013-11-01T15:10:08+00:00\",\"dateModified\":\"2023-11-28T11:39:14+00:00\",\"mainEntityOfPage\":{\"@id\":\"https:\\\/\\\/www.itakaescolapios.org\\\/es\\\/2013\\\/11\\\/convivencia-de-aventureros-1-en-sevilla\\\/\"},\"wordCount\":114,\"publisher\":{\"@id\":\"https:\\\/\\\/www.itakaescolapios.org\\\/es\\\/#organization\"},\"image\":{\"@id\":\"https:\\\/\\\/www.itakaescolapios.org\\\/es\\\/2013\\\/11\\\/convivencia-de-aventureros-1-en-sevilla\\\/#primaryimage\"},\"thumbnailUrl\":\"https:\\\/\\\/www.itakaescolapios.org\\\/wp-content\\\/uploads\\\/2013\\\/11\\\/1381609_410119872450593_1655875357_n.jpg\",\"articleSection\":[\"Sevilla\"],\"inLanguage\":\"es\"},{\"@type\":\"WebPage\",\"@id\":\"https:\\\/\\\/www.itakaescolapios.org\\\/es\\\/2013\\\/11\\\/convivencia-de-aventureros-1-en-sevilla\\\/\",\"url\":\"https:\\\/\\\/www.itakaescolapios.org\\\/es\\\/2013\\\/11\\\/convivencia-de-aventureros-1-en-sevilla\\\/\",\"name\":\"Convivencia de Aventureros 1 en Sevilla - Itaka-Escolapios\",\"isPartOf\":{\"@id\":\"https:\\\/\\\/www.itakaescolapios.org\\\/es\\\/#website\"},\"primaryImageOfPage\":{\"@id\":\"https:\\\/\\\/www.itakaescolapios.org\\\/es\\\/2013\\\/11\\\/convivencia-de-aventureros-1-en-sevilla\\\/#primaryimage\"},\"image\":{\"@id\":\"https:\\\/\\\/www.itakaescolapios.org\\\/es\\\/2013\\\/11\\\/convivencia-de-aventureros-1-en-sevilla\\\/#primaryimage\"},\"thumbnailUrl\":\"https:\\\/\\\/www.itakaescolapios.org\\\/wp-content\\\/uploads\\\/2013\\\/11\\\/1381609_410119872450593_1655875357_n.jpg\",\"datePublished\":\"2013-11-01T15:10:08+00:00\",\"dateModified\":\"2023-11-28T11:39:14+00:00\",\"breadcrumb\":{\"@id\":\"https:\\\/\\\/www.itakaescolapios.org\\\/es\\\/2013\\\/11\\\/convivencia-de-aventureros-1-en-sevilla\\\/#breadcrumb\"},\"inLanguage\":\"es\",\"potentialAction\":[{\"@type\":\"ReadAction\",\"target\":[\"https:\\\/\\\/www.itakaescolapios.org\\\/es\\\/2013\\\/11\\\/convivencia-de-aventureros-1-en-sevilla\\\/\"]}]},{\"@type\":\"ImageObject\",\"inLanguage\":\"es\",\"@id\":\"https:\\\/\\\/www.itakaescolapios.org\\\/es\\\/2013\\\/11\\\/convivencia-de-aventureros-1-en-sevilla\\\/#primaryimage\",\"url\":\"https:\\\/\\\/www.itakaescolapios.org\\\/wp-content\\\/uploads\\\/2013\\\/11\\\/1381609_410119872450593_1655875357_n.jpg\",\"contentUrl\":\"https:\\\/\\\/www.itakaescolapios.org\\\/wp-content\\\/uploads\\\/2013\\\/11\\\/1381609_410119872450593_1655875357_n.jpg\",\"width\":960,\"height\":540},{\"@type\":\"BreadcrumbList\",\"@id\":\"https:\\\/\\\/www.itakaescolapios.org\\\/es\\\/2013\\\/11\\\/convivencia-de-aventureros-1-en-sevilla\\\/#breadcrumb\",\"itemListElement\":[{\"@type\":\"ListItem\",\"position\":1,\"name\":\"Portada\",\"item\":\"https:\\\/\\\/www.itakaescolapios.org\\\/es\\\/\"},{\"@type\":\"ListItem\",\"position\":2,\"name\":\"Convivencia de Aventureros 1 en Sevilla\"}]},{\"@type\":\"WebSite\",\"@id\":\"https:\\\/\\\/www.itakaescolapios.org\\\/es\\\/#website\",\"url\":\"https:\\\/\\\/www.itakaescolapios.org\\\/es\\\/\",\"name\":\"Itaka-Escolapios\",\"description\":\"Red de Itaka-Escolapios\",\"publisher\":{\"@id\":\"https:\\\/\\\/www.itakaescolapios.org\\\/es\\\/#organization\"},\"potentialAction\":[{\"@type\":\"SearchAction\",\"target\":{\"@type\":\"EntryPoint\",\"urlTemplate\":\"https:\\\/\\\/www.itakaescolapios.org\\\/es\\\/?s={search_term_string}\"},\"query-input\":{\"@type\":\"PropertyValueSpecification\",\"valueRequired\":true,\"valueName\":\"search_term_string\"}}],\"inLanguage\":\"es\"},{\"@type\":\"Organization\",\"@id\":\"https:\\\/\\\/www.itakaescolapios.org\\\/es\\\/#organization\",\"name\":\"Fundaci\u00f3 Itaka-Escolapios\",\"url\":\"https:\\\/\\\/www.itakaescolapios.org\\\/es\\\/\",\"logo\":{\"@type\":\"ImageObject\",\"inLanguage\":\"es\",\"@id\":\"https:\\\/\\\/www.itakaescolapios.org\\\/es\\\/#\\\/schema\\\/logo\\\/image\\\/\",\"url\":\"https:\\\/\\\/www.itakaescolapios.org\\\/wp-content\\\/uploads\\\/2024\\\/04\\\/Logo-itakaescolapios-peque.png\",\"contentUrl\":\"https:\\\/\\\/www.itakaescolapios.org\\\/wp-content\\\/uploads\\\/2024\\\/04\\\/Logo-itakaescolapios-peque.png\",\"width\":500,\"height\":199,\"caption\":\"Fundaci\u00f3 Itaka-Escolapios\"},\"image\":{\"@id\":\"https:\\\/\\\/www.itakaescolapios.org\\\/es\\\/#\\\/schema\\\/logo\\\/image\\\/\"}},{\"@type\":\"Person\",\"@id\":\"https:\\\/\\\/www.itakaescolapios.org\\\/es\\\/#\\\/schema\\\/person\\\/9d38cb4c6acec09134bd66519cd18b4d\",\"name\":\"sevilla02\",\"url\":\"https:\\\/\\\/www.itakaescolapios.org\\\/es\\\/author\\\/sevilla02\\\/\"}]}<\/script>\n<!-- \/ Yoast SEO plugin. -->","yoast_head_json":{"title":"Convivencia de Aventureros 1 en Sevilla - Itaka-Escolapios","robots":{"index":"index","follow":"follow","max-snippet":"max-snippet:-1","max-image-preview":"max-image-preview:large","max-video-preview":"max-video-preview:-1"},"canonical":"https:\/\/www.itakaescolapios.org\/es\/2013\/11\/convivencia-de-aventureros-1-en-sevilla\/","og_locale":"es_ES","og_type":"article","og_title":"Convivencia de Aventureros 1 en Sevilla - Itaka-Escolapios","og_description":"Este fin de semana, los Artesanos 1 de Sevilla hemos estado de convivencia. Han sido un total de 50 ni\u00f1os. \u00a1El MC crece! En este fin de semana los ni\u00f1os [&hellip;]","og_url":"https:\/\/www.itakaescolapios.org\/es\/2013\/11\/convivencia-de-aventureros-1-en-sevilla\/","og_site_name":"Itaka-Escolapios","article_published_time":"2013-11-01T15:10:08+00:00","article_modified_time":"2023-11-28T11:39:14+00:00","og_image":[{"width":960,"height":540,"url":"https:\/\/www.itakaescolapios.org\/wp-content\/uploads\/2013\/11\/1381609_410119872450593_1655875357_n.jpg","type":"image\/jpeg"}],"author":"sevilla02","twitter_card":"summary_large_image","twitter_misc":{"Escrito por":"sevilla02","Tiempo de lectura":"1 minuto"},"schema":{"@context":"https:\/\/schema.org","@graph":[{"@type":"Article","@id":"https:\/\/www.itakaescolapios.org\/es\/2013\/11\/convivencia-de-aventureros-1-en-sevilla\/#article","isPartOf":{"@id":"https:\/\/www.itakaescolapios.org\/es\/2013\/11\/convivencia-de-aventureros-1-en-sevilla\/"},"author":{"name":"sevilla02","@id":"https:\/\/www.itakaescolapios.org\/es\/#\/schema\/person\/9d38cb4c6acec09134bd66519cd18b4d"},"headline":"Convivencia de Aventureros 1 en Sevilla","datePublished":"2013-11-01T15:10:08+00:00","dateModified":"2023-11-28T11:39:14+00:00","mainEntityOfPage":{"@id":"https:\/\/www.itakaescolapios.org\/es\/2013\/11\/convivencia-de-aventureros-1-en-sevilla\/"},"wordCount":114,"publisher":{"@id":"https:\/\/www.itakaescolapios.org\/es\/#organization"},"image":{"@id":"https:\/\/www.itakaescolapios.org\/es\/2013\/11\/convivencia-de-aventureros-1-en-sevilla\/#primaryimage"},"thumbnailUrl":"https:\/\/www.itakaescolapios.org\/wp-content\/uploads\/2013\/11\/1381609_410119872450593_1655875357_n.jpg","articleSection":["Sevilla"],"inLanguage":"es"},{"@type":"WebPage","@id":"https:\/\/www.itakaescolapios.org\/es\/2013\/11\/convivencia-de-aventureros-1-en-sevilla\/","url":"https:\/\/www.itakaescolapios.org\/es\/2013\/11\/convivencia-de-aventureros-1-en-sevilla\/","name":"Convivencia de Aventureros 1 en Sevilla - Itaka-Escolapios","isPartOf":{"@id":"https:\/\/www.itakaescolapios.org\/es\/#website"},"primaryImageOfPage":{"@id":"https:\/\/www.itakaescolapios.org\/es\/2013\/11\/convivencia-de-aventureros-1-en-sevilla\/#primaryimage"},"image":{"@id":"https:\/\/www.itakaescolapios.org\/es\/2013\/11\/convivencia-de-aventureros-1-en-sevilla\/#primaryimage"},"thumbnailUrl":"https:\/\/www.itakaescolapios.org\/wp-content\/uploads\/2013\/11\/1381609_410119872450593_1655875357_n.jpg","datePublished":"2013-11-01T15:10:08+00:00","dateModified":"2023-11-28T11:39:14+00:00","breadcrumb":{"@id":"https:\/\/www.itakaescolapios.org\/es\/2013\/11\/convivencia-de-aventureros-1-en-sevilla\/#breadcrumb"},"inLanguage":"es","potentialAction":[{"@type":"ReadAction","target":["https:\/\/www.itakaescolapios.org\/es\/2013\/11\/convivencia-de-aventureros-1-en-sevilla\/"]}]},{"@type":"ImageObject","inLanguage":"es","@id":"https:\/\/www.itakaescolapios.org\/es\/2013\/11\/convivencia-de-aventureros-1-en-sevilla\/#primaryimage","url":"https:\/\/www.itakaescolapios.org\/wp-content\/uploads\/2013\/11\/1381609_410119872450593_1655875357_n.jpg","contentUrl":"https:\/\/www.itakaescolapios.org\/wp-content\/uploads\/2013\/11\/1381609_410119872450593_1655875357_n.jpg","width":960,"height":540},{"@type":"BreadcrumbList","@id":"https:\/\/www.itakaescolapios.org\/es\/2013\/11\/convivencia-de-aventureros-1-en-sevilla\/#breadcrumb","itemListElement":[{"@type":"ListItem","position":1,"name":"Portada","item":"https:\/\/www.itakaescolapios.org\/es\/"},{"@type":"ListItem","position":2,"name":"Convivencia de Aventureros 1 en Sevilla"}]},{"@type":"WebSite","@id":"https:\/\/www.itakaescolapios.org\/es\/#website","url":"https:\/\/www.itakaescolapios.org\/es\/","name":"Itaka-Escolapios","description":"Red de Itaka-Escolapios","publisher":{"@id":"https:\/\/www.itakaescolapios.org\/es\/#organization"},"potentialAction":[{"@type":"SearchAction","target":{"@type":"EntryPoint","urlTemplate":"https:\/\/www.itakaescolapios.org\/es\/?s={search_term_string}"},"query-input":{"@type":"PropertyValueSpecification","valueRequired":true,"valueName":"search_term_string"}}],"inLanguage":"es"},{"@type":"Organization","@id":"https:\/\/www.itakaescolapios.org\/es\/#organization","name":"Fundaci\u00f3 Itaka-Escolapios","url":"https:\/\/www.itakaescolapios.org\/es\/","logo":{"@type":"ImageObject","inLanguage":"es","@id":"https:\/\/www.itakaescolapios.org\/es\/#\/schema\/logo\/image\/","url":"https:\/\/www.itakaescolapios.org\/wp-content\/uploads\/2024\/04\/Logo-itakaescolapios-peque.png","contentUrl":"https:\/\/www.itakaescolapios.org\/wp-content\/uploads\/2024\/04\/Logo-itakaescolapios-peque.png","width":500,"height":199,"caption":"Fundaci\u00f3 Itaka-Escolapios"},"image":{"@id":"https:\/\/www.itakaescolapios.org\/es\/#\/schema\/logo\/image\/"}},{"@type":"Person","@id":"https:\/\/www.itakaescolapios.org\/es\/#\/schema\/person\/9d38cb4c6acec09134bd66519cd18b4d","name":"sevilla02","url":"https:\/\/www.itakaescolapios.org\/es\/author\/sevilla02\/"}]}},"_links":{"self":[{"href":"https:\/\/www.itakaescolapios.org\/es\/wp-json\/wp\/v2\/posts\/7656","targetHints":{"allow":["GET"]}}],"collection":[{"href":"https:\/\/www.itakaescolapios.org\/es\/wp-json\/wp\/v2\/posts"}],"about":[{"href":"https:\/\/www.itakaescolapios.org\/es\/wp-json\/wp\/v2\/types\/post"}],"author":[{"embeddable":true,"href":"https:\/\/www.itakaescolapios.org\/es\/wp-json\/wp\/v2\/users\/32"}],"replies":[{"embeddable":true,"href":"https:\/\/www.itakaescolapios.org\/es\/wp-json\/wp\/v2\/comments?post=7656"}],"version-history":[{"count":3,"href":"https:\/\/www.itakaescolapios.org\/es\/wp-json\/wp\/v2\/posts\/7656\/revisions"}],"predecessor-version":[{"id":49371,"href":"https:\/\/www.itakaescolapios.org\/es\/wp-json\/wp\/v2\/posts\/7656\/revisions\/49371"}],"wp:featuredmedia":[{"embeddable":true,"href":"https:\/\/www.itakaescolapios.org\/es\/wp-json\/wp\/v2\/media\/7657"}],"wp:attachment":[{"href":"https:\/\/www.itakaescolapios.org\/es\/wp-json\/wp\/v2\/media?parent=7656"}],"wp:term":[{"taxonomy":"category","embeddable":true,"href":"https:\/\/www.itakaescolapios.org\/es\/wp-json\/wp\/v2\/categories?post=7656"},{"taxonomy":"post_tag","embeddable":true,"href":"https:\/\/www.itakaescolapios.org\/es\/wp-json\/wp\/v2\/tags?post=7656"}],"curies":[{"name":"wp","href":"https:\/\/api.w.org\/{rel}","templated":true}]}}