{"id":8739,"date":"2014-02-04T15:18:29","date_gmt":"2014-02-04T14:18:29","guid":{"rendered":"https:\/\/www.itakaescolapios.org\/?p=8739"},"modified":"2023-11-28T12:39:08","modified_gmt":"2023-11-28T11:39:08","slug":"aukera-vitoria-bilbao","status":"publish","type":"post","link":"https:\/\/www.itakaescolapios.org\/es\/2014\/02\/aukera-vitoria-bilbao\/","title":{"rendered":"Aukera Vitoria-Bilbao"},"content":{"rendered":"<p><span style=\"color: #000000;font-family: Calibri;font-size: medium\">Este s\u00e1bado 1 de Febrero se ha celebrado la XXX Globada por la paz en Bilbao. Desde Aukera se pens\u00f3 que era una buena ocasi\u00f3n para que los chicos que viven en los pisos de Vitoria y Bilbao se juntaran. Algunos ya se conoc\u00edan de encuentros anteriores, pero otros en cambio no. Decir que esto no fue dificultad para que hincharan globos juntos, caminaran por la paz juntos, \u00a0y para que comieran y estuvieran de charla juntos. <\/span><\/p>\n<p><span style=\"color: #000000;font-family: Calibri;font-size: medium\">Ya que ha sido una actividad positiva se est\u00e1 pensando en el siguiente encuentro.<\/span><\/p>\n","protected":false},"excerpt":{"rendered":"<p>Este s\u00e1bado 1 de Febrero se ha celebrado la XXX Globada por la paz en Bilbao. Desde Aukera se pens\u00f3 que era una buena ocasi\u00f3n para que los chicos que [&hellip;]<\/p>\n","protected":false},"author":41,"featured_media":8741,"comment_status":"closed","ping_status":"closed","sticky":false,"template":"","format":"standard","meta":{"_et_pb_use_builder":"","_et_pb_old_content":"","_et_gb_content_width":"","footnotes":""},"categories":[13],"tags":[],"class_list":["post-8739","post","type-post","status-publish","format-standard","has-post-thumbnail","hentry","category-vitoria"],"yoast_head":"<!-- This site is optimized with the Yoast SEO plugin v27.4 - https:\/\/yoast.com\/product\/yoast-seo-wordpress\/ -->\n<title>Aukera Vitoria-Bilbao - Itaka-Escolapios<\/title>\n<meta name=\"robots\" content=\"index, follow, max-snippet:-1, max-image-preview:large, max-video-preview:-1\" \/>\n<link rel=\"canonical\" href=\"https:\/\/www.itakaescolapios.org\/es\/2014\/02\/aukera-vitoria-bilbao\/\" \/>\n<meta property=\"og:locale\" content=\"es_ES\" \/>\n<meta property=\"og:type\" content=\"article\" \/>\n<meta property=\"og:title\" content=\"Aukera Vitoria-Bilbao - Itaka-Escolapios\" \/>\n<meta property=\"og:description\" content=\"Este s\u00e1bado 1 de Febrero se ha celebrado la XXX Globada por la paz en Bilbao. Desde Aukera se pens\u00f3 que era una buena ocasi\u00f3n para que los chicos que [&hellip;]\" \/>\n<meta property=\"og:url\" content=\"https:\/\/www.itakaescolapios.org\/es\/2014\/02\/aukera-vitoria-bilbao\/\" \/>\n<meta property=\"og:site_name\" content=\"Itaka-Escolapios\" \/>\n<meta property=\"article:published_time\" content=\"2014-02-04T14:18:29+00:00\" \/>\n<meta property=\"article:modified_time\" content=\"2023-11-28T11:39:08+00:00\" \/>\n<meta property=\"og:image\" content=\"https:\/\/www.itakaescolapios.org\/wp-content\/uploads\/2014\/02\/IMG_0478.jpg\" \/>\n\t<meta property=\"og:image:width\" content=\"2000\" \/>\n\t<meta property=\"og:image:height\" content=\"1333\" \/>\n\t<meta property=\"og:image:type\" content=\"image\/jpeg\" \/>\n<meta name=\"author\" content=\"gasteiz01\" \/>\n<meta name=\"twitter:card\" content=\"summary_large_image\" \/>\n<meta name=\"twitter:label1\" content=\"Escrito por\" \/>\n\t<meta name=\"twitter:data1\" content=\"gasteiz01\" \/>\n<script type=\"application\/ld+json\" class=\"yoast-schema-graph\">{\"@context\":\"https:\\\/\\\/schema.org\",\"@graph\":[{\"@type\":\"Article\",\"@id\":\"https:\\\/\\\/www.itakaescolapios.org\\\/es\\\/2014\\\/02\\\/aukera-vitoria-bilbao\\\/#article\",\"isPartOf\":{\"@id\":\"https:\\\/\\\/www.itakaescolapios.org\\\/es\\\/2014\\\/02\\\/aukera-vitoria-bilbao\\\/\"},\"author\":{\"name\":\"gasteiz01\",\"@id\":\"https:\\\/\\\/www.itakaescolapios.org\\\/es\\\/#\\\/schema\\\/person\\\/ab0993cd608ccb55ef100715f05010e1\"},\"headline\":\"Aukera Vitoria-Bilbao\",\"datePublished\":\"2014-02-04T14:18:29+00:00\",\"dateModified\":\"2023-11-28T11:39:08+00:00\",\"mainEntityOfPage\":{\"@id\":\"https:\\\/\\\/www.itakaescolapios.org\\\/es\\\/2014\\\/02\\\/aukera-vitoria-bilbao\\\/\"},\"wordCount\":95,\"publisher\":{\"@id\":\"https:\\\/\\\/www.itakaescolapios.org\\\/es\\\/#organization\"},\"image\":{\"@id\":\"https:\\\/\\\/www.itakaescolapios.org\\\/es\\\/2014\\\/02\\\/aukera-vitoria-bilbao\\\/#primaryimage\"},\"thumbnailUrl\":\"https:\\\/\\\/www.itakaescolapios.org\\\/wp-content\\\/uploads\\\/2014\\\/02\\\/IMG_0478.jpg\",\"articleSection\":[\"Vitoria-Gasteiz\"],\"inLanguage\":\"es\"},{\"@type\":\"WebPage\",\"@id\":\"https:\\\/\\\/www.itakaescolapios.org\\\/es\\\/2014\\\/02\\\/aukera-vitoria-bilbao\\\/\",\"url\":\"https:\\\/\\\/www.itakaescolapios.org\\\/es\\\/2014\\\/02\\\/aukera-vitoria-bilbao\\\/\",\"name\":\"Aukera Vitoria-Bilbao - Itaka-Escolapios\",\"isPartOf\":{\"@id\":\"https:\\\/\\\/www.itakaescolapios.org\\\/es\\\/#website\"},\"primaryImageOfPage\":{\"@id\":\"https:\\\/\\\/www.itakaescolapios.org\\\/es\\\/2014\\\/02\\\/aukera-vitoria-bilbao\\\/#primaryimage\"},\"image\":{\"@id\":\"https:\\\/\\\/www.itakaescolapios.org\\\/es\\\/2014\\\/02\\\/aukera-vitoria-bilbao\\\/#primaryimage\"},\"thumbnailUrl\":\"https:\\\/\\\/www.itakaescolapios.org\\\/wp-content\\\/uploads\\\/2014\\\/02\\\/IMG_0478.jpg\",\"datePublished\":\"2014-02-04T14:18:29+00:00\",\"dateModified\":\"2023-11-28T11:39:08+00:00\",\"breadcrumb\":{\"@id\":\"https:\\\/\\\/www.itakaescolapios.org\\\/es\\\/2014\\\/02\\\/aukera-vitoria-bilbao\\\/#breadcrumb\"},\"inLanguage\":\"es\",\"potentialAction\":[{\"@type\":\"ReadAction\",\"target\":[\"https:\\\/\\\/www.itakaescolapios.org\\\/es\\\/2014\\\/02\\\/aukera-vitoria-bilbao\\\/\"]}]},{\"@type\":\"ImageObject\",\"inLanguage\":\"es\",\"@id\":\"https:\\\/\\\/www.itakaescolapios.org\\\/es\\\/2014\\\/02\\\/aukera-vitoria-bilbao\\\/#primaryimage\",\"url\":\"https:\\\/\\\/www.itakaescolapios.org\\\/wp-content\\\/uploads\\\/2014\\\/02\\\/IMG_0478.jpg\",\"contentUrl\":\"https:\\\/\\\/www.itakaescolapios.org\\\/wp-content\\\/uploads\\\/2014\\\/02\\\/IMG_0478.jpg\",\"width\":2000,\"height\":1333},{\"@type\":\"BreadcrumbList\",\"@id\":\"https:\\\/\\\/www.itakaescolapios.org\\\/es\\\/2014\\\/02\\\/aukera-vitoria-bilbao\\\/#breadcrumb\",\"itemListElement\":[{\"@type\":\"ListItem\",\"position\":1,\"name\":\"Portada\",\"item\":\"https:\\\/\\\/www.itakaescolapios.org\\\/es\\\/\"},{\"@type\":\"ListItem\",\"position\":2,\"name\":\"Aukera Vitoria-Bilbao\"}]},{\"@type\":\"WebSite\",\"@id\":\"https:\\\/\\\/www.itakaescolapios.org\\\/es\\\/#website\",\"url\":\"https:\\\/\\\/www.itakaescolapios.org\\\/es\\\/\",\"name\":\"Itaka-Escolapios\",\"description\":\"Red de Itaka-Escolapios\",\"publisher\":{\"@id\":\"https:\\\/\\\/www.itakaescolapios.org\\\/es\\\/#organization\"},\"potentialAction\":[{\"@type\":\"SearchAction\",\"target\":{\"@type\":\"EntryPoint\",\"urlTemplate\":\"https:\\\/\\\/www.itakaescolapios.org\\\/es\\\/?s={search_term_string}\"},\"query-input\":{\"@type\":\"PropertyValueSpecification\",\"valueRequired\":true,\"valueName\":\"search_term_string\"}}],\"inLanguage\":\"es\"},{\"@type\":\"Organization\",\"@id\":\"https:\\\/\\\/www.itakaescolapios.org\\\/es\\\/#organization\",\"name\":\"Fundaci\u00f3 Itaka-Escolapios\",\"url\":\"https:\\\/\\\/www.itakaescolapios.org\\\/es\\\/\",\"logo\":{\"@type\":\"ImageObject\",\"inLanguage\":\"es\",\"@id\":\"https:\\\/\\\/www.itakaescolapios.org\\\/es\\\/#\\\/schema\\\/logo\\\/image\\\/\",\"url\":\"https:\\\/\\\/www.itakaescolapios.org\\\/wp-content\\\/uploads\\\/2024\\\/04\\\/Logo-itakaescolapios-peque.png\",\"contentUrl\":\"https:\\\/\\\/www.itakaescolapios.org\\\/wp-content\\\/uploads\\\/2024\\\/04\\\/Logo-itakaescolapios-peque.png\",\"width\":500,\"height\":199,\"caption\":\"Fundaci\u00f3 Itaka-Escolapios\"},\"image\":{\"@id\":\"https:\\\/\\\/www.itakaescolapios.org\\\/es\\\/#\\\/schema\\\/logo\\\/image\\\/\"}},{\"@type\":\"Person\",\"@id\":\"https:\\\/\\\/www.itakaescolapios.org\\\/es\\\/#\\\/schema\\\/person\\\/ab0993cd608ccb55ef100715f05010e1\",\"name\":\"gasteiz01\",\"url\":\"https:\\\/\\\/www.itakaescolapios.org\\\/es\\\/author\\\/gasteiz01\\\/\"}]}<\/script>\n<!-- \/ Yoast SEO plugin. -->","yoast_head_json":{"title":"Aukera Vitoria-Bilbao - Itaka-Escolapios","robots":{"index":"index","follow":"follow","max-snippet":"max-snippet:-1","max-image-preview":"max-image-preview:large","max-video-preview":"max-video-preview:-1"},"canonical":"https:\/\/www.itakaescolapios.org\/es\/2014\/02\/aukera-vitoria-bilbao\/","og_locale":"es_ES","og_type":"article","og_title":"Aukera Vitoria-Bilbao - Itaka-Escolapios","og_description":"Este s\u00e1bado 1 de Febrero se ha celebrado la XXX Globada por la paz en Bilbao. Desde Aukera se pens\u00f3 que era una buena ocasi\u00f3n para que los chicos que [&hellip;]","og_url":"https:\/\/www.itakaescolapios.org\/es\/2014\/02\/aukera-vitoria-bilbao\/","og_site_name":"Itaka-Escolapios","article_published_time":"2014-02-04T14:18:29+00:00","article_modified_time":"2023-11-28T11:39:08+00:00","og_image":[{"width":2000,"height":1333,"url":"https:\/\/www.itakaescolapios.org\/wp-content\/uploads\/2014\/02\/IMG_0478.jpg","type":"image\/jpeg"}],"author":"gasteiz01","twitter_card":"summary_large_image","twitter_misc":{"Escrito por":"gasteiz01"},"schema":{"@context":"https:\/\/schema.org","@graph":[{"@type":"Article","@id":"https:\/\/www.itakaescolapios.org\/es\/2014\/02\/aukera-vitoria-bilbao\/#article","isPartOf":{"@id":"https:\/\/www.itakaescolapios.org\/es\/2014\/02\/aukera-vitoria-bilbao\/"},"author":{"name":"gasteiz01","@id":"https:\/\/www.itakaescolapios.org\/es\/#\/schema\/person\/ab0993cd608ccb55ef100715f05010e1"},"headline":"Aukera Vitoria-Bilbao","datePublished":"2014-02-04T14:18:29+00:00","dateModified":"2023-11-28T11:39:08+00:00","mainEntityOfPage":{"@id":"https:\/\/www.itakaescolapios.org\/es\/2014\/02\/aukera-vitoria-bilbao\/"},"wordCount":95,"publisher":{"@id":"https:\/\/www.itakaescolapios.org\/es\/#organization"},"image":{"@id":"https:\/\/www.itakaescolapios.org\/es\/2014\/02\/aukera-vitoria-bilbao\/#primaryimage"},"thumbnailUrl":"https:\/\/www.itakaescolapios.org\/wp-content\/uploads\/2014\/02\/IMG_0478.jpg","articleSection":["Vitoria-Gasteiz"],"inLanguage":"es"},{"@type":"WebPage","@id":"https:\/\/www.itakaescolapios.org\/es\/2014\/02\/aukera-vitoria-bilbao\/","url":"https:\/\/www.itakaescolapios.org\/es\/2014\/02\/aukera-vitoria-bilbao\/","name":"Aukera Vitoria-Bilbao - Itaka-Escolapios","isPartOf":{"@id":"https:\/\/www.itakaescolapios.org\/es\/#website"},"primaryImageOfPage":{"@id":"https:\/\/www.itakaescolapios.org\/es\/2014\/02\/aukera-vitoria-bilbao\/#primaryimage"},"image":{"@id":"https:\/\/www.itakaescolapios.org\/es\/2014\/02\/aukera-vitoria-bilbao\/#primaryimage"},"thumbnailUrl":"https:\/\/www.itakaescolapios.org\/wp-content\/uploads\/2014\/02\/IMG_0478.jpg","datePublished":"2014-02-04T14:18:29+00:00","dateModified":"2023-11-28T11:39:08+00:00","breadcrumb":{"@id":"https:\/\/www.itakaescolapios.org\/es\/2014\/02\/aukera-vitoria-bilbao\/#breadcrumb"},"inLanguage":"es","potentialAction":[{"@type":"ReadAction","target":["https:\/\/www.itakaescolapios.org\/es\/2014\/02\/aukera-vitoria-bilbao\/"]}]},{"@type":"ImageObject","inLanguage":"es","@id":"https:\/\/www.itakaescolapios.org\/es\/2014\/02\/aukera-vitoria-bilbao\/#primaryimage","url":"https:\/\/www.itakaescolapios.org\/wp-content\/uploads\/2014\/02\/IMG_0478.jpg","contentUrl":"https:\/\/www.itakaescolapios.org\/wp-content\/uploads\/2014\/02\/IMG_0478.jpg","width":2000,"height":1333},{"@type":"BreadcrumbList","@id":"https:\/\/www.itakaescolapios.org\/es\/2014\/02\/aukera-vitoria-bilbao\/#breadcrumb","itemListElement":[{"@type":"ListItem","position":1,"name":"Portada","item":"https:\/\/www.itakaescolapios.org\/es\/"},{"@type":"ListItem","position":2,"name":"Aukera Vitoria-Bilbao"}]},{"@type":"WebSite","@id":"https:\/\/www.itakaescolapios.org\/es\/#website","url":"https:\/\/www.itakaescolapios.org\/es\/","name":"Itaka-Escolapios","description":"Red de Itaka-Escolapios","publisher":{"@id":"https:\/\/www.itakaescolapios.org\/es\/#organization"},"potentialAction":[{"@type":"SearchAction","target":{"@type":"EntryPoint","urlTemplate":"https:\/\/www.itakaescolapios.org\/es\/?s={search_term_string}"},"query-input":{"@type":"PropertyValueSpecification","valueRequired":true,"valueName":"search_term_string"}}],"inLanguage":"es"},{"@type":"Organization","@id":"https:\/\/www.itakaescolapios.org\/es\/#organization","name":"Fundaci\u00f3 Itaka-Escolapios","url":"https:\/\/www.itakaescolapios.org\/es\/","logo":{"@type":"ImageObject","inLanguage":"es","@id":"https:\/\/www.itakaescolapios.org\/es\/#\/schema\/logo\/image\/","url":"https:\/\/www.itakaescolapios.org\/wp-content\/uploads\/2024\/04\/Logo-itakaescolapios-peque.png","contentUrl":"https:\/\/www.itakaescolapios.org\/wp-content\/uploads\/2024\/04\/Logo-itakaescolapios-peque.png","width":500,"height":199,"caption":"Fundaci\u00f3 Itaka-Escolapios"},"image":{"@id":"https:\/\/www.itakaescolapios.org\/es\/#\/schema\/logo\/image\/"}},{"@type":"Person","@id":"https:\/\/www.itakaescolapios.org\/es\/#\/schema\/person\/ab0993cd608ccb55ef100715f05010e1","name":"gasteiz01","url":"https:\/\/www.itakaescolapios.org\/es\/author\/gasteiz01\/"}]}},"_links":{"self":[{"href":"https:\/\/www.itakaescolapios.org\/es\/wp-json\/wp\/v2\/posts\/8739","targetHints":{"allow":["GET"]}}],"collection":[{"href":"https:\/\/www.itakaescolapios.org\/es\/wp-json\/wp\/v2\/posts"}],"about":[{"href":"https:\/\/www.itakaescolapios.org\/es\/wp-json\/wp\/v2\/types\/post"}],"author":[{"embeddable":true,"href":"https:\/\/www.itakaescolapios.org\/es\/wp-json\/wp\/v2\/users\/41"}],"replies":[{"embeddable":true,"href":"https:\/\/www.itakaescolapios.org\/es\/wp-json\/wp\/v2\/comments?post=8739"}],"version-history":[{"count":4,"href":"https:\/\/www.itakaescolapios.org\/es\/wp-json\/wp\/v2\/posts\/8739\/revisions"}],"predecessor-version":[{"id":49185,"href":"https:\/\/www.itakaescolapios.org\/es\/wp-json\/wp\/v2\/posts\/8739\/revisions\/49185"}],"wp:featuredmedia":[{"embeddable":true,"href":"https:\/\/www.itakaescolapios.org\/es\/wp-json\/wp\/v2\/media\/8741"}],"wp:attachment":[{"href":"https:\/\/www.itakaescolapios.org\/es\/wp-json\/wp\/v2\/media?parent=8739"}],"wp:term":[{"taxonomy":"category","embeddable":true,"href":"https:\/\/www.itakaescolapios.org\/es\/wp-json\/wp\/v2\/categories?post=8739"},{"taxonomy":"post_tag","embeddable":true,"href":"https:\/\/www.itakaescolapios.org\/es\/wp-json\/wp\/v2\/tags?post=8739"}],"curies":[{"name":"wp","href":"https:\/\/api.w.org\/{rel}","templated":true}]}}