{"id":8775,"date":"2014-02-12T19:54:22","date_gmt":"2014-02-12T18:54:22","guid":{"rendered":"https:\/\/www.itakaescolapios.org\/?p=8775"},"modified":"2023-11-28T12:39:07","modified_gmt":"2023-11-28T11:39:07","slug":"balance-de-la-campana-a-favor-del-hogar-aukera","status":"publish","type":"post","link":"https:\/\/www.itakaescolapios.org\/es\/2014\/02\/balance-de-la-campana-a-favor-del-hogar-aukera\/","title":{"rendered":"BALANCE DE LA CAMPA\u00d1A A FAVOR DEL HOGAR AUKERA"},"content":{"rendered":"<p>La Unidad Pastoral Santa Mar\u00eda de Ol\u00e1rizu ha hecho balance de la campa\u00f1a de sensibilizaci\u00f3n a favor del hogar Aukera que se ha celebrado por segundo\u00a0a\u00f1o durante el mes de enero\u00a0en las parroquias de la unidad pastoral, y colaborar\u00e1 con el proyecto haciendo entrega de estos donativos que os detallamos a continuaci\u00f3n:<\/p>\n<p>Dinero recogido en las parroquias: 2.986 euros.<\/p>\n<p>1% de los ingresos anuales de las parroquias de la Unidad Pastoral: 813 euros.<\/p>\n<p>Donativos personales o de grupo: 760 euros.<\/p>\n<p><strong>Total: 4.559 euros.<\/strong><\/p>\n<p>Esta campa\u00f1a es una de las actividades que realizamos en conjunto con la Unidad Pastoral. Hay \u00a0adem\u00e1s\u00a0 un grupo de voluntariado que se coordina mensualmente para hacer algunas actividades y\u00a0 otras personas que se han vinculado al hogar como socias colaboradoras. A todas las personas que pon\u00e9is vuestro granito de arena: muchas gracias.<\/p>\n<p>La semana pasada hemos acogido a un\u00a0chico m\u00e1s por lo que\u00a0en el \u00a0hogar\u00a0conviven ahora a cuatro j\u00f3venes inmigrantes (dos de Ghana, uno de Georgia, y otro de Marruecos)<\/p>\n<p><em>Honelako proiektuekin gazte atzerritarrentzat itxaropen bideak zabaltzen dira eta horrek bihotzez pozten gaitu.<\/em><\/p>\n<p><em>Eskerrik asko benetan!<\/em> &#8211; MUCHAS GRACIAS<\/p>\n<p>&nbsp;<\/p>\n","protected":false},"excerpt":{"rendered":"<p>La Unidad Pastoral Santa Mar\u00eda de Ol\u00e1rizu ha hecho balance de la campa\u00f1a de sensibilizaci\u00f3n a favor del hogar Aukera que se ha celebrado por segundo\u00a0a\u00f1o durante el mes de [&hellip;]<\/p>\n","protected":false},"author":41,"featured_media":8776,"comment_status":"closed","ping_status":"closed","sticky":false,"template":"","format":"standard","meta":{"_et_pb_use_builder":"","_et_pb_old_content":"","_et_gb_content_width":"","footnotes":""},"categories":[13],"tags":[],"class_list":["post-8775","post","type-post","status-publish","format-standard","has-post-thumbnail","hentry","category-vitoria"],"yoast_head":"<!-- This site is optimized with the Yoast SEO plugin v27.4 - https:\/\/yoast.com\/product\/yoast-seo-wordpress\/ -->\n<title>BALANCE DE LA CAMPA\u00d1A A FAVOR DEL HOGAR AUKERA - Itaka-Escolapios<\/title>\n<meta name=\"robots\" content=\"index, follow, max-snippet:-1, max-image-preview:large, max-video-preview:-1\" \/>\n<link rel=\"canonical\" href=\"https:\/\/www.itakaescolapios.org\/es\/2014\/02\/balance-de-la-campana-a-favor-del-hogar-aukera\/\" \/>\n<meta property=\"og:locale\" content=\"es_ES\" \/>\n<meta property=\"og:type\" content=\"article\" \/>\n<meta property=\"og:title\" content=\"BALANCE DE LA CAMPA\u00d1A A FAVOR DEL HOGAR AUKERA - Itaka-Escolapios\" \/>\n<meta property=\"og:description\" content=\"La Unidad Pastoral Santa Mar\u00eda de Ol\u00e1rizu ha hecho balance de la campa\u00f1a de sensibilizaci\u00f3n a favor del hogar Aukera que se ha celebrado por segundo\u00a0a\u00f1o durante el mes de [&hellip;]\" \/>\n<meta property=\"og:url\" content=\"https:\/\/www.itakaescolapios.org\/es\/2014\/02\/balance-de-la-campana-a-favor-del-hogar-aukera\/\" \/>\n<meta property=\"og:site_name\" content=\"Itaka-Escolapios\" \/>\n<meta property=\"article:published_time\" content=\"2014-02-12T18:54:22+00:00\" \/>\n<meta property=\"article:modified_time\" content=\"2023-11-28T11:39:07+00:00\" \/>\n<meta property=\"og:image\" content=\"https:\/\/www.itakaescolapios.org\/wp-content\/uploads\/2014\/02\/UNIDAD.jpg\" \/>\n\t<meta property=\"og:image:width\" content=\"195\" \/>\n\t<meta property=\"og:image:height\" content=\"136\" \/>\n\t<meta property=\"og:image:type\" content=\"image\/jpeg\" \/>\n<meta name=\"author\" content=\"gasteiz01\" \/>\n<meta name=\"twitter:card\" content=\"summary_large_image\" \/>\n<meta name=\"twitter:label1\" content=\"Escrito por\" \/>\n\t<meta name=\"twitter:data1\" content=\"gasteiz01\" \/>\n\t<meta name=\"twitter:label2\" content=\"Tiempo de lectura\" \/>\n\t<meta name=\"twitter:data2\" content=\"1 minuto\" \/>\n<script type=\"application\/ld+json\" class=\"yoast-schema-graph\">{\"@context\":\"https:\\\/\\\/schema.org\",\"@graph\":[{\"@type\":\"Article\",\"@id\":\"https:\\\/\\\/www.itakaescolapios.org\\\/es\\\/2014\\\/02\\\/balance-de-la-campana-a-favor-del-hogar-aukera\\\/#article\",\"isPartOf\":{\"@id\":\"https:\\\/\\\/www.itakaescolapios.org\\\/es\\\/2014\\\/02\\\/balance-de-la-campana-a-favor-del-hogar-aukera\\\/\"},\"author\":{\"name\":\"gasteiz01\",\"@id\":\"https:\\\/\\\/www.itakaescolapios.org\\\/es\\\/#\\\/schema\\\/person\\\/ab0993cd608ccb55ef100715f05010e1\"},\"headline\":\"BALANCE DE LA CAMPA\u00d1A A FAVOR DEL HOGAR AUKERA\",\"datePublished\":\"2014-02-12T18:54:22+00:00\",\"dateModified\":\"2023-11-28T11:39:07+00:00\",\"mainEntityOfPage\":{\"@id\":\"https:\\\/\\\/www.itakaescolapios.org\\\/es\\\/2014\\\/02\\\/balance-de-la-campana-a-favor-del-hogar-aukera\\\/\"},\"wordCount\":205,\"publisher\":{\"@id\":\"https:\\\/\\\/www.itakaescolapios.org\\\/es\\\/#organization\"},\"image\":{\"@id\":\"https:\\\/\\\/www.itakaescolapios.org\\\/es\\\/2014\\\/02\\\/balance-de-la-campana-a-favor-del-hogar-aukera\\\/#primaryimage\"},\"thumbnailUrl\":\"https:\\\/\\\/www.itakaescolapios.org\\\/wp-content\\\/uploads\\\/2014\\\/02\\\/UNIDAD.jpg\",\"articleSection\":[\"Vitoria-Gasteiz\"],\"inLanguage\":\"es\"},{\"@type\":\"WebPage\",\"@id\":\"https:\\\/\\\/www.itakaescolapios.org\\\/es\\\/2014\\\/02\\\/balance-de-la-campana-a-favor-del-hogar-aukera\\\/\",\"url\":\"https:\\\/\\\/www.itakaescolapios.org\\\/es\\\/2014\\\/02\\\/balance-de-la-campana-a-favor-del-hogar-aukera\\\/\",\"name\":\"BALANCE DE LA CAMPA\u00d1A A FAVOR DEL HOGAR AUKERA - Itaka-Escolapios\",\"isPartOf\":{\"@id\":\"https:\\\/\\\/www.itakaescolapios.org\\\/es\\\/#website\"},\"primaryImageOfPage\":{\"@id\":\"https:\\\/\\\/www.itakaescolapios.org\\\/es\\\/2014\\\/02\\\/balance-de-la-campana-a-favor-del-hogar-aukera\\\/#primaryimage\"},\"image\":{\"@id\":\"https:\\\/\\\/www.itakaescolapios.org\\\/es\\\/2014\\\/02\\\/balance-de-la-campana-a-favor-del-hogar-aukera\\\/#primaryimage\"},\"thumbnailUrl\":\"https:\\\/\\\/www.itakaescolapios.org\\\/wp-content\\\/uploads\\\/2014\\\/02\\\/UNIDAD.jpg\",\"datePublished\":\"2014-02-12T18:54:22+00:00\",\"dateModified\":\"2023-11-28T11:39:07+00:00\",\"breadcrumb\":{\"@id\":\"https:\\\/\\\/www.itakaescolapios.org\\\/es\\\/2014\\\/02\\\/balance-de-la-campana-a-favor-del-hogar-aukera\\\/#breadcrumb\"},\"inLanguage\":\"es\",\"potentialAction\":[{\"@type\":\"ReadAction\",\"target\":[\"https:\\\/\\\/www.itakaescolapios.org\\\/es\\\/2014\\\/02\\\/balance-de-la-campana-a-favor-del-hogar-aukera\\\/\"]}]},{\"@type\":\"ImageObject\",\"inLanguage\":\"es\",\"@id\":\"https:\\\/\\\/www.itakaescolapios.org\\\/es\\\/2014\\\/02\\\/balance-de-la-campana-a-favor-del-hogar-aukera\\\/#primaryimage\",\"url\":\"https:\\\/\\\/www.itakaescolapios.org\\\/wp-content\\\/uploads\\\/2014\\\/02\\\/UNIDAD.jpg\",\"contentUrl\":\"https:\\\/\\\/www.itakaescolapios.org\\\/wp-content\\\/uploads\\\/2014\\\/02\\\/UNIDAD.jpg\",\"width\":195,\"height\":136},{\"@type\":\"BreadcrumbList\",\"@id\":\"https:\\\/\\\/www.itakaescolapios.org\\\/es\\\/2014\\\/02\\\/balance-de-la-campana-a-favor-del-hogar-aukera\\\/#breadcrumb\",\"itemListElement\":[{\"@type\":\"ListItem\",\"position\":1,\"name\":\"Portada\",\"item\":\"https:\\\/\\\/www.itakaescolapios.org\\\/es\\\/\"},{\"@type\":\"ListItem\",\"position\":2,\"name\":\"BALANCE DE LA CAMPA\u00d1A A FAVOR DEL HOGAR AUKERA\"}]},{\"@type\":\"WebSite\",\"@id\":\"https:\\\/\\\/www.itakaescolapios.org\\\/es\\\/#website\",\"url\":\"https:\\\/\\\/www.itakaescolapios.org\\\/es\\\/\",\"name\":\"Itaka-Escolapios\",\"description\":\"Red de Itaka-Escolapios\",\"publisher\":{\"@id\":\"https:\\\/\\\/www.itakaescolapios.org\\\/es\\\/#organization\"},\"potentialAction\":[{\"@type\":\"SearchAction\",\"target\":{\"@type\":\"EntryPoint\",\"urlTemplate\":\"https:\\\/\\\/www.itakaescolapios.org\\\/es\\\/?s={search_term_string}\"},\"query-input\":{\"@type\":\"PropertyValueSpecification\",\"valueRequired\":true,\"valueName\":\"search_term_string\"}}],\"inLanguage\":\"es\"},{\"@type\":\"Organization\",\"@id\":\"https:\\\/\\\/www.itakaescolapios.org\\\/es\\\/#organization\",\"name\":\"Fundaci\u00f3 Itaka-Escolapios\",\"url\":\"https:\\\/\\\/www.itakaescolapios.org\\\/es\\\/\",\"logo\":{\"@type\":\"ImageObject\",\"inLanguage\":\"es\",\"@id\":\"https:\\\/\\\/www.itakaescolapios.org\\\/es\\\/#\\\/schema\\\/logo\\\/image\\\/\",\"url\":\"https:\\\/\\\/www.itakaescolapios.org\\\/wp-content\\\/uploads\\\/2024\\\/04\\\/Logo-itakaescolapios-peque.png\",\"contentUrl\":\"https:\\\/\\\/www.itakaescolapios.org\\\/wp-content\\\/uploads\\\/2024\\\/04\\\/Logo-itakaescolapios-peque.png\",\"width\":500,\"height\":199,\"caption\":\"Fundaci\u00f3 Itaka-Escolapios\"},\"image\":{\"@id\":\"https:\\\/\\\/www.itakaescolapios.org\\\/es\\\/#\\\/schema\\\/logo\\\/image\\\/\"}},{\"@type\":\"Person\",\"@id\":\"https:\\\/\\\/www.itakaescolapios.org\\\/es\\\/#\\\/schema\\\/person\\\/ab0993cd608ccb55ef100715f05010e1\",\"name\":\"gasteiz01\",\"url\":\"https:\\\/\\\/www.itakaescolapios.org\\\/es\\\/author\\\/gasteiz01\\\/\"}]}<\/script>\n<!-- \/ Yoast SEO plugin. -->","yoast_head_json":{"title":"BALANCE DE LA CAMPA\u00d1A A FAVOR DEL HOGAR AUKERA - Itaka-Escolapios","robots":{"index":"index","follow":"follow","max-snippet":"max-snippet:-1","max-image-preview":"max-image-preview:large","max-video-preview":"max-video-preview:-1"},"canonical":"https:\/\/www.itakaescolapios.org\/es\/2014\/02\/balance-de-la-campana-a-favor-del-hogar-aukera\/","og_locale":"es_ES","og_type":"article","og_title":"BALANCE DE LA CAMPA\u00d1A A FAVOR DEL HOGAR AUKERA - Itaka-Escolapios","og_description":"La Unidad Pastoral Santa Mar\u00eda de Ol\u00e1rizu ha hecho balance de la campa\u00f1a de sensibilizaci\u00f3n a favor del hogar Aukera que se ha celebrado por segundo\u00a0a\u00f1o durante el mes de [&hellip;]","og_url":"https:\/\/www.itakaescolapios.org\/es\/2014\/02\/balance-de-la-campana-a-favor-del-hogar-aukera\/","og_site_name":"Itaka-Escolapios","article_published_time":"2014-02-12T18:54:22+00:00","article_modified_time":"2023-11-28T11:39:07+00:00","og_image":[{"width":195,"height":136,"url":"https:\/\/www.itakaescolapios.org\/wp-content\/uploads\/2014\/02\/UNIDAD.jpg","type":"image\/jpeg"}],"author":"gasteiz01","twitter_card":"summary_large_image","twitter_misc":{"Escrito por":"gasteiz01","Tiempo de lectura":"1 minuto"},"schema":{"@context":"https:\/\/schema.org","@graph":[{"@type":"Article","@id":"https:\/\/www.itakaescolapios.org\/es\/2014\/02\/balance-de-la-campana-a-favor-del-hogar-aukera\/#article","isPartOf":{"@id":"https:\/\/www.itakaescolapios.org\/es\/2014\/02\/balance-de-la-campana-a-favor-del-hogar-aukera\/"},"author":{"name":"gasteiz01","@id":"https:\/\/www.itakaescolapios.org\/es\/#\/schema\/person\/ab0993cd608ccb55ef100715f05010e1"},"headline":"BALANCE DE LA CAMPA\u00d1A A FAVOR DEL HOGAR AUKERA","datePublished":"2014-02-12T18:54:22+00:00","dateModified":"2023-11-28T11:39:07+00:00","mainEntityOfPage":{"@id":"https:\/\/www.itakaescolapios.org\/es\/2014\/02\/balance-de-la-campana-a-favor-del-hogar-aukera\/"},"wordCount":205,"publisher":{"@id":"https:\/\/www.itakaescolapios.org\/es\/#organization"},"image":{"@id":"https:\/\/www.itakaescolapios.org\/es\/2014\/02\/balance-de-la-campana-a-favor-del-hogar-aukera\/#primaryimage"},"thumbnailUrl":"https:\/\/www.itakaescolapios.org\/wp-content\/uploads\/2014\/02\/UNIDAD.jpg","articleSection":["Vitoria-Gasteiz"],"inLanguage":"es"},{"@type":"WebPage","@id":"https:\/\/www.itakaescolapios.org\/es\/2014\/02\/balance-de-la-campana-a-favor-del-hogar-aukera\/","url":"https:\/\/www.itakaescolapios.org\/es\/2014\/02\/balance-de-la-campana-a-favor-del-hogar-aukera\/","name":"BALANCE DE LA CAMPA\u00d1A A FAVOR DEL HOGAR AUKERA - Itaka-Escolapios","isPartOf":{"@id":"https:\/\/www.itakaescolapios.org\/es\/#website"},"primaryImageOfPage":{"@id":"https:\/\/www.itakaescolapios.org\/es\/2014\/02\/balance-de-la-campana-a-favor-del-hogar-aukera\/#primaryimage"},"image":{"@id":"https:\/\/www.itakaescolapios.org\/es\/2014\/02\/balance-de-la-campana-a-favor-del-hogar-aukera\/#primaryimage"},"thumbnailUrl":"https:\/\/www.itakaescolapios.org\/wp-content\/uploads\/2014\/02\/UNIDAD.jpg","datePublished":"2014-02-12T18:54:22+00:00","dateModified":"2023-11-28T11:39:07+00:00","breadcrumb":{"@id":"https:\/\/www.itakaescolapios.org\/es\/2014\/02\/balance-de-la-campana-a-favor-del-hogar-aukera\/#breadcrumb"},"inLanguage":"es","potentialAction":[{"@type":"ReadAction","target":["https:\/\/www.itakaescolapios.org\/es\/2014\/02\/balance-de-la-campana-a-favor-del-hogar-aukera\/"]}]},{"@type":"ImageObject","inLanguage":"es","@id":"https:\/\/www.itakaescolapios.org\/es\/2014\/02\/balance-de-la-campana-a-favor-del-hogar-aukera\/#primaryimage","url":"https:\/\/www.itakaescolapios.org\/wp-content\/uploads\/2014\/02\/UNIDAD.jpg","contentUrl":"https:\/\/www.itakaescolapios.org\/wp-content\/uploads\/2014\/02\/UNIDAD.jpg","width":195,"height":136},{"@type":"BreadcrumbList","@id":"https:\/\/www.itakaescolapios.org\/es\/2014\/02\/balance-de-la-campana-a-favor-del-hogar-aukera\/#breadcrumb","itemListElement":[{"@type":"ListItem","position":1,"name":"Portada","item":"https:\/\/www.itakaescolapios.org\/es\/"},{"@type":"ListItem","position":2,"name":"BALANCE DE LA CAMPA\u00d1A A FAVOR DEL HOGAR AUKERA"}]},{"@type":"WebSite","@id":"https:\/\/www.itakaescolapios.org\/es\/#website","url":"https:\/\/www.itakaescolapios.org\/es\/","name":"Itaka-Escolapios","description":"Red de Itaka-Escolapios","publisher":{"@id":"https:\/\/www.itakaescolapios.org\/es\/#organization"},"potentialAction":[{"@type":"SearchAction","target":{"@type":"EntryPoint","urlTemplate":"https:\/\/www.itakaescolapios.org\/es\/?s={search_term_string}"},"query-input":{"@type":"PropertyValueSpecification","valueRequired":true,"valueName":"search_term_string"}}],"inLanguage":"es"},{"@type":"Organization","@id":"https:\/\/www.itakaescolapios.org\/es\/#organization","name":"Fundaci\u00f3 Itaka-Escolapios","url":"https:\/\/www.itakaescolapios.org\/es\/","logo":{"@type":"ImageObject","inLanguage":"es","@id":"https:\/\/www.itakaescolapios.org\/es\/#\/schema\/logo\/image\/","url":"https:\/\/www.itakaescolapios.org\/wp-content\/uploads\/2024\/04\/Logo-itakaescolapios-peque.png","contentUrl":"https:\/\/www.itakaescolapios.org\/wp-content\/uploads\/2024\/04\/Logo-itakaescolapios-peque.png","width":500,"height":199,"caption":"Fundaci\u00f3 Itaka-Escolapios"},"image":{"@id":"https:\/\/www.itakaescolapios.org\/es\/#\/schema\/logo\/image\/"}},{"@type":"Person","@id":"https:\/\/www.itakaescolapios.org\/es\/#\/schema\/person\/ab0993cd608ccb55ef100715f05010e1","name":"gasteiz01","url":"https:\/\/www.itakaescolapios.org\/es\/author\/gasteiz01\/"}]}},"_links":{"self":[{"href":"https:\/\/www.itakaescolapios.org\/es\/wp-json\/wp\/v2\/posts\/8775","targetHints":{"allow":["GET"]}}],"collection":[{"href":"https:\/\/www.itakaescolapios.org\/es\/wp-json\/wp\/v2\/posts"}],"about":[{"href":"https:\/\/www.itakaescolapios.org\/es\/wp-json\/wp\/v2\/types\/post"}],"author":[{"embeddable":true,"href":"https:\/\/www.itakaescolapios.org\/es\/wp-json\/wp\/v2\/users\/41"}],"replies":[{"embeddable":true,"href":"https:\/\/www.itakaescolapios.org\/es\/wp-json\/wp\/v2\/comments?post=8775"}],"version-history":[{"count":4,"href":"https:\/\/www.itakaescolapios.org\/es\/wp-json\/wp\/v2\/posts\/8775\/revisions"}],"predecessor-version":[{"id":49171,"href":"https:\/\/www.itakaescolapios.org\/es\/wp-json\/wp\/v2\/posts\/8775\/revisions\/49171"}],"wp:featuredmedia":[{"embeddable":true,"href":"https:\/\/www.itakaescolapios.org\/es\/wp-json\/wp\/v2\/media\/8776"}],"wp:attachment":[{"href":"https:\/\/www.itakaescolapios.org\/es\/wp-json\/wp\/v2\/media?parent=8775"}],"wp:term":[{"taxonomy":"category","embeddable":true,"href":"https:\/\/www.itakaescolapios.org\/es\/wp-json\/wp\/v2\/categories?post=8775"},{"taxonomy":"post_tag","embeddable":true,"href":"https:\/\/www.itakaescolapios.org\/es\/wp-json\/wp\/v2\/tags?post=8775"}],"curies":[{"name":"wp","href":"https:\/\/api.w.org\/{rel}","templated":true}]}}