{"id":9029,"date":"2014-03-15T13:08:53","date_gmt":"2014-03-15T12:08:53","guid":{"rendered":"https:\/\/www.itakaescolapios.org\/?p=9029"},"modified":"2023-11-28T12:39:05","modified_gmt":"2023-11-28T11:39:05","slug":"los-xti-protagonistas-de-la-falla-del-colegio-escuelas-pias","status":"publish","type":"post","link":"https:\/\/www.itakaescolapios.org\/es\/2014\/03\/los-xti-protagonistas-de-la-falla-del-colegio-escuelas-pias\/","title":{"rendered":"LOS XTI, PROTAGONISTAS DE LA FALLA DEL COLEGIO ESCUELAS P\u00cdAS"},"content":{"rendered":"<p style=\"text-align: justify\">Las Fallas ya han llegado a Valencia y los colegios de Escolapios han aprovechado el \u00faltimo d\u00eda de clase antes de las fiestas para celebrarlas por todo lo alto, con la Plant\u00e0 de los monumentos que los propios ni\u00f1os han hecho con mucho cari\u00f1o en clase.<\/p>\n<p style=\"text-align: justify\">\u00a1Y menuda sorpresa cuando al acercarnos a ver la falla realizada por los alumnos de\u00a0 segundo ciclo de Primaria del colegio Escuelas P\u00edas nos hemos encontrado a los protagonistas de la campa\u00f1a de Itaka- Escolapios de este a\u00f1o, los \u201cX ti\u201d, nuestros valientes superh\u00e9roes!<\/p>\n<p style=\"text-align: justify\">Cap, Erruki, Joy, Voyage y Troco se han convertido en ninots de cart\u00f3n- piedra y se han hecho presentes en la falla elaborada por los alumnos y coordinada por el gran \u201cartista fallero\u201d y profe de 3\u00ba Enrique Monz\u00f3. Durante todo el d\u00eda los alumnos y alumnas del cole han podido disfrutar de estos superh\u00e9roes, pero que, como manda la tradici\u00f3n, se convirtieron en cenizas con la Crem\u00e0 de la tarde, que cerr\u00f3 un d\u00eda de lo m\u00e1s fallero en las Escuelas P\u00edas.<\/p>\n<p style=\"text-align: justify\">Pod\u00e9is ver la falla con m\u00e1s detalle en nuestro\u00a0<a href=\"https:\/\/www.facebook.com\/media\/set\/?set=a.600825783340780.1073741841.367218580034836&amp;type=1\">facebook<\/a><\/p>\n","protected":false},"excerpt":{"rendered":"<p>Las Fallas ya han llegado a Valencia y los colegios de Escolapios han aprovechado el \u00faltimo d\u00eda de clase antes de las fiestas para celebrarlas por todo lo alto, con [&hellip;]<\/p>\n","protected":false},"author":39,"featured_media":9030,"comment_status":"closed","ping_status":"closed","sticky":false,"template":"","format":"standard","meta":{"_et_pb_use_builder":"","_et_pb_old_content":"","_et_gb_content_width":"","footnotes":""},"categories":[12],"tags":[],"class_list":["post-9029","post","type-post","status-publish","format-standard","has-post-thumbnail","hentry","category-valencia"],"yoast_head":"<!-- This site is optimized with the Yoast SEO plugin v27.4 - https:\/\/yoast.com\/product\/yoast-seo-wordpress\/ -->\n<title>LOS XTI, PROTAGONISTAS DE LA FALLA DEL COLEGIO ESCUELAS P\u00cdAS - Itaka-Escolapios<\/title>\n<meta name=\"robots\" content=\"index, follow, max-snippet:-1, max-image-preview:large, max-video-preview:-1\" \/>\n<link rel=\"canonical\" href=\"https:\/\/www.itakaescolapios.org\/es\/2014\/03\/los-xti-protagonistas-de-la-falla-del-colegio-escuelas-pias\/\" \/>\n<meta property=\"og:locale\" content=\"es_ES\" \/>\n<meta property=\"og:type\" content=\"article\" \/>\n<meta property=\"og:title\" content=\"LOS XTI, PROTAGONISTAS DE LA FALLA DEL COLEGIO ESCUELAS P\u00cdAS - Itaka-Escolapios\" \/>\n<meta property=\"og:description\" content=\"Las Fallas ya han llegado a Valencia y los colegios de Escolapios han aprovechado el \u00faltimo d\u00eda de clase antes de las fiestas para celebrarlas por todo lo alto, con [&hellip;]\" \/>\n<meta property=\"og:url\" content=\"https:\/\/www.itakaescolapios.org\/es\/2014\/03\/los-xti-protagonistas-de-la-falla-del-colegio-escuelas-pias\/\" \/>\n<meta property=\"og:site_name\" content=\"Itaka-Escolapios\" \/>\n<meta property=\"article:published_time\" content=\"2014-03-15T12:08:53+00:00\" \/>\n<meta property=\"article:modified_time\" content=\"2023-11-28T11:39:05+00:00\" \/>\n<meta property=\"og:image\" content=\"https:\/\/www.itakaescolapios.org\/wp-content\/uploads\/2014\/03\/falla-los-xti.jpg\" \/>\n\t<meta property=\"og:image:width\" content=\"600\" \/>\n\t<meta property=\"og:image:height\" content=\"800\" \/>\n\t<meta property=\"og:image:type\" content=\"image\/jpeg\" \/>\n<meta name=\"author\" content=\"valencia01\" \/>\n<meta name=\"twitter:card\" content=\"summary_large_image\" \/>\n<meta name=\"twitter:label1\" content=\"Escrito por\" \/>\n\t<meta name=\"twitter:data1\" content=\"valencia01\" \/>\n\t<meta name=\"twitter:label2\" content=\"Tiempo de lectura\" \/>\n\t<meta name=\"twitter:data2\" content=\"1 minuto\" \/>\n<script type=\"application\/ld+json\" class=\"yoast-schema-graph\">{\"@context\":\"https:\\\/\\\/schema.org\",\"@graph\":[{\"@type\":\"Article\",\"@id\":\"https:\\\/\\\/www.itakaescolapios.org\\\/es\\\/2014\\\/03\\\/los-xti-protagonistas-de-la-falla-del-colegio-escuelas-pias\\\/#article\",\"isPartOf\":{\"@id\":\"https:\\\/\\\/www.itakaescolapios.org\\\/es\\\/2014\\\/03\\\/los-xti-protagonistas-de-la-falla-del-colegio-escuelas-pias\\\/\"},\"author\":{\"name\":\"valencia01\",\"@id\":\"https:\\\/\\\/www.itakaescolapios.org\\\/es\\\/#\\\/schema\\\/person\\\/c232ccaa2b3f2e98db93c1f8dfca96ff\"},\"headline\":\"LOS XTI, PROTAGONISTAS DE LA FALLA DEL COLEGIO ESCUELAS P\u00cdAS\",\"datePublished\":\"2014-03-15T12:08:53+00:00\",\"dateModified\":\"2023-11-28T11:39:05+00:00\",\"mainEntityOfPage\":{\"@id\":\"https:\\\/\\\/www.itakaescolapios.org\\\/es\\\/2014\\\/03\\\/los-xti-protagonistas-de-la-falla-del-colegio-escuelas-pias\\\/\"},\"wordCount\":209,\"publisher\":{\"@id\":\"https:\\\/\\\/www.itakaescolapios.org\\\/es\\\/#organization\"},\"image\":{\"@id\":\"https:\\\/\\\/www.itakaescolapios.org\\\/es\\\/2014\\\/03\\\/los-xti-protagonistas-de-la-falla-del-colegio-escuelas-pias\\\/#primaryimage\"},\"thumbnailUrl\":\"https:\\\/\\\/www.itakaescolapios.org\\\/wp-content\\\/uploads\\\/2014\\\/03\\\/falla-los-xti.jpg\",\"articleSection\":[\"Valencia\"],\"inLanguage\":\"es\"},{\"@type\":\"WebPage\",\"@id\":\"https:\\\/\\\/www.itakaescolapios.org\\\/es\\\/2014\\\/03\\\/los-xti-protagonistas-de-la-falla-del-colegio-escuelas-pias\\\/\",\"url\":\"https:\\\/\\\/www.itakaescolapios.org\\\/es\\\/2014\\\/03\\\/los-xti-protagonistas-de-la-falla-del-colegio-escuelas-pias\\\/\",\"name\":\"LOS XTI, PROTAGONISTAS DE LA FALLA DEL COLEGIO ESCUELAS P\u00cdAS - Itaka-Escolapios\",\"isPartOf\":{\"@id\":\"https:\\\/\\\/www.itakaescolapios.org\\\/es\\\/#website\"},\"primaryImageOfPage\":{\"@id\":\"https:\\\/\\\/www.itakaescolapios.org\\\/es\\\/2014\\\/03\\\/los-xti-protagonistas-de-la-falla-del-colegio-escuelas-pias\\\/#primaryimage\"},\"image\":{\"@id\":\"https:\\\/\\\/www.itakaescolapios.org\\\/es\\\/2014\\\/03\\\/los-xti-protagonistas-de-la-falla-del-colegio-escuelas-pias\\\/#primaryimage\"},\"thumbnailUrl\":\"https:\\\/\\\/www.itakaescolapios.org\\\/wp-content\\\/uploads\\\/2014\\\/03\\\/falla-los-xti.jpg\",\"datePublished\":\"2014-03-15T12:08:53+00:00\",\"dateModified\":\"2023-11-28T11:39:05+00:00\",\"breadcrumb\":{\"@id\":\"https:\\\/\\\/www.itakaescolapios.org\\\/es\\\/2014\\\/03\\\/los-xti-protagonistas-de-la-falla-del-colegio-escuelas-pias\\\/#breadcrumb\"},\"inLanguage\":\"es\",\"potentialAction\":[{\"@type\":\"ReadAction\",\"target\":[\"https:\\\/\\\/www.itakaescolapios.org\\\/es\\\/2014\\\/03\\\/los-xti-protagonistas-de-la-falla-del-colegio-escuelas-pias\\\/\"]}]},{\"@type\":\"ImageObject\",\"inLanguage\":\"es\",\"@id\":\"https:\\\/\\\/www.itakaescolapios.org\\\/es\\\/2014\\\/03\\\/los-xti-protagonistas-de-la-falla-del-colegio-escuelas-pias\\\/#primaryimage\",\"url\":\"https:\\\/\\\/www.itakaescolapios.org\\\/wp-content\\\/uploads\\\/2014\\\/03\\\/falla-los-xti.jpg\",\"contentUrl\":\"https:\\\/\\\/www.itakaescolapios.org\\\/wp-content\\\/uploads\\\/2014\\\/03\\\/falla-los-xti.jpg\",\"width\":600,\"height\":800},{\"@type\":\"BreadcrumbList\",\"@id\":\"https:\\\/\\\/www.itakaescolapios.org\\\/es\\\/2014\\\/03\\\/los-xti-protagonistas-de-la-falla-del-colegio-escuelas-pias\\\/#breadcrumb\",\"itemListElement\":[{\"@type\":\"ListItem\",\"position\":1,\"name\":\"Portada\",\"item\":\"https:\\\/\\\/www.itakaescolapios.org\\\/es\\\/\"},{\"@type\":\"ListItem\",\"position\":2,\"name\":\"LOS XTI, PROTAGONISTAS DE LA FALLA DEL COLEGIO ESCUELAS P\u00cdAS\"}]},{\"@type\":\"WebSite\",\"@id\":\"https:\\\/\\\/www.itakaescolapios.org\\\/es\\\/#website\",\"url\":\"https:\\\/\\\/www.itakaescolapios.org\\\/es\\\/\",\"name\":\"Itaka-Escolapios\",\"description\":\"Red de Itaka-Escolapios\",\"publisher\":{\"@id\":\"https:\\\/\\\/www.itakaescolapios.org\\\/es\\\/#organization\"},\"potentialAction\":[{\"@type\":\"SearchAction\",\"target\":{\"@type\":\"EntryPoint\",\"urlTemplate\":\"https:\\\/\\\/www.itakaescolapios.org\\\/es\\\/?s={search_term_string}\"},\"query-input\":{\"@type\":\"PropertyValueSpecification\",\"valueRequired\":true,\"valueName\":\"search_term_string\"}}],\"inLanguage\":\"es\"},{\"@type\":\"Organization\",\"@id\":\"https:\\\/\\\/www.itakaescolapios.org\\\/es\\\/#organization\",\"name\":\"Fundaci\u00f3 Itaka-Escolapios\",\"url\":\"https:\\\/\\\/www.itakaescolapios.org\\\/es\\\/\",\"logo\":{\"@type\":\"ImageObject\",\"inLanguage\":\"es\",\"@id\":\"https:\\\/\\\/www.itakaescolapios.org\\\/es\\\/#\\\/schema\\\/logo\\\/image\\\/\",\"url\":\"https:\\\/\\\/www.itakaescolapios.org\\\/wp-content\\\/uploads\\\/2024\\\/04\\\/Logo-itakaescolapios-peque.png\",\"contentUrl\":\"https:\\\/\\\/www.itakaescolapios.org\\\/wp-content\\\/uploads\\\/2024\\\/04\\\/Logo-itakaescolapios-peque.png\",\"width\":500,\"height\":199,\"caption\":\"Fundaci\u00f3 Itaka-Escolapios\"},\"image\":{\"@id\":\"https:\\\/\\\/www.itakaescolapios.org\\\/es\\\/#\\\/schema\\\/logo\\\/image\\\/\"}},{\"@type\":\"Person\",\"@id\":\"https:\\\/\\\/www.itakaescolapios.org\\\/es\\\/#\\\/schema\\\/person\\\/c232ccaa2b3f2e98db93c1f8dfca96ff\",\"name\":\"valencia01\",\"url\":\"https:\\\/\\\/www.itakaescolapios.org\\\/es\\\/author\\\/valencia01\\\/\"}]}<\/script>\n<!-- \/ Yoast SEO plugin. -->","yoast_head_json":{"title":"LOS XTI, PROTAGONISTAS DE LA FALLA DEL COLEGIO ESCUELAS P\u00cdAS - Itaka-Escolapios","robots":{"index":"index","follow":"follow","max-snippet":"max-snippet:-1","max-image-preview":"max-image-preview:large","max-video-preview":"max-video-preview:-1"},"canonical":"https:\/\/www.itakaescolapios.org\/es\/2014\/03\/los-xti-protagonistas-de-la-falla-del-colegio-escuelas-pias\/","og_locale":"es_ES","og_type":"article","og_title":"LOS XTI, PROTAGONISTAS DE LA FALLA DEL COLEGIO ESCUELAS P\u00cdAS - Itaka-Escolapios","og_description":"Las Fallas ya han llegado a Valencia y los colegios de Escolapios han aprovechado el \u00faltimo d\u00eda de clase antes de las fiestas para celebrarlas por todo lo alto, con [&hellip;]","og_url":"https:\/\/www.itakaescolapios.org\/es\/2014\/03\/los-xti-protagonistas-de-la-falla-del-colegio-escuelas-pias\/","og_site_name":"Itaka-Escolapios","article_published_time":"2014-03-15T12:08:53+00:00","article_modified_time":"2023-11-28T11:39:05+00:00","og_image":[{"width":600,"height":800,"url":"https:\/\/www.itakaescolapios.org\/wp-content\/uploads\/2014\/03\/falla-los-xti.jpg","type":"image\/jpeg"}],"author":"valencia01","twitter_card":"summary_large_image","twitter_misc":{"Escrito por":"valencia01","Tiempo de lectura":"1 minuto"},"schema":{"@context":"https:\/\/schema.org","@graph":[{"@type":"Article","@id":"https:\/\/www.itakaescolapios.org\/es\/2014\/03\/los-xti-protagonistas-de-la-falla-del-colegio-escuelas-pias\/#article","isPartOf":{"@id":"https:\/\/www.itakaescolapios.org\/es\/2014\/03\/los-xti-protagonistas-de-la-falla-del-colegio-escuelas-pias\/"},"author":{"name":"valencia01","@id":"https:\/\/www.itakaescolapios.org\/es\/#\/schema\/person\/c232ccaa2b3f2e98db93c1f8dfca96ff"},"headline":"LOS XTI, PROTAGONISTAS DE LA FALLA DEL COLEGIO ESCUELAS P\u00cdAS","datePublished":"2014-03-15T12:08:53+00:00","dateModified":"2023-11-28T11:39:05+00:00","mainEntityOfPage":{"@id":"https:\/\/www.itakaescolapios.org\/es\/2014\/03\/los-xti-protagonistas-de-la-falla-del-colegio-escuelas-pias\/"},"wordCount":209,"publisher":{"@id":"https:\/\/www.itakaescolapios.org\/es\/#organization"},"image":{"@id":"https:\/\/www.itakaescolapios.org\/es\/2014\/03\/los-xti-protagonistas-de-la-falla-del-colegio-escuelas-pias\/#primaryimage"},"thumbnailUrl":"https:\/\/www.itakaescolapios.org\/wp-content\/uploads\/2014\/03\/falla-los-xti.jpg","articleSection":["Valencia"],"inLanguage":"es"},{"@type":"WebPage","@id":"https:\/\/www.itakaescolapios.org\/es\/2014\/03\/los-xti-protagonistas-de-la-falla-del-colegio-escuelas-pias\/","url":"https:\/\/www.itakaescolapios.org\/es\/2014\/03\/los-xti-protagonistas-de-la-falla-del-colegio-escuelas-pias\/","name":"LOS XTI, PROTAGONISTAS DE LA FALLA DEL COLEGIO ESCUELAS P\u00cdAS - Itaka-Escolapios","isPartOf":{"@id":"https:\/\/www.itakaescolapios.org\/es\/#website"},"primaryImageOfPage":{"@id":"https:\/\/www.itakaescolapios.org\/es\/2014\/03\/los-xti-protagonistas-de-la-falla-del-colegio-escuelas-pias\/#primaryimage"},"image":{"@id":"https:\/\/www.itakaescolapios.org\/es\/2014\/03\/los-xti-protagonistas-de-la-falla-del-colegio-escuelas-pias\/#primaryimage"},"thumbnailUrl":"https:\/\/www.itakaescolapios.org\/wp-content\/uploads\/2014\/03\/falla-los-xti.jpg","datePublished":"2014-03-15T12:08:53+00:00","dateModified":"2023-11-28T11:39:05+00:00","breadcrumb":{"@id":"https:\/\/www.itakaescolapios.org\/es\/2014\/03\/los-xti-protagonistas-de-la-falla-del-colegio-escuelas-pias\/#breadcrumb"},"inLanguage":"es","potentialAction":[{"@type":"ReadAction","target":["https:\/\/www.itakaescolapios.org\/es\/2014\/03\/los-xti-protagonistas-de-la-falla-del-colegio-escuelas-pias\/"]}]},{"@type":"ImageObject","inLanguage":"es","@id":"https:\/\/www.itakaescolapios.org\/es\/2014\/03\/los-xti-protagonistas-de-la-falla-del-colegio-escuelas-pias\/#primaryimage","url":"https:\/\/www.itakaescolapios.org\/wp-content\/uploads\/2014\/03\/falla-los-xti.jpg","contentUrl":"https:\/\/www.itakaescolapios.org\/wp-content\/uploads\/2014\/03\/falla-los-xti.jpg","width":600,"height":800},{"@type":"BreadcrumbList","@id":"https:\/\/www.itakaescolapios.org\/es\/2014\/03\/los-xti-protagonistas-de-la-falla-del-colegio-escuelas-pias\/#breadcrumb","itemListElement":[{"@type":"ListItem","position":1,"name":"Portada","item":"https:\/\/www.itakaescolapios.org\/es\/"},{"@type":"ListItem","position":2,"name":"LOS XTI, PROTAGONISTAS DE LA FALLA DEL COLEGIO ESCUELAS P\u00cdAS"}]},{"@type":"WebSite","@id":"https:\/\/www.itakaescolapios.org\/es\/#website","url":"https:\/\/www.itakaescolapios.org\/es\/","name":"Itaka-Escolapios","description":"Red de Itaka-Escolapios","publisher":{"@id":"https:\/\/www.itakaescolapios.org\/es\/#organization"},"potentialAction":[{"@type":"SearchAction","target":{"@type":"EntryPoint","urlTemplate":"https:\/\/www.itakaescolapios.org\/es\/?s={search_term_string}"},"query-input":{"@type":"PropertyValueSpecification","valueRequired":true,"valueName":"search_term_string"}}],"inLanguage":"es"},{"@type":"Organization","@id":"https:\/\/www.itakaescolapios.org\/es\/#organization","name":"Fundaci\u00f3 Itaka-Escolapios","url":"https:\/\/www.itakaescolapios.org\/es\/","logo":{"@type":"ImageObject","inLanguage":"es","@id":"https:\/\/www.itakaescolapios.org\/es\/#\/schema\/logo\/image\/","url":"https:\/\/www.itakaescolapios.org\/wp-content\/uploads\/2024\/04\/Logo-itakaescolapios-peque.png","contentUrl":"https:\/\/www.itakaescolapios.org\/wp-content\/uploads\/2024\/04\/Logo-itakaescolapios-peque.png","width":500,"height":199,"caption":"Fundaci\u00f3 Itaka-Escolapios"},"image":{"@id":"https:\/\/www.itakaescolapios.org\/es\/#\/schema\/logo\/image\/"}},{"@type":"Person","@id":"https:\/\/www.itakaescolapios.org\/es\/#\/schema\/person\/c232ccaa2b3f2e98db93c1f8dfca96ff","name":"valencia01","url":"https:\/\/www.itakaescolapios.org\/es\/author\/valencia01\/"}]}},"_links":{"self":[{"href":"https:\/\/www.itakaescolapios.org\/es\/wp-json\/wp\/v2\/posts\/9029","targetHints":{"allow":["GET"]}}],"collection":[{"href":"https:\/\/www.itakaescolapios.org\/es\/wp-json\/wp\/v2\/posts"}],"about":[{"href":"https:\/\/www.itakaescolapios.org\/es\/wp-json\/wp\/v2\/types\/post"}],"author":[{"embeddable":true,"href":"https:\/\/www.itakaescolapios.org\/es\/wp-json\/wp\/v2\/users\/39"}],"replies":[{"embeddable":true,"href":"https:\/\/www.itakaescolapios.org\/es\/wp-json\/wp\/v2\/comments?post=9029"}],"version-history":[{"count":5,"href":"https:\/\/www.itakaescolapios.org\/es\/wp-json\/wp\/v2\/posts\/9029\/revisions"}],"predecessor-version":[{"id":49104,"href":"https:\/\/www.itakaescolapios.org\/es\/wp-json\/wp\/v2\/posts\/9029\/revisions\/49104"}],"wp:featuredmedia":[{"embeddable":true,"href":"https:\/\/www.itakaescolapios.org\/es\/wp-json\/wp\/v2\/media\/9030"}],"wp:attachment":[{"href":"https:\/\/www.itakaescolapios.org\/es\/wp-json\/wp\/v2\/media?parent=9029"}],"wp:term":[{"taxonomy":"category","embeddable":true,"href":"https:\/\/www.itakaescolapios.org\/es\/wp-json\/wp\/v2\/categories?post=9029"},{"taxonomy":"post_tag","embeddable":true,"href":"https:\/\/www.itakaescolapios.org\/es\/wp-json\/wp\/v2\/tags?post=9029"}],"curies":[{"name":"wp","href":"https:\/\/api.w.org\/{rel}","templated":true}]}}