{"id":9987,"date":"2014-09-29T21:28:56","date_gmt":"2014-09-29T20:28:56","guid":{"rendered":"https:\/\/www.itakaescolapios.org\/?p=9987"},"modified":"2023-11-28T12:38:58","modified_gmt":"2023-11-28T11:38:58","slug":"nos-ponemos-manos-a-la-obra-en-el-nuevo-local-de-la-presencia-escolapia-en-pamplona-iruna","status":"publish","type":"post","link":"https:\/\/www.itakaescolapios.org\/es\/2014\/09\/nos-ponemos-manos-a-la-obra-en-el-nuevo-local-de-la-presencia-escolapia-en-pamplona-iruna\/","title":{"rendered":"Nos ponemos manos a la obra en el Nuevo Local de la Presencia Escolapia en Pamplona-Iru\u00f1a"},"content":{"rendered":"<p>\u00a1Con mucha ilusi\u00f3n! Esta es la sensaci\u00f3n cuando comenzamos la puesta en marcha de los nuevos locales de la C\/Mayor- esquina con San Lorenzo de Pamplona-Iru\u00f1a. El pasado s\u00e1bado 27 de septiembre nos juntamos un grupo de gente de Lurberri y voluntarios de Itaka-Escolapios con la intenci\u00f3n de vaciar el local y dejar todo listo para que puedan entrar ya los alba\u00f1iles en este nuevo local. El curso pasado se publicaba en la prensa local que un donante an\u00f3nimo ced\u00eda unos locales de su propiedad en Pamplona a los escolapios para que los emplearan al servicio de los ni\u00f1os y j\u00f3venes. Ahora, con el traspaso hecho efectivo, nos ponemos manos a la obra. Queda mucha tarea por hacer, mucho por so\u00f1ar y planificar. Sin embargo, el d\u00eda que abramos las puertas de este local, ya est\u00e1 m\u00e1s cerca. Tambi\u00e9n las ilusiones en \u00e9l depositadas: atender mejor a nuestros chavales de Ikaskide, poder ofrecer a sus familias mejor atenci\u00f3n, tener un local propio a pie de calle desde el que dinamizar proyectos nuevos: con el Catecumenado, en Pastoral con J\u00f3venes, en Acci\u00f3n Social&#8230; \u00a1Empezamos! Ya estamos manos a la obra.<\/p>\n\n\t\t<style type=\"text\/css\">\n\t\t\t#gallery-1 {\n\t\t\t\tmargin: auto;\n\t\t\t}\n\t\t\t#gallery-1 .gallery-item {\n\t\t\t\tfloat: left;\n\t\t\t\tmargin-top: 10px;\n\t\t\t\ttext-align: center;\n\t\t\t\twidth: 50%;\n\t\t\t}\n\t\t\t#gallery-1 img {\n\t\t\t\tborder: 2px solid #cfcfcf;\n\t\t\t}\n\t\t\t#gallery-1 .gallery-caption {\n\t\t\t\tmargin-left: 0;\n\t\t\t}\n\t\t\t\/* see gallery_shortcode() in wp-includes\/media.php *\/\n\t\t<\/style>\n\t\t<div id='gallery-1' class='gallery galleryid-9987 gallery-columns-2 gallery-size-thumbnail'><dl class='gallery-item'>\n\t\t\t<dt class='gallery-icon landscape'>\n\t\t\t\t<a href='https:\/\/www.itakaescolapios.org\/es\/2014\/09\/nos-ponemos-manos-a-la-obra-en-el-nuevo-local-de-la-presencia-escolapia-en-pamplona-iruna\/img-20140927-wa0017\/'><img decoding=\"async\" width=\"90\" height=\"90\" src=\"https:\/\/www.itakaescolapios.org\/wp-content\/uploads\/2014\/09\/IMG-20140927-WA0017-90x90.jpg\" class=\"attachment-thumbnail size-thumbnail\" alt=\"\" \/><\/a>\n\t\t\t<\/dt><\/dl><dl class='gallery-item'>\n\t\t\t<dt class='gallery-icon landscape'>\n\t\t\t\t<a href='https:\/\/www.itakaescolapios.org\/es\/2014\/09\/nos-ponemos-manos-a-la-obra-en-el-nuevo-local-de-la-presencia-escolapia-en-pamplona-iruna\/img-20140927-wa0013\/'><img decoding=\"async\" width=\"90\" height=\"90\" src=\"https:\/\/www.itakaescolapios.org\/wp-content\/uploads\/2014\/09\/IMG-20140927-WA0013-90x90.jpg\" class=\"attachment-thumbnail size-thumbnail\" alt=\"\" \/><\/a>\n\t\t\t<\/dt><\/dl><br style=\"clear: both\" \/>\n\t\t<\/div>\n\n","protected":false},"excerpt":{"rendered":"<p>\u00a1Con mucha ilusi\u00f3n! Esta es la sensaci\u00f3n cuando comenzamos la puesta en marcha de los nuevos locales de la C\/Mayor- esquina con San Lorenzo de Pamplona-Iru\u00f1a. El pasado s\u00e1bado 27 [&hellip;]<\/p>\n","protected":false},"author":29,"featured_media":9988,"comment_status":"closed","ping_status":"closed","sticky":false,"template":"","format":"standard","meta":{"_et_pb_use_builder":"","_et_pb_old_content":"","_et_gb_content_width":"","footnotes":""},"categories":[20],"tags":[143],"class_list":["post-9987","post","type-post","status-publish","format-standard","has-post-thumbnail","hentry","category-pamplona-iruna","tag-pamplona-iruna-ikaskide"],"yoast_head":"<!-- This site is optimized with the Yoast SEO plugin v27.4 - https:\/\/yoast.com\/product\/yoast-seo-wordpress\/ -->\n<title>Nos ponemos manos a la obra en el Nuevo Local de la Presencia Escolapia en Pamplona-Iru\u00f1a - Itaka-Escolapios<\/title>\n<meta name=\"robots\" content=\"index, follow, max-snippet:-1, max-image-preview:large, max-video-preview:-1\" \/>\n<link rel=\"canonical\" href=\"https:\/\/www.itakaescolapios.org\/es\/2014\/09\/nos-ponemos-manos-a-la-obra-en-el-nuevo-local-de-la-presencia-escolapia-en-pamplona-iruna\/\" \/>\n<meta property=\"og:locale\" content=\"es_ES\" \/>\n<meta property=\"og:type\" content=\"article\" \/>\n<meta property=\"og:title\" content=\"Nos ponemos manos a la obra en el Nuevo Local de la Presencia Escolapia en Pamplona-Iru\u00f1a - Itaka-Escolapios\" \/>\n<meta property=\"og:description\" content=\"\u00a1Con mucha ilusi\u00f3n! Esta es la sensaci\u00f3n cuando comenzamos la puesta en marcha de los nuevos locales de la C\/Mayor- esquina con San Lorenzo de Pamplona-Iru\u00f1a. El pasado s\u00e1bado 27 [&hellip;]\" \/>\n<meta property=\"og:url\" content=\"https:\/\/www.itakaescolapios.org\/es\/2014\/09\/nos-ponemos-manos-a-la-obra-en-el-nuevo-local-de-la-presencia-escolapia-en-pamplona-iruna\/\" \/>\n<meta property=\"og:site_name\" content=\"Itaka-Escolapios\" \/>\n<meta property=\"article:published_time\" content=\"2014-09-29T20:28:56+00:00\" \/>\n<meta property=\"article:modified_time\" content=\"2023-11-28T11:38:58+00:00\" \/>\n<meta property=\"og:image\" content=\"https:\/\/www.itakaescolapios.org\/wp-content\/uploads\/2014\/09\/IMG-20140927-WA0004.jpg\" \/>\n\t<meta property=\"og:image:width\" content=\"960\" \/>\n\t<meta property=\"og:image:height\" content=\"1280\" \/>\n\t<meta property=\"og:image:type\" content=\"image\/jpeg\" \/>\n<meta name=\"author\" content=\"pamplona01\" \/>\n<meta name=\"twitter:card\" content=\"summary_large_image\" \/>\n<meta name=\"twitter:label1\" content=\"Escrito por\" \/>\n\t<meta name=\"twitter:data1\" content=\"pamplona01\" \/>\n\t<meta name=\"twitter:label2\" content=\"Tiempo de lectura\" \/>\n\t<meta name=\"twitter:data2\" content=\"1 minuto\" \/>\n<script type=\"application\/ld+json\" class=\"yoast-schema-graph\">{\"@context\":\"https:\\\/\\\/schema.org\",\"@graph\":[{\"@type\":\"Article\",\"@id\":\"https:\\\/\\\/www.itakaescolapios.org\\\/es\\\/2014\\\/09\\\/nos-ponemos-manos-a-la-obra-en-el-nuevo-local-de-la-presencia-escolapia-en-pamplona-iruna\\\/#article\",\"isPartOf\":{\"@id\":\"https:\\\/\\\/www.itakaescolapios.org\\\/es\\\/2014\\\/09\\\/nos-ponemos-manos-a-la-obra-en-el-nuevo-local-de-la-presencia-escolapia-en-pamplona-iruna\\\/\"},\"author\":{\"name\":\"pamplona01\",\"@id\":\"https:\\\/\\\/www.itakaescolapios.org\\\/es\\\/#\\\/schema\\\/person\\\/a44de70f9a43a90c3e0f59aaaffd61f3\"},\"headline\":\"Nos ponemos manos a la obra en el Nuevo Local de la Presencia Escolapia en Pamplona-Iru\u00f1a\",\"datePublished\":\"2014-09-29T20:28:56+00:00\",\"dateModified\":\"2023-11-28T11:38:58+00:00\",\"mainEntityOfPage\":{\"@id\":\"https:\\\/\\\/www.itakaescolapios.org\\\/es\\\/2014\\\/09\\\/nos-ponemos-manos-a-la-obra-en-el-nuevo-local-de-la-presencia-escolapia-en-pamplona-iruna\\\/\"},\"wordCount\":226,\"publisher\":{\"@id\":\"https:\\\/\\\/www.itakaescolapios.org\\\/es\\\/#organization\"},\"image\":{\"@id\":\"https:\\\/\\\/www.itakaescolapios.org\\\/es\\\/2014\\\/09\\\/nos-ponemos-manos-a-la-obra-en-el-nuevo-local-de-la-presencia-escolapia-en-pamplona-iruna\\\/#primaryimage\"},\"thumbnailUrl\":\"https:\\\/\\\/www.itakaescolapios.org\\\/wp-content\\\/uploads\\\/2014\\\/09\\\/IMG-20140927-WA0004.jpg\",\"keywords\":[\"Pamplona-Iru\u00f1a; Ikaskide;\"],\"articleSection\":[\"Pamplona-Iru\u00f1a\"],\"inLanguage\":\"es\"},{\"@type\":\"WebPage\",\"@id\":\"https:\\\/\\\/www.itakaescolapios.org\\\/es\\\/2014\\\/09\\\/nos-ponemos-manos-a-la-obra-en-el-nuevo-local-de-la-presencia-escolapia-en-pamplona-iruna\\\/\",\"url\":\"https:\\\/\\\/www.itakaescolapios.org\\\/es\\\/2014\\\/09\\\/nos-ponemos-manos-a-la-obra-en-el-nuevo-local-de-la-presencia-escolapia-en-pamplona-iruna\\\/\",\"name\":\"Nos ponemos manos a la obra en el Nuevo Local de la Presencia Escolapia en Pamplona-Iru\u00f1a - Itaka-Escolapios\",\"isPartOf\":{\"@id\":\"https:\\\/\\\/www.itakaescolapios.org\\\/es\\\/#website\"},\"primaryImageOfPage\":{\"@id\":\"https:\\\/\\\/www.itakaescolapios.org\\\/es\\\/2014\\\/09\\\/nos-ponemos-manos-a-la-obra-en-el-nuevo-local-de-la-presencia-escolapia-en-pamplona-iruna\\\/#primaryimage\"},\"image\":{\"@id\":\"https:\\\/\\\/www.itakaescolapios.org\\\/es\\\/2014\\\/09\\\/nos-ponemos-manos-a-la-obra-en-el-nuevo-local-de-la-presencia-escolapia-en-pamplona-iruna\\\/#primaryimage\"},\"thumbnailUrl\":\"https:\\\/\\\/www.itakaescolapios.org\\\/wp-content\\\/uploads\\\/2014\\\/09\\\/IMG-20140927-WA0004.jpg\",\"datePublished\":\"2014-09-29T20:28:56+00:00\",\"dateModified\":\"2023-11-28T11:38:58+00:00\",\"breadcrumb\":{\"@id\":\"https:\\\/\\\/www.itakaescolapios.org\\\/es\\\/2014\\\/09\\\/nos-ponemos-manos-a-la-obra-en-el-nuevo-local-de-la-presencia-escolapia-en-pamplona-iruna\\\/#breadcrumb\"},\"inLanguage\":\"es\",\"potentialAction\":[{\"@type\":\"ReadAction\",\"target\":[\"https:\\\/\\\/www.itakaescolapios.org\\\/es\\\/2014\\\/09\\\/nos-ponemos-manos-a-la-obra-en-el-nuevo-local-de-la-presencia-escolapia-en-pamplona-iruna\\\/\"]}]},{\"@type\":\"ImageObject\",\"inLanguage\":\"es\",\"@id\":\"https:\\\/\\\/www.itakaescolapios.org\\\/es\\\/2014\\\/09\\\/nos-ponemos-manos-a-la-obra-en-el-nuevo-local-de-la-presencia-escolapia-en-pamplona-iruna\\\/#primaryimage\",\"url\":\"https:\\\/\\\/www.itakaescolapios.org\\\/wp-content\\\/uploads\\\/2014\\\/09\\\/IMG-20140927-WA0004.jpg\",\"contentUrl\":\"https:\\\/\\\/www.itakaescolapios.org\\\/wp-content\\\/uploads\\\/2014\\\/09\\\/IMG-20140927-WA0004.jpg\",\"width\":960,\"height\":1280},{\"@type\":\"BreadcrumbList\",\"@id\":\"https:\\\/\\\/www.itakaescolapios.org\\\/es\\\/2014\\\/09\\\/nos-ponemos-manos-a-la-obra-en-el-nuevo-local-de-la-presencia-escolapia-en-pamplona-iruna\\\/#breadcrumb\",\"itemListElement\":[{\"@type\":\"ListItem\",\"position\":1,\"name\":\"Portada\",\"item\":\"https:\\\/\\\/www.itakaescolapios.org\\\/es\\\/\"},{\"@type\":\"ListItem\",\"position\":2,\"name\":\"Nos ponemos manos a la obra en el Nuevo Local de la Presencia Escolapia en Pamplona-Iru\u00f1a\"}]},{\"@type\":\"WebSite\",\"@id\":\"https:\\\/\\\/www.itakaescolapios.org\\\/es\\\/#website\",\"url\":\"https:\\\/\\\/www.itakaescolapios.org\\\/es\\\/\",\"name\":\"Itaka-Escolapios\",\"description\":\"Red de Itaka-Escolapios\",\"publisher\":{\"@id\":\"https:\\\/\\\/www.itakaescolapios.org\\\/es\\\/#organization\"},\"potentialAction\":[{\"@type\":\"SearchAction\",\"target\":{\"@type\":\"EntryPoint\",\"urlTemplate\":\"https:\\\/\\\/www.itakaescolapios.org\\\/es\\\/?s={search_term_string}\"},\"query-input\":{\"@type\":\"PropertyValueSpecification\",\"valueRequired\":true,\"valueName\":\"search_term_string\"}}],\"inLanguage\":\"es\"},{\"@type\":\"Organization\",\"@id\":\"https:\\\/\\\/www.itakaescolapios.org\\\/es\\\/#organization\",\"name\":\"Fundaci\u00f3 Itaka-Escolapios\",\"url\":\"https:\\\/\\\/www.itakaescolapios.org\\\/es\\\/\",\"logo\":{\"@type\":\"ImageObject\",\"inLanguage\":\"es\",\"@id\":\"https:\\\/\\\/www.itakaescolapios.org\\\/es\\\/#\\\/schema\\\/logo\\\/image\\\/\",\"url\":\"https:\\\/\\\/www.itakaescolapios.org\\\/wp-content\\\/uploads\\\/2024\\\/04\\\/Logo-itakaescolapios-peque.png\",\"contentUrl\":\"https:\\\/\\\/www.itakaescolapios.org\\\/wp-content\\\/uploads\\\/2024\\\/04\\\/Logo-itakaescolapios-peque.png\",\"width\":500,\"height\":199,\"caption\":\"Fundaci\u00f3 Itaka-Escolapios\"},\"image\":{\"@id\":\"https:\\\/\\\/www.itakaescolapios.org\\\/es\\\/#\\\/schema\\\/logo\\\/image\\\/\"}},{\"@type\":\"Person\",\"@id\":\"https:\\\/\\\/www.itakaescolapios.org\\\/es\\\/#\\\/schema\\\/person\\\/a44de70f9a43a90c3e0f59aaaffd61f3\",\"name\":\"pamplona01\",\"url\":\"https:\\\/\\\/www.itakaescolapios.org\\\/es\\\/author\\\/pamplona01\\\/\"}]}<\/script>\n<!-- \/ Yoast SEO plugin. -->","yoast_head_json":{"title":"Nos ponemos manos a la obra en el Nuevo Local de la Presencia Escolapia en Pamplona-Iru\u00f1a - Itaka-Escolapios","robots":{"index":"index","follow":"follow","max-snippet":"max-snippet:-1","max-image-preview":"max-image-preview:large","max-video-preview":"max-video-preview:-1"},"canonical":"https:\/\/www.itakaescolapios.org\/es\/2014\/09\/nos-ponemos-manos-a-la-obra-en-el-nuevo-local-de-la-presencia-escolapia-en-pamplona-iruna\/","og_locale":"es_ES","og_type":"article","og_title":"Nos ponemos manos a la obra en el Nuevo Local de la Presencia Escolapia en Pamplona-Iru\u00f1a - Itaka-Escolapios","og_description":"\u00a1Con mucha ilusi\u00f3n! Esta es la sensaci\u00f3n cuando comenzamos la puesta en marcha de los nuevos locales de la C\/Mayor- esquina con San Lorenzo de Pamplona-Iru\u00f1a. El pasado s\u00e1bado 27 [&hellip;]","og_url":"https:\/\/www.itakaescolapios.org\/es\/2014\/09\/nos-ponemos-manos-a-la-obra-en-el-nuevo-local-de-la-presencia-escolapia-en-pamplona-iruna\/","og_site_name":"Itaka-Escolapios","article_published_time":"2014-09-29T20:28:56+00:00","article_modified_time":"2023-11-28T11:38:58+00:00","og_image":[{"width":960,"height":1280,"url":"https:\/\/www.itakaescolapios.org\/wp-content\/uploads\/2014\/09\/IMG-20140927-WA0004.jpg","type":"image\/jpeg"}],"author":"pamplona01","twitter_card":"summary_large_image","twitter_misc":{"Escrito por":"pamplona01","Tiempo de lectura":"1 minuto"},"schema":{"@context":"https:\/\/schema.org","@graph":[{"@type":"Article","@id":"https:\/\/www.itakaescolapios.org\/es\/2014\/09\/nos-ponemos-manos-a-la-obra-en-el-nuevo-local-de-la-presencia-escolapia-en-pamplona-iruna\/#article","isPartOf":{"@id":"https:\/\/www.itakaescolapios.org\/es\/2014\/09\/nos-ponemos-manos-a-la-obra-en-el-nuevo-local-de-la-presencia-escolapia-en-pamplona-iruna\/"},"author":{"name":"pamplona01","@id":"https:\/\/www.itakaescolapios.org\/es\/#\/schema\/person\/a44de70f9a43a90c3e0f59aaaffd61f3"},"headline":"Nos ponemos manos a la obra en el Nuevo Local de la Presencia Escolapia en Pamplona-Iru\u00f1a","datePublished":"2014-09-29T20:28:56+00:00","dateModified":"2023-11-28T11:38:58+00:00","mainEntityOfPage":{"@id":"https:\/\/www.itakaescolapios.org\/es\/2014\/09\/nos-ponemos-manos-a-la-obra-en-el-nuevo-local-de-la-presencia-escolapia-en-pamplona-iruna\/"},"wordCount":226,"publisher":{"@id":"https:\/\/www.itakaescolapios.org\/es\/#organization"},"image":{"@id":"https:\/\/www.itakaescolapios.org\/es\/2014\/09\/nos-ponemos-manos-a-la-obra-en-el-nuevo-local-de-la-presencia-escolapia-en-pamplona-iruna\/#primaryimage"},"thumbnailUrl":"https:\/\/www.itakaescolapios.org\/wp-content\/uploads\/2014\/09\/IMG-20140927-WA0004.jpg","keywords":["Pamplona-Iru\u00f1a; Ikaskide;"],"articleSection":["Pamplona-Iru\u00f1a"],"inLanguage":"es"},{"@type":"WebPage","@id":"https:\/\/www.itakaescolapios.org\/es\/2014\/09\/nos-ponemos-manos-a-la-obra-en-el-nuevo-local-de-la-presencia-escolapia-en-pamplona-iruna\/","url":"https:\/\/www.itakaescolapios.org\/es\/2014\/09\/nos-ponemos-manos-a-la-obra-en-el-nuevo-local-de-la-presencia-escolapia-en-pamplona-iruna\/","name":"Nos ponemos manos a la obra en el Nuevo Local de la Presencia Escolapia en Pamplona-Iru\u00f1a - Itaka-Escolapios","isPartOf":{"@id":"https:\/\/www.itakaescolapios.org\/es\/#website"},"primaryImageOfPage":{"@id":"https:\/\/www.itakaescolapios.org\/es\/2014\/09\/nos-ponemos-manos-a-la-obra-en-el-nuevo-local-de-la-presencia-escolapia-en-pamplona-iruna\/#primaryimage"},"image":{"@id":"https:\/\/www.itakaescolapios.org\/es\/2014\/09\/nos-ponemos-manos-a-la-obra-en-el-nuevo-local-de-la-presencia-escolapia-en-pamplona-iruna\/#primaryimage"},"thumbnailUrl":"https:\/\/www.itakaescolapios.org\/wp-content\/uploads\/2014\/09\/IMG-20140927-WA0004.jpg","datePublished":"2014-09-29T20:28:56+00:00","dateModified":"2023-11-28T11:38:58+00:00","breadcrumb":{"@id":"https:\/\/www.itakaescolapios.org\/es\/2014\/09\/nos-ponemos-manos-a-la-obra-en-el-nuevo-local-de-la-presencia-escolapia-en-pamplona-iruna\/#breadcrumb"},"inLanguage":"es","potentialAction":[{"@type":"ReadAction","target":["https:\/\/www.itakaescolapios.org\/es\/2014\/09\/nos-ponemos-manos-a-la-obra-en-el-nuevo-local-de-la-presencia-escolapia-en-pamplona-iruna\/"]}]},{"@type":"ImageObject","inLanguage":"es","@id":"https:\/\/www.itakaescolapios.org\/es\/2014\/09\/nos-ponemos-manos-a-la-obra-en-el-nuevo-local-de-la-presencia-escolapia-en-pamplona-iruna\/#primaryimage","url":"https:\/\/www.itakaescolapios.org\/wp-content\/uploads\/2014\/09\/IMG-20140927-WA0004.jpg","contentUrl":"https:\/\/www.itakaescolapios.org\/wp-content\/uploads\/2014\/09\/IMG-20140927-WA0004.jpg","width":960,"height":1280},{"@type":"BreadcrumbList","@id":"https:\/\/www.itakaescolapios.org\/es\/2014\/09\/nos-ponemos-manos-a-la-obra-en-el-nuevo-local-de-la-presencia-escolapia-en-pamplona-iruna\/#breadcrumb","itemListElement":[{"@type":"ListItem","position":1,"name":"Portada","item":"https:\/\/www.itakaescolapios.org\/es\/"},{"@type":"ListItem","position":2,"name":"Nos ponemos manos a la obra en el Nuevo Local de la Presencia Escolapia en Pamplona-Iru\u00f1a"}]},{"@type":"WebSite","@id":"https:\/\/www.itakaescolapios.org\/es\/#website","url":"https:\/\/www.itakaescolapios.org\/es\/","name":"Itaka-Escolapios","description":"Red de Itaka-Escolapios","publisher":{"@id":"https:\/\/www.itakaescolapios.org\/es\/#organization"},"potentialAction":[{"@type":"SearchAction","target":{"@type":"EntryPoint","urlTemplate":"https:\/\/www.itakaescolapios.org\/es\/?s={search_term_string}"},"query-input":{"@type":"PropertyValueSpecification","valueRequired":true,"valueName":"search_term_string"}}],"inLanguage":"es"},{"@type":"Organization","@id":"https:\/\/www.itakaescolapios.org\/es\/#organization","name":"Fundaci\u00f3 Itaka-Escolapios","url":"https:\/\/www.itakaescolapios.org\/es\/","logo":{"@type":"ImageObject","inLanguage":"es","@id":"https:\/\/www.itakaescolapios.org\/es\/#\/schema\/logo\/image\/","url":"https:\/\/www.itakaescolapios.org\/wp-content\/uploads\/2024\/04\/Logo-itakaescolapios-peque.png","contentUrl":"https:\/\/www.itakaescolapios.org\/wp-content\/uploads\/2024\/04\/Logo-itakaescolapios-peque.png","width":500,"height":199,"caption":"Fundaci\u00f3 Itaka-Escolapios"},"image":{"@id":"https:\/\/www.itakaescolapios.org\/es\/#\/schema\/logo\/image\/"}},{"@type":"Person","@id":"https:\/\/www.itakaescolapios.org\/es\/#\/schema\/person\/a44de70f9a43a90c3e0f59aaaffd61f3","name":"pamplona01","url":"https:\/\/www.itakaescolapios.org\/es\/author\/pamplona01\/"}]}},"_links":{"self":[{"href":"https:\/\/www.itakaescolapios.org\/es\/wp-json\/wp\/v2\/posts\/9987","targetHints":{"allow":["GET"]}}],"collection":[{"href":"https:\/\/www.itakaescolapios.org\/es\/wp-json\/wp\/v2\/posts"}],"about":[{"href":"https:\/\/www.itakaescolapios.org\/es\/wp-json\/wp\/v2\/types\/post"}],"author":[{"embeddable":true,"href":"https:\/\/www.itakaescolapios.org\/es\/wp-json\/wp\/v2\/users\/29"}],"replies":[{"embeddable":true,"href":"https:\/\/www.itakaescolapios.org\/es\/wp-json\/wp\/v2\/comments?post=9987"}],"version-history":[{"count":6,"href":"https:\/\/www.itakaescolapios.org\/es\/wp-json\/wp\/v2\/posts\/9987\/revisions"}],"predecessor-version":[{"id":9998,"href":"https:\/\/www.itakaescolapios.org\/es\/wp-json\/wp\/v2\/posts\/9987\/revisions\/9998"}],"wp:featuredmedia":[{"embeddable":true,"href":"https:\/\/www.itakaescolapios.org\/es\/wp-json\/wp\/v2\/media\/9988"}],"wp:attachment":[{"href":"https:\/\/www.itakaescolapios.org\/es\/wp-json\/wp\/v2\/media?parent=9987"}],"wp:term":[{"taxonomy":"category","embeddable":true,"href":"https:\/\/www.itakaescolapios.org\/es\/wp-json\/wp\/v2\/categories?post=9987"},{"taxonomy":"post_tag","embeddable":true,"href":"https:\/\/www.itakaescolapios.org\/es\/wp-json\/wp\/v2\/tags?post=9987"}],"curies":[{"name":"wp","href":"https:\/\/api.w.org\/{rel}","templated":true}]}}