{"id":10557,"date":"2014-11-07T18:53:17","date_gmt":"2014-11-07T17:53:17","guid":{"rendered":"https:\/\/www.itakaescolapios.org\/?p=10557"},"modified":"2023-11-28T12:38:55","modified_gmt":"2023-11-28T11:38:55","slug":"reunion-de-animadores-movimiento-calasanz-bolivia","status":"publish","type":"post","link":"https:\/\/www.itakaescolapios.org\/eu\/2014\/11\/reunion-de-animadores-movimiento-calasanz-bolivia\/","title":{"rendered":"REUNI\u00d3N DE ANIMADORES MOVIMIENTO CALASANZ BOLIVIA."},"content":{"rendered":"<p>El pasado 4 de noviembre, el equipo de animadores del movimiento Calasanz Bolivia, se reuni\u00f3 para realizar una evaluaci\u00f3n y revisi\u00f3n de nuestro calendario de este a\u00f1o,<\/p>\n<p>Adem\u00e1s esta reuni\u00f3n sirvi\u00f3 para poder planificar u organizar los encuentros que a\u00fan nos queda esta gesti\u00f3n, por tanto, se ha quedado realizar varias actividades seg\u00fan el siguiente cronograma:<\/p>\n<p><b>8 de noviembre:<\/b> juegos recreativos, actividades recreativas preparado pro grupos<\/p>\n<p><b>15 de noviembre:<\/b> Preparaci\u00f3n de teatro por grupos<\/p>\n<p><b>22 de noviembre:<\/b> Presentaci\u00f3n de los teatros preparados<\/p>\n<p><b>29 de noviembre: <\/b>Eucarist\u00eda comunitaria<\/p>\n<p><b>6 de noviembre:<\/b> Compartir grande entre todos (comida, cantos, charlas, etc)<\/p>\n<p><b>13 de diciembre:<\/b> Una convivencia<\/p>\n<p>Estas actividades nos permitir\u00e1n crecer, a\u00fan m\u00e1s como compa\u00f1eros, como amigos \u00a0de este gran Movimiento Escolapio<\/p>\n","protected":false},"excerpt":{"rendered":"<p>El pasado 4 de noviembre, el equipo de animadores del movimiento Calasanz Bolivia, se reuni\u00f3 para realizar una evaluaci\u00f3n y revisi\u00f3n de nuestro calendario de este a\u00f1o, Adem\u00e1s esta reuni\u00f3n [&hellip;]<\/p>\n","protected":false},"author":7,"featured_media":10558,"comment_status":"closed","ping_status":"closed","sticky":false,"template":"","format":"standard","meta":{"_et_pb_use_builder":"","_et_pb_old_content":"","_et_gb_content_width":"","footnotes":""},"categories":[15],"tags":[],"class_list":["post-10557","post","type-post","status-publish","format-standard","has-post-thumbnail","hentry","category-bolivia"],"yoast_head":"<!-- This site is optimized with the Yoast SEO plugin v27.4 - https:\/\/yoast.com\/product\/yoast-seo-wordpress\/ -->\n<title>REUNI\u00d3N DE ANIMADORES MOVIMIENTO CALASANZ BOLIVIA.<\/title>\n<meta name=\"description\" content=\"El pasado 4 de noviembre, el equipo de animadores del movimiento Calasanz Bolivia, se reuni\u00f3 para realizar una evaluaci\u00f3n y revisi\u00f3n de nuestro calendario de este a\u00f1o, Adem\u00e1s esta reuni\u00f3n sirvi\u00f3 para poder planificar u organizar los encuentros que a\u00fan nos queda esta gesti\u00f3n, por tanto, se ha quedado realizar varias actividades seg\u00fan el siguiente&hellip;\" \/>\n<meta name=\"robots\" content=\"index, follow, max-snippet:-1, max-image-preview:large, max-video-preview:-1\" \/>\n<link rel=\"canonical\" href=\"http:\/\/El%20pasado%204%20de%20noviembre,%20el%20equipo%20de%20animadores%20del%20movimiento%20Calasanz%20Bolivia,%20se%20reuni\u00f3%20para%20realizar%20una%20evaluaci\u00f3n%20y%20revisi\u00f3n%20de%20nuestro%20calendario%20de%20este%20a\u00f1o,%20Adem\u00e1s%20esta%20reuni\u00f3n%20sirvi\u00f3%20para%20poder%20planificar%20u%20organizar%20los%20encuentros%20que%20a\u00fan%20nos%20queda%20esta%20gesti\u00f3n,%20por%20tanto,%20se%20ha%20quedado%20realizar%20varias%20actividades%20seg\u00fan%20el%20siguiente&hellip;\" \/>\n<meta property=\"og:locale\" content=\"en_US\" \/>\n<meta property=\"og:type\" content=\"article\" \/>\n<meta property=\"og:title\" content=\"REUNI\u00d3N DE ANIMADORES MOVIMIENTO CALASANZ BOLIVIA.\" \/>\n<meta property=\"og:description\" content=\"El pasado 4 de noviembre, el equipo de animadores del movimiento Calasanz Bolivia, se reuni\u00f3 para realizar una evaluaci\u00f3n y revisi\u00f3n de nuestro calendario de este a\u00f1o, Adem\u00e1s esta reuni\u00f3n sirvi\u00f3 para poder planificar u organizar los encuentros que a\u00fan nos queda esta gesti\u00f3n, por tanto, se ha quedado realizar varias actividades seg\u00fan el siguiente&hellip;\" \/>\n<meta property=\"og:url\" content=\"https:\/\/www.itakaescolapios.org\/eu\/2014\/11\/reunion-de-animadores-movimiento-calasanz-bolivia\/\" \/>\n<meta property=\"og:site_name\" content=\"Itaka-Escolapios\" \/>\n<meta property=\"article:published_time\" content=\"2014-11-07T17:53:17+00:00\" \/>\n<meta property=\"article:modified_time\" content=\"2023-11-28T11:38:55+00:00\" \/>\n<meta property=\"og:image\" content=\"https:\/\/www.itakaescolapios.org\/wp-content\/uploads\/2014\/11\/DSC_1497.jpg\" \/>\n\t<meta property=\"og:image:width\" content=\"2000\" \/>\n\t<meta property=\"og:image:height\" content=\"985\" \/>\n\t<meta property=\"og:image:type\" content=\"image\/jpeg\" \/>\n<meta name=\"author\" content=\"bolivia01\" \/>\n<meta name=\"twitter:card\" content=\"summary_large_image\" \/>\n<meta name=\"twitter:label1\" content=\"Written by\" \/>\n\t<meta name=\"twitter:data1\" content=\"bolivia01\" \/>\n\t<meta name=\"twitter:label2\" content=\"Est. reading time\" \/>\n\t<meta name=\"twitter:data2\" content=\"1 minutua\" \/>\n<script type=\"application\/ld+json\" class=\"yoast-schema-graph\">{\"@context\":\"https:\\\/\\\/schema.org\",\"@graph\":[{\"@type\":\"Article\",\"@id\":\"https:\\\/\\\/www.itakaescolapios.org\\\/eu\\\/2014\\\/11\\\/reunion-de-animadores-movimiento-calasanz-bolivia\\\/#article\",\"isPartOf\":{\"@id\":\"https:\\\/\\\/www.itakaescolapios.org\\\/eu\\\/2014\\\/11\\\/reunion-de-animadores-movimiento-calasanz-bolivia\\\/\"},\"author\":{\"name\":\"bolivia01\",\"@id\":\"https:\\\/\\\/www.itakaescolapios.org\\\/es\\\/#\\\/schema\\\/person\\\/141b7734ef7c6eadcc0fefeb0614c94a\"},\"headline\":\"REUNI\u00d3N DE ANIMADORES MOVIMIENTO CALASANZ BOLIVIA.\",\"datePublished\":\"2014-11-07T17:53:17+00:00\",\"dateModified\":\"2023-11-28T11:38:55+00:00\",\"mainEntityOfPage\":{\"@id\":\"https:\\\/\\\/www.itakaescolapios.org\\\/eu\\\/2014\\\/11\\\/reunion-de-animadores-movimiento-calasanz-bolivia\\\/\"},\"wordCount\":134,\"publisher\":{\"@id\":\"https:\\\/\\\/www.itakaescolapios.org\\\/es\\\/#organization\"},\"image\":{\"@id\":\"https:\\\/\\\/www.itakaescolapios.org\\\/eu\\\/2014\\\/11\\\/reunion-de-animadores-movimiento-calasanz-bolivia\\\/#primaryimage\"},\"thumbnailUrl\":\"https:\\\/\\\/www.itakaescolapios.org\\\/wp-content\\\/uploads\\\/2014\\\/11\\\/DSC_1497.jpg\",\"articleSection\":[\"Bolivia\"],\"inLanguage\":\"eu\"},{\"@type\":\"WebPage\",\"@id\":\"https:\\\/\\\/www.itakaescolapios.org\\\/eu\\\/2014\\\/11\\\/reunion-de-animadores-movimiento-calasanz-bolivia\\\/\",\"url\":\"https:\\\/\\\/www.itakaescolapios.org\\\/eu\\\/2014\\\/11\\\/reunion-de-animadores-movimiento-calasanz-bolivia\\\/\",\"name\":\"REUNI\u00d3N DE ANIMADORES MOVIMIENTO CALASANZ BOLIVIA. - Itaka-Escolapios\",\"isPartOf\":{\"@id\":\"https:\\\/\\\/www.itakaescolapios.org\\\/es\\\/#website\"},\"primaryImageOfPage\":{\"@id\":\"https:\\\/\\\/www.itakaescolapios.org\\\/eu\\\/2014\\\/11\\\/reunion-de-animadores-movimiento-calasanz-bolivia\\\/#primaryimage\"},\"image\":{\"@id\":\"https:\\\/\\\/www.itakaescolapios.org\\\/eu\\\/2014\\\/11\\\/reunion-de-animadores-movimiento-calasanz-bolivia\\\/#primaryimage\"},\"thumbnailUrl\":\"https:\\\/\\\/www.itakaescolapios.org\\\/wp-content\\\/uploads\\\/2014\\\/11\\\/DSC_1497.jpg\",\"datePublished\":\"2014-11-07T17:53:17+00:00\",\"dateModified\":\"2023-11-28T11:38:55+00:00\",\"breadcrumb\":{\"@id\":\"https:\\\/\\\/www.itakaescolapios.org\\\/eu\\\/2014\\\/11\\\/reunion-de-animadores-movimiento-calasanz-bolivia\\\/#breadcrumb\"},\"inLanguage\":\"eu\",\"potentialAction\":[{\"@type\":\"ReadAction\",\"target\":[\"https:\\\/\\\/www.itakaescolapios.org\\\/eu\\\/2014\\\/11\\\/reunion-de-animadores-movimiento-calasanz-bolivia\\\/\"]}]},{\"@type\":\"ImageObject\",\"inLanguage\":\"eu\",\"@id\":\"https:\\\/\\\/www.itakaescolapios.org\\\/eu\\\/2014\\\/11\\\/reunion-de-animadores-movimiento-calasanz-bolivia\\\/#primaryimage\",\"url\":\"https:\\\/\\\/www.itakaescolapios.org\\\/wp-content\\\/uploads\\\/2014\\\/11\\\/DSC_1497.jpg\",\"contentUrl\":\"https:\\\/\\\/www.itakaescolapios.org\\\/wp-content\\\/uploads\\\/2014\\\/11\\\/DSC_1497.jpg\",\"width\":2000,\"height\":985,\"caption\":\"Movimiento Calasanz Bolivia\"},{\"@type\":\"BreadcrumbList\",\"@id\":\"https:\\\/\\\/www.itakaescolapios.org\\\/eu\\\/2014\\\/11\\\/reunion-de-animadores-movimiento-calasanz-bolivia\\\/#breadcrumb\",\"itemListElement\":[{\"@type\":\"ListItem\",\"position\":1,\"name\":\"Itaka-Escolapios\",\"item\":\"https:\\\/\\\/www.itakaescolapios.org\\\/es\\\/\"},{\"@type\":\"ListItem\",\"position\":2,\"name\":\"REUNI\u00d3N DE ANIMADORES MOVIMIENTO CALASANZ BOLIVIA.\"}]},{\"@type\":\"WebSite\",\"@id\":\"https:\\\/\\\/www.itakaescolapios.org\\\/eu\\\/es\\\/#website\",\"url\":\"https:\\\/\\\/www.itakaescolapios.org\\\/eu\\\/es\\\/\",\"name\":\"Itaka-Escolapios\",\"description\":\"Red de Itaka-Escolapios\",\"publisher\":{\"@id\":\"https:\\\/\\\/www.itakaescolapios.org\\\/eu\\\/es\\\/#organization\"},\"potentialAction\":[{\"@type\":\"SearchAction\",\"target\":{\"@type\":\"EntryPoint\",\"urlTemplate\":\"https:\\\/\\\/www.itakaescolapios.org\\\/eu\\\/es\\\/?s={search_term_string}\"},\"query-input\":{\"@type\":\"PropertyValueSpecification\",\"valueRequired\":true,\"valueName\":\"search_term_string\"}}],\"inLanguage\":\"eu\"},{\"@type\":\"Organization\",\"@id\":\"https:\\\/\\\/www.itakaescolapios.org\\\/eu\\\/es\\\/#organization\",\"name\":\"Fundaci\u00f3 Itaka-Escolapios\",\"url\":\"https:\\\/\\\/www.itakaescolapios.org\\\/eu\\\/es\\\/\",\"logo\":{\"@type\":\"ImageObject\",\"inLanguage\":\"eu\",\"@id\":\"https:\\\/\\\/www.itakaescolapios.org\\\/eu\\\/es\\\/#\\\/schema\\\/logo\\\/image\\\/\",\"url\":\"https:\\\/\\\/www.itakaescolapios.org\\\/wp-content\\\/uploads\\\/2024\\\/04\\\/Logo-itakaescolapios-peque.png\",\"contentUrl\":\"https:\\\/\\\/www.itakaescolapios.org\\\/wp-content\\\/uploads\\\/2024\\\/04\\\/Logo-itakaescolapios-peque.png\",\"width\":500,\"height\":199,\"caption\":\"Fundaci\u00f3 Itaka-Escolapios\"},\"image\":{\"@id\":\"https:\\\/\\\/www.itakaescolapios.org\\\/eu\\\/es\\\/#\\\/schema\\\/logo\\\/image\\\/\"}},{\"@type\":\"Person\",\"@id\":\"https:\\\/\\\/www.itakaescolapios.org\\\/es\\\/#\\\/schema\\\/person\\\/141b7734ef7c6eadcc0fefeb0614c94a\",\"name\":\"bolivia01\",\"url\":\"https:\\\/\\\/www.itakaescolapios.org\\\/eu\\\/author\\\/bolivia01\\\/\"}]}<\/script>\n<!-- \/ Yoast SEO plugin. -->","yoast_head_json":{"title":"REUNI\u00d3N DE ANIMADORES MOVIMIENTO CALASANZ BOLIVIA.","description":"El pasado 4 de noviembre, el equipo de animadores del movimiento Calasanz Bolivia, se reuni\u00f3 para realizar una evaluaci\u00f3n y revisi\u00f3n de nuestro calendario de este a\u00f1o, Adem\u00e1s esta reuni\u00f3n sirvi\u00f3 para poder planificar u organizar los encuentros que a\u00fan nos queda esta gesti\u00f3n, por tanto, se ha quedado realizar varias actividades seg\u00fan el siguiente&hellip;","robots":{"index":"index","follow":"follow","max-snippet":"max-snippet:-1","max-image-preview":"max-image-preview:large","max-video-preview":"max-video-preview:-1"},"canonical":"El pasado 4 de noviembre, el equipo de animadores del movimiento Calasanz Bolivia, se reuni\u00f3 para realizar una evaluaci\u00f3n y revisi\u00f3n de nuestro calendario de este a\u00f1o, Adem\u00e1s esta reuni\u00f3n sirvi\u00f3 para poder planificar u organizar los encuentros que a\u00fan nos queda esta gesti\u00f3n, por tanto, se ha quedado realizar varias actividades seg\u00fan el siguiente&hellip;","og_locale":"en_US","og_type":"article","og_title":"REUNI\u00d3N DE ANIMADORES MOVIMIENTO CALASANZ BOLIVIA.","og_description":"El pasado 4 de noviembre, el equipo de animadores del movimiento Calasanz Bolivia, se reuni\u00f3 para realizar una evaluaci\u00f3n y revisi\u00f3n de nuestro calendario de este a\u00f1o, Adem\u00e1s esta reuni\u00f3n sirvi\u00f3 para poder planificar u organizar los encuentros que a\u00fan nos queda esta gesti\u00f3n, por tanto, se ha quedado realizar varias actividades seg\u00fan el siguiente&hellip;","og_url":"https:\/\/www.itakaescolapios.org\/eu\/2014\/11\/reunion-de-animadores-movimiento-calasanz-bolivia\/","og_site_name":"Itaka-Escolapios","article_published_time":"2014-11-07T17:53:17+00:00","article_modified_time":"2023-11-28T11:38:55+00:00","og_image":[{"width":2000,"height":985,"url":"https:\/\/www.itakaescolapios.org\/wp-content\/uploads\/2014\/11\/DSC_1497.jpg","type":"image\/jpeg"}],"author":"bolivia01","twitter_card":"summary_large_image","twitter_misc":{"Written by":"bolivia01","Est. reading time":"1 minutua"},"schema":{"@context":"https:\/\/schema.org","@graph":[{"@type":"Article","@id":"https:\/\/www.itakaescolapios.org\/eu\/2014\/11\/reunion-de-animadores-movimiento-calasanz-bolivia\/#article","isPartOf":{"@id":"https:\/\/www.itakaescolapios.org\/eu\/2014\/11\/reunion-de-animadores-movimiento-calasanz-bolivia\/"},"author":{"name":"bolivia01","@id":"https:\/\/www.itakaescolapios.org\/es\/#\/schema\/person\/141b7734ef7c6eadcc0fefeb0614c94a"},"headline":"REUNI\u00d3N DE ANIMADORES MOVIMIENTO CALASANZ BOLIVIA.","datePublished":"2014-11-07T17:53:17+00:00","dateModified":"2023-11-28T11:38:55+00:00","mainEntityOfPage":{"@id":"https:\/\/www.itakaescolapios.org\/eu\/2014\/11\/reunion-de-animadores-movimiento-calasanz-bolivia\/"},"wordCount":134,"publisher":{"@id":"https:\/\/www.itakaescolapios.org\/es\/#organization"},"image":{"@id":"https:\/\/www.itakaescolapios.org\/eu\/2014\/11\/reunion-de-animadores-movimiento-calasanz-bolivia\/#primaryimage"},"thumbnailUrl":"https:\/\/www.itakaescolapios.org\/wp-content\/uploads\/2014\/11\/DSC_1497.jpg","articleSection":["Bolivia"],"inLanguage":"eu"},{"@type":"WebPage","@id":"https:\/\/www.itakaescolapios.org\/eu\/2014\/11\/reunion-de-animadores-movimiento-calasanz-bolivia\/","url":"https:\/\/www.itakaescolapios.org\/eu\/2014\/11\/reunion-de-animadores-movimiento-calasanz-bolivia\/","name":"REUNI\u00d3N DE ANIMADORES MOVIMIENTO CALASANZ BOLIVIA. - Itaka-Escolapios","isPartOf":{"@id":"https:\/\/www.itakaescolapios.org\/es\/#website"},"primaryImageOfPage":{"@id":"https:\/\/www.itakaescolapios.org\/eu\/2014\/11\/reunion-de-animadores-movimiento-calasanz-bolivia\/#primaryimage"},"image":{"@id":"https:\/\/www.itakaescolapios.org\/eu\/2014\/11\/reunion-de-animadores-movimiento-calasanz-bolivia\/#primaryimage"},"thumbnailUrl":"https:\/\/www.itakaescolapios.org\/wp-content\/uploads\/2014\/11\/DSC_1497.jpg","datePublished":"2014-11-07T17:53:17+00:00","dateModified":"2023-11-28T11:38:55+00:00","breadcrumb":{"@id":"https:\/\/www.itakaescolapios.org\/eu\/2014\/11\/reunion-de-animadores-movimiento-calasanz-bolivia\/#breadcrumb"},"inLanguage":"eu","potentialAction":[{"@type":"ReadAction","target":["https:\/\/www.itakaescolapios.org\/eu\/2014\/11\/reunion-de-animadores-movimiento-calasanz-bolivia\/"]}]},{"@type":"ImageObject","inLanguage":"eu","@id":"https:\/\/www.itakaescolapios.org\/eu\/2014\/11\/reunion-de-animadores-movimiento-calasanz-bolivia\/#primaryimage","url":"https:\/\/www.itakaescolapios.org\/wp-content\/uploads\/2014\/11\/DSC_1497.jpg","contentUrl":"https:\/\/www.itakaescolapios.org\/wp-content\/uploads\/2014\/11\/DSC_1497.jpg","width":2000,"height":985,"caption":"Movimiento Calasanz Bolivia"},{"@type":"BreadcrumbList","@id":"https:\/\/www.itakaescolapios.org\/eu\/2014\/11\/reunion-de-animadores-movimiento-calasanz-bolivia\/#breadcrumb","itemListElement":[{"@type":"ListItem","position":1,"name":"Itaka-Escolapios","item":"https:\/\/www.itakaescolapios.org\/es\/"},{"@type":"ListItem","position":2,"name":"REUNI\u00d3N DE ANIMADORES MOVIMIENTO CALASANZ BOLIVIA."}]},{"@type":"WebSite","@id":"https:\/\/www.itakaescolapios.org\/eu\/es\/#website","url":"https:\/\/www.itakaescolapios.org\/eu\/es\/","name":"Itaka-Escolapios","description":"Red de Itaka-Escolapios","publisher":{"@id":"https:\/\/www.itakaescolapios.org\/eu\/es\/#organization"},"potentialAction":[{"@type":"SearchAction","target":{"@type":"EntryPoint","urlTemplate":"https:\/\/www.itakaescolapios.org\/eu\/es\/?s={search_term_string}"},"query-input":{"@type":"PropertyValueSpecification","valueRequired":true,"valueName":"search_term_string"}}],"inLanguage":"eu"},{"@type":"Organization","@id":"https:\/\/www.itakaescolapios.org\/eu\/es\/#organization","name":"Fundaci\u00f3 Itaka-Escolapios","url":"https:\/\/www.itakaescolapios.org\/eu\/es\/","logo":{"@type":"ImageObject","inLanguage":"eu","@id":"https:\/\/www.itakaescolapios.org\/eu\/es\/#\/schema\/logo\/image\/","url":"https:\/\/www.itakaescolapios.org\/wp-content\/uploads\/2024\/04\/Logo-itakaescolapios-peque.png","contentUrl":"https:\/\/www.itakaescolapios.org\/wp-content\/uploads\/2024\/04\/Logo-itakaescolapios-peque.png","width":500,"height":199,"caption":"Fundaci\u00f3 Itaka-Escolapios"},"image":{"@id":"https:\/\/www.itakaescolapios.org\/eu\/es\/#\/schema\/logo\/image\/"}},{"@type":"Person","@id":"https:\/\/www.itakaescolapios.org\/es\/#\/schema\/person\/141b7734ef7c6eadcc0fefeb0614c94a","name":"bolivia01","url":"https:\/\/www.itakaescolapios.org\/eu\/author\/bolivia01\/"}]}},"_links":{"self":[{"href":"https:\/\/www.itakaescolapios.org\/eu\/wp-json\/wp\/v2\/posts\/10557","targetHints":{"allow":["GET"]}}],"collection":[{"href":"https:\/\/www.itakaescolapios.org\/eu\/wp-json\/wp\/v2\/posts"}],"about":[{"href":"https:\/\/www.itakaescolapios.org\/eu\/wp-json\/wp\/v2\/types\/post"}],"author":[{"embeddable":true,"href":"https:\/\/www.itakaescolapios.org\/eu\/wp-json\/wp\/v2\/users\/7"}],"replies":[{"embeddable":true,"href":"https:\/\/www.itakaescolapios.org\/eu\/wp-json\/wp\/v2\/comments?post=10557"}],"version-history":[{"count":3,"href":"https:\/\/www.itakaescolapios.org\/eu\/wp-json\/wp\/v2\/posts\/10557\/revisions"}],"predecessor-version":[{"id":10561,"href":"https:\/\/www.itakaescolapios.org\/eu\/wp-json\/wp\/v2\/posts\/10557\/revisions\/10561"}],"wp:featuredmedia":[{"embeddable":true,"href":"https:\/\/www.itakaescolapios.org\/eu\/wp-json\/wp\/v2\/media\/10558"}],"wp:attachment":[{"href":"https:\/\/www.itakaescolapios.org\/eu\/wp-json\/wp\/v2\/media?parent=10557"}],"wp:term":[{"taxonomy":"category","embeddable":true,"href":"https:\/\/www.itakaescolapios.org\/eu\/wp-json\/wp\/v2\/categories?post=10557"},{"taxonomy":"post_tag","embeddable":true,"href":"https:\/\/www.itakaescolapios.org\/eu\/wp-json\/wp\/v2\/tags?post=10557"}],"curies":[{"name":"wp","href":"https:\/\/api.w.org\/{rel}","templated":true}]}}