{"id":12476,"date":"2015-04-24T08:41:40","date_gmt":"2015-04-24T07:41:40","guid":{"rendered":"https:\/\/www.itakaescolapios.org\/?p=12476"},"modified":"2023-11-28T12:38:42","modified_gmt":"2023-11-28T11:38:42","slug":"encuentros-y-fines-de-semana-en-el-mc","status":"publish","type":"post","link":"https:\/\/www.itakaescolapios.org\/eu\/2015\/04\/encuentros-y-fines-de-semana-en-el-mc\/","title":{"rendered":"Encuentros y fines de semana en el Movimiento Calasanz"},"content":{"rendered":"<p>Los grupos del Movimiento Calasanz est\u00e1n viviendo momentos importantes de este curso. Antes de Semana Santa el grupos de Artesanos 2 \u00a0vivi\u00f3 en Sevilla el Encuentro &#8220;Escolapios por Andaluc\u00eda&#8221;. Despu\u00e9s de la Pascua, en la que han participado los grupos de Bachillerato y Catecumenado, los grupos de Caminantes han tenido sus encuentros. Caminantes 2 en C\u00f3doba &#8211; buscando a Jes\u00fas; Caminantes 1 en Granada &#8211; derrochando solidaridad, un encuentro desde el 10 al 12 de abril ha tenido lugar en el sal\u00f3n de actos. El resto de etapas tambi\u00e9n han vivido esta experiencia en el Cortijo \u00a0Calasanz de la Zubia, en los fines de semana de este mes. Aventureros 2, Artesanos 1, Aventureros 1 este fin de semana,&#8230; \u00a0 los chavales de Paso a paso tuvieron el pasado mi\u00e9rcoles la celebraci\u00f3n de la reconciliaci\u00f3n.<\/p>\n","protected":false},"excerpt":{"rendered":"<p>Los grupos del Movimiento Calasanz est\u00e1n viviendo momentos importantes de este curso. Antes de Semana Santa el grupos de Artesanos 2 \u00a0vivi\u00f3 en Sevilla el Encuentro &#8220;Escolapios por Andaluc\u00eda&#8221;. Despu\u00e9s [&hellip;]<\/p>\n","protected":false},"author":25,"featured_media":12477,"comment_status":"closed","ping_status":"closed","sticky":false,"template":"","format":"standard","meta":{"_et_pb_use_builder":"","_et_pb_old_content":"","_et_gb_content_width":"","footnotes":""},"categories":[11],"tags":[],"class_list":["post-12476","post","type-post","status-publish","format-standard","has-post-thumbnail","hentry","category-granada"],"yoast_head":"<!-- This site is optimized with the Yoast SEO plugin v27.4 - https:\/\/yoast.com\/product\/yoast-seo-wordpress\/ -->\n<title>Encuentros y fines de semana en el Movimiento Calasanz<\/title>\n<meta name=\"description\" content=\"Los grupos del Movimiento Calasanz est\u00e1n viviendo momentos importantes de este curso. Antes de Semana Santa el grupos de Artesanos 2 \u00a0vivi\u00f3 en Sevilla el Encuentro &quot;Escolapios por Andaluc\u00eda&quot;. Despu\u00e9s de la Pascua, en la que han participado los grupos de Bachillerato y Catecumenado, los grupos de Caminantes han tenido sus encuentros. Caminantes 2 en&hellip;\" \/>\n<meta name=\"robots\" content=\"index, follow, max-snippet:-1, max-image-preview:large, max-video-preview:-1\" \/>\n<link rel=\"canonical\" href=\"http:\/\/Los%20grupos%20del%20Movimiento%20Calasanz%20est\u00e1n%20viviendo%20momentos%20importantes%20de%20este%20curso.%20Antes%20de%20Semana%20Santa%20el%20grupos%20de%20Artesanos%202%20\u00a0vivi\u00f3%20en%20Sevilla%20el%20Encuentro%20Escolapios%20por%20Andaluc\u00eda.%20Despu\u00e9s%20de%20la%20Pascua,%20en%20la%20que%20han%20participado%20los%20grupos%20de%20Bachillerato%20y%20Catecumenado,%20los%20grupos%20de%20Caminantes%20han%20tenido%20sus%20encuentros.%20Caminantes%202%20en&hellip;\" \/>\n<meta property=\"og:locale\" content=\"en_US\" \/>\n<meta property=\"og:type\" content=\"article\" \/>\n<meta property=\"og:title\" content=\"Encuentros y fines de semana en el Movimiento Calasanz\" \/>\n<meta property=\"og:description\" content=\"Los grupos del Movimiento Calasanz est\u00e1n viviendo momentos importantes de este curso. Antes de Semana Santa el grupos de Artesanos 2 \u00a0vivi\u00f3 en Sevilla el Encuentro &quot;Escolapios por Andaluc\u00eda&quot;. Despu\u00e9s de la Pascua, en la que han participado los grupos de Bachillerato y Catecumenado, los grupos de Caminantes han tenido sus encuentros. Caminantes 2 en&hellip;\" \/>\n<meta property=\"og:url\" content=\"https:\/\/www.itakaescolapios.org\/eu\/2015\/04\/encuentros-y-fines-de-semana-en-el-mc\/\" \/>\n<meta property=\"og:site_name\" content=\"Itaka-Escolapios\" \/>\n<meta property=\"article:published_time\" content=\"2015-04-24T07:41:40+00:00\" \/>\n<meta property=\"article:modified_time\" content=\"2023-11-28T11:38:42+00:00\" \/>\n<meta property=\"og:image\" content=\"https:\/\/www.itakaescolapios.org\/wp-content\/uploads\/2015\/04\/P1140067.jpg\" \/>\n\t<meta property=\"og:image:width\" content=\"2000\" \/>\n\t<meta property=\"og:image:height\" content=\"1500\" \/>\n\t<meta property=\"og:image:type\" content=\"image\/jpeg\" \/>\n<meta name=\"author\" content=\"granada01\" \/>\n<meta name=\"twitter:card\" content=\"summary_large_image\" \/>\n<meta name=\"twitter:label1\" content=\"Written by\" \/>\n\t<meta name=\"twitter:data1\" content=\"granada01\" \/>\n\t<meta name=\"twitter:label2\" content=\"Est. reading time\" \/>\n\t<meta name=\"twitter:data2\" content=\"1 minutua\" \/>\n<script type=\"application\/ld+json\" class=\"yoast-schema-graph\">{\"@context\":\"https:\\\/\\\/schema.org\",\"@graph\":[{\"@type\":\"Article\",\"@id\":\"https:\\\/\\\/www.itakaescolapios.org\\\/eu\\\/2015\\\/04\\\/encuentros-y-fines-de-semana-en-el-mc\\\/#article\",\"isPartOf\":{\"@id\":\"https:\\\/\\\/www.itakaescolapios.org\\\/eu\\\/2015\\\/04\\\/encuentros-y-fines-de-semana-en-el-mc\\\/\"},\"author\":{\"name\":\"granada01\",\"@id\":\"https:\\\/\\\/www.itakaescolapios.org\\\/es\\\/#\\\/schema\\\/person\\\/1a1a06b7cd775a7ac4567252df659ec9\"},\"headline\":\"Encuentros y fines de semana en el Movimiento Calasanz\",\"datePublished\":\"2015-04-24T07:41:40+00:00\",\"dateModified\":\"2023-11-28T11:38:42+00:00\",\"mainEntityOfPage\":{\"@id\":\"https:\\\/\\\/www.itakaescolapios.org\\\/eu\\\/2015\\\/04\\\/encuentros-y-fines-de-semana-en-el-mc\\\/\"},\"wordCount\":144,\"publisher\":{\"@id\":\"https:\\\/\\\/www.itakaescolapios.org\\\/es\\\/#organization\"},\"image\":{\"@id\":\"https:\\\/\\\/www.itakaescolapios.org\\\/eu\\\/2015\\\/04\\\/encuentros-y-fines-de-semana-en-el-mc\\\/#primaryimage\"},\"thumbnailUrl\":\"https:\\\/\\\/www.itakaescolapios.org\\\/wp-content\\\/uploads\\\/2015\\\/04\\\/P1140067.jpg\",\"articleSection\":[\"Granada\"],\"inLanguage\":\"eu\"},{\"@type\":\"WebPage\",\"@id\":\"https:\\\/\\\/www.itakaescolapios.org\\\/eu\\\/2015\\\/04\\\/encuentros-y-fines-de-semana-en-el-mc\\\/\",\"url\":\"https:\\\/\\\/www.itakaescolapios.org\\\/eu\\\/2015\\\/04\\\/encuentros-y-fines-de-semana-en-el-mc\\\/\",\"name\":\"Encuentros y fines de semana en el Movimiento Calasanz - Itaka-Escolapios\",\"isPartOf\":{\"@id\":\"https:\\\/\\\/www.itakaescolapios.org\\\/es\\\/#website\"},\"primaryImageOfPage\":{\"@id\":\"https:\\\/\\\/www.itakaescolapios.org\\\/eu\\\/2015\\\/04\\\/encuentros-y-fines-de-semana-en-el-mc\\\/#primaryimage\"},\"image\":{\"@id\":\"https:\\\/\\\/www.itakaescolapios.org\\\/eu\\\/2015\\\/04\\\/encuentros-y-fines-de-semana-en-el-mc\\\/#primaryimage\"},\"thumbnailUrl\":\"https:\\\/\\\/www.itakaescolapios.org\\\/wp-content\\\/uploads\\\/2015\\\/04\\\/P1140067.jpg\",\"datePublished\":\"2015-04-24T07:41:40+00:00\",\"dateModified\":\"2023-11-28T11:38:42+00:00\",\"breadcrumb\":{\"@id\":\"https:\\\/\\\/www.itakaescolapios.org\\\/eu\\\/2015\\\/04\\\/encuentros-y-fines-de-semana-en-el-mc\\\/#breadcrumb\"},\"inLanguage\":\"eu\",\"potentialAction\":[{\"@type\":\"ReadAction\",\"target\":[\"https:\\\/\\\/www.itakaescolapios.org\\\/eu\\\/2015\\\/04\\\/encuentros-y-fines-de-semana-en-el-mc\\\/\"]}]},{\"@type\":\"ImageObject\",\"inLanguage\":\"eu\",\"@id\":\"https:\\\/\\\/www.itakaescolapios.org\\\/eu\\\/2015\\\/04\\\/encuentros-y-fines-de-semana-en-el-mc\\\/#primaryimage\",\"url\":\"https:\\\/\\\/www.itakaescolapios.org\\\/wp-content\\\/uploads\\\/2015\\\/04\\\/P1140067.jpg\",\"contentUrl\":\"https:\\\/\\\/www.itakaescolapios.org\\\/wp-content\\\/uploads\\\/2015\\\/04\\\/P1140067.jpg\",\"width\":2000,\"height\":1500},{\"@type\":\"BreadcrumbList\",\"@id\":\"https:\\\/\\\/www.itakaescolapios.org\\\/eu\\\/2015\\\/04\\\/encuentros-y-fines-de-semana-en-el-mc\\\/#breadcrumb\",\"itemListElement\":[{\"@type\":\"ListItem\",\"position\":1,\"name\":\"Itaka-Escolapios\",\"item\":\"https:\\\/\\\/www.itakaescolapios.org\\\/es\\\/\"},{\"@type\":\"ListItem\",\"position\":2,\"name\":\"Encuentros y fines de semana en el Movimiento Calasanz\"}]},{\"@type\":\"WebSite\",\"@id\":\"https:\\\/\\\/www.itakaescolapios.org\\\/eu\\\/es\\\/#website\",\"url\":\"https:\\\/\\\/www.itakaescolapios.org\\\/eu\\\/es\\\/\",\"name\":\"Itaka-Escolapios\",\"description\":\"Red de Itaka-Escolapios\",\"publisher\":{\"@id\":\"https:\\\/\\\/www.itakaescolapios.org\\\/eu\\\/es\\\/#organization\"},\"potentialAction\":[{\"@type\":\"SearchAction\",\"target\":{\"@type\":\"EntryPoint\",\"urlTemplate\":\"https:\\\/\\\/www.itakaescolapios.org\\\/eu\\\/es\\\/?s={search_term_string}\"},\"query-input\":{\"@type\":\"PropertyValueSpecification\",\"valueRequired\":true,\"valueName\":\"search_term_string\"}}],\"inLanguage\":\"eu\"},{\"@type\":\"Organization\",\"@id\":\"https:\\\/\\\/www.itakaescolapios.org\\\/eu\\\/es\\\/#organization\",\"name\":\"Fundaci\u00f3 Itaka-Escolapios\",\"url\":\"https:\\\/\\\/www.itakaescolapios.org\\\/eu\\\/es\\\/\",\"logo\":{\"@type\":\"ImageObject\",\"inLanguage\":\"eu\",\"@id\":\"https:\\\/\\\/www.itakaescolapios.org\\\/eu\\\/es\\\/#\\\/schema\\\/logo\\\/image\\\/\",\"url\":\"https:\\\/\\\/www.itakaescolapios.org\\\/wp-content\\\/uploads\\\/2024\\\/04\\\/Logo-itakaescolapios-peque.png\",\"contentUrl\":\"https:\\\/\\\/www.itakaescolapios.org\\\/wp-content\\\/uploads\\\/2024\\\/04\\\/Logo-itakaescolapios-peque.png\",\"width\":500,\"height\":199,\"caption\":\"Fundaci\u00f3 Itaka-Escolapios\"},\"image\":{\"@id\":\"https:\\\/\\\/www.itakaescolapios.org\\\/eu\\\/es\\\/#\\\/schema\\\/logo\\\/image\\\/\"}},{\"@type\":\"Person\",\"@id\":\"https:\\\/\\\/www.itakaescolapios.org\\\/es\\\/#\\\/schema\\\/person\\\/1a1a06b7cd775a7ac4567252df659ec9\",\"name\":\"granada01\",\"url\":\"https:\\\/\\\/www.itakaescolapios.org\\\/eu\\\/author\\\/granada01\\\/\"}]}<\/script>\n<!-- \/ Yoast SEO plugin. -->","yoast_head_json":{"title":"Encuentros y fines de semana en el Movimiento Calasanz","description":"Los grupos del Movimiento Calasanz est\u00e1n viviendo momentos importantes de este curso. Antes de Semana Santa el grupos de Artesanos 2 \u00a0vivi\u00f3 en Sevilla el Encuentro \"Escolapios por Andaluc\u00eda\". Despu\u00e9s de la Pascua, en la que han participado los grupos de Bachillerato y Catecumenado, los grupos de Caminantes han tenido sus encuentros. Caminantes 2 en&hellip;","robots":{"index":"index","follow":"follow","max-snippet":"max-snippet:-1","max-image-preview":"max-image-preview:large","max-video-preview":"max-video-preview:-1"},"canonical":"Los grupos del Movimiento Calasanz est\u00e1n viviendo momentos importantes de este curso. Antes de Semana Santa el grupos de Artesanos 2 \u00a0vivi\u00f3 en Sevilla el Encuentro \"Escolapios por Andaluc\u00eda\". Despu\u00e9s de la Pascua, en la que han participado los grupos de Bachillerato y Catecumenado, los grupos de Caminantes han tenido sus encuentros. Caminantes 2 en&hellip;","og_locale":"en_US","og_type":"article","og_title":"Encuentros y fines de semana en el Movimiento Calasanz","og_description":"Los grupos del Movimiento Calasanz est\u00e1n viviendo momentos importantes de este curso. Antes de Semana Santa el grupos de Artesanos 2 \u00a0vivi\u00f3 en Sevilla el Encuentro \"Escolapios por Andaluc\u00eda\". Despu\u00e9s de la Pascua, en la que han participado los grupos de Bachillerato y Catecumenado, los grupos de Caminantes han tenido sus encuentros. Caminantes 2 en&hellip;","og_url":"https:\/\/www.itakaescolapios.org\/eu\/2015\/04\/encuentros-y-fines-de-semana-en-el-mc\/","og_site_name":"Itaka-Escolapios","article_published_time":"2015-04-24T07:41:40+00:00","article_modified_time":"2023-11-28T11:38:42+00:00","og_image":[{"width":2000,"height":1500,"url":"https:\/\/www.itakaescolapios.org\/wp-content\/uploads\/2015\/04\/P1140067.jpg","type":"image\/jpeg"}],"author":"granada01","twitter_card":"summary_large_image","twitter_misc":{"Written by":"granada01","Est. reading time":"1 minutua"},"schema":{"@context":"https:\/\/schema.org","@graph":[{"@type":"Article","@id":"https:\/\/www.itakaescolapios.org\/eu\/2015\/04\/encuentros-y-fines-de-semana-en-el-mc\/#article","isPartOf":{"@id":"https:\/\/www.itakaescolapios.org\/eu\/2015\/04\/encuentros-y-fines-de-semana-en-el-mc\/"},"author":{"name":"granada01","@id":"https:\/\/www.itakaescolapios.org\/es\/#\/schema\/person\/1a1a06b7cd775a7ac4567252df659ec9"},"headline":"Encuentros y fines de semana en el Movimiento Calasanz","datePublished":"2015-04-24T07:41:40+00:00","dateModified":"2023-11-28T11:38:42+00:00","mainEntityOfPage":{"@id":"https:\/\/www.itakaescolapios.org\/eu\/2015\/04\/encuentros-y-fines-de-semana-en-el-mc\/"},"wordCount":144,"publisher":{"@id":"https:\/\/www.itakaescolapios.org\/es\/#organization"},"image":{"@id":"https:\/\/www.itakaescolapios.org\/eu\/2015\/04\/encuentros-y-fines-de-semana-en-el-mc\/#primaryimage"},"thumbnailUrl":"https:\/\/www.itakaescolapios.org\/wp-content\/uploads\/2015\/04\/P1140067.jpg","articleSection":["Granada"],"inLanguage":"eu"},{"@type":"WebPage","@id":"https:\/\/www.itakaescolapios.org\/eu\/2015\/04\/encuentros-y-fines-de-semana-en-el-mc\/","url":"https:\/\/www.itakaescolapios.org\/eu\/2015\/04\/encuentros-y-fines-de-semana-en-el-mc\/","name":"Encuentros y fines de semana en el Movimiento Calasanz - Itaka-Escolapios","isPartOf":{"@id":"https:\/\/www.itakaescolapios.org\/es\/#website"},"primaryImageOfPage":{"@id":"https:\/\/www.itakaescolapios.org\/eu\/2015\/04\/encuentros-y-fines-de-semana-en-el-mc\/#primaryimage"},"image":{"@id":"https:\/\/www.itakaescolapios.org\/eu\/2015\/04\/encuentros-y-fines-de-semana-en-el-mc\/#primaryimage"},"thumbnailUrl":"https:\/\/www.itakaescolapios.org\/wp-content\/uploads\/2015\/04\/P1140067.jpg","datePublished":"2015-04-24T07:41:40+00:00","dateModified":"2023-11-28T11:38:42+00:00","breadcrumb":{"@id":"https:\/\/www.itakaescolapios.org\/eu\/2015\/04\/encuentros-y-fines-de-semana-en-el-mc\/#breadcrumb"},"inLanguage":"eu","potentialAction":[{"@type":"ReadAction","target":["https:\/\/www.itakaescolapios.org\/eu\/2015\/04\/encuentros-y-fines-de-semana-en-el-mc\/"]}]},{"@type":"ImageObject","inLanguage":"eu","@id":"https:\/\/www.itakaescolapios.org\/eu\/2015\/04\/encuentros-y-fines-de-semana-en-el-mc\/#primaryimage","url":"https:\/\/www.itakaescolapios.org\/wp-content\/uploads\/2015\/04\/P1140067.jpg","contentUrl":"https:\/\/www.itakaescolapios.org\/wp-content\/uploads\/2015\/04\/P1140067.jpg","width":2000,"height":1500},{"@type":"BreadcrumbList","@id":"https:\/\/www.itakaescolapios.org\/eu\/2015\/04\/encuentros-y-fines-de-semana-en-el-mc\/#breadcrumb","itemListElement":[{"@type":"ListItem","position":1,"name":"Itaka-Escolapios","item":"https:\/\/www.itakaescolapios.org\/es\/"},{"@type":"ListItem","position":2,"name":"Encuentros y fines de semana en el Movimiento Calasanz"}]},{"@type":"WebSite","@id":"https:\/\/www.itakaescolapios.org\/eu\/es\/#website","url":"https:\/\/www.itakaescolapios.org\/eu\/es\/","name":"Itaka-Escolapios","description":"Red de Itaka-Escolapios","publisher":{"@id":"https:\/\/www.itakaescolapios.org\/eu\/es\/#organization"},"potentialAction":[{"@type":"SearchAction","target":{"@type":"EntryPoint","urlTemplate":"https:\/\/www.itakaescolapios.org\/eu\/es\/?s={search_term_string}"},"query-input":{"@type":"PropertyValueSpecification","valueRequired":true,"valueName":"search_term_string"}}],"inLanguage":"eu"},{"@type":"Organization","@id":"https:\/\/www.itakaescolapios.org\/eu\/es\/#organization","name":"Fundaci\u00f3 Itaka-Escolapios","url":"https:\/\/www.itakaescolapios.org\/eu\/es\/","logo":{"@type":"ImageObject","inLanguage":"eu","@id":"https:\/\/www.itakaescolapios.org\/eu\/es\/#\/schema\/logo\/image\/","url":"https:\/\/www.itakaescolapios.org\/wp-content\/uploads\/2024\/04\/Logo-itakaescolapios-peque.png","contentUrl":"https:\/\/www.itakaescolapios.org\/wp-content\/uploads\/2024\/04\/Logo-itakaescolapios-peque.png","width":500,"height":199,"caption":"Fundaci\u00f3 Itaka-Escolapios"},"image":{"@id":"https:\/\/www.itakaescolapios.org\/eu\/es\/#\/schema\/logo\/image\/"}},{"@type":"Person","@id":"https:\/\/www.itakaescolapios.org\/es\/#\/schema\/person\/1a1a06b7cd775a7ac4567252df659ec9","name":"granada01","url":"https:\/\/www.itakaescolapios.org\/eu\/author\/granada01\/"}]}},"_links":{"self":[{"href":"https:\/\/www.itakaescolapios.org\/eu\/wp-json\/wp\/v2\/posts\/12476","targetHints":{"allow":["GET"]}}],"collection":[{"href":"https:\/\/www.itakaescolapios.org\/eu\/wp-json\/wp\/v2\/posts"}],"about":[{"href":"https:\/\/www.itakaescolapios.org\/eu\/wp-json\/wp\/v2\/types\/post"}],"author":[{"embeddable":true,"href":"https:\/\/www.itakaescolapios.org\/eu\/wp-json\/wp\/v2\/users\/25"}],"replies":[{"embeddable":true,"href":"https:\/\/www.itakaescolapios.org\/eu\/wp-json\/wp\/v2\/comments?post=12476"}],"version-history":[{"count":2,"href":"https:\/\/www.itakaescolapios.org\/eu\/wp-json\/wp\/v2\/posts\/12476\/revisions"}],"predecessor-version":[{"id":12479,"href":"https:\/\/www.itakaescolapios.org\/eu\/wp-json\/wp\/v2\/posts\/12476\/revisions\/12479"}],"wp:featuredmedia":[{"embeddable":true,"href":"https:\/\/www.itakaescolapios.org\/eu\/wp-json\/wp\/v2\/media\/12477"}],"wp:attachment":[{"href":"https:\/\/www.itakaescolapios.org\/eu\/wp-json\/wp\/v2\/media?parent=12476"}],"wp:term":[{"taxonomy":"category","embeddable":true,"href":"https:\/\/www.itakaescolapios.org\/eu\/wp-json\/wp\/v2\/categories?post=12476"},{"taxonomy":"post_tag","embeddable":true,"href":"https:\/\/www.itakaescolapios.org\/eu\/wp-json\/wp\/v2\/tags?post=12476"}],"curies":[{"name":"wp","href":"https:\/\/api.w.org\/{rel}","templated":true}]}}