{"id":12641,"date":"2015-05-07T10:23:52","date_gmt":"2015-05-07T09:23:52","guid":{"rendered":"https:\/\/www.itakaescolapios.org\/?p=12641"},"modified":"2023-11-28T12:38:41","modified_gmt":"2023-11-28T11:38:41","slug":"nuevo-curso-intensivo-de-monitora-de-tiempo-libre","status":"publish","type":"post","link":"https:\/\/www.itakaescolapios.org\/eu\/2015\/05\/nuevo-curso-intensivo-de-monitora-de-tiempo-libre\/","title":{"rendered":"NUEVO CURSO INTENSIVO DE MONITOR\/A DE TIEMPO LIBRE"},"content":{"rendered":"<p>Sois muchas las personas que nos hab\u00e9is solicitado un curso intensivo en verano. Pues bien, \u00a1\u00a1aqu\u00ed lo ten\u00e9is!!<\/p>\n<p>Es un curso oficial, con titulaci\u00f3n otorgada por el Instituto Navarro de Deporte y Juventud.<\/p>\n<p>En el archivo ten\u00e9is informaci\u00f3n sobre fechas, horario, precio,&#8230; pero si necesitas aclarar algo o te falta informaci\u00f3n no dudes en ponerte en contacto con nosotros.<\/p>\n<p>\u00a1Te esperamos! <a href=\"https:\/\/www.itakaescolapios.org\/wp-content\/uploads\/2015\/05\/Publi-Intensivo-Agosto-2015.jpg\"><img decoding=\"async\" class=\"aligncenter size-medium wp-image-12642\" alt=\"Publi- Intensivo Agosto 2015\" src=\"https:\/\/www.itakaescolapios.org\/wp-content\/uploads\/2015\/05\/Publi-Intensivo-Agosto-2015-300x212.jpg\" width=\"300\" height=\"212\" srcset=\"https:\/\/www.itakaescolapios.org\/wp-content\/uploads\/2015\/05\/Publi-Intensivo-Agosto-2015-300x212.jpg 300w, https:\/\/www.itakaescolapios.org\/wp-content\/uploads\/2015\/05\/Publi-Intensivo-Agosto-2015-1024x723.jpg 1024w, https:\/\/www.itakaescolapios.org\/wp-content\/uploads\/2015\/05\/Publi-Intensivo-Agosto-2015-250x176.jpg 250w, https:\/\/www.itakaescolapios.org\/wp-content\/uploads\/2015\/05\/Publi-Intensivo-Agosto-2015.jpg 1754w\" sizes=\"(max-width: 300px) 100vw, 300px\" \/><\/a><\/p>\n","protected":false},"excerpt":{"rendered":"<p>Sois muchas las personas que nos hab\u00e9is solicitado un curso intensivo en verano. Pues bien, \u00a1\u00a1aqu\u00ed lo ten\u00e9is!! Es un curso oficial, con titulaci\u00f3n otorgada por el Instituto Navarro de [&hellip;]<\/p>\n","protected":false},"author":29,"featured_media":11155,"comment_status":"closed","ping_status":"closed","sticky":false,"template":"","format":"standard","meta":{"_et_pb_use_builder":"","_et_pb_old_content":"","_et_gb_content_width":"","footnotes":""},"categories":[20],"tags":[],"class_list":["post-12641","post","type-post","status-publish","format-standard","has-post-thumbnail","hentry","category-pamplona-iruna"],"yoast_head":"<!-- This site is optimized with the Yoast SEO plugin v27.4 - https:\/\/yoast.com\/product\/yoast-seo-wordpress\/ -->\n<title>NUEVO CURSO INTENSIVO DE MONITOR\/A DE TIEMPO LIBRE<\/title>\n<meta name=\"description\" content=\"Sois muchas las personas que nos hab\u00e9is solicitado un curso intensivo en verano. Pues bien, \u00a1\u00a1aqu\u00ed lo ten\u00e9is!! Es un curso oficial, con titulaci\u00f3n otorgada por el Instituto Navarro de Deporte y Juventud. En el archivo ten\u00e9is informaci\u00f3n sobre fechas, horario, precio,... pero si necesitas aclarar algo o te falta informaci\u00f3n no dudes en ponerte&hellip;\" \/>\n<meta name=\"robots\" content=\"index, follow, max-snippet:-1, max-image-preview:large, max-video-preview:-1\" \/>\n<link rel=\"canonical\" href=\"http:\/\/Sois%20muchas%20las%20personas%20que%20nos%20hab\u00e9is%20solicitado%20un%20curso%20intensivo%20en%20verano.%20Pues%20bien,%20\u00a1\u00a1aqu\u00ed%20lo%20ten\u00e9is!!%20Es%20un%20curso%20oficial,%20con%20titulaci\u00f3n%20otorgada%20por%20el%20Instituto%20Navarro%20de%20Deporte%20y%20Juventud.%20En%20el%20archivo%20ten\u00e9is%20informaci\u00f3n%20sobre%20fechas,%20horario,%20precio,...%20pero%20si%20necesitas%20aclarar%20algo%20o%20te%20falta%20informaci\u00f3n%20no%20dudes%20en%20ponerte&hellip;\" \/>\n<meta property=\"og:locale\" content=\"en_US\" \/>\n<meta property=\"og:type\" content=\"article\" \/>\n<meta property=\"og:title\" content=\"NUEVO CURSO INTENSIVO DE MONITOR\/A DE TIEMPO LIBRE\" \/>\n<meta property=\"og:description\" content=\"Sois muchas las personas que nos hab\u00e9is solicitado un curso intensivo en verano. Pues bien, \u00a1\u00a1aqu\u00ed lo ten\u00e9is!! Es un curso oficial, con titulaci\u00f3n otorgada por el Instituto Navarro de Deporte y Juventud. En el archivo ten\u00e9is informaci\u00f3n sobre fechas, horario, precio,... pero si necesitas aclarar algo o te falta informaci\u00f3n no dudes en ponerte&hellip;\" \/>\n<meta property=\"og:url\" content=\"https:\/\/www.itakaescolapios.org\/eu\/2015\/05\/nuevo-curso-intensivo-de-monitora-de-tiempo-libre\/\" \/>\n<meta property=\"og:site_name\" content=\"Itaka-Escolapios\" \/>\n<meta property=\"article:published_time\" content=\"2015-05-07T09:23:52+00:00\" \/>\n<meta property=\"article:modified_time\" content=\"2023-11-28T11:38:41+00:00\" \/>\n<meta property=\"og:image\" content=\"https:\/\/www.itakaescolapios.org\/wp-content\/uploads\/2014\/12\/ocio_y_tiempo_libre.jpg\" \/>\n\t<meta property=\"og:image:width\" content=\"500\" \/>\n\t<meta property=\"og:image:height\" content=\"398\" \/>\n\t<meta property=\"og:image:type\" content=\"image\/jpeg\" \/>\n<meta name=\"author\" content=\"pamplona01\" \/>\n<meta name=\"twitter:card\" content=\"summary_large_image\" \/>\n<meta name=\"twitter:label1\" content=\"Written by\" \/>\n\t<meta name=\"twitter:data1\" content=\"pamplona01\" \/>\n<script type=\"application\/ld+json\" class=\"yoast-schema-graph\">{\"@context\":\"https:\\\/\\\/schema.org\",\"@graph\":[{\"@type\":\"Article\",\"@id\":\"https:\\\/\\\/www.itakaescolapios.org\\\/eu\\\/2015\\\/05\\\/nuevo-curso-intensivo-de-monitora-de-tiempo-libre\\\/#article\",\"isPartOf\":{\"@id\":\"https:\\\/\\\/www.itakaescolapios.org\\\/eu\\\/2015\\\/05\\\/nuevo-curso-intensivo-de-monitora-de-tiempo-libre\\\/\"},\"author\":{\"name\":\"pamplona01\",\"@id\":\"https:\\\/\\\/www.itakaescolapios.org\\\/es\\\/#\\\/schema\\\/person\\\/a44de70f9a43a90c3e0f59aaaffd61f3\"},\"headline\":\"NUEVO CURSO INTENSIVO DE MONITOR\\\/A DE TIEMPO LIBRE\",\"datePublished\":\"2015-05-07T09:23:52+00:00\",\"dateModified\":\"2023-11-28T11:38:41+00:00\",\"mainEntityOfPage\":{\"@id\":\"https:\\\/\\\/www.itakaescolapios.org\\\/eu\\\/2015\\\/05\\\/nuevo-curso-intensivo-de-monitora-de-tiempo-libre\\\/\"},\"wordCount\":76,\"publisher\":{\"@id\":\"https:\\\/\\\/www.itakaescolapios.org\\\/es\\\/#organization\"},\"image\":{\"@id\":\"https:\\\/\\\/www.itakaescolapios.org\\\/eu\\\/2015\\\/05\\\/nuevo-curso-intensivo-de-monitora-de-tiempo-libre\\\/#primaryimage\"},\"thumbnailUrl\":\"https:\\\/\\\/www.itakaescolapios.org\\\/wp-content\\\/uploads\\\/2014\\\/12\\\/ocio_y_tiempo_libre.jpg\",\"articleSection\":[\"Pamplona-Iru\u00f1a\"],\"inLanguage\":\"eu\"},{\"@type\":\"WebPage\",\"@id\":\"https:\\\/\\\/www.itakaescolapios.org\\\/eu\\\/2015\\\/05\\\/nuevo-curso-intensivo-de-monitora-de-tiempo-libre\\\/\",\"url\":\"https:\\\/\\\/www.itakaescolapios.org\\\/eu\\\/2015\\\/05\\\/nuevo-curso-intensivo-de-monitora-de-tiempo-libre\\\/\",\"name\":\"NUEVO CURSO INTENSIVO DE MONITOR\\\/A DE TIEMPO LIBRE - Itaka-Escolapios\",\"isPartOf\":{\"@id\":\"https:\\\/\\\/www.itakaescolapios.org\\\/es\\\/#website\"},\"primaryImageOfPage\":{\"@id\":\"https:\\\/\\\/www.itakaescolapios.org\\\/eu\\\/2015\\\/05\\\/nuevo-curso-intensivo-de-monitora-de-tiempo-libre\\\/#primaryimage\"},\"image\":{\"@id\":\"https:\\\/\\\/www.itakaescolapios.org\\\/eu\\\/2015\\\/05\\\/nuevo-curso-intensivo-de-monitora-de-tiempo-libre\\\/#primaryimage\"},\"thumbnailUrl\":\"https:\\\/\\\/www.itakaescolapios.org\\\/wp-content\\\/uploads\\\/2014\\\/12\\\/ocio_y_tiempo_libre.jpg\",\"datePublished\":\"2015-05-07T09:23:52+00:00\",\"dateModified\":\"2023-11-28T11:38:41+00:00\",\"breadcrumb\":{\"@id\":\"https:\\\/\\\/www.itakaescolapios.org\\\/eu\\\/2015\\\/05\\\/nuevo-curso-intensivo-de-monitora-de-tiempo-libre\\\/#breadcrumb\"},\"inLanguage\":\"eu\",\"potentialAction\":[{\"@type\":\"ReadAction\",\"target\":[\"https:\\\/\\\/www.itakaescolapios.org\\\/eu\\\/2015\\\/05\\\/nuevo-curso-intensivo-de-monitora-de-tiempo-libre\\\/\"]}]},{\"@type\":\"ImageObject\",\"inLanguage\":\"eu\",\"@id\":\"https:\\\/\\\/www.itakaescolapios.org\\\/eu\\\/2015\\\/05\\\/nuevo-curso-intensivo-de-monitora-de-tiempo-libre\\\/#primaryimage\",\"url\":\"https:\\\/\\\/www.itakaescolapios.org\\\/wp-content\\\/uploads\\\/2014\\\/12\\\/ocio_y_tiempo_libre.jpg\",\"contentUrl\":\"https:\\\/\\\/www.itakaescolapios.org\\\/wp-content\\\/uploads\\\/2014\\\/12\\\/ocio_y_tiempo_libre.jpg\",\"width\":500,\"height\":398},{\"@type\":\"BreadcrumbList\",\"@id\":\"https:\\\/\\\/www.itakaescolapios.org\\\/eu\\\/2015\\\/05\\\/nuevo-curso-intensivo-de-monitora-de-tiempo-libre\\\/#breadcrumb\",\"itemListElement\":[{\"@type\":\"ListItem\",\"position\":1,\"name\":\"Itaka-Escolapios\",\"item\":\"https:\\\/\\\/www.itakaescolapios.org\\\/es\\\/\"},{\"@type\":\"ListItem\",\"position\":2,\"name\":\"NUEVO CURSO INTENSIVO DE MONITOR\\\/A DE TIEMPO LIBRE\"}]},{\"@type\":\"WebSite\",\"@id\":\"https:\\\/\\\/www.itakaescolapios.org\\\/eu\\\/es\\\/#website\",\"url\":\"https:\\\/\\\/www.itakaescolapios.org\\\/eu\\\/es\\\/\",\"name\":\"Itaka-Escolapios\",\"description\":\"Red de Itaka-Escolapios\",\"publisher\":{\"@id\":\"https:\\\/\\\/www.itakaescolapios.org\\\/eu\\\/es\\\/#organization\"},\"potentialAction\":[{\"@type\":\"SearchAction\",\"target\":{\"@type\":\"EntryPoint\",\"urlTemplate\":\"https:\\\/\\\/www.itakaescolapios.org\\\/eu\\\/es\\\/?s={search_term_string}\"},\"query-input\":{\"@type\":\"PropertyValueSpecification\",\"valueRequired\":true,\"valueName\":\"search_term_string\"}}],\"inLanguage\":\"eu\"},{\"@type\":\"Organization\",\"@id\":\"https:\\\/\\\/www.itakaescolapios.org\\\/eu\\\/es\\\/#organization\",\"name\":\"Fundaci\u00f3 Itaka-Escolapios\",\"url\":\"https:\\\/\\\/www.itakaescolapios.org\\\/eu\\\/es\\\/\",\"logo\":{\"@type\":\"ImageObject\",\"inLanguage\":\"eu\",\"@id\":\"https:\\\/\\\/www.itakaescolapios.org\\\/eu\\\/es\\\/#\\\/schema\\\/logo\\\/image\\\/\",\"url\":\"https:\\\/\\\/www.itakaescolapios.org\\\/wp-content\\\/uploads\\\/2024\\\/04\\\/Logo-itakaescolapios-peque.png\",\"contentUrl\":\"https:\\\/\\\/www.itakaescolapios.org\\\/wp-content\\\/uploads\\\/2024\\\/04\\\/Logo-itakaescolapios-peque.png\",\"width\":500,\"height\":199,\"caption\":\"Fundaci\u00f3 Itaka-Escolapios\"},\"image\":{\"@id\":\"https:\\\/\\\/www.itakaescolapios.org\\\/eu\\\/es\\\/#\\\/schema\\\/logo\\\/image\\\/\"}},{\"@type\":\"Person\",\"@id\":\"https:\\\/\\\/www.itakaescolapios.org\\\/es\\\/#\\\/schema\\\/person\\\/a44de70f9a43a90c3e0f59aaaffd61f3\",\"name\":\"pamplona01\",\"url\":\"https:\\\/\\\/www.itakaescolapios.org\\\/eu\\\/author\\\/pamplona01\\\/\"}]}<\/script>\n<!-- \/ Yoast SEO plugin. -->","yoast_head_json":{"title":"NUEVO CURSO INTENSIVO DE MONITOR\/A DE TIEMPO LIBRE","description":"Sois muchas las personas que nos hab\u00e9is solicitado un curso intensivo en verano. Pues bien, \u00a1\u00a1aqu\u00ed lo ten\u00e9is!! Es un curso oficial, con titulaci\u00f3n otorgada por el Instituto Navarro de Deporte y Juventud. En el archivo ten\u00e9is informaci\u00f3n sobre fechas, horario, precio,... pero si necesitas aclarar algo o te falta informaci\u00f3n no dudes en ponerte&hellip;","robots":{"index":"index","follow":"follow","max-snippet":"max-snippet:-1","max-image-preview":"max-image-preview:large","max-video-preview":"max-video-preview:-1"},"canonical":"Sois muchas las personas que nos hab\u00e9is solicitado un curso intensivo en verano. Pues bien, \u00a1\u00a1aqu\u00ed lo ten\u00e9is!! Es un curso oficial, con titulaci\u00f3n otorgada por el Instituto Navarro de Deporte y Juventud. En el archivo ten\u00e9is informaci\u00f3n sobre fechas, horario, precio,... pero si necesitas aclarar algo o te falta informaci\u00f3n no dudes en ponerte&hellip;","og_locale":"en_US","og_type":"article","og_title":"NUEVO CURSO INTENSIVO DE MONITOR\/A DE TIEMPO LIBRE","og_description":"Sois muchas las personas que nos hab\u00e9is solicitado un curso intensivo en verano. Pues bien, \u00a1\u00a1aqu\u00ed lo ten\u00e9is!! Es un curso oficial, con titulaci\u00f3n otorgada por el Instituto Navarro de Deporte y Juventud. En el archivo ten\u00e9is informaci\u00f3n sobre fechas, horario, precio,... pero si necesitas aclarar algo o te falta informaci\u00f3n no dudes en ponerte&hellip;","og_url":"https:\/\/www.itakaescolapios.org\/eu\/2015\/05\/nuevo-curso-intensivo-de-monitora-de-tiempo-libre\/","og_site_name":"Itaka-Escolapios","article_published_time":"2015-05-07T09:23:52+00:00","article_modified_time":"2023-11-28T11:38:41+00:00","og_image":[{"width":500,"height":398,"url":"https:\/\/www.itakaescolapios.org\/wp-content\/uploads\/2014\/12\/ocio_y_tiempo_libre.jpg","type":"image\/jpeg"}],"author":"pamplona01","twitter_card":"summary_large_image","twitter_misc":{"Written by":"pamplona01"},"schema":{"@context":"https:\/\/schema.org","@graph":[{"@type":"Article","@id":"https:\/\/www.itakaescolapios.org\/eu\/2015\/05\/nuevo-curso-intensivo-de-monitora-de-tiempo-libre\/#article","isPartOf":{"@id":"https:\/\/www.itakaescolapios.org\/eu\/2015\/05\/nuevo-curso-intensivo-de-monitora-de-tiempo-libre\/"},"author":{"name":"pamplona01","@id":"https:\/\/www.itakaescolapios.org\/es\/#\/schema\/person\/a44de70f9a43a90c3e0f59aaaffd61f3"},"headline":"NUEVO CURSO INTENSIVO DE MONITOR\/A DE TIEMPO LIBRE","datePublished":"2015-05-07T09:23:52+00:00","dateModified":"2023-11-28T11:38:41+00:00","mainEntityOfPage":{"@id":"https:\/\/www.itakaescolapios.org\/eu\/2015\/05\/nuevo-curso-intensivo-de-monitora-de-tiempo-libre\/"},"wordCount":76,"publisher":{"@id":"https:\/\/www.itakaescolapios.org\/es\/#organization"},"image":{"@id":"https:\/\/www.itakaescolapios.org\/eu\/2015\/05\/nuevo-curso-intensivo-de-monitora-de-tiempo-libre\/#primaryimage"},"thumbnailUrl":"https:\/\/www.itakaescolapios.org\/wp-content\/uploads\/2014\/12\/ocio_y_tiempo_libre.jpg","articleSection":["Pamplona-Iru\u00f1a"],"inLanguage":"eu"},{"@type":"WebPage","@id":"https:\/\/www.itakaescolapios.org\/eu\/2015\/05\/nuevo-curso-intensivo-de-monitora-de-tiempo-libre\/","url":"https:\/\/www.itakaescolapios.org\/eu\/2015\/05\/nuevo-curso-intensivo-de-monitora-de-tiempo-libre\/","name":"NUEVO CURSO INTENSIVO DE MONITOR\/A DE TIEMPO LIBRE - Itaka-Escolapios","isPartOf":{"@id":"https:\/\/www.itakaescolapios.org\/es\/#website"},"primaryImageOfPage":{"@id":"https:\/\/www.itakaescolapios.org\/eu\/2015\/05\/nuevo-curso-intensivo-de-monitora-de-tiempo-libre\/#primaryimage"},"image":{"@id":"https:\/\/www.itakaescolapios.org\/eu\/2015\/05\/nuevo-curso-intensivo-de-monitora-de-tiempo-libre\/#primaryimage"},"thumbnailUrl":"https:\/\/www.itakaescolapios.org\/wp-content\/uploads\/2014\/12\/ocio_y_tiempo_libre.jpg","datePublished":"2015-05-07T09:23:52+00:00","dateModified":"2023-11-28T11:38:41+00:00","breadcrumb":{"@id":"https:\/\/www.itakaescolapios.org\/eu\/2015\/05\/nuevo-curso-intensivo-de-monitora-de-tiempo-libre\/#breadcrumb"},"inLanguage":"eu","potentialAction":[{"@type":"ReadAction","target":["https:\/\/www.itakaescolapios.org\/eu\/2015\/05\/nuevo-curso-intensivo-de-monitora-de-tiempo-libre\/"]}]},{"@type":"ImageObject","inLanguage":"eu","@id":"https:\/\/www.itakaescolapios.org\/eu\/2015\/05\/nuevo-curso-intensivo-de-monitora-de-tiempo-libre\/#primaryimage","url":"https:\/\/www.itakaescolapios.org\/wp-content\/uploads\/2014\/12\/ocio_y_tiempo_libre.jpg","contentUrl":"https:\/\/www.itakaescolapios.org\/wp-content\/uploads\/2014\/12\/ocio_y_tiempo_libre.jpg","width":500,"height":398},{"@type":"BreadcrumbList","@id":"https:\/\/www.itakaescolapios.org\/eu\/2015\/05\/nuevo-curso-intensivo-de-monitora-de-tiempo-libre\/#breadcrumb","itemListElement":[{"@type":"ListItem","position":1,"name":"Itaka-Escolapios","item":"https:\/\/www.itakaescolapios.org\/es\/"},{"@type":"ListItem","position":2,"name":"NUEVO CURSO INTENSIVO DE MONITOR\/A DE TIEMPO LIBRE"}]},{"@type":"WebSite","@id":"https:\/\/www.itakaescolapios.org\/eu\/es\/#website","url":"https:\/\/www.itakaescolapios.org\/eu\/es\/","name":"Itaka-Escolapios","description":"Red de Itaka-Escolapios","publisher":{"@id":"https:\/\/www.itakaescolapios.org\/eu\/es\/#organization"},"potentialAction":[{"@type":"SearchAction","target":{"@type":"EntryPoint","urlTemplate":"https:\/\/www.itakaescolapios.org\/eu\/es\/?s={search_term_string}"},"query-input":{"@type":"PropertyValueSpecification","valueRequired":true,"valueName":"search_term_string"}}],"inLanguage":"eu"},{"@type":"Organization","@id":"https:\/\/www.itakaescolapios.org\/eu\/es\/#organization","name":"Fundaci\u00f3 Itaka-Escolapios","url":"https:\/\/www.itakaescolapios.org\/eu\/es\/","logo":{"@type":"ImageObject","inLanguage":"eu","@id":"https:\/\/www.itakaescolapios.org\/eu\/es\/#\/schema\/logo\/image\/","url":"https:\/\/www.itakaescolapios.org\/wp-content\/uploads\/2024\/04\/Logo-itakaescolapios-peque.png","contentUrl":"https:\/\/www.itakaescolapios.org\/wp-content\/uploads\/2024\/04\/Logo-itakaescolapios-peque.png","width":500,"height":199,"caption":"Fundaci\u00f3 Itaka-Escolapios"},"image":{"@id":"https:\/\/www.itakaescolapios.org\/eu\/es\/#\/schema\/logo\/image\/"}},{"@type":"Person","@id":"https:\/\/www.itakaescolapios.org\/es\/#\/schema\/person\/a44de70f9a43a90c3e0f59aaaffd61f3","name":"pamplona01","url":"https:\/\/www.itakaescolapios.org\/eu\/author\/pamplona01\/"}]}},"_links":{"self":[{"href":"https:\/\/www.itakaescolapios.org\/eu\/wp-json\/wp\/v2\/posts\/12641","targetHints":{"allow":["GET"]}}],"collection":[{"href":"https:\/\/www.itakaescolapios.org\/eu\/wp-json\/wp\/v2\/posts"}],"about":[{"href":"https:\/\/www.itakaescolapios.org\/eu\/wp-json\/wp\/v2\/types\/post"}],"author":[{"embeddable":true,"href":"https:\/\/www.itakaescolapios.org\/eu\/wp-json\/wp\/v2\/users\/29"}],"replies":[{"embeddable":true,"href":"https:\/\/www.itakaescolapios.org\/eu\/wp-json\/wp\/v2\/comments?post=12641"}],"version-history":[{"count":7,"href":"https:\/\/www.itakaescolapios.org\/eu\/wp-json\/wp\/v2\/posts\/12641\/revisions"}],"predecessor-version":[{"id":12649,"href":"https:\/\/www.itakaescolapios.org\/eu\/wp-json\/wp\/v2\/posts\/12641\/revisions\/12649"}],"wp:featuredmedia":[{"embeddable":true,"href":"https:\/\/www.itakaescolapios.org\/eu\/wp-json\/wp\/v2\/media\/11155"}],"wp:attachment":[{"href":"https:\/\/www.itakaescolapios.org\/eu\/wp-json\/wp\/v2\/media?parent=12641"}],"wp:term":[{"taxonomy":"category","embeddable":true,"href":"https:\/\/www.itakaescolapios.org\/eu\/wp-json\/wp\/v2\/categories?post=12641"},{"taxonomy":"post_tag","embeddable":true,"href":"https:\/\/www.itakaescolapios.org\/eu\/wp-json\/wp\/v2\/tags?post=12641"}],"curies":[{"name":"wp","href":"https:\/\/api.w.org\/{rel}","templated":true}]}}