{"id":13175,"date":"2015-09-28T11:30:42","date_gmt":"2015-09-28T10:30:42","guid":{"rendered":"https:\/\/www.itakaescolapios.org\/?p=13175"},"modified":"2023-11-28T12:38:37","modified_gmt":"2023-11-28T11:38:37","slug":"bidean-arrancamos-con-el-encuentro-calasanz-kideak","status":"publish","type":"post","link":"https:\/\/www.itakaescolapios.org\/eu\/2015\/09\/bidean-arrancamos-con-el-encuentro-calasanz-kideak\/","title":{"rendered":"BIDEAN, arrancamos con el Encuentro Calasanz Kideak"},"content":{"rendered":"<p>Este fin de semana hemos tenido el Encuentro Calasanz Kidean con los chavales de Bidean, desde 3\u00ba de la eso hasta 2\u00ba de bachiller.En este primer encuentro del curso participamos m\u00e1s de 120 personas. En Estella\u00a0 y en Ira\u00f1eta nos d\u00e1bamos<a href=\"https:\/\/www.itakaescolapios.org\/wp-content\/uploads\/2015\/09\/IMG-20150928-WA0004.jpg\"><img decoding=\"async\" class=\"aligncenter size-medium wp-image-13176\" alt=\"IMG-20150928-WA0004\" src=\"https:\/\/www.itakaescolapios.org\/wp-content\/uploads\/2015\/09\/IMG-20150928-WA0004-300x225.jpg\" width=\"300\" height=\"225\" srcset=\"https:\/\/www.itakaescolapios.org\/wp-content\/uploads\/2015\/09\/IMG-20150928-WA0004-300x225.jpg 300w, https:\/\/www.itakaescolapios.org\/wp-content\/uploads\/2015\/09\/IMG-20150928-WA0004-1024x768.jpg 1024w, https:\/\/www.itakaescolapios.org\/wp-content\/uploads\/2015\/09\/IMG-20150928-WA0004-250x187.jpg 250w, https:\/\/www.itakaescolapios.org\/wp-content\/uploads\/2015\/09\/IMG-20150928-WA0004.jpg 1600w\" sizes=\"(max-width: 300px) 100vw, 300px\" \/><\/a> <a href=\"https:\/\/www.itakaescolapios.org\/wp-content\/uploads\/2015\/09\/P9250272.jpg\"><img decoding=\"async\" class=\"aligncenter size-medium wp-image-13177\" alt=\"OLYMPUS DIGITAL CAMERA\" src=\"https:\/\/www.itakaescolapios.org\/wp-content\/uploads\/2015\/09\/P9250272-300x225.jpg\" width=\"300\" height=\"225\" srcset=\"https:\/\/www.itakaescolapios.org\/wp-content\/uploads\/2015\/09\/P9250272-300x225.jpg 300w, https:\/\/www.itakaescolapios.org\/wp-content\/uploads\/2015\/09\/P9250272-1024x768.jpg 1024w, https:\/\/www.itakaescolapios.org\/wp-content\/uploads\/2015\/09\/P9250272-250x187.jpg 250w, https:\/\/www.itakaescolapios.org\/wp-content\/uploads\/2015\/09\/P9250272.jpg 2000w\" sizes=\"(max-width: 300px) 100vw, 300px\" \/><\/a> <a href=\"https:\/\/www.itakaescolapios.org\/wp-content\/uploads\/2015\/09\/P9250328.jpg\"><img decoding=\"async\" class=\"aligncenter size-medium wp-image-13178\" alt=\"OLYMPUS DIGITAL CAMERA\" src=\"https:\/\/www.itakaescolapios.org\/wp-content\/uploads\/2015\/09\/P9250328-300x225.jpg\" width=\"300\" height=\"225\" srcset=\"https:\/\/www.itakaescolapios.org\/wp-content\/uploads\/2015\/09\/P9250328-300x225.jpg 300w, https:\/\/www.itakaescolapios.org\/wp-content\/uploads\/2015\/09\/P9250328-1024x768.jpg 1024w, https:\/\/www.itakaescolapios.org\/wp-content\/uploads\/2015\/09\/P9250328-250x187.jpg 250w, https:\/\/www.itakaescolapios.org\/wp-content\/uploads\/2015\/09\/P9250328.jpg 2000w\" sizes=\"(max-width: 300px) 100vw, 300px\" \/><\/a> <a href=\"https:\/\/www.itakaescolapios.org\/wp-content\/uploads\/2015\/09\/P9260439.jpg\"><img decoding=\"async\" class=\"aligncenter size-medium wp-image-13179\" alt=\"OLYMPUS DIGITAL CAMERA\" src=\"https:\/\/www.itakaescolapios.org\/wp-content\/uploads\/2015\/09\/P9260439-300x225.jpg\" width=\"300\" height=\"225\" srcset=\"https:\/\/www.itakaescolapios.org\/wp-content\/uploads\/2015\/09\/P9260439-300x225.jpg 300w, https:\/\/www.itakaescolapios.org\/wp-content\/uploads\/2015\/09\/P9260439-1024x768.jpg 1024w, https:\/\/www.itakaescolapios.org\/wp-content\/uploads\/2015\/09\/P9260439-250x187.jpg 250w, https:\/\/www.itakaescolapios.org\/wp-content\/uploads\/2015\/09\/P9260439.jpg 2000w\" sizes=\"(max-width: 300px) 100vw, 300px\" \/><\/a> la bienvenida, estren\u00e1bamos el lema del a\u00f1o: \u00a1Al Encuentro! Han sido 24 horas muy intensas:\u00a0talleres y din\u00e1micas que nos hac\u00edan profundizar, preparar el Encuentro de\u00a0los peque\u00f1os, &#8230;\u00a0y por fin descubrir qui\u00e9nes ser\u00e1n\u00a0los nuevos monitores\/as que nos\u00a0van\u00a0a acompa\u00f1ar este a\u00f1o. Un fin de semana redondo que adem\u00e1s se le suma la participaci\u00f3n de los Bidean de bachillerato como premonitores en el Calasanz Kideak de 1\u00ba y 2\u00ba de la eso, en una de sus experiencias como pre-monitores. Y con todo esto, queremos\u00a0seguir\u00a0teniendo muy presente\u00a0que este a\u00f1o seguiremos saliendo al encuentro de Jes\u00fas en todo lo que vayamos haciendo.<\/p>\n","protected":false},"excerpt":{"rendered":"<p>Este fin de semana hemos tenido el Encuentro Calasanz Kidean con los chavales de Bidean, desde 3\u00ba de la eso hasta 2\u00ba de bachiller.En este primer encuentro del curso participamos [&hellip;]<\/p>\n","protected":false},"author":29,"featured_media":13179,"comment_status":"closed","ping_status":"closed","sticky":false,"template":"","format":"standard","meta":{"_et_pb_use_builder":"","_et_pb_old_content":"","_et_gb_content_width":"","footnotes":""},"categories":[20],"tags":[],"class_list":["post-13175","post","type-post","status-publish","format-standard","has-post-thumbnail","hentry","category-pamplona-iruna"],"yoast_head":"<!-- This site is optimized with the Yoast SEO plugin v27.4 - https:\/\/yoast.com\/product\/yoast-seo-wordpress\/ -->\n<title>BIDEAN, arrancamos con el Encuentro Calasanz Kideak<\/title>\n<meta name=\"description\" content=\"Este fin de semana hemos tenido el Encuentro Calasanz Kidean con los chavales de Bidean, desde 3\u00ba de la eso hasta 2\u00ba de bachiller.En este primer encuentro del curso participamos m\u00e1s de 120 personas. En Estella\u00a0 y en Ira\u00f1eta nos d\u00e1bamos la bienvenida, estren\u00e1bamos el lema del a\u00f1o: \u00a1Al Encuentro! Han sido 24 horas muy&hellip;\" \/>\n<meta name=\"robots\" content=\"index, follow, max-snippet:-1, max-image-preview:large, max-video-preview:-1\" \/>\n<link rel=\"canonical\" href=\"\" \/>\n<meta property=\"og:locale\" content=\"en_US\" \/>\n<meta property=\"og:type\" content=\"article\" \/>\n<meta property=\"og:title\" content=\"BIDEAN, arrancamos con el Encuentro Calasanz Kideak\" \/>\n<meta property=\"og:description\" content=\"Este fin de semana hemos tenido el Encuentro Calasanz Kidean con los chavales de Bidean, desde 3\u00ba de la eso hasta 2\u00ba de bachiller.En este primer encuentro del curso participamos m\u00e1s de 120 personas. En Estella\u00a0 y en Ira\u00f1eta nos d\u00e1bamos la bienvenida, estren\u00e1bamos el lema del a\u00f1o: \u00a1Al Encuentro! Han sido 24 horas muy&hellip;\" \/>\n<meta property=\"og:url\" content=\"https:\/\/www.itakaescolapios.org\/eu\/2015\/09\/bidean-arrancamos-con-el-encuentro-calasanz-kideak\/\" \/>\n<meta property=\"og:site_name\" content=\"Itaka-Escolapios\" \/>\n<meta property=\"article:published_time\" content=\"2015-09-28T10:30:42+00:00\" \/>\n<meta property=\"article:modified_time\" content=\"2023-11-28T11:38:37+00:00\" \/>\n<meta property=\"og:image\" content=\"https:\/\/www.itakaescolapios.org\/wp-content\/uploads\/2015\/09\/P9260439.jpg\" \/>\n\t<meta property=\"og:image:width\" content=\"2000\" \/>\n\t<meta property=\"og:image:height\" content=\"1500\" \/>\n\t<meta property=\"og:image:type\" content=\"image\/jpeg\" \/>\n<meta name=\"author\" content=\"pamplona01\" \/>\n<meta name=\"twitter:card\" content=\"summary_large_image\" \/>\n<meta name=\"twitter:label1\" content=\"Written by\" \/>\n\t<meta name=\"twitter:data1\" content=\"pamplona01\" \/>\n\t<meta name=\"twitter:label2\" content=\"Est. reading time\" \/>\n\t<meta name=\"twitter:data2\" content=\"1 minutua\" \/>\n<script type=\"application\/ld+json\" class=\"yoast-schema-graph\">{\"@context\":\"https:\\\/\\\/schema.org\",\"@graph\":[{\"@type\":\"Article\",\"@id\":\"https:\\\/\\\/www.itakaescolapios.org\\\/eu\\\/2015\\\/09\\\/bidean-arrancamos-con-el-encuentro-calasanz-kideak\\\/#article\",\"isPartOf\":{\"@id\":\"https:\\\/\\\/www.itakaescolapios.org\\\/eu\\\/2015\\\/09\\\/bidean-arrancamos-con-el-encuentro-calasanz-kideak\\\/\"},\"author\":{\"name\":\"pamplona01\",\"@id\":\"https:\\\/\\\/www.itakaescolapios.org\\\/es\\\/#\\\/schema\\\/person\\\/a44de70f9a43a90c3e0f59aaaffd61f3\"},\"headline\":\"BIDEAN, arrancamos con el Encuentro Calasanz Kideak\",\"datePublished\":\"2015-09-28T10:30:42+00:00\",\"dateModified\":\"2023-11-28T11:38:37+00:00\",\"mainEntityOfPage\":{\"@id\":\"https:\\\/\\\/www.itakaescolapios.org\\\/eu\\\/2015\\\/09\\\/bidean-arrancamos-con-el-encuentro-calasanz-kideak\\\/\"},\"wordCount\":165,\"publisher\":{\"@id\":\"https:\\\/\\\/www.itakaescolapios.org\\\/es\\\/#organization\"},\"image\":{\"@id\":\"https:\\\/\\\/www.itakaescolapios.org\\\/eu\\\/2015\\\/09\\\/bidean-arrancamos-con-el-encuentro-calasanz-kideak\\\/#primaryimage\"},\"thumbnailUrl\":\"https:\\\/\\\/www.itakaescolapios.org\\\/wp-content\\\/uploads\\\/2015\\\/09\\\/P9260439.jpg\",\"articleSection\":[\"Pamplona-Iru\u00f1a\"],\"inLanguage\":\"eu\"},{\"@type\":\"WebPage\",\"@id\":\"https:\\\/\\\/www.itakaescolapios.org\\\/eu\\\/2015\\\/09\\\/bidean-arrancamos-con-el-encuentro-calasanz-kideak\\\/\",\"url\":\"https:\\\/\\\/www.itakaescolapios.org\\\/eu\\\/2015\\\/09\\\/bidean-arrancamos-con-el-encuentro-calasanz-kideak\\\/\",\"name\":\"BIDEAN, arrancamos con el Encuentro Calasanz Kideak - Itaka-Escolapios\",\"isPartOf\":{\"@id\":\"https:\\\/\\\/www.itakaescolapios.org\\\/es\\\/#website\"},\"primaryImageOfPage\":{\"@id\":\"https:\\\/\\\/www.itakaescolapios.org\\\/eu\\\/2015\\\/09\\\/bidean-arrancamos-con-el-encuentro-calasanz-kideak\\\/#primaryimage\"},\"image\":{\"@id\":\"https:\\\/\\\/www.itakaescolapios.org\\\/eu\\\/2015\\\/09\\\/bidean-arrancamos-con-el-encuentro-calasanz-kideak\\\/#primaryimage\"},\"thumbnailUrl\":\"https:\\\/\\\/www.itakaescolapios.org\\\/wp-content\\\/uploads\\\/2015\\\/09\\\/P9260439.jpg\",\"datePublished\":\"2015-09-28T10:30:42+00:00\",\"dateModified\":\"2023-11-28T11:38:37+00:00\",\"breadcrumb\":{\"@id\":\"https:\\\/\\\/www.itakaescolapios.org\\\/eu\\\/2015\\\/09\\\/bidean-arrancamos-con-el-encuentro-calasanz-kideak\\\/#breadcrumb\"},\"inLanguage\":\"eu\",\"potentialAction\":[{\"@type\":\"ReadAction\",\"target\":[\"https:\\\/\\\/www.itakaescolapios.org\\\/eu\\\/2015\\\/09\\\/bidean-arrancamos-con-el-encuentro-calasanz-kideak\\\/\"]}]},{\"@type\":\"ImageObject\",\"inLanguage\":\"eu\",\"@id\":\"https:\\\/\\\/www.itakaescolapios.org\\\/eu\\\/2015\\\/09\\\/bidean-arrancamos-con-el-encuentro-calasanz-kideak\\\/#primaryimage\",\"url\":\"https:\\\/\\\/www.itakaescolapios.org\\\/wp-content\\\/uploads\\\/2015\\\/09\\\/P9260439.jpg\",\"contentUrl\":\"https:\\\/\\\/www.itakaescolapios.org\\\/wp-content\\\/uploads\\\/2015\\\/09\\\/P9260439.jpg\",\"width\":2000,\"height\":1500},{\"@type\":\"BreadcrumbList\",\"@id\":\"https:\\\/\\\/www.itakaescolapios.org\\\/eu\\\/2015\\\/09\\\/bidean-arrancamos-con-el-encuentro-calasanz-kideak\\\/#breadcrumb\",\"itemListElement\":[{\"@type\":\"ListItem\",\"position\":1,\"name\":\"Itaka-Escolapios\",\"item\":\"https:\\\/\\\/www.itakaescolapios.org\\\/es\\\/\"},{\"@type\":\"ListItem\",\"position\":2,\"name\":\"BIDEAN, arrancamos con el Encuentro Calasanz Kideak\"}]},{\"@type\":\"WebSite\",\"@id\":\"https:\\\/\\\/www.itakaescolapios.org\\\/eu\\\/es\\\/#website\",\"url\":\"https:\\\/\\\/www.itakaescolapios.org\\\/eu\\\/es\\\/\",\"name\":\"Itaka-Escolapios\",\"description\":\"Red de Itaka-Escolapios\",\"publisher\":{\"@id\":\"https:\\\/\\\/www.itakaescolapios.org\\\/eu\\\/es\\\/#organization\"},\"potentialAction\":[{\"@type\":\"SearchAction\",\"target\":{\"@type\":\"EntryPoint\",\"urlTemplate\":\"https:\\\/\\\/www.itakaescolapios.org\\\/eu\\\/es\\\/?s={search_term_string}\"},\"query-input\":{\"@type\":\"PropertyValueSpecification\",\"valueRequired\":true,\"valueName\":\"search_term_string\"}}],\"inLanguage\":\"eu\"},{\"@type\":\"Organization\",\"@id\":\"https:\\\/\\\/www.itakaescolapios.org\\\/eu\\\/es\\\/#organization\",\"name\":\"Fundaci\u00f3 Itaka-Escolapios\",\"url\":\"https:\\\/\\\/www.itakaescolapios.org\\\/eu\\\/es\\\/\",\"logo\":{\"@type\":\"ImageObject\",\"inLanguage\":\"eu\",\"@id\":\"https:\\\/\\\/www.itakaescolapios.org\\\/eu\\\/es\\\/#\\\/schema\\\/logo\\\/image\\\/\",\"url\":\"https:\\\/\\\/www.itakaescolapios.org\\\/wp-content\\\/uploads\\\/2024\\\/04\\\/Logo-itakaescolapios-peque.png\",\"contentUrl\":\"https:\\\/\\\/www.itakaescolapios.org\\\/wp-content\\\/uploads\\\/2024\\\/04\\\/Logo-itakaescolapios-peque.png\",\"width\":500,\"height\":199,\"caption\":\"Fundaci\u00f3 Itaka-Escolapios\"},\"image\":{\"@id\":\"https:\\\/\\\/www.itakaescolapios.org\\\/eu\\\/es\\\/#\\\/schema\\\/logo\\\/image\\\/\"}},{\"@type\":\"Person\",\"@id\":\"https:\\\/\\\/www.itakaescolapios.org\\\/es\\\/#\\\/schema\\\/person\\\/a44de70f9a43a90c3e0f59aaaffd61f3\",\"name\":\"pamplona01\",\"url\":\"https:\\\/\\\/www.itakaescolapios.org\\\/eu\\\/author\\\/pamplona01\\\/\"}]}<\/script>\n<!-- \/ Yoast SEO plugin. -->","yoast_head_json":{"title":"BIDEAN, arrancamos con el Encuentro Calasanz Kideak","description":"Este fin de semana hemos tenido el Encuentro Calasanz Kidean con los chavales de Bidean, desde 3\u00ba de la eso hasta 2\u00ba de bachiller.En este primer encuentro del curso participamos m\u00e1s de 120 personas. En Estella\u00a0 y en Ira\u00f1eta nos d\u00e1bamos la bienvenida, estren\u00e1bamos el lema del a\u00f1o: \u00a1Al Encuentro! Han sido 24 horas muy&hellip;","robots":{"index":"index","follow":"follow","max-snippet":"max-snippet:-1","max-image-preview":"max-image-preview:large","max-video-preview":"max-video-preview:-1"},"canonical":"Este fin de semana hemos tenido el Encuentro Calasanz Kidean con los chavales de Bidean, desde 3\u00ba de la eso hasta 2\u00ba de bachiller.En este primer encuentro del curso participamos m\u00e1s de 120 personas. En Estella\u00a0 y en Ira\u00f1eta nos d\u00e1bamos la bienvenida, estren\u00e1bamos el lema del a\u00f1o: \u00a1Al Encuentro! Han sido 24 horas muy&hellip;","og_locale":"en_US","og_type":"article","og_title":"BIDEAN, arrancamos con el Encuentro Calasanz Kideak","og_description":"Este fin de semana hemos tenido el Encuentro Calasanz Kidean con los chavales de Bidean, desde 3\u00ba de la eso hasta 2\u00ba de bachiller.En este primer encuentro del curso participamos m\u00e1s de 120 personas. En Estella\u00a0 y en Ira\u00f1eta nos d\u00e1bamos la bienvenida, estren\u00e1bamos el lema del a\u00f1o: \u00a1Al Encuentro! Han sido 24 horas muy&hellip;","og_url":"https:\/\/www.itakaescolapios.org\/eu\/2015\/09\/bidean-arrancamos-con-el-encuentro-calasanz-kideak\/","og_site_name":"Itaka-Escolapios","article_published_time":"2015-09-28T10:30:42+00:00","article_modified_time":"2023-11-28T11:38:37+00:00","og_image":[{"width":2000,"height":1500,"url":"https:\/\/www.itakaescolapios.org\/wp-content\/uploads\/2015\/09\/P9260439.jpg","type":"image\/jpeg"}],"author":"pamplona01","twitter_card":"summary_large_image","twitter_misc":{"Written by":"pamplona01","Est. reading time":"1 minutua"},"schema":{"@context":"https:\/\/schema.org","@graph":[{"@type":"Article","@id":"https:\/\/www.itakaescolapios.org\/eu\/2015\/09\/bidean-arrancamos-con-el-encuentro-calasanz-kideak\/#article","isPartOf":{"@id":"https:\/\/www.itakaescolapios.org\/eu\/2015\/09\/bidean-arrancamos-con-el-encuentro-calasanz-kideak\/"},"author":{"name":"pamplona01","@id":"https:\/\/www.itakaescolapios.org\/es\/#\/schema\/person\/a44de70f9a43a90c3e0f59aaaffd61f3"},"headline":"BIDEAN, arrancamos con el Encuentro Calasanz Kideak","datePublished":"2015-09-28T10:30:42+00:00","dateModified":"2023-11-28T11:38:37+00:00","mainEntityOfPage":{"@id":"https:\/\/www.itakaescolapios.org\/eu\/2015\/09\/bidean-arrancamos-con-el-encuentro-calasanz-kideak\/"},"wordCount":165,"publisher":{"@id":"https:\/\/www.itakaescolapios.org\/es\/#organization"},"image":{"@id":"https:\/\/www.itakaescolapios.org\/eu\/2015\/09\/bidean-arrancamos-con-el-encuentro-calasanz-kideak\/#primaryimage"},"thumbnailUrl":"https:\/\/www.itakaescolapios.org\/wp-content\/uploads\/2015\/09\/P9260439.jpg","articleSection":["Pamplona-Iru\u00f1a"],"inLanguage":"eu"},{"@type":"WebPage","@id":"https:\/\/www.itakaescolapios.org\/eu\/2015\/09\/bidean-arrancamos-con-el-encuentro-calasanz-kideak\/","url":"https:\/\/www.itakaescolapios.org\/eu\/2015\/09\/bidean-arrancamos-con-el-encuentro-calasanz-kideak\/","name":"BIDEAN, arrancamos con el Encuentro Calasanz Kideak - Itaka-Escolapios","isPartOf":{"@id":"https:\/\/www.itakaescolapios.org\/es\/#website"},"primaryImageOfPage":{"@id":"https:\/\/www.itakaescolapios.org\/eu\/2015\/09\/bidean-arrancamos-con-el-encuentro-calasanz-kideak\/#primaryimage"},"image":{"@id":"https:\/\/www.itakaescolapios.org\/eu\/2015\/09\/bidean-arrancamos-con-el-encuentro-calasanz-kideak\/#primaryimage"},"thumbnailUrl":"https:\/\/www.itakaescolapios.org\/wp-content\/uploads\/2015\/09\/P9260439.jpg","datePublished":"2015-09-28T10:30:42+00:00","dateModified":"2023-11-28T11:38:37+00:00","breadcrumb":{"@id":"https:\/\/www.itakaescolapios.org\/eu\/2015\/09\/bidean-arrancamos-con-el-encuentro-calasanz-kideak\/#breadcrumb"},"inLanguage":"eu","potentialAction":[{"@type":"ReadAction","target":["https:\/\/www.itakaescolapios.org\/eu\/2015\/09\/bidean-arrancamos-con-el-encuentro-calasanz-kideak\/"]}]},{"@type":"ImageObject","inLanguage":"eu","@id":"https:\/\/www.itakaescolapios.org\/eu\/2015\/09\/bidean-arrancamos-con-el-encuentro-calasanz-kideak\/#primaryimage","url":"https:\/\/www.itakaescolapios.org\/wp-content\/uploads\/2015\/09\/P9260439.jpg","contentUrl":"https:\/\/www.itakaescolapios.org\/wp-content\/uploads\/2015\/09\/P9260439.jpg","width":2000,"height":1500},{"@type":"BreadcrumbList","@id":"https:\/\/www.itakaescolapios.org\/eu\/2015\/09\/bidean-arrancamos-con-el-encuentro-calasanz-kideak\/#breadcrumb","itemListElement":[{"@type":"ListItem","position":1,"name":"Itaka-Escolapios","item":"https:\/\/www.itakaescolapios.org\/es\/"},{"@type":"ListItem","position":2,"name":"BIDEAN, arrancamos con el Encuentro Calasanz Kideak"}]},{"@type":"WebSite","@id":"https:\/\/www.itakaescolapios.org\/eu\/es\/#website","url":"https:\/\/www.itakaescolapios.org\/eu\/es\/","name":"Itaka-Escolapios","description":"Red de Itaka-Escolapios","publisher":{"@id":"https:\/\/www.itakaescolapios.org\/eu\/es\/#organization"},"potentialAction":[{"@type":"SearchAction","target":{"@type":"EntryPoint","urlTemplate":"https:\/\/www.itakaescolapios.org\/eu\/es\/?s={search_term_string}"},"query-input":{"@type":"PropertyValueSpecification","valueRequired":true,"valueName":"search_term_string"}}],"inLanguage":"eu"},{"@type":"Organization","@id":"https:\/\/www.itakaescolapios.org\/eu\/es\/#organization","name":"Fundaci\u00f3 Itaka-Escolapios","url":"https:\/\/www.itakaescolapios.org\/eu\/es\/","logo":{"@type":"ImageObject","inLanguage":"eu","@id":"https:\/\/www.itakaescolapios.org\/eu\/es\/#\/schema\/logo\/image\/","url":"https:\/\/www.itakaescolapios.org\/wp-content\/uploads\/2024\/04\/Logo-itakaescolapios-peque.png","contentUrl":"https:\/\/www.itakaescolapios.org\/wp-content\/uploads\/2024\/04\/Logo-itakaescolapios-peque.png","width":500,"height":199,"caption":"Fundaci\u00f3 Itaka-Escolapios"},"image":{"@id":"https:\/\/www.itakaescolapios.org\/eu\/es\/#\/schema\/logo\/image\/"}},{"@type":"Person","@id":"https:\/\/www.itakaescolapios.org\/es\/#\/schema\/person\/a44de70f9a43a90c3e0f59aaaffd61f3","name":"pamplona01","url":"https:\/\/www.itakaescolapios.org\/eu\/author\/pamplona01\/"}]}},"_links":{"self":[{"href":"https:\/\/www.itakaescolapios.org\/eu\/wp-json\/wp\/v2\/posts\/13175","targetHints":{"allow":["GET"]}}],"collection":[{"href":"https:\/\/www.itakaescolapios.org\/eu\/wp-json\/wp\/v2\/posts"}],"about":[{"href":"https:\/\/www.itakaescolapios.org\/eu\/wp-json\/wp\/v2\/types\/post"}],"author":[{"embeddable":true,"href":"https:\/\/www.itakaescolapios.org\/eu\/wp-json\/wp\/v2\/users\/29"}],"replies":[{"embeddable":true,"href":"https:\/\/www.itakaescolapios.org\/eu\/wp-json\/wp\/v2\/comments?post=13175"}],"version-history":[{"count":1,"href":"https:\/\/www.itakaescolapios.org\/eu\/wp-json\/wp\/v2\/posts\/13175\/revisions"}],"predecessor-version":[{"id":13180,"href":"https:\/\/www.itakaescolapios.org\/eu\/wp-json\/wp\/v2\/posts\/13175\/revisions\/13180"}],"wp:featuredmedia":[{"embeddable":true,"href":"https:\/\/www.itakaescolapios.org\/eu\/wp-json\/wp\/v2\/media\/13179"}],"wp:attachment":[{"href":"https:\/\/www.itakaescolapios.org\/eu\/wp-json\/wp\/v2\/media?parent=13175"}],"wp:term":[{"taxonomy":"category","embeddable":true,"href":"https:\/\/www.itakaescolapios.org\/eu\/wp-json\/wp\/v2\/categories?post=13175"},{"taxonomy":"post_tag","embeddable":true,"href":"https:\/\/www.itakaescolapios.org\/eu\/wp-json\/wp\/v2\/tags?post=13175"}],"curies":[{"name":"wp","href":"https:\/\/api.w.org\/{rel}","templated":true}]}}