{"id":14352,"date":"2016-01-12T12:14:30","date_gmt":"2016-01-12T11:14:30","guid":{"rendered":"https:\/\/www.itakaescolapios.org\/?p=14352"},"modified":"2023-11-28T12:38:31","modified_gmt":"2023-11-28T11:38:31","slug":"entrevista-a-itaka-escolapios-en-navarratv","status":"publish","type":"post","link":"https:\/\/www.itakaescolapios.org\/eu\/2016\/01\/entrevista-a-itaka-escolapios-en-navarratv\/","title":{"rendered":"Entrevista a Itaka-Escolapios en NavarraTV"},"content":{"rendered":"<p>El lunes 11 de enero nos hicieron una breve entrevista en directo en el programa &#8220;Me importas t\u00fa&#8221;, de NavarraTv a tres personas de Itaka-Escolapios: Nerea San Esteban, Ra\u00fal Gonz\u00e1lez y Roberto Zabalza.<\/p>\n<p>La pod\u00e9is <a href=\"https:\/\/www.youtube.com\/watch?v=I6sgj-QyQTM\">CLICANDO AQUI.<\/a><\/p>\n","protected":false},"excerpt":{"rendered":"<p>El lunes 11 de enero nos hicieron una breve entrevista en directo en el programa &#8220;Me importas t\u00fa&#8221;, de NavarraTv a tres personas de Itaka-Escolapios: Nerea San Esteban, Ra\u00fal Gonz\u00e1lez [&hellip;]<\/p>\n","protected":false},"author":29,"featured_media":14353,"comment_status":"closed","ping_status":"closed","sticky":false,"template":"","format":"standard","meta":{"_et_pb_use_builder":"","_et_pb_old_content":"","_et_gb_content_width":"","footnotes":""},"categories":[20],"tags":[49,419,59,155,58],"class_list":["post-14352","post","type-post","status-publish","format-standard","has-post-thumbnail","hentry","category-pamplona-iruna","tag-escolapios","tag-itaka-escolapios","tag-navarra","tag-pamplona-iruna-2","tag-tafalla-2"],"yoast_head":"<!-- This site is optimized with the Yoast SEO plugin v27.4 - https:\/\/yoast.com\/product\/yoast-seo-wordpress\/ -->\n<title>Entrevista a Itaka-Escolapios en NavarraTV<\/title>\n<meta name=\"description\" content=\"El lunes 11 de enero nos hicieron una breve entrevista en directo en el programa &quot;Me importas t\u00fa&quot;, de NavarraTv a tres personas de Itaka-Escolapios: Nerea San Esteban, Ra\u00fal Gonz\u00e1lez y Roberto Zabalza. La pod\u00e9is CLICANDO AQUI.\" \/>\n<meta name=\"robots\" content=\"index, follow, max-snippet:-1, max-image-preview:large, max-video-preview:-1\" \/>\n<link rel=\"canonical\" href=\"\" \/>\n<meta property=\"og:locale\" content=\"en_US\" \/>\n<meta property=\"og:type\" content=\"article\" \/>\n<meta property=\"og:title\" content=\"Entrevista a Itaka-Escolapios en NavarraTV\" \/>\n<meta property=\"og:description\" content=\"El lunes 11 de enero nos hicieron una breve entrevista en directo en el programa &quot;Me importas t\u00fa&quot;, de NavarraTv a tres personas de Itaka-Escolapios: Nerea San Esteban, Ra\u00fal Gonz\u00e1lez y Roberto Zabalza. La pod\u00e9is CLICANDO AQUI.\" \/>\n<meta property=\"og:url\" content=\"https:\/\/www.itakaescolapios.org\/eu\/2016\/01\/entrevista-a-itaka-escolapios-en-navarratv\/\" \/>\n<meta property=\"og:site_name\" content=\"Itaka-Escolapios\" \/>\n<meta property=\"article:published_time\" content=\"2016-01-12T11:14:30+00:00\" \/>\n<meta property=\"article:modified_time\" content=\"2023-11-28T11:38:31+00:00\" \/>\n<meta property=\"og:image\" content=\"https:\/\/www.itakaescolapios.org\/wp-content\/uploads\/2016\/01\/Diapositiva1.jpg\" \/>\n\t<meta property=\"og:image:width\" content=\"1280\" \/>\n\t<meta property=\"og:image:height\" content=\"720\" \/>\n\t<meta property=\"og:image:type\" content=\"image\/jpeg\" \/>\n<meta name=\"author\" content=\"pamplona01\" \/>\n<meta name=\"twitter:card\" content=\"summary_large_image\" \/>\n<meta name=\"twitter:label1\" content=\"Written by\" \/>\n\t<meta name=\"twitter:data1\" content=\"pamplona01\" \/>\n<script type=\"application\/ld+json\" class=\"yoast-schema-graph\">{\"@context\":\"https:\\\/\\\/schema.org\",\"@graph\":[{\"@type\":\"Article\",\"@id\":\"https:\\\/\\\/www.itakaescolapios.org\\\/eu\\\/2016\\\/01\\\/entrevista-a-itaka-escolapios-en-navarratv\\\/#article\",\"isPartOf\":{\"@id\":\"https:\\\/\\\/www.itakaescolapios.org\\\/eu\\\/2016\\\/01\\\/entrevista-a-itaka-escolapios-en-navarratv\\\/\"},\"author\":{\"name\":\"pamplona01\",\"@id\":\"https:\\\/\\\/www.itakaescolapios.org\\\/es\\\/#\\\/schema\\\/person\\\/a44de70f9a43a90c3e0f59aaaffd61f3\"},\"headline\":\"Entrevista a Itaka-Escolapios en NavarraTV\",\"datePublished\":\"2016-01-12T11:14:30+00:00\",\"dateModified\":\"2023-11-28T11:38:31+00:00\",\"mainEntityOfPage\":{\"@id\":\"https:\\\/\\\/www.itakaescolapios.org\\\/eu\\\/2016\\\/01\\\/entrevista-a-itaka-escolapios-en-navarratv\\\/\"},\"wordCount\":44,\"publisher\":{\"@id\":\"https:\\\/\\\/www.itakaescolapios.org\\\/es\\\/#organization\"},\"image\":{\"@id\":\"https:\\\/\\\/www.itakaescolapios.org\\\/eu\\\/2016\\\/01\\\/entrevista-a-itaka-escolapios-en-navarratv\\\/#primaryimage\"},\"thumbnailUrl\":\"https:\\\/\\\/www.itakaescolapios.org\\\/wp-content\\\/uploads\\\/2016\\\/01\\\/Diapositiva1.jpg\",\"keywords\":[\"escolapios\",\"Itaka Escolapios\",\"navarra\",\"pamplona-iru\u00f1a\",\"tafalla\"],\"articleSection\":[\"Pamplona-Iru\u00f1a\"],\"inLanguage\":\"eu\"},{\"@type\":\"WebPage\",\"@id\":\"https:\\\/\\\/www.itakaescolapios.org\\\/eu\\\/2016\\\/01\\\/entrevista-a-itaka-escolapios-en-navarratv\\\/\",\"url\":\"https:\\\/\\\/www.itakaescolapios.org\\\/eu\\\/2016\\\/01\\\/entrevista-a-itaka-escolapios-en-navarratv\\\/\",\"name\":\"Entrevista a Itaka-Escolapios en NavarraTV - Itaka-Escolapios\",\"isPartOf\":{\"@id\":\"https:\\\/\\\/www.itakaescolapios.org\\\/es\\\/#website\"},\"primaryImageOfPage\":{\"@id\":\"https:\\\/\\\/www.itakaescolapios.org\\\/eu\\\/2016\\\/01\\\/entrevista-a-itaka-escolapios-en-navarratv\\\/#primaryimage\"},\"image\":{\"@id\":\"https:\\\/\\\/www.itakaescolapios.org\\\/eu\\\/2016\\\/01\\\/entrevista-a-itaka-escolapios-en-navarratv\\\/#primaryimage\"},\"thumbnailUrl\":\"https:\\\/\\\/www.itakaescolapios.org\\\/wp-content\\\/uploads\\\/2016\\\/01\\\/Diapositiva1.jpg\",\"datePublished\":\"2016-01-12T11:14:30+00:00\",\"dateModified\":\"2023-11-28T11:38:31+00:00\",\"breadcrumb\":{\"@id\":\"https:\\\/\\\/www.itakaescolapios.org\\\/eu\\\/2016\\\/01\\\/entrevista-a-itaka-escolapios-en-navarratv\\\/#breadcrumb\"},\"inLanguage\":\"eu\",\"potentialAction\":[{\"@type\":\"ReadAction\",\"target\":[\"https:\\\/\\\/www.itakaescolapios.org\\\/eu\\\/2016\\\/01\\\/entrevista-a-itaka-escolapios-en-navarratv\\\/\"]}]},{\"@type\":\"ImageObject\",\"inLanguage\":\"eu\",\"@id\":\"https:\\\/\\\/www.itakaescolapios.org\\\/eu\\\/2016\\\/01\\\/entrevista-a-itaka-escolapios-en-navarratv\\\/#primaryimage\",\"url\":\"https:\\\/\\\/www.itakaescolapios.org\\\/wp-content\\\/uploads\\\/2016\\\/01\\\/Diapositiva1.jpg\",\"contentUrl\":\"https:\\\/\\\/www.itakaescolapios.org\\\/wp-content\\\/uploads\\\/2016\\\/01\\\/Diapositiva1.jpg\",\"width\":1280,\"height\":720},{\"@type\":\"BreadcrumbList\",\"@id\":\"https:\\\/\\\/www.itakaescolapios.org\\\/eu\\\/2016\\\/01\\\/entrevista-a-itaka-escolapios-en-navarratv\\\/#breadcrumb\",\"itemListElement\":[{\"@type\":\"ListItem\",\"position\":1,\"name\":\"Itaka-Escolapios\",\"item\":\"https:\\\/\\\/www.itakaescolapios.org\\\/es\\\/\"},{\"@type\":\"ListItem\",\"position\":2,\"name\":\"Entrevista a Itaka-Escolapios en NavarraTV\"}]},{\"@type\":\"WebSite\",\"@id\":\"https:\\\/\\\/www.itakaescolapios.org\\\/eu\\\/es\\\/#website\",\"url\":\"https:\\\/\\\/www.itakaescolapios.org\\\/eu\\\/es\\\/\",\"name\":\"Itaka-Escolapios\",\"description\":\"Red de Itaka-Escolapios\",\"publisher\":{\"@id\":\"https:\\\/\\\/www.itakaescolapios.org\\\/eu\\\/es\\\/#organization\"},\"potentialAction\":[{\"@type\":\"SearchAction\",\"target\":{\"@type\":\"EntryPoint\",\"urlTemplate\":\"https:\\\/\\\/www.itakaescolapios.org\\\/eu\\\/es\\\/?s={search_term_string}\"},\"query-input\":{\"@type\":\"PropertyValueSpecification\",\"valueRequired\":true,\"valueName\":\"search_term_string\"}}],\"inLanguage\":\"eu\"},{\"@type\":\"Organization\",\"@id\":\"https:\\\/\\\/www.itakaescolapios.org\\\/eu\\\/es\\\/#organization\",\"name\":\"Fundaci\u00f3 Itaka-Escolapios\",\"url\":\"https:\\\/\\\/www.itakaescolapios.org\\\/eu\\\/es\\\/\",\"logo\":{\"@type\":\"ImageObject\",\"inLanguage\":\"eu\",\"@id\":\"https:\\\/\\\/www.itakaescolapios.org\\\/eu\\\/es\\\/#\\\/schema\\\/logo\\\/image\\\/\",\"url\":\"https:\\\/\\\/www.itakaescolapios.org\\\/wp-content\\\/uploads\\\/2024\\\/04\\\/Logo-itakaescolapios-peque.png\",\"contentUrl\":\"https:\\\/\\\/www.itakaescolapios.org\\\/wp-content\\\/uploads\\\/2024\\\/04\\\/Logo-itakaescolapios-peque.png\",\"width\":500,\"height\":199,\"caption\":\"Fundaci\u00f3 Itaka-Escolapios\"},\"image\":{\"@id\":\"https:\\\/\\\/www.itakaescolapios.org\\\/eu\\\/es\\\/#\\\/schema\\\/logo\\\/image\\\/\"}},{\"@type\":\"Person\",\"@id\":\"https:\\\/\\\/www.itakaescolapios.org\\\/es\\\/#\\\/schema\\\/person\\\/a44de70f9a43a90c3e0f59aaaffd61f3\",\"name\":\"pamplona01\",\"url\":\"https:\\\/\\\/www.itakaescolapios.org\\\/eu\\\/author\\\/pamplona01\\\/\"}]}<\/script>\n<!-- \/ Yoast SEO plugin. -->","yoast_head_json":{"title":"Entrevista a Itaka-Escolapios en NavarraTV","description":"El lunes 11 de enero nos hicieron una breve entrevista en directo en el programa \"Me importas t\u00fa\", de NavarraTv a tres personas de Itaka-Escolapios: Nerea San Esteban, Ra\u00fal Gonz\u00e1lez y Roberto Zabalza. La pod\u00e9is CLICANDO AQUI.","robots":{"index":"index","follow":"follow","max-snippet":"max-snippet:-1","max-image-preview":"max-image-preview:large","max-video-preview":"max-video-preview:-1"},"canonical":"El lunes 11 de enero nos hicieron una breve entrevista en directo en el programa \"Me importas t\u00fa\", de NavarraTv a tres personas de Itaka-Escolapios: Nerea San Esteban, Ra\u00fal Gonz\u00e1lez y Roberto Zabalza. La pod\u00e9is CLICANDO AQUI.","og_locale":"en_US","og_type":"article","og_title":"Entrevista a Itaka-Escolapios en NavarraTV","og_description":"El lunes 11 de enero nos hicieron una breve entrevista en directo en el programa \"Me importas t\u00fa\", de NavarraTv a tres personas de Itaka-Escolapios: Nerea San Esteban, Ra\u00fal Gonz\u00e1lez y Roberto Zabalza. La pod\u00e9is CLICANDO AQUI.","og_url":"https:\/\/www.itakaescolapios.org\/eu\/2016\/01\/entrevista-a-itaka-escolapios-en-navarratv\/","og_site_name":"Itaka-Escolapios","article_published_time":"2016-01-12T11:14:30+00:00","article_modified_time":"2023-11-28T11:38:31+00:00","og_image":[{"width":1280,"height":720,"url":"https:\/\/www.itakaescolapios.org\/wp-content\/uploads\/2016\/01\/Diapositiva1.jpg","type":"image\/jpeg"}],"author":"pamplona01","twitter_card":"summary_large_image","twitter_misc":{"Written by":"pamplona01"},"schema":{"@context":"https:\/\/schema.org","@graph":[{"@type":"Article","@id":"https:\/\/www.itakaescolapios.org\/eu\/2016\/01\/entrevista-a-itaka-escolapios-en-navarratv\/#article","isPartOf":{"@id":"https:\/\/www.itakaescolapios.org\/eu\/2016\/01\/entrevista-a-itaka-escolapios-en-navarratv\/"},"author":{"name":"pamplona01","@id":"https:\/\/www.itakaescolapios.org\/es\/#\/schema\/person\/a44de70f9a43a90c3e0f59aaaffd61f3"},"headline":"Entrevista a Itaka-Escolapios en NavarraTV","datePublished":"2016-01-12T11:14:30+00:00","dateModified":"2023-11-28T11:38:31+00:00","mainEntityOfPage":{"@id":"https:\/\/www.itakaescolapios.org\/eu\/2016\/01\/entrevista-a-itaka-escolapios-en-navarratv\/"},"wordCount":44,"publisher":{"@id":"https:\/\/www.itakaescolapios.org\/es\/#organization"},"image":{"@id":"https:\/\/www.itakaescolapios.org\/eu\/2016\/01\/entrevista-a-itaka-escolapios-en-navarratv\/#primaryimage"},"thumbnailUrl":"https:\/\/www.itakaescolapios.org\/wp-content\/uploads\/2016\/01\/Diapositiva1.jpg","keywords":["escolapios","Itaka Escolapios","navarra","pamplona-iru\u00f1a","tafalla"],"articleSection":["Pamplona-Iru\u00f1a"],"inLanguage":"eu"},{"@type":"WebPage","@id":"https:\/\/www.itakaescolapios.org\/eu\/2016\/01\/entrevista-a-itaka-escolapios-en-navarratv\/","url":"https:\/\/www.itakaescolapios.org\/eu\/2016\/01\/entrevista-a-itaka-escolapios-en-navarratv\/","name":"Entrevista a Itaka-Escolapios en NavarraTV - Itaka-Escolapios","isPartOf":{"@id":"https:\/\/www.itakaescolapios.org\/es\/#website"},"primaryImageOfPage":{"@id":"https:\/\/www.itakaescolapios.org\/eu\/2016\/01\/entrevista-a-itaka-escolapios-en-navarratv\/#primaryimage"},"image":{"@id":"https:\/\/www.itakaescolapios.org\/eu\/2016\/01\/entrevista-a-itaka-escolapios-en-navarratv\/#primaryimage"},"thumbnailUrl":"https:\/\/www.itakaescolapios.org\/wp-content\/uploads\/2016\/01\/Diapositiva1.jpg","datePublished":"2016-01-12T11:14:30+00:00","dateModified":"2023-11-28T11:38:31+00:00","breadcrumb":{"@id":"https:\/\/www.itakaescolapios.org\/eu\/2016\/01\/entrevista-a-itaka-escolapios-en-navarratv\/#breadcrumb"},"inLanguage":"eu","potentialAction":[{"@type":"ReadAction","target":["https:\/\/www.itakaescolapios.org\/eu\/2016\/01\/entrevista-a-itaka-escolapios-en-navarratv\/"]}]},{"@type":"ImageObject","inLanguage":"eu","@id":"https:\/\/www.itakaescolapios.org\/eu\/2016\/01\/entrevista-a-itaka-escolapios-en-navarratv\/#primaryimage","url":"https:\/\/www.itakaescolapios.org\/wp-content\/uploads\/2016\/01\/Diapositiva1.jpg","contentUrl":"https:\/\/www.itakaescolapios.org\/wp-content\/uploads\/2016\/01\/Diapositiva1.jpg","width":1280,"height":720},{"@type":"BreadcrumbList","@id":"https:\/\/www.itakaescolapios.org\/eu\/2016\/01\/entrevista-a-itaka-escolapios-en-navarratv\/#breadcrumb","itemListElement":[{"@type":"ListItem","position":1,"name":"Itaka-Escolapios","item":"https:\/\/www.itakaescolapios.org\/es\/"},{"@type":"ListItem","position":2,"name":"Entrevista a Itaka-Escolapios en NavarraTV"}]},{"@type":"WebSite","@id":"https:\/\/www.itakaescolapios.org\/eu\/es\/#website","url":"https:\/\/www.itakaescolapios.org\/eu\/es\/","name":"Itaka-Escolapios","description":"Red de Itaka-Escolapios","publisher":{"@id":"https:\/\/www.itakaescolapios.org\/eu\/es\/#organization"},"potentialAction":[{"@type":"SearchAction","target":{"@type":"EntryPoint","urlTemplate":"https:\/\/www.itakaescolapios.org\/eu\/es\/?s={search_term_string}"},"query-input":{"@type":"PropertyValueSpecification","valueRequired":true,"valueName":"search_term_string"}}],"inLanguage":"eu"},{"@type":"Organization","@id":"https:\/\/www.itakaescolapios.org\/eu\/es\/#organization","name":"Fundaci\u00f3 Itaka-Escolapios","url":"https:\/\/www.itakaescolapios.org\/eu\/es\/","logo":{"@type":"ImageObject","inLanguage":"eu","@id":"https:\/\/www.itakaescolapios.org\/eu\/es\/#\/schema\/logo\/image\/","url":"https:\/\/www.itakaescolapios.org\/wp-content\/uploads\/2024\/04\/Logo-itakaescolapios-peque.png","contentUrl":"https:\/\/www.itakaescolapios.org\/wp-content\/uploads\/2024\/04\/Logo-itakaescolapios-peque.png","width":500,"height":199,"caption":"Fundaci\u00f3 Itaka-Escolapios"},"image":{"@id":"https:\/\/www.itakaescolapios.org\/eu\/es\/#\/schema\/logo\/image\/"}},{"@type":"Person","@id":"https:\/\/www.itakaescolapios.org\/es\/#\/schema\/person\/a44de70f9a43a90c3e0f59aaaffd61f3","name":"pamplona01","url":"https:\/\/www.itakaescolapios.org\/eu\/author\/pamplona01\/"}]}},"_links":{"self":[{"href":"https:\/\/www.itakaescolapios.org\/eu\/wp-json\/wp\/v2\/posts\/14352","targetHints":{"allow":["GET"]}}],"collection":[{"href":"https:\/\/www.itakaescolapios.org\/eu\/wp-json\/wp\/v2\/posts"}],"about":[{"href":"https:\/\/www.itakaescolapios.org\/eu\/wp-json\/wp\/v2\/types\/post"}],"author":[{"embeddable":true,"href":"https:\/\/www.itakaescolapios.org\/eu\/wp-json\/wp\/v2\/users\/29"}],"replies":[{"embeddable":true,"href":"https:\/\/www.itakaescolapios.org\/eu\/wp-json\/wp\/v2\/comments?post=14352"}],"version-history":[{"count":5,"href":"https:\/\/www.itakaescolapios.org\/eu\/wp-json\/wp\/v2\/posts\/14352\/revisions"}],"predecessor-version":[{"id":48461,"href":"https:\/\/www.itakaescolapios.org\/eu\/wp-json\/wp\/v2\/posts\/14352\/revisions\/48461"}],"wp:featuredmedia":[{"embeddable":true,"href":"https:\/\/www.itakaescolapios.org\/eu\/wp-json\/wp\/v2\/media\/14353"}],"wp:attachment":[{"href":"https:\/\/www.itakaescolapios.org\/eu\/wp-json\/wp\/v2\/media?parent=14352"}],"wp:term":[{"taxonomy":"category","embeddable":true,"href":"https:\/\/www.itakaescolapios.org\/eu\/wp-json\/wp\/v2\/categories?post=14352"},{"taxonomy":"post_tag","embeddable":true,"href":"https:\/\/www.itakaescolapios.org\/eu\/wp-json\/wp\/v2\/tags?post=14352"}],"curies":[{"name":"wp","href":"https:\/\/api.w.org\/{rel}","templated":true}]}}