{"id":15137,"date":"2016-03-03T14:56:37","date_gmt":"2016-03-03T13:56:37","guid":{"rendered":"https:\/\/www.itakaescolapios.org\/?p=15137"},"modified":"2023-11-28T12:38:28","modified_gmt":"2023-11-28T11:38:28","slug":"padre-carlos-curiel-vicario-general-de-cochabamba","status":"publish","type":"post","link":"https:\/\/www.itakaescolapios.org\/eu\/2016\/03\/padre-carlos-curiel-vicario-general-de-cochabamba\/","title":{"rendered":"PADRE CARLOS CURIEL, VICARIO GENERAL DE COCHABAMBA"},"content":{"rendered":"<p>El P. Carlos Curiel ha sido nombrado Vicario General de la Arquidi\u00f3cesis de Cochabamba por Mons. \u00d3scar Aparicio, Arzobispo de Cochabamba. Mons. Oscar hizo una petici\u00f3n para este nombramiento al P. Viceprovincial, aprovechando la visita del P. Mariano Grassa a Bolivia, a final de diciembre, estuvieron conversando con el Arzobispo para discernir sobre este nombramiento. Queremos felicitar al P. Carlos por la confianza que la iglesia de Cochabamba ha depositado en \u00e9l y pedimos a Dios su Esp\u00edritu para esta tarea tan importante para la vida de sus comunidades. Durante este a\u00f1o 2016, el P. Carlos se har\u00e1 presente en el Arzobispado de forma parcial para, tambi\u00e9n, seguir atendiendo su misi\u00f3n en Anzaldo.<\/p>\n","protected":false},"excerpt":{"rendered":"<p>El P. Carlos Curiel ha sido nombrado Vicario General de la Arquidi\u00f3cesis de Cochabamba por Mons. \u00d3scar Aparicio, Arzobispo de Cochabamba. Mons. Oscar hizo una petici\u00f3n para este nombramiento al [&hellip;]<\/p>\n","protected":false},"author":7,"featured_media":15143,"comment_status":"closed","ping_status":"closed","sticky":false,"template":"","format":"standard","meta":{"_et_pb_use_builder":"","_et_pb_old_content":"","_et_gb_content_width":"","footnotes":""},"categories":[15],"tags":[],"class_list":["post-15137","post","type-post","status-publish","format-standard","has-post-thumbnail","hentry","category-bolivia"],"yoast_head":"<!-- This site is optimized with the Yoast SEO plugin v27.4 - https:\/\/yoast.com\/product\/yoast-seo-wordpress\/ -->\n<title>PADRE CARLOS CURIEL, VICARIO GENERAL DE COCHABAMBA<\/title>\n<meta name=\"description\" content=\"El P. Carlos Curiel ha sido nombrado Vicario General de la Arquidi\u00f3cesis de Cochabamba por Mons. \u00d3scar Aparicio, Arzobispo de Cochabamba. Mons. Oscar hizo una petici\u00f3n para este nombramiento al P. Viceprovincial, aprovechando la visita del P. Mariano Grassa a Bolivia, a final de diciembre, estuvieron conversando con el Arzobispo para discernir sobre este nombramiento.&hellip;\" \/>\n<meta name=\"robots\" content=\"index, follow, max-snippet:-1, max-image-preview:large, max-video-preview:-1\" \/>\n<link rel=\"canonical\" href=\"http:\/\/El%20P.%20Carlos%20Curiel%20ha%20sido%20nombrado%20Vicario%20General%20de%20la%20Arquidi\u00f3cesis%20de%20Cochabamba%20por%20Mons.%20\u00d3scar%20Aparicio,%20Arzobispo%20de%20Cochabamba.%20Mons.%20Oscar%20hizo%20una%20petici\u00f3n%20para%20este%20nombramiento%20al%20P.%20Viceprovincial,%20aprovechando%20la%20visita%20del%20P.%20Mariano%20Grassa%20a%20Bolivia,%20a%20final%20de%20diciembre,%20estuvieron%20conversando%20con%20el%20Arzobispo%20para%20discernir%20sobre%20este%20nombramiento.&hellip;\" \/>\n<meta property=\"og:locale\" content=\"en_US\" \/>\n<meta property=\"og:type\" content=\"article\" \/>\n<meta property=\"og:title\" content=\"PADRE CARLOS CURIEL, VICARIO GENERAL DE COCHABAMBA\" \/>\n<meta property=\"og:description\" content=\"El P. Carlos Curiel ha sido nombrado Vicario General de la Arquidi\u00f3cesis de Cochabamba por Mons. \u00d3scar Aparicio, Arzobispo de Cochabamba. Mons. Oscar hizo una petici\u00f3n para este nombramiento al P. Viceprovincial, aprovechando la visita del P. Mariano Grassa a Bolivia, a final de diciembre, estuvieron conversando con el Arzobispo para discernir sobre este nombramiento.&hellip;\" \/>\n<meta property=\"og:url\" content=\"https:\/\/www.itakaescolapios.org\/eu\/2016\/03\/padre-carlos-curiel-vicario-general-de-cochabamba\/\" \/>\n<meta property=\"og:site_name\" content=\"Itaka-Escolapios\" \/>\n<meta property=\"article:published_time\" content=\"2016-03-03T13:56:37+00:00\" \/>\n<meta property=\"article:modified_time\" content=\"2023-11-28T11:38:28+00:00\" \/>\n<meta property=\"og:image\" content=\"https:\/\/www.itakaescolapios.org\/wp-content\/uploads\/2016\/03\/Sin-t\u00edtulo2.jpg\" \/>\n\t<meta property=\"og:image:width\" content=\"352\" \/>\n\t<meta property=\"og:image:height\" content=\"240\" \/>\n\t<meta property=\"og:image:type\" content=\"image\/jpeg\" \/>\n<meta name=\"author\" content=\"bolivia01\" \/>\n<meta name=\"twitter:card\" content=\"summary_large_image\" \/>\n<meta name=\"twitter:label1\" content=\"Written by\" \/>\n\t<meta name=\"twitter:data1\" content=\"bolivia01\" \/>\n\t<meta name=\"twitter:label2\" content=\"Est. reading time\" \/>\n\t<meta name=\"twitter:data2\" content=\"1 minutua\" \/>\n<script type=\"application\/ld+json\" class=\"yoast-schema-graph\">{\"@context\":\"https:\\\/\\\/schema.org\",\"@graph\":[{\"@type\":\"Article\",\"@id\":\"https:\\\/\\\/www.itakaescolapios.org\\\/eu\\\/2016\\\/03\\\/padre-carlos-curiel-vicario-general-de-cochabamba\\\/#article\",\"isPartOf\":{\"@id\":\"https:\\\/\\\/www.itakaescolapios.org\\\/eu\\\/2016\\\/03\\\/padre-carlos-curiel-vicario-general-de-cochabamba\\\/\"},\"author\":{\"name\":\"bolivia01\",\"@id\":\"https:\\\/\\\/www.itakaescolapios.org\\\/es\\\/#\\\/schema\\\/person\\\/141b7734ef7c6eadcc0fefeb0614c94a\"},\"headline\":\"PADRE CARLOS CURIEL, VICARIO GENERAL DE COCHABAMBA\",\"datePublished\":\"2016-03-03T13:56:37+00:00\",\"dateModified\":\"2023-11-28T11:38:28+00:00\",\"mainEntityOfPage\":{\"@id\":\"https:\\\/\\\/www.itakaescolapios.org\\\/eu\\\/2016\\\/03\\\/padre-carlos-curiel-vicario-general-de-cochabamba\\\/\"},\"wordCount\":125,\"publisher\":{\"@id\":\"https:\\\/\\\/www.itakaescolapios.org\\\/es\\\/#organization\"},\"image\":{\"@id\":\"https:\\\/\\\/www.itakaescolapios.org\\\/eu\\\/2016\\\/03\\\/padre-carlos-curiel-vicario-general-de-cochabamba\\\/#primaryimage\"},\"thumbnailUrl\":\"https:\\\/\\\/www.itakaescolapios.org\\\/wp-content\\\/uploads\\\/2016\\\/03\\\/Sin-t\u00edtulo2.jpg\",\"articleSection\":[\"Bolivia\"],\"inLanguage\":\"eu\"},{\"@type\":\"WebPage\",\"@id\":\"https:\\\/\\\/www.itakaescolapios.org\\\/eu\\\/2016\\\/03\\\/padre-carlos-curiel-vicario-general-de-cochabamba\\\/\",\"url\":\"https:\\\/\\\/www.itakaescolapios.org\\\/eu\\\/2016\\\/03\\\/padre-carlos-curiel-vicario-general-de-cochabamba\\\/\",\"name\":\"PADRE CARLOS CURIEL, VICARIO GENERAL DE COCHABAMBA - Itaka-Escolapios\",\"isPartOf\":{\"@id\":\"https:\\\/\\\/www.itakaescolapios.org\\\/es\\\/#website\"},\"primaryImageOfPage\":{\"@id\":\"https:\\\/\\\/www.itakaescolapios.org\\\/eu\\\/2016\\\/03\\\/padre-carlos-curiel-vicario-general-de-cochabamba\\\/#primaryimage\"},\"image\":{\"@id\":\"https:\\\/\\\/www.itakaescolapios.org\\\/eu\\\/2016\\\/03\\\/padre-carlos-curiel-vicario-general-de-cochabamba\\\/#primaryimage\"},\"thumbnailUrl\":\"https:\\\/\\\/www.itakaescolapios.org\\\/wp-content\\\/uploads\\\/2016\\\/03\\\/Sin-t\u00edtulo2.jpg\",\"datePublished\":\"2016-03-03T13:56:37+00:00\",\"dateModified\":\"2023-11-28T11:38:28+00:00\",\"breadcrumb\":{\"@id\":\"https:\\\/\\\/www.itakaescolapios.org\\\/eu\\\/2016\\\/03\\\/padre-carlos-curiel-vicario-general-de-cochabamba\\\/#breadcrumb\"},\"inLanguage\":\"eu\",\"potentialAction\":[{\"@type\":\"ReadAction\",\"target\":[\"https:\\\/\\\/www.itakaescolapios.org\\\/eu\\\/2016\\\/03\\\/padre-carlos-curiel-vicario-general-de-cochabamba\\\/\"]}]},{\"@type\":\"ImageObject\",\"inLanguage\":\"eu\",\"@id\":\"https:\\\/\\\/www.itakaescolapios.org\\\/eu\\\/2016\\\/03\\\/padre-carlos-curiel-vicario-general-de-cochabamba\\\/#primaryimage\",\"url\":\"https:\\\/\\\/www.itakaescolapios.org\\\/wp-content\\\/uploads\\\/2016\\\/03\\\/Sin-t\u00edtulo2.jpg\",\"contentUrl\":\"https:\\\/\\\/www.itakaescolapios.org\\\/wp-content\\\/uploads\\\/2016\\\/03\\\/Sin-t\u00edtulo2.jpg\",\"width\":352,\"height\":240},{\"@type\":\"BreadcrumbList\",\"@id\":\"https:\\\/\\\/www.itakaescolapios.org\\\/eu\\\/2016\\\/03\\\/padre-carlos-curiel-vicario-general-de-cochabamba\\\/#breadcrumb\",\"itemListElement\":[{\"@type\":\"ListItem\",\"position\":1,\"name\":\"Itaka-Escolapios\",\"item\":\"https:\\\/\\\/www.itakaescolapios.org\\\/es\\\/\"},{\"@type\":\"ListItem\",\"position\":2,\"name\":\"PADRE CARLOS CURIEL, VICARIO GENERAL DE COCHABAMBA\"}]},{\"@type\":\"WebSite\",\"@id\":\"https:\\\/\\\/www.itakaescolapios.org\\\/eu\\\/es\\\/#website\",\"url\":\"https:\\\/\\\/www.itakaescolapios.org\\\/eu\\\/es\\\/\",\"name\":\"Itaka-Escolapios\",\"description\":\"Red de Itaka-Escolapios\",\"publisher\":{\"@id\":\"https:\\\/\\\/www.itakaescolapios.org\\\/eu\\\/es\\\/#organization\"},\"potentialAction\":[{\"@type\":\"SearchAction\",\"target\":{\"@type\":\"EntryPoint\",\"urlTemplate\":\"https:\\\/\\\/www.itakaescolapios.org\\\/eu\\\/es\\\/?s={search_term_string}\"},\"query-input\":{\"@type\":\"PropertyValueSpecification\",\"valueRequired\":true,\"valueName\":\"search_term_string\"}}],\"inLanguage\":\"eu\"},{\"@type\":\"Organization\",\"@id\":\"https:\\\/\\\/www.itakaescolapios.org\\\/eu\\\/es\\\/#organization\",\"name\":\"Fundaci\u00f3 Itaka-Escolapios\",\"url\":\"https:\\\/\\\/www.itakaescolapios.org\\\/eu\\\/es\\\/\",\"logo\":{\"@type\":\"ImageObject\",\"inLanguage\":\"eu\",\"@id\":\"https:\\\/\\\/www.itakaescolapios.org\\\/eu\\\/es\\\/#\\\/schema\\\/logo\\\/image\\\/\",\"url\":\"https:\\\/\\\/www.itakaescolapios.org\\\/wp-content\\\/uploads\\\/2024\\\/04\\\/Logo-itakaescolapios-peque.png\",\"contentUrl\":\"https:\\\/\\\/www.itakaescolapios.org\\\/wp-content\\\/uploads\\\/2024\\\/04\\\/Logo-itakaescolapios-peque.png\",\"width\":500,\"height\":199,\"caption\":\"Fundaci\u00f3 Itaka-Escolapios\"},\"image\":{\"@id\":\"https:\\\/\\\/www.itakaescolapios.org\\\/eu\\\/es\\\/#\\\/schema\\\/logo\\\/image\\\/\"}},{\"@type\":\"Person\",\"@id\":\"https:\\\/\\\/www.itakaescolapios.org\\\/es\\\/#\\\/schema\\\/person\\\/141b7734ef7c6eadcc0fefeb0614c94a\",\"name\":\"bolivia01\",\"url\":\"https:\\\/\\\/www.itakaescolapios.org\\\/eu\\\/author\\\/bolivia01\\\/\"}]}<\/script>\n<!-- \/ Yoast SEO plugin. -->","yoast_head_json":{"title":"PADRE CARLOS CURIEL, VICARIO GENERAL DE COCHABAMBA","description":"El P. Carlos Curiel ha sido nombrado Vicario General de la Arquidi\u00f3cesis de Cochabamba por Mons. \u00d3scar Aparicio, Arzobispo de Cochabamba. Mons. Oscar hizo una petici\u00f3n para este nombramiento al P. Viceprovincial, aprovechando la visita del P. Mariano Grassa a Bolivia, a final de diciembre, estuvieron conversando con el Arzobispo para discernir sobre este nombramiento.&hellip;","robots":{"index":"index","follow":"follow","max-snippet":"max-snippet:-1","max-image-preview":"max-image-preview:large","max-video-preview":"max-video-preview:-1"},"canonical":"El P. Carlos Curiel ha sido nombrado Vicario General de la Arquidi\u00f3cesis de Cochabamba por Mons. \u00d3scar Aparicio, Arzobispo de Cochabamba. Mons. Oscar hizo una petici\u00f3n para este nombramiento al P. Viceprovincial, aprovechando la visita del P. Mariano Grassa a Bolivia, a final de diciembre, estuvieron conversando con el Arzobispo para discernir sobre este nombramiento.&hellip;","og_locale":"en_US","og_type":"article","og_title":"PADRE CARLOS CURIEL, VICARIO GENERAL DE COCHABAMBA","og_description":"El P. Carlos Curiel ha sido nombrado Vicario General de la Arquidi\u00f3cesis de Cochabamba por Mons. \u00d3scar Aparicio, Arzobispo de Cochabamba. Mons. Oscar hizo una petici\u00f3n para este nombramiento al P. Viceprovincial, aprovechando la visita del P. Mariano Grassa a Bolivia, a final de diciembre, estuvieron conversando con el Arzobispo para discernir sobre este nombramiento.&hellip;","og_url":"https:\/\/www.itakaescolapios.org\/eu\/2016\/03\/padre-carlos-curiel-vicario-general-de-cochabamba\/","og_site_name":"Itaka-Escolapios","article_published_time":"2016-03-03T13:56:37+00:00","article_modified_time":"2023-11-28T11:38:28+00:00","og_image":[{"width":352,"height":240,"url":"https:\/\/www.itakaescolapios.org\/wp-content\/uploads\/2016\/03\/Sin-t\u00edtulo2.jpg","type":"image\/jpeg"}],"author":"bolivia01","twitter_card":"summary_large_image","twitter_misc":{"Written by":"bolivia01","Est. reading time":"1 minutua"},"schema":{"@context":"https:\/\/schema.org","@graph":[{"@type":"Article","@id":"https:\/\/www.itakaescolapios.org\/eu\/2016\/03\/padre-carlos-curiel-vicario-general-de-cochabamba\/#article","isPartOf":{"@id":"https:\/\/www.itakaescolapios.org\/eu\/2016\/03\/padre-carlos-curiel-vicario-general-de-cochabamba\/"},"author":{"name":"bolivia01","@id":"https:\/\/www.itakaescolapios.org\/es\/#\/schema\/person\/141b7734ef7c6eadcc0fefeb0614c94a"},"headline":"PADRE CARLOS CURIEL, VICARIO GENERAL DE COCHABAMBA","datePublished":"2016-03-03T13:56:37+00:00","dateModified":"2023-11-28T11:38:28+00:00","mainEntityOfPage":{"@id":"https:\/\/www.itakaescolapios.org\/eu\/2016\/03\/padre-carlos-curiel-vicario-general-de-cochabamba\/"},"wordCount":125,"publisher":{"@id":"https:\/\/www.itakaescolapios.org\/es\/#organization"},"image":{"@id":"https:\/\/www.itakaescolapios.org\/eu\/2016\/03\/padre-carlos-curiel-vicario-general-de-cochabamba\/#primaryimage"},"thumbnailUrl":"https:\/\/www.itakaescolapios.org\/wp-content\/uploads\/2016\/03\/Sin-t\u00edtulo2.jpg","articleSection":["Bolivia"],"inLanguage":"eu"},{"@type":"WebPage","@id":"https:\/\/www.itakaescolapios.org\/eu\/2016\/03\/padre-carlos-curiel-vicario-general-de-cochabamba\/","url":"https:\/\/www.itakaescolapios.org\/eu\/2016\/03\/padre-carlos-curiel-vicario-general-de-cochabamba\/","name":"PADRE CARLOS CURIEL, VICARIO GENERAL DE COCHABAMBA - Itaka-Escolapios","isPartOf":{"@id":"https:\/\/www.itakaescolapios.org\/es\/#website"},"primaryImageOfPage":{"@id":"https:\/\/www.itakaescolapios.org\/eu\/2016\/03\/padre-carlos-curiel-vicario-general-de-cochabamba\/#primaryimage"},"image":{"@id":"https:\/\/www.itakaescolapios.org\/eu\/2016\/03\/padre-carlos-curiel-vicario-general-de-cochabamba\/#primaryimage"},"thumbnailUrl":"https:\/\/www.itakaescolapios.org\/wp-content\/uploads\/2016\/03\/Sin-t\u00edtulo2.jpg","datePublished":"2016-03-03T13:56:37+00:00","dateModified":"2023-11-28T11:38:28+00:00","breadcrumb":{"@id":"https:\/\/www.itakaescolapios.org\/eu\/2016\/03\/padre-carlos-curiel-vicario-general-de-cochabamba\/#breadcrumb"},"inLanguage":"eu","potentialAction":[{"@type":"ReadAction","target":["https:\/\/www.itakaescolapios.org\/eu\/2016\/03\/padre-carlos-curiel-vicario-general-de-cochabamba\/"]}]},{"@type":"ImageObject","inLanguage":"eu","@id":"https:\/\/www.itakaescolapios.org\/eu\/2016\/03\/padre-carlos-curiel-vicario-general-de-cochabamba\/#primaryimage","url":"https:\/\/www.itakaescolapios.org\/wp-content\/uploads\/2016\/03\/Sin-t\u00edtulo2.jpg","contentUrl":"https:\/\/www.itakaescolapios.org\/wp-content\/uploads\/2016\/03\/Sin-t\u00edtulo2.jpg","width":352,"height":240},{"@type":"BreadcrumbList","@id":"https:\/\/www.itakaescolapios.org\/eu\/2016\/03\/padre-carlos-curiel-vicario-general-de-cochabamba\/#breadcrumb","itemListElement":[{"@type":"ListItem","position":1,"name":"Itaka-Escolapios","item":"https:\/\/www.itakaescolapios.org\/es\/"},{"@type":"ListItem","position":2,"name":"PADRE CARLOS CURIEL, VICARIO GENERAL DE COCHABAMBA"}]},{"@type":"WebSite","@id":"https:\/\/www.itakaescolapios.org\/eu\/es\/#website","url":"https:\/\/www.itakaescolapios.org\/eu\/es\/","name":"Itaka-Escolapios","description":"Red de Itaka-Escolapios","publisher":{"@id":"https:\/\/www.itakaescolapios.org\/eu\/es\/#organization"},"potentialAction":[{"@type":"SearchAction","target":{"@type":"EntryPoint","urlTemplate":"https:\/\/www.itakaescolapios.org\/eu\/es\/?s={search_term_string}"},"query-input":{"@type":"PropertyValueSpecification","valueRequired":true,"valueName":"search_term_string"}}],"inLanguage":"eu"},{"@type":"Organization","@id":"https:\/\/www.itakaescolapios.org\/eu\/es\/#organization","name":"Fundaci\u00f3 Itaka-Escolapios","url":"https:\/\/www.itakaescolapios.org\/eu\/es\/","logo":{"@type":"ImageObject","inLanguage":"eu","@id":"https:\/\/www.itakaescolapios.org\/eu\/es\/#\/schema\/logo\/image\/","url":"https:\/\/www.itakaescolapios.org\/wp-content\/uploads\/2024\/04\/Logo-itakaescolapios-peque.png","contentUrl":"https:\/\/www.itakaescolapios.org\/wp-content\/uploads\/2024\/04\/Logo-itakaescolapios-peque.png","width":500,"height":199,"caption":"Fundaci\u00f3 Itaka-Escolapios"},"image":{"@id":"https:\/\/www.itakaescolapios.org\/eu\/es\/#\/schema\/logo\/image\/"}},{"@type":"Person","@id":"https:\/\/www.itakaescolapios.org\/es\/#\/schema\/person\/141b7734ef7c6eadcc0fefeb0614c94a","name":"bolivia01","url":"https:\/\/www.itakaescolapios.org\/eu\/author\/bolivia01\/"}]}},"_links":{"self":[{"href":"https:\/\/www.itakaescolapios.org\/eu\/wp-json\/wp\/v2\/posts\/15137","targetHints":{"allow":["GET"]}}],"collection":[{"href":"https:\/\/www.itakaescolapios.org\/eu\/wp-json\/wp\/v2\/posts"}],"about":[{"href":"https:\/\/www.itakaescolapios.org\/eu\/wp-json\/wp\/v2\/types\/post"}],"author":[{"embeddable":true,"href":"https:\/\/www.itakaescolapios.org\/eu\/wp-json\/wp\/v2\/users\/7"}],"replies":[{"embeddable":true,"href":"https:\/\/www.itakaescolapios.org\/eu\/wp-json\/wp\/v2\/comments?post=15137"}],"version-history":[{"count":4,"href":"https:\/\/www.itakaescolapios.org\/eu\/wp-json\/wp\/v2\/posts\/15137\/revisions"}],"predecessor-version":[{"id":48370,"href":"https:\/\/www.itakaescolapios.org\/eu\/wp-json\/wp\/v2\/posts\/15137\/revisions\/48370"}],"wp:featuredmedia":[{"embeddable":true,"href":"https:\/\/www.itakaescolapios.org\/eu\/wp-json\/wp\/v2\/media\/15143"}],"wp:attachment":[{"href":"https:\/\/www.itakaescolapios.org\/eu\/wp-json\/wp\/v2\/media?parent=15137"}],"wp:term":[{"taxonomy":"category","embeddable":true,"href":"https:\/\/www.itakaescolapios.org\/eu\/wp-json\/wp\/v2\/categories?post=15137"},{"taxonomy":"post_tag","embeddable":true,"href":"https:\/\/www.itakaescolapios.org\/eu\/wp-json\/wp\/v2\/tags?post=15137"}],"curies":[{"name":"wp","href":"https:\/\/api.w.org\/{rel}","templated":true}]}}