{"id":16068,"date":"2016-07-22T11:24:22","date_gmt":"2016-07-22T10:24:22","guid":{"rendered":"https:\/\/www.itakaescolapios.org\/?p=16068"},"modified":"2023-11-28T12:38:23","modified_gmt":"2023-11-28T11:38:23","slug":"francais-installation-des-membres-du-comite-regional-de-validation-des-projets-du-programme-pea-jeunes","status":"publish","type":"post","link":"https:\/\/www.itakaescolapios.org\/eu\/2016\/07\/francais-installation-des-membres-du-comite-regional-de-validation-des-projets-du-programme-pea-jeunes\/","title":{"rendered":""},"content":{"rendered":"<p><!--:fr--><br \/>\nJeudi 21 juillet 2016, s\u2019est tenue dans la salle de r\u00e9union de la d\u00e9l\u00e9gation r\u00e9gionale du MINEPIA sis \u00e0 Bamenda, la c\u00e9r\u00e9monie d\u2019installation des membres du comit\u00e9 r\u00e9gional de validation des projets de la R\u00e9gion du Nord-Ouest du programme PEA-Jeunes dont notre structure, Nazareth Centre fait partie des 5 membres que compte ce comit\u00e9 :<br \/>\n&#8211;\t1er membre : Mr le D\u00e9l\u00e9gu\u00e9 R\u00e9gional du Minist\u00e8re de l\u2019Agriculture et du D\u00e9veloppement rural (MINADER)<br \/>\n&#8211;\t2e membre : Mr le D\u00e9l\u00e9gu\u00e9 R\u00e9gional du Minist\u00e8re de l\u2019\u00e9levage, des p\u00eaches et des industries animales (MINEPIA)<br \/>\n&#8211;\t3e membre : Mr le Directeur du Nazareth Agropastoral and Training Centre ( Fr L\u00e9onard Winkar)<br \/>\n&#8211;\t4e membre : Mr le Directeur R\u00e9gional de CAMCUL<br \/>\n&#8211;\t5e membre : Mr le Directeur R\u00e9gional de UNICS PLC<br \/>\n          A l\u2019issue de cette c\u00e9r\u00e9monie, les devoirs et les obligations ont \u00e9t\u00e9 rappel\u00e9s \u00e0 toutes les parties pr\u00e9sentes.<br \/>\n<!--:--><\/p>\n","protected":false},"excerpt":{"rendered":"<p>Jeudi 21 juillet 2016, s\u2019est tenue dans la salle de r\u00e9union de la d\u00e9l\u00e9gation r\u00e9gionale du MINEPIA sis \u00e0 Bamenda, la c\u00e9r\u00e9monie d\u2019installation des membres du comit\u00e9 r\u00e9gional de validation [&hellip;]<\/p>\n","protected":false},"author":15,"featured_media":16069,"comment_status":"closed","ping_status":"closed","sticky":false,"template":"","format":"standard","meta":{"_et_pb_use_builder":"","_et_pb_old_content":"","_et_gb_content_width":"","footnotes":""},"categories":[10],"tags":[],"class_list":["post-16068","post","type-post","status-publish","format-standard","has-post-thumbnail","hentry","category-camerun"],"yoast_head":"<!-- This site is optimized with the Yoast SEO plugin v27.4 - https:\/\/yoast.com\/product\/yoast-seo-wordpress\/ -->\n<title>- Itaka-Escolapios<\/title>\n<meta name=\"description\" content=\"Jeudi 21 juillet 2016, s\u2019est tenue dans la salle de r\u00e9union de la d\u00e9l\u00e9gation r\u00e9gionale du MINEPIA sis \u00e0 Bamenda, la c\u00e9r\u00e9monie d\u2019installation des membres du comit\u00e9 r\u00e9gional de validation des projets de la R\u00e9gion du Nord-Ouest du programme PEA-Jeunes dont notre structure, Nazareth Centre fait partie des 5 membres que compte ce comit\u00e9 :&hellip;\" \/>\n<meta name=\"robots\" content=\"index, follow, max-snippet:-1, max-image-preview:large, max-video-preview:-1\" \/>\n<link rel=\"canonical\" href=\"\" \/>\n<meta property=\"og:locale\" content=\"en_US\" \/>\n<meta property=\"og:type\" content=\"article\" \/>\n<meta property=\"og:title\" content=\"- Itaka-Escolapios\" \/>\n<meta property=\"og:description\" content=\"Jeudi 21 juillet 2016, s\u2019est tenue dans la salle de r\u00e9union de la d\u00e9l\u00e9gation r\u00e9gionale du MINEPIA sis \u00e0 Bamenda, la c\u00e9r\u00e9monie d\u2019installation des membres du comit\u00e9 r\u00e9gional de validation des projets de la R\u00e9gion du Nord-Ouest du programme PEA-Jeunes dont notre structure, Nazareth Centre fait partie des 5 membres que compte ce comit\u00e9 :&hellip;\" \/>\n<meta property=\"og:url\" content=\"https:\/\/www.itakaescolapios.org\/eu\/2016\/07\/francais-installation-des-membres-du-comite-regional-de-validation-des-projets-du-programme-pea-jeunes\/\" \/>\n<meta property=\"og:site_name\" content=\"Itaka-Escolapios\" \/>\n<meta property=\"article:published_time\" content=\"2016-07-22T10:24:22+00:00\" \/>\n<meta property=\"article:modified_time\" content=\"2023-11-28T11:38:23+00:00\" \/>\n<meta property=\"og:image\" content=\"https:\/\/www.itakaescolapios.org\/wp-content\/uploads\/2016\/07\/IMG_2447.jpg\" \/>\n\t<meta property=\"og:image:width\" content=\"2000\" \/>\n\t<meta property=\"og:image:height\" content=\"1500\" \/>\n\t<meta property=\"og:image:type\" content=\"image\/jpeg\" \/>\n<meta name=\"author\" content=\"cameroun01\" \/>\n<meta name=\"twitter:card\" content=\"summary_large_image\" \/>\n<meta name=\"twitter:label1\" content=\"Written by\" \/>\n\t<meta name=\"twitter:data1\" content=\"cameroun01\" \/>\n\t<meta name=\"twitter:label2\" content=\"Est. reading time\" \/>\n\t<meta name=\"twitter:data2\" content=\"1 minutua\" \/>\n<script type=\"application\/ld+json\" class=\"yoast-schema-graph\">{\"@context\":\"https:\\\/\\\/schema.org\",\"@graph\":[{\"@type\":\"Article\",\"@id\":\"https:\\\/\\\/www.itakaescolapios.org\\\/eu\\\/2016\\\/07\\\/francais-installation-des-membres-du-comite-regional-de-validation-des-projets-du-programme-pea-jeunes\\\/#article\",\"isPartOf\":{\"@id\":\"https:\\\/\\\/www.itakaescolapios.org\\\/eu\\\/2016\\\/07\\\/francais-installation-des-membres-du-comite-regional-de-validation-des-projets-du-programme-pea-jeunes\\\/\"},\"author\":{\"name\":\"cameroun01\",\"@id\":\"https:\\\/\\\/www.itakaescolapios.org\\\/es\\\/#\\\/schema\\\/person\\\/d2844383e29bfdfef69039672ce14eb1\"},\"headline\":\"No title\",\"datePublished\":\"2016-07-22T10:24:22+00:00\",\"dateModified\":\"2023-11-28T11:38:23+00:00\",\"mainEntityOfPage\":{\"@id\":\"https:\\\/\\\/www.itakaescolapios.org\\\/eu\\\/2016\\\/07\\\/francais-installation-des-membres-du-comite-regional-de-validation-des-projets-du-programme-pea-jeunes\\\/\"},\"wordCount\":165,\"publisher\":{\"@id\":\"https:\\\/\\\/www.itakaescolapios.org\\\/es\\\/#organization\"},\"image\":{\"@id\":\"https:\\\/\\\/www.itakaescolapios.org\\\/eu\\\/2016\\\/07\\\/francais-installation-des-membres-du-comite-regional-de-validation-des-projets-du-programme-pea-jeunes\\\/#primaryimage\"},\"thumbnailUrl\":\"https:\\\/\\\/www.itakaescolapios.org\\\/wp-content\\\/uploads\\\/2016\\\/07\\\/IMG_2447.jpg\",\"articleSection\":[\"Kamerun\"],\"inLanguage\":\"eu\"},{\"@type\":\"WebPage\",\"@id\":\"https:\\\/\\\/www.itakaescolapios.org\\\/eu\\\/2016\\\/07\\\/francais-installation-des-membres-du-comite-regional-de-validation-des-projets-du-programme-pea-jeunes\\\/\",\"url\":\"https:\\\/\\\/www.itakaescolapios.org\\\/eu\\\/2016\\\/07\\\/francais-installation-des-membres-du-comite-regional-de-validation-des-projets-du-programme-pea-jeunes\\\/\",\"name\":\"- Itaka-Escolapios\",\"isPartOf\":{\"@id\":\"https:\\\/\\\/www.itakaescolapios.org\\\/es\\\/#website\"},\"primaryImageOfPage\":{\"@id\":\"https:\\\/\\\/www.itakaescolapios.org\\\/eu\\\/2016\\\/07\\\/francais-installation-des-membres-du-comite-regional-de-validation-des-projets-du-programme-pea-jeunes\\\/#primaryimage\"},\"image\":{\"@id\":\"https:\\\/\\\/www.itakaescolapios.org\\\/eu\\\/2016\\\/07\\\/francais-installation-des-membres-du-comite-regional-de-validation-des-projets-du-programme-pea-jeunes\\\/#primaryimage\"},\"thumbnailUrl\":\"https:\\\/\\\/www.itakaescolapios.org\\\/wp-content\\\/uploads\\\/2016\\\/07\\\/IMG_2447.jpg\",\"datePublished\":\"2016-07-22T10:24:22+00:00\",\"dateModified\":\"2023-11-28T11:38:23+00:00\",\"inLanguage\":\"eu\",\"potentialAction\":[{\"@type\":\"ReadAction\",\"target\":[\"https:\\\/\\\/www.itakaescolapios.org\\\/eu\\\/2016\\\/07\\\/francais-installation-des-membres-du-comite-regional-de-validation-des-projets-du-programme-pea-jeunes\\\/\"]}]},{\"@type\":\"ImageObject\",\"inLanguage\":\"eu\",\"@id\":\"https:\\\/\\\/www.itakaescolapios.org\\\/eu\\\/2016\\\/07\\\/francais-installation-des-membres-du-comite-regional-de-validation-des-projets-du-programme-pea-jeunes\\\/#primaryimage\",\"url\":\"https:\\\/\\\/www.itakaescolapios.org\\\/wp-content\\\/uploads\\\/2016\\\/07\\\/IMG_2447.jpg\",\"contentUrl\":\"https:\\\/\\\/www.itakaescolapios.org\\\/wp-content\\\/uploads\\\/2016\\\/07\\\/IMG_2447.jpg\",\"width\":2000,\"height\":1500},{\"@type\":\"WebSite\",\"@id\":\"https:\\\/\\\/www.itakaescolapios.org\\\/eu\\\/es\\\/#website\",\"url\":\"https:\\\/\\\/www.itakaescolapios.org\\\/eu\\\/es\\\/\",\"name\":\"Itaka-Escolapios\",\"description\":\"Red de Itaka-Escolapios\",\"publisher\":{\"@id\":\"https:\\\/\\\/www.itakaescolapios.org\\\/eu\\\/es\\\/#organization\"},\"potentialAction\":[{\"@type\":\"SearchAction\",\"target\":{\"@type\":\"EntryPoint\",\"urlTemplate\":\"https:\\\/\\\/www.itakaescolapios.org\\\/eu\\\/es\\\/?s={search_term_string}\"},\"query-input\":{\"@type\":\"PropertyValueSpecification\",\"valueRequired\":true,\"valueName\":\"search_term_string\"}}],\"inLanguage\":\"eu\"},{\"@type\":\"Organization\",\"@id\":\"https:\\\/\\\/www.itakaescolapios.org\\\/eu\\\/es\\\/#organization\",\"name\":\"Fundaci\u00f3 Itaka-Escolapios\",\"url\":\"https:\\\/\\\/www.itakaescolapios.org\\\/eu\\\/es\\\/\",\"logo\":{\"@type\":\"ImageObject\",\"inLanguage\":\"eu\",\"@id\":\"https:\\\/\\\/www.itakaescolapios.org\\\/eu\\\/es\\\/#\\\/schema\\\/logo\\\/image\\\/\",\"url\":\"https:\\\/\\\/www.itakaescolapios.org\\\/wp-content\\\/uploads\\\/2024\\\/04\\\/Logo-itakaescolapios-peque.png\",\"contentUrl\":\"https:\\\/\\\/www.itakaescolapios.org\\\/wp-content\\\/uploads\\\/2024\\\/04\\\/Logo-itakaescolapios-peque.png\",\"width\":500,\"height\":199,\"caption\":\"Fundaci\u00f3 Itaka-Escolapios\"},\"image\":{\"@id\":\"https:\\\/\\\/www.itakaescolapios.org\\\/eu\\\/es\\\/#\\\/schema\\\/logo\\\/image\\\/\"}},{\"@type\":\"Person\",\"@id\":\"https:\\\/\\\/www.itakaescolapios.org\\\/es\\\/#\\\/schema\\\/person\\\/d2844383e29bfdfef69039672ce14eb1\",\"name\":\"cameroun01\",\"url\":\"https:\\\/\\\/www.itakaescolapios.org\\\/eu\\\/author\\\/cameroun01\\\/\"}]}<\/script>\n<!-- \/ Yoast SEO plugin. -->","yoast_head_json":{"title":"- Itaka-Escolapios","description":"Jeudi 21 juillet 2016, s\u2019est tenue dans la salle de r\u00e9union de la d\u00e9l\u00e9gation r\u00e9gionale du MINEPIA sis \u00e0 Bamenda, la c\u00e9r\u00e9monie d\u2019installation des membres du comit\u00e9 r\u00e9gional de validation des projets de la R\u00e9gion du Nord-Ouest du programme PEA-Jeunes dont notre structure, Nazareth Centre fait partie des 5 membres que compte ce comit\u00e9 :&hellip;","robots":{"index":"index","follow":"follow","max-snippet":"max-snippet:-1","max-image-preview":"max-image-preview:large","max-video-preview":"max-video-preview:-1"},"canonical":"Jeudi 21 juillet 2016, s\u2019est tenue dans la salle de r\u00e9union de la d\u00e9l\u00e9gation r\u00e9gionale du MINEPIA sis \u00e0 Bamenda, la c\u00e9r\u00e9monie d\u2019installation des membres du comit\u00e9 r\u00e9gional de validation des projets de la R\u00e9gion du Nord-Ouest du programme PEA-Jeunes dont notre structure, Nazareth Centre fait partie des 5 membres que compte ce comit\u00e9 :&hellip;","og_locale":"en_US","og_type":"article","og_title":"- Itaka-Escolapios","og_description":"Jeudi 21 juillet 2016, s\u2019est tenue dans la salle de r\u00e9union de la d\u00e9l\u00e9gation r\u00e9gionale du MINEPIA sis \u00e0 Bamenda, la c\u00e9r\u00e9monie d\u2019installation des membres du comit\u00e9 r\u00e9gional de validation des projets de la R\u00e9gion du Nord-Ouest du programme PEA-Jeunes dont notre structure, Nazareth Centre fait partie des 5 membres que compte ce comit\u00e9 :&hellip;","og_url":"https:\/\/www.itakaescolapios.org\/eu\/2016\/07\/francais-installation-des-membres-du-comite-regional-de-validation-des-projets-du-programme-pea-jeunes\/","og_site_name":"Itaka-Escolapios","article_published_time":"2016-07-22T10:24:22+00:00","article_modified_time":"2023-11-28T11:38:23+00:00","og_image":[{"width":2000,"height":1500,"url":"https:\/\/www.itakaescolapios.org\/wp-content\/uploads\/2016\/07\/IMG_2447.jpg","type":"image\/jpeg"}],"author":"cameroun01","twitter_card":"summary_large_image","twitter_misc":{"Written by":"cameroun01","Est. reading time":"1 minutua"},"schema":{"@context":"https:\/\/schema.org","@graph":[{"@type":"Article","@id":"https:\/\/www.itakaescolapios.org\/eu\/2016\/07\/francais-installation-des-membres-du-comite-regional-de-validation-des-projets-du-programme-pea-jeunes\/#article","isPartOf":{"@id":"https:\/\/www.itakaescolapios.org\/eu\/2016\/07\/francais-installation-des-membres-du-comite-regional-de-validation-des-projets-du-programme-pea-jeunes\/"},"author":{"name":"cameroun01","@id":"https:\/\/www.itakaescolapios.org\/es\/#\/schema\/person\/d2844383e29bfdfef69039672ce14eb1"},"headline":"No title","datePublished":"2016-07-22T10:24:22+00:00","dateModified":"2023-11-28T11:38:23+00:00","mainEntityOfPage":{"@id":"https:\/\/www.itakaescolapios.org\/eu\/2016\/07\/francais-installation-des-membres-du-comite-regional-de-validation-des-projets-du-programme-pea-jeunes\/"},"wordCount":165,"publisher":{"@id":"https:\/\/www.itakaescolapios.org\/es\/#organization"},"image":{"@id":"https:\/\/www.itakaescolapios.org\/eu\/2016\/07\/francais-installation-des-membres-du-comite-regional-de-validation-des-projets-du-programme-pea-jeunes\/#primaryimage"},"thumbnailUrl":"https:\/\/www.itakaescolapios.org\/wp-content\/uploads\/2016\/07\/IMG_2447.jpg","articleSection":["Kamerun"],"inLanguage":"eu"},{"@type":"WebPage","@id":"https:\/\/www.itakaescolapios.org\/eu\/2016\/07\/francais-installation-des-membres-du-comite-regional-de-validation-des-projets-du-programme-pea-jeunes\/","url":"https:\/\/www.itakaescolapios.org\/eu\/2016\/07\/francais-installation-des-membres-du-comite-regional-de-validation-des-projets-du-programme-pea-jeunes\/","name":"- Itaka-Escolapios","isPartOf":{"@id":"https:\/\/www.itakaescolapios.org\/es\/#website"},"primaryImageOfPage":{"@id":"https:\/\/www.itakaescolapios.org\/eu\/2016\/07\/francais-installation-des-membres-du-comite-regional-de-validation-des-projets-du-programme-pea-jeunes\/#primaryimage"},"image":{"@id":"https:\/\/www.itakaescolapios.org\/eu\/2016\/07\/francais-installation-des-membres-du-comite-regional-de-validation-des-projets-du-programme-pea-jeunes\/#primaryimage"},"thumbnailUrl":"https:\/\/www.itakaescolapios.org\/wp-content\/uploads\/2016\/07\/IMG_2447.jpg","datePublished":"2016-07-22T10:24:22+00:00","dateModified":"2023-11-28T11:38:23+00:00","inLanguage":"eu","potentialAction":[{"@type":"ReadAction","target":["https:\/\/www.itakaescolapios.org\/eu\/2016\/07\/francais-installation-des-membres-du-comite-regional-de-validation-des-projets-du-programme-pea-jeunes\/"]}]},{"@type":"ImageObject","inLanguage":"eu","@id":"https:\/\/www.itakaescolapios.org\/eu\/2016\/07\/francais-installation-des-membres-du-comite-regional-de-validation-des-projets-du-programme-pea-jeunes\/#primaryimage","url":"https:\/\/www.itakaescolapios.org\/wp-content\/uploads\/2016\/07\/IMG_2447.jpg","contentUrl":"https:\/\/www.itakaescolapios.org\/wp-content\/uploads\/2016\/07\/IMG_2447.jpg","width":2000,"height":1500},{"@type":"WebSite","@id":"https:\/\/www.itakaescolapios.org\/eu\/es\/#website","url":"https:\/\/www.itakaescolapios.org\/eu\/es\/","name":"Itaka-Escolapios","description":"Red de Itaka-Escolapios","publisher":{"@id":"https:\/\/www.itakaescolapios.org\/eu\/es\/#organization"},"potentialAction":[{"@type":"SearchAction","target":{"@type":"EntryPoint","urlTemplate":"https:\/\/www.itakaescolapios.org\/eu\/es\/?s={search_term_string}"},"query-input":{"@type":"PropertyValueSpecification","valueRequired":true,"valueName":"search_term_string"}}],"inLanguage":"eu"},{"@type":"Organization","@id":"https:\/\/www.itakaescolapios.org\/eu\/es\/#organization","name":"Fundaci\u00f3 Itaka-Escolapios","url":"https:\/\/www.itakaescolapios.org\/eu\/es\/","logo":{"@type":"ImageObject","inLanguage":"eu","@id":"https:\/\/www.itakaescolapios.org\/eu\/es\/#\/schema\/logo\/image\/","url":"https:\/\/www.itakaescolapios.org\/wp-content\/uploads\/2024\/04\/Logo-itakaescolapios-peque.png","contentUrl":"https:\/\/www.itakaescolapios.org\/wp-content\/uploads\/2024\/04\/Logo-itakaescolapios-peque.png","width":500,"height":199,"caption":"Fundaci\u00f3 Itaka-Escolapios"},"image":{"@id":"https:\/\/www.itakaescolapios.org\/eu\/es\/#\/schema\/logo\/image\/"}},{"@type":"Person","@id":"https:\/\/www.itakaescolapios.org\/es\/#\/schema\/person\/d2844383e29bfdfef69039672ce14eb1","name":"cameroun01","url":"https:\/\/www.itakaescolapios.org\/eu\/author\/cameroun01\/"}]}},"_links":{"self":[{"href":"https:\/\/www.itakaescolapios.org\/eu\/wp-json\/wp\/v2\/posts\/16068","targetHints":{"allow":["GET"]}}],"collection":[{"href":"https:\/\/www.itakaescolapios.org\/eu\/wp-json\/wp\/v2\/posts"}],"about":[{"href":"https:\/\/www.itakaescolapios.org\/eu\/wp-json\/wp\/v2\/types\/post"}],"author":[{"embeddable":true,"href":"https:\/\/www.itakaescolapios.org\/eu\/wp-json\/wp\/v2\/users\/15"}],"replies":[{"embeddable":true,"href":"https:\/\/www.itakaescolapios.org\/eu\/wp-json\/wp\/v2\/comments?post=16068"}],"version-history":[{"count":2,"href":"https:\/\/www.itakaescolapios.org\/eu\/wp-json\/wp\/v2\/posts\/16068\/revisions"}],"predecessor-version":[{"id":48253,"href":"https:\/\/www.itakaescolapios.org\/eu\/wp-json\/wp\/v2\/posts\/16068\/revisions\/48253"}],"wp:featuredmedia":[{"embeddable":true,"href":"https:\/\/www.itakaescolapios.org\/eu\/wp-json\/wp\/v2\/media\/16069"}],"wp:attachment":[{"href":"https:\/\/www.itakaescolapios.org\/eu\/wp-json\/wp\/v2\/media?parent=16068"}],"wp:term":[{"taxonomy":"category","embeddable":true,"href":"https:\/\/www.itakaescolapios.org\/eu\/wp-json\/wp\/v2\/categories?post=16068"},{"taxonomy":"post_tag","embeddable":true,"href":"https:\/\/www.itakaescolapios.org\/eu\/wp-json\/wp\/v2\/tags?post=16068"}],"curies":[{"name":"wp","href":"https:\/\/api.w.org\/{rel}","templated":true}]}}