{"id":16339,"date":"2016-09-05T13:11:59","date_gmt":"2016-09-05T12:11:59","guid":{"rendered":"https:\/\/www.itakaescolapios.org\/?p=16339"},"modified":"2023-11-28T12:38:22","modified_gmt":"2023-11-28T11:38:22","slug":"portugues-acao-solidaria","status":"publish","type":"post","link":"https:\/\/www.itakaescolapios.org\/eu\/2016\/09\/portugues-acao-solidaria\/","title":{"rendered":""},"content":{"rendered":"<p><!--:pt--><\/p>\n<p style=\"text-align: justify\">Todo ano a \u00a0Par\u00f3quia Nossa Senhora das Gra\u00e7as juntamente com o Col\u00e9gio Ibituruna \u00a0promovem uma a\u00e7\u00e3o entre amigos, em prol da Obra Social Itaka Escol\u00e1pios, e este ano \u00e9 a s\u00e9tima A\u00e7\u00e3o Solid\u00e1ria. Neste evento contamos com a participa\u00e7\u00e3o de patrocinadores e muitos multiplicadores que apoiam a mesma causa.<\/p>\n<p><!--:--><\/p>\n","protected":false},"excerpt":{"rendered":"<p>Todo ano a \u00a0Par\u00f3quia Nossa Senhora das Gra\u00e7as juntamente com o Col\u00e9gio Ibituruna \u00a0promovem uma a\u00e7\u00e3o entre amigos, em prol da Obra Social Itaka Escol\u00e1pios, e este ano \u00e9 a [&hellip;]<\/p>\n","protected":false},"author":11,"featured_media":16340,"comment_status":"closed","ping_status":"closed","sticky":false,"template":"","format":"standard","meta":{"_et_pb_use_builder":"","_et_pb_old_content":"","_et_gb_content_width":"","footnotes":""},"categories":[16],"tags":[],"class_list":["post-16339","post","type-post","status-publish","format-standard","has-post-thumbnail","hentry","category-governador-valadares"],"yoast_head":"<!-- This site is optimized with the Yoast SEO plugin v27.4 - https:\/\/yoast.com\/product\/yoast-seo-wordpress\/ -->\n<title>- Itaka-Escolapios<\/title>\n<meta name=\"description\" content=\"Todo ano a \u00a0Par\u00f3quia Nossa Senhora das Gra\u00e7as juntamente com o Col\u00e9gio Ibituruna \u00a0promovem uma a\u00e7\u00e3o entre amigos, em prol da Obra Social Itaka Escol\u00e1pios, e este ano \u00e9 a s\u00e9tima A\u00e7\u00e3o Solid\u00e1ria. Neste evento contamos com a participa\u00e7\u00e3o de patrocinadores e muitos multiplicadores que apoiam a mesma causa.\" \/>\n<meta name=\"robots\" content=\"index, follow, max-snippet:-1, max-image-preview:large, max-video-preview:-1\" \/>\n<link rel=\"canonical\" href=\"http:\/\/Todo%20ano%20a%20\u00a0Par\u00f3quia%20Nossa%20Senhora%20das%20Gra\u00e7as%20juntamente%20com%20o%20Col\u00e9gio%20Ibituruna%20\u00a0promovem%20uma%20a\u00e7\u00e3o%20entre%20amigos,%20em%20prol%20da%20Obra%20Social%20Itaka%20Escol\u00e1pios,%20e%20este%20ano%20\u00e9%20a%20s\u00e9tima%20A\u00e7\u00e3o%20Solid\u00e1ria.%20Neste%20evento%20contamos%20com%20a%20participa\u00e7\u00e3o%20de%20patrocinadores%20e%20muitos%20multiplicadores%20que%20apoiam%20a%20mesma%20causa.\" \/>\n<meta property=\"og:locale\" content=\"en_US\" \/>\n<meta property=\"og:type\" content=\"article\" \/>\n<meta property=\"og:title\" content=\"- Itaka-Escolapios\" \/>\n<meta property=\"og:description\" content=\"Todo ano a \u00a0Par\u00f3quia Nossa Senhora das Gra\u00e7as juntamente com o Col\u00e9gio Ibituruna \u00a0promovem uma a\u00e7\u00e3o entre amigos, em prol da Obra Social Itaka Escol\u00e1pios, e este ano \u00e9 a s\u00e9tima A\u00e7\u00e3o Solid\u00e1ria. Neste evento contamos com a participa\u00e7\u00e3o de patrocinadores e muitos multiplicadores que apoiam a mesma causa.\" \/>\n<meta property=\"og:url\" content=\"https:\/\/www.itakaescolapios.org\/eu\/2016\/09\/portugues-acao-solidaria\/\" \/>\n<meta property=\"og:site_name\" content=\"Itaka-Escolapios\" \/>\n<meta property=\"article:published_time\" content=\"2016-09-05T12:11:59+00:00\" \/>\n<meta property=\"article:modified_time\" content=\"2023-11-28T11:38:22+00:00\" \/>\n<meta property=\"og:image\" content=\"https:\/\/www.itakaescolapios.org\/wp-content\/uploads\/2016\/09\/Banner.jpg\" \/>\n\t<meta property=\"og:image:width\" content=\"1062\" \/>\n\t<meta property=\"og:image:height\" content=\"1500\" \/>\n\t<meta property=\"og:image:type\" content=\"image\/jpeg\" \/>\n<meta name=\"author\" content=\"brasil03\" \/>\n<meta name=\"twitter:card\" content=\"summary_large_image\" \/>\n<meta name=\"twitter:label1\" content=\"Written by\" \/>\n\t<meta name=\"twitter:data1\" content=\"brasil03\" \/>\n<script type=\"application\/ld+json\" class=\"yoast-schema-graph\">{\"@context\":\"https:\\\/\\\/schema.org\",\"@graph\":[{\"@type\":\"Article\",\"@id\":\"https:\\\/\\\/www.itakaescolapios.org\\\/eu\\\/2016\\\/09\\\/portugues-acao-solidaria\\\/#article\",\"isPartOf\":{\"@id\":\"https:\\\/\\\/www.itakaescolapios.org\\\/eu\\\/2016\\\/09\\\/portugues-acao-solidaria\\\/\"},\"author\":{\"name\":\"brasil03\",\"@id\":\"https:\\\/\\\/www.itakaescolapios.org\\\/es\\\/#\\\/schema\\\/person\\\/9c761c62049293fc36e6c91e429de3d5\"},\"headline\":\"No title\",\"datePublished\":\"2016-09-05T12:11:59+00:00\",\"dateModified\":\"2023-11-28T11:38:22+00:00\",\"mainEntityOfPage\":{\"@id\":\"https:\\\/\\\/www.itakaescolapios.org\\\/eu\\\/2016\\\/09\\\/portugues-acao-solidaria\\\/\"},\"wordCount\":57,\"publisher\":{\"@id\":\"https:\\\/\\\/www.itakaescolapios.org\\\/es\\\/#organization\"},\"image\":{\"@id\":\"https:\\\/\\\/www.itakaescolapios.org\\\/eu\\\/2016\\\/09\\\/portugues-acao-solidaria\\\/#primaryimage\"},\"thumbnailUrl\":\"https:\\\/\\\/www.itakaescolapios.org\\\/wp-content\\\/uploads\\\/2016\\\/09\\\/Banner.jpg\",\"articleSection\":[\"Governador Valadares\"],\"inLanguage\":\"eu\"},{\"@type\":\"WebPage\",\"@id\":\"https:\\\/\\\/www.itakaescolapios.org\\\/eu\\\/2016\\\/09\\\/portugues-acao-solidaria\\\/\",\"url\":\"https:\\\/\\\/www.itakaescolapios.org\\\/eu\\\/2016\\\/09\\\/portugues-acao-solidaria\\\/\",\"name\":\"- Itaka-Escolapios\",\"isPartOf\":{\"@id\":\"https:\\\/\\\/www.itakaescolapios.org\\\/es\\\/#website\"},\"primaryImageOfPage\":{\"@id\":\"https:\\\/\\\/www.itakaescolapios.org\\\/eu\\\/2016\\\/09\\\/portugues-acao-solidaria\\\/#primaryimage\"},\"image\":{\"@id\":\"https:\\\/\\\/www.itakaescolapios.org\\\/eu\\\/2016\\\/09\\\/portugues-acao-solidaria\\\/#primaryimage\"},\"thumbnailUrl\":\"https:\\\/\\\/www.itakaescolapios.org\\\/wp-content\\\/uploads\\\/2016\\\/09\\\/Banner.jpg\",\"datePublished\":\"2016-09-05T12:11:59+00:00\",\"dateModified\":\"2023-11-28T11:38:22+00:00\",\"inLanguage\":\"eu\",\"potentialAction\":[{\"@type\":\"ReadAction\",\"target\":[\"https:\\\/\\\/www.itakaescolapios.org\\\/eu\\\/2016\\\/09\\\/portugues-acao-solidaria\\\/\"]}]},{\"@type\":\"ImageObject\",\"inLanguage\":\"eu\",\"@id\":\"https:\\\/\\\/www.itakaescolapios.org\\\/eu\\\/2016\\\/09\\\/portugues-acao-solidaria\\\/#primaryimage\",\"url\":\"https:\\\/\\\/www.itakaescolapios.org\\\/wp-content\\\/uploads\\\/2016\\\/09\\\/Banner.jpg\",\"contentUrl\":\"https:\\\/\\\/www.itakaescolapios.org\\\/wp-content\\\/uploads\\\/2016\\\/09\\\/Banner.jpg\",\"width\":1062,\"height\":1500},{\"@type\":\"WebSite\",\"@id\":\"https:\\\/\\\/www.itakaescolapios.org\\\/eu\\\/es\\\/#website\",\"url\":\"https:\\\/\\\/www.itakaescolapios.org\\\/eu\\\/es\\\/\",\"name\":\"Itaka-Escolapios\",\"description\":\"Red de Itaka-Escolapios\",\"publisher\":{\"@id\":\"https:\\\/\\\/www.itakaescolapios.org\\\/eu\\\/es\\\/#organization\"},\"potentialAction\":[{\"@type\":\"SearchAction\",\"target\":{\"@type\":\"EntryPoint\",\"urlTemplate\":\"https:\\\/\\\/www.itakaescolapios.org\\\/eu\\\/es\\\/?s={search_term_string}\"},\"query-input\":{\"@type\":\"PropertyValueSpecification\",\"valueRequired\":true,\"valueName\":\"search_term_string\"}}],\"inLanguage\":\"eu\"},{\"@type\":\"Organization\",\"@id\":\"https:\\\/\\\/www.itakaescolapios.org\\\/eu\\\/es\\\/#organization\",\"name\":\"Fundaci\u00f3 Itaka-Escolapios\",\"url\":\"https:\\\/\\\/www.itakaescolapios.org\\\/eu\\\/es\\\/\",\"logo\":{\"@type\":\"ImageObject\",\"inLanguage\":\"eu\",\"@id\":\"https:\\\/\\\/www.itakaescolapios.org\\\/eu\\\/es\\\/#\\\/schema\\\/logo\\\/image\\\/\",\"url\":\"https:\\\/\\\/www.itakaescolapios.org\\\/wp-content\\\/uploads\\\/2024\\\/04\\\/Logo-itakaescolapios-peque.png\",\"contentUrl\":\"https:\\\/\\\/www.itakaescolapios.org\\\/wp-content\\\/uploads\\\/2024\\\/04\\\/Logo-itakaescolapios-peque.png\",\"width\":500,\"height\":199,\"caption\":\"Fundaci\u00f3 Itaka-Escolapios\"},\"image\":{\"@id\":\"https:\\\/\\\/www.itakaescolapios.org\\\/eu\\\/es\\\/#\\\/schema\\\/logo\\\/image\\\/\"}},{\"@type\":\"Person\",\"@id\":\"https:\\\/\\\/www.itakaescolapios.org\\\/es\\\/#\\\/schema\\\/person\\\/9c761c62049293fc36e6c91e429de3d5\",\"name\":\"brasil03\",\"url\":\"https:\\\/\\\/www.itakaescolapios.org\\\/eu\\\/author\\\/brasil03\\\/\"}]}<\/script>\n<!-- \/ Yoast SEO plugin. -->","yoast_head_json":{"title":"- Itaka-Escolapios","description":"Todo ano a \u00a0Par\u00f3quia Nossa Senhora das Gra\u00e7as juntamente com o Col\u00e9gio Ibituruna \u00a0promovem uma a\u00e7\u00e3o entre amigos, em prol da Obra Social Itaka Escol\u00e1pios, e este ano \u00e9 a s\u00e9tima A\u00e7\u00e3o Solid\u00e1ria. Neste evento contamos com a participa\u00e7\u00e3o de patrocinadores e muitos multiplicadores que apoiam a mesma causa.","robots":{"index":"index","follow":"follow","max-snippet":"max-snippet:-1","max-image-preview":"max-image-preview:large","max-video-preview":"max-video-preview:-1"},"canonical":"Todo ano a \u00a0Par\u00f3quia Nossa Senhora das Gra\u00e7as juntamente com o Col\u00e9gio Ibituruna \u00a0promovem uma a\u00e7\u00e3o entre amigos, em prol da Obra Social Itaka Escol\u00e1pios, e este ano \u00e9 a s\u00e9tima A\u00e7\u00e3o Solid\u00e1ria. Neste evento contamos com a participa\u00e7\u00e3o de patrocinadores e muitos multiplicadores que apoiam a mesma causa.","og_locale":"en_US","og_type":"article","og_title":"- Itaka-Escolapios","og_description":"Todo ano a \u00a0Par\u00f3quia Nossa Senhora das Gra\u00e7as juntamente com o Col\u00e9gio Ibituruna \u00a0promovem uma a\u00e7\u00e3o entre amigos, em prol da Obra Social Itaka Escol\u00e1pios, e este ano \u00e9 a s\u00e9tima A\u00e7\u00e3o Solid\u00e1ria. Neste evento contamos com a participa\u00e7\u00e3o de patrocinadores e muitos multiplicadores que apoiam a mesma causa.","og_url":"https:\/\/www.itakaescolapios.org\/eu\/2016\/09\/portugues-acao-solidaria\/","og_site_name":"Itaka-Escolapios","article_published_time":"2016-09-05T12:11:59+00:00","article_modified_time":"2023-11-28T11:38:22+00:00","og_image":[{"width":1062,"height":1500,"url":"https:\/\/www.itakaescolapios.org\/wp-content\/uploads\/2016\/09\/Banner.jpg","type":"image\/jpeg"}],"author":"brasil03","twitter_card":"summary_large_image","twitter_misc":{"Written by":"brasil03"},"schema":{"@context":"https:\/\/schema.org","@graph":[{"@type":"Article","@id":"https:\/\/www.itakaescolapios.org\/eu\/2016\/09\/portugues-acao-solidaria\/#article","isPartOf":{"@id":"https:\/\/www.itakaescolapios.org\/eu\/2016\/09\/portugues-acao-solidaria\/"},"author":{"name":"brasil03","@id":"https:\/\/www.itakaescolapios.org\/es\/#\/schema\/person\/9c761c62049293fc36e6c91e429de3d5"},"headline":"No title","datePublished":"2016-09-05T12:11:59+00:00","dateModified":"2023-11-28T11:38:22+00:00","mainEntityOfPage":{"@id":"https:\/\/www.itakaescolapios.org\/eu\/2016\/09\/portugues-acao-solidaria\/"},"wordCount":57,"publisher":{"@id":"https:\/\/www.itakaescolapios.org\/es\/#organization"},"image":{"@id":"https:\/\/www.itakaescolapios.org\/eu\/2016\/09\/portugues-acao-solidaria\/#primaryimage"},"thumbnailUrl":"https:\/\/www.itakaescolapios.org\/wp-content\/uploads\/2016\/09\/Banner.jpg","articleSection":["Governador Valadares"],"inLanguage":"eu"},{"@type":"WebPage","@id":"https:\/\/www.itakaescolapios.org\/eu\/2016\/09\/portugues-acao-solidaria\/","url":"https:\/\/www.itakaescolapios.org\/eu\/2016\/09\/portugues-acao-solidaria\/","name":"- Itaka-Escolapios","isPartOf":{"@id":"https:\/\/www.itakaescolapios.org\/es\/#website"},"primaryImageOfPage":{"@id":"https:\/\/www.itakaescolapios.org\/eu\/2016\/09\/portugues-acao-solidaria\/#primaryimage"},"image":{"@id":"https:\/\/www.itakaescolapios.org\/eu\/2016\/09\/portugues-acao-solidaria\/#primaryimage"},"thumbnailUrl":"https:\/\/www.itakaescolapios.org\/wp-content\/uploads\/2016\/09\/Banner.jpg","datePublished":"2016-09-05T12:11:59+00:00","dateModified":"2023-11-28T11:38:22+00:00","inLanguage":"eu","potentialAction":[{"@type":"ReadAction","target":["https:\/\/www.itakaescolapios.org\/eu\/2016\/09\/portugues-acao-solidaria\/"]}]},{"@type":"ImageObject","inLanguage":"eu","@id":"https:\/\/www.itakaescolapios.org\/eu\/2016\/09\/portugues-acao-solidaria\/#primaryimage","url":"https:\/\/www.itakaescolapios.org\/wp-content\/uploads\/2016\/09\/Banner.jpg","contentUrl":"https:\/\/www.itakaescolapios.org\/wp-content\/uploads\/2016\/09\/Banner.jpg","width":1062,"height":1500},{"@type":"WebSite","@id":"https:\/\/www.itakaescolapios.org\/eu\/es\/#website","url":"https:\/\/www.itakaescolapios.org\/eu\/es\/","name":"Itaka-Escolapios","description":"Red de Itaka-Escolapios","publisher":{"@id":"https:\/\/www.itakaescolapios.org\/eu\/es\/#organization"},"potentialAction":[{"@type":"SearchAction","target":{"@type":"EntryPoint","urlTemplate":"https:\/\/www.itakaescolapios.org\/eu\/es\/?s={search_term_string}"},"query-input":{"@type":"PropertyValueSpecification","valueRequired":true,"valueName":"search_term_string"}}],"inLanguage":"eu"},{"@type":"Organization","@id":"https:\/\/www.itakaescolapios.org\/eu\/es\/#organization","name":"Fundaci\u00f3 Itaka-Escolapios","url":"https:\/\/www.itakaescolapios.org\/eu\/es\/","logo":{"@type":"ImageObject","inLanguage":"eu","@id":"https:\/\/www.itakaescolapios.org\/eu\/es\/#\/schema\/logo\/image\/","url":"https:\/\/www.itakaescolapios.org\/wp-content\/uploads\/2024\/04\/Logo-itakaescolapios-peque.png","contentUrl":"https:\/\/www.itakaescolapios.org\/wp-content\/uploads\/2024\/04\/Logo-itakaescolapios-peque.png","width":500,"height":199,"caption":"Fundaci\u00f3 Itaka-Escolapios"},"image":{"@id":"https:\/\/www.itakaescolapios.org\/eu\/es\/#\/schema\/logo\/image\/"}},{"@type":"Person","@id":"https:\/\/www.itakaescolapios.org\/es\/#\/schema\/person\/9c761c62049293fc36e6c91e429de3d5","name":"brasil03","url":"https:\/\/www.itakaescolapios.org\/eu\/author\/brasil03\/"}]}},"_links":{"self":[{"href":"https:\/\/www.itakaescolapios.org\/eu\/wp-json\/wp\/v2\/posts\/16339","targetHints":{"allow":["GET"]}}],"collection":[{"href":"https:\/\/www.itakaescolapios.org\/eu\/wp-json\/wp\/v2\/posts"}],"about":[{"href":"https:\/\/www.itakaescolapios.org\/eu\/wp-json\/wp\/v2\/types\/post"}],"author":[{"embeddable":true,"href":"https:\/\/www.itakaescolapios.org\/eu\/wp-json\/wp\/v2\/users\/11"}],"replies":[{"embeddable":true,"href":"https:\/\/www.itakaescolapios.org\/eu\/wp-json\/wp\/v2\/comments?post=16339"}],"version-history":[{"count":4,"href":"https:\/\/www.itakaescolapios.org\/eu\/wp-json\/wp\/v2\/posts\/16339\/revisions"}],"predecessor-version":[{"id":48227,"href":"https:\/\/www.itakaescolapios.org\/eu\/wp-json\/wp\/v2\/posts\/16339\/revisions\/48227"}],"wp:featuredmedia":[{"embeddable":true,"href":"https:\/\/www.itakaescolapios.org\/eu\/wp-json\/wp\/v2\/media\/16340"}],"wp:attachment":[{"href":"https:\/\/www.itakaescolapios.org\/eu\/wp-json\/wp\/v2\/media?parent=16339"}],"wp:term":[{"taxonomy":"category","embeddable":true,"href":"https:\/\/www.itakaescolapios.org\/eu\/wp-json\/wp\/v2\/categories?post=16339"},{"taxonomy":"post_tag","embeddable":true,"href":"https:\/\/www.itakaescolapios.org\/eu\/wp-json\/wp\/v2\/tags?post=16339"}],"curies":[{"name":"wp","href":"https:\/\/api.w.org\/{rel}","templated":true}]}}