{"id":16411,"date":"2016-09-19T12:29:55","date_gmt":"2016-09-19T11:29:55","guid":{"rendered":"https:\/\/www.itakaescolapios.org\/?p=16411"},"modified":"2023-11-28T12:38:22","modified_gmt":"2023-11-28T11:38:22","slug":"voluntarios-colaboran-en-la-carrera-solidaria-de-runners-ciutat-de-valencia","status":"publish","type":"post","link":"https:\/\/www.itakaescolapios.org\/eu\/2016\/09\/voluntarios-colaboran-en-la-carrera-solidaria-de-runners-ciutat-de-valencia\/","title":{"rendered":"VOLUNTARIOS COLABORAN EN LA CARRERA SOLIDARIA CON RUNNERS CIUTAT DE VAL\u00c8NCIA"},"content":{"rendered":"<p style=\"text-align: justify\">El pasado domingo 18 de septiembre tuvo lugar en Mislata (Valencia) la \u201cCarrera de la Solidaridad no competitiva\u201d, organizada por la Clavar\u00eda de San Francisco de As\u00eds de Mislata y Runners Ciutat de Val\u00e8ncia.<\/p>\n<p style=\"text-align: justify\">El objetivo de la carrera, adem\u00e1s de la difusi\u00f3n de actividades solidarias, era la recogida de comida no perecedera para los bancos de alimentos de \u201cEl rebost\u201d de C\u00e1ritas y de la Cruz Roja.<\/p>\n<p style=\"text-align: justify\">Durante la jornada, mientras los adultos corr\u00edan, voluntarios de Itaka-Escolapios se encargaron de animar a los m\u00e1s peque\u00f1os, \u00a0a los que se les pint\u00f3 la cara para la ocasi\u00f3n, adem\u00e1s de tener sus propias y peculiares carreras o aprender muchas danzas.<\/p>\n<p style=\"text-align: justify\">Agradecemos a Runners Ciutat de Val\u00e8ncia haber contado un a\u00f1o m\u00e1s con nosotros para colaborar con esta estupenda jornada de deporte y diversi\u00f3n.<\/p>\n\n\t\t<style type=\"text\/css\">\n\t\t\t#gallery-1 {\n\t\t\t\tmargin: auto;\n\t\t\t}\n\t\t\t#gallery-1 .gallery-item {\n\t\t\t\tfloat: left;\n\t\t\t\tmargin-top: 10px;\n\t\t\t\ttext-align: center;\n\t\t\t\twidth: 33%;\n\t\t\t}\n\t\t\t#gallery-1 img {\n\t\t\t\tborder: 2px solid #cfcfcf;\n\t\t\t}\n\t\t\t#gallery-1 .gallery-caption {\n\t\t\t\tmargin-left: 0;\n\t\t\t}\n\t\t\t\/* see gallery_shortcode() in wp-includes\/media.php *\/\n\t\t<\/style>\n\t\t<div id='gallery-1' class='gallery galleryid-16411 gallery-columns-3 gallery-size-thumbnail'><dl class='gallery-item'>\n\t\t\t<dt class='gallery-icon landscape'>\n\t\t\t\t<a href='https:\/\/www.itakaescolapios.org\/wp-content\/uploads\/2016\/09\/WhatsApp-Image-2016-09-18-at-12.43.38.jpeg'><img decoding=\"async\" width=\"90\" height=\"90\" src=\"https:\/\/www.itakaescolapios.org\/wp-content\/uploads\/2016\/09\/WhatsApp-Image-2016-09-18-at-12.43.38-90x90.jpeg\" class=\"attachment-thumbnail size-thumbnail\" alt=\"\" \/><\/a>\n\t\t\t<\/dt><\/dl><dl class='gallery-item'>\n\t\t\t<dt class='gallery-icon landscape'>\n\t\t\t\t<a href='https:\/\/www.itakaescolapios.org\/wp-content\/uploads\/2016\/09\/WhatsApp-Image-2016-09-18-at-12.43.50.jpeg'><img decoding=\"async\" width=\"90\" height=\"90\" src=\"https:\/\/www.itakaescolapios.org\/wp-content\/uploads\/2016\/09\/WhatsApp-Image-2016-09-18-at-12.43.50-90x90.jpeg\" class=\"attachment-thumbnail size-thumbnail\" alt=\"\" \/><\/a>\n\t\t\t<\/dt><\/dl><dl class='gallery-item'>\n\t\t\t<dt class='gallery-icon landscape'>\n\t\t\t\t<a href='https:\/\/www.itakaescolapios.org\/wp-content\/uploads\/2016\/09\/WhatsApp-Image-2016-09-19-at-12.02.52.jpeg'><img decoding=\"async\" width=\"90\" height=\"90\" src=\"https:\/\/www.itakaescolapios.org\/wp-content\/uploads\/2016\/09\/WhatsApp-Image-2016-09-19-at-12.02.52-90x90.jpeg\" class=\"attachment-thumbnail size-thumbnail\" alt=\"\" \/><\/a>\n\t\t\t<\/dt><\/dl><br style=\"clear: both\" \/><dl class='gallery-item'>\n\t\t\t<dt class='gallery-icon landscape'>\n\t\t\t\t<a href='https:\/\/www.itakaescolapios.org\/wp-content\/uploads\/2016\/09\/WhatsApp-Image-2016-09-19-at-12.02.53-1.jpeg'><img decoding=\"async\" width=\"90\" height=\"90\" src=\"https:\/\/www.itakaescolapios.org\/wp-content\/uploads\/2016\/09\/WhatsApp-Image-2016-09-19-at-12.02.53-1-90x90.jpeg\" class=\"attachment-thumbnail size-thumbnail\" alt=\"\" \/><\/a>\n\t\t\t<\/dt><\/dl><dl class='gallery-item'>\n\t\t\t<dt class='gallery-icon landscape'>\n\t\t\t\t<a href='https:\/\/www.itakaescolapios.org\/wp-content\/uploads\/2016\/09\/WhatsApp-Image-2016-09-19-at-12.02.53.jpeg'><img decoding=\"async\" width=\"90\" height=\"90\" src=\"https:\/\/www.itakaescolapios.org\/wp-content\/uploads\/2016\/09\/WhatsApp-Image-2016-09-19-at-12.02.53-90x90.jpeg\" class=\"attachment-thumbnail size-thumbnail\" alt=\"\" \/><\/a>\n\t\t\t<\/dt><\/dl>\n\t\t\t<br style='clear: both' \/>\n\t\t<\/div>\n\n","protected":false},"excerpt":{"rendered":"<p>El pasado domingo 18 de septiembre tuvo lugar en Mislata (Valencia) la \u201cCarrera de la Solidaridad no competitiva\u201d, organizada por la Clavar\u00eda de San Francisco de As\u00eds de Mislata y [&hellip;]<\/p>\n","protected":false},"author":39,"featured_media":16412,"comment_status":"closed","ping_status":"closed","sticky":false,"template":"","format":"standard","meta":{"_et_pb_use_builder":"","_et_pb_old_content":"","_et_gb_content_width":"","footnotes":""},"categories":[12],"tags":[181],"class_list":["post-16411","post","type-post","status-publish","format-standard","has-post-thumbnail","hentry","category-valencia","tag-carrera-solidaria"],"yoast_head":"<!-- This site is optimized with the Yoast SEO plugin v27.4 - https:\/\/yoast.com\/product\/yoast-seo-wordpress\/ -->\n<title>VOLUNTARIOS COLABORAN EN LA CARRERA SOLIDARIA CON RUNNERS CIUTAT DE VAL\u00c8NCIA<\/title>\n<meta name=\"description\" content=\"El pasado domingo 18 de septiembre tuvo lugar en Mislata (Valencia) la \u201cCarrera de la Solidaridad no competitiva\u201d, organizada por la Clavar\u00eda de San Francisco de As\u00eds de Mislata y Runners Ciutat de Val\u00e8ncia. El objetivo de la carrera, adem\u00e1s de la difusi\u00f3n de actividades solidarias, era la recogida de comida no perecedera para los&hellip;\" \/>\n<meta name=\"robots\" content=\"index, follow, max-snippet:-1, max-image-preview:large, max-video-preview:-1\" \/>\n<link rel=\"canonical\" href=\"http:\/\/El%20pasado%20domingo%2018%20de%20septiembre%20tuvo%20lugar%20en%20Mislata%20(Valencia)%20la%20\u201cCarrera%20de%20la%20Solidaridad%20no%20competitiva\u201d,%20organizada%20por%20la%20Clavar\u00eda%20de%20San%20Francisco%20de%20As\u00eds%20de%20Mislata%20y%20Runners%20Ciutat%20de%20Val\u00e8ncia.%20El%20objetivo%20de%20la%20carrera,%20adem\u00e1s%20de%20la%20difusi\u00f3n%20de%20actividades%20solidarias,%20era%20la%20recogida%20de%20comida%20no%20perecedera%20para%20los&hellip;\" \/>\n<meta property=\"og:locale\" content=\"en_US\" \/>\n<meta property=\"og:type\" content=\"article\" \/>\n<meta property=\"og:title\" content=\"VOLUNTARIOS COLABORAN EN LA CARRERA SOLIDARIA CON RUNNERS CIUTAT DE VAL\u00c8NCIA\" \/>\n<meta property=\"og:description\" content=\"El pasado domingo 18 de septiembre tuvo lugar en Mislata (Valencia) la \u201cCarrera de la Solidaridad no competitiva\u201d, organizada por la Clavar\u00eda de San Francisco de As\u00eds de Mislata y Runners Ciutat de Val\u00e8ncia. El objetivo de la carrera, adem\u00e1s de la difusi\u00f3n de actividades solidarias, era la recogida de comida no perecedera para los&hellip;\" \/>\n<meta property=\"og:url\" content=\"https:\/\/www.itakaescolapios.org\/eu\/2016\/09\/voluntarios-colaboran-en-la-carrera-solidaria-de-runners-ciutat-de-valencia\/\" \/>\n<meta property=\"og:site_name\" content=\"Itaka-Escolapios\" \/>\n<meta property=\"article:published_time\" content=\"2016-09-19T11:29:55+00:00\" \/>\n<meta property=\"article:modified_time\" content=\"2023-11-28T11:38:22+00:00\" \/>\n<meta property=\"og:image\" content=\"https:\/\/www.itakaescolapios.org\/wp-content\/uploads\/2016\/09\/WhatsApp-Image-2016-09-19-at-12.02.52-1.jpeg\" \/>\n\t<meta property=\"og:image:width\" content=\"1600\" \/>\n\t<meta property=\"og:image:height\" content=\"1200\" \/>\n\t<meta property=\"og:image:type\" content=\"image\/jpeg\" \/>\n<meta name=\"author\" content=\"valencia01\" \/>\n<meta name=\"twitter:card\" content=\"summary_large_image\" \/>\n<meta name=\"twitter:label1\" content=\"Written by\" \/>\n\t<meta name=\"twitter:data1\" content=\"valencia01\" \/>\n\t<meta name=\"twitter:label2\" content=\"Est. reading time\" \/>\n\t<meta name=\"twitter:data2\" content=\"1 minutua\" \/>\n<script type=\"application\/ld+json\" class=\"yoast-schema-graph\">{\"@context\":\"https:\\\/\\\/schema.org\",\"@graph\":[{\"@type\":\"Article\",\"@id\":\"https:\\\/\\\/www.itakaescolapios.org\\\/eu\\\/2016\\\/09\\\/voluntarios-colaboran-en-la-carrera-solidaria-de-runners-ciutat-de-valencia\\\/#article\",\"isPartOf\":{\"@id\":\"https:\\\/\\\/www.itakaescolapios.org\\\/eu\\\/2016\\\/09\\\/voluntarios-colaboran-en-la-carrera-solidaria-de-runners-ciutat-de-valencia\\\/\"},\"author\":{\"name\":\"valencia01\",\"@id\":\"https:\\\/\\\/www.itakaescolapios.org\\\/es\\\/#\\\/schema\\\/person\\\/c232ccaa2b3f2e98db93c1f8dfca96ff\"},\"headline\":\"VOLUNTARIOS COLABORAN EN LA CARRERA SOLIDARIA CON RUNNERS CIUTAT DE VAL\u00c8NCIA\",\"datePublished\":\"2016-09-19T11:29:55+00:00\",\"dateModified\":\"2023-11-28T11:38:22+00:00\",\"mainEntityOfPage\":{\"@id\":\"https:\\\/\\\/www.itakaescolapios.org\\\/eu\\\/2016\\\/09\\\/voluntarios-colaboran-en-la-carrera-solidaria-de-runners-ciutat-de-valencia\\\/\"},\"wordCount\":162,\"publisher\":{\"@id\":\"https:\\\/\\\/www.itakaescolapios.org\\\/es\\\/#organization\"},\"image\":{\"@id\":\"https:\\\/\\\/www.itakaescolapios.org\\\/eu\\\/2016\\\/09\\\/voluntarios-colaboran-en-la-carrera-solidaria-de-runners-ciutat-de-valencia\\\/#primaryimage\"},\"thumbnailUrl\":\"https:\\\/\\\/www.itakaescolapios.org\\\/wp-content\\\/uploads\\\/2016\\\/09\\\/WhatsApp-Image-2016-09-19-at-12.02.52-1.jpeg\",\"keywords\":[\"carrera solidaria\"],\"articleSection\":[\"Valencia\"],\"inLanguage\":\"eu\"},{\"@type\":\"WebPage\",\"@id\":\"https:\\\/\\\/www.itakaescolapios.org\\\/eu\\\/2016\\\/09\\\/voluntarios-colaboran-en-la-carrera-solidaria-de-runners-ciutat-de-valencia\\\/\",\"url\":\"https:\\\/\\\/www.itakaescolapios.org\\\/eu\\\/2016\\\/09\\\/voluntarios-colaboran-en-la-carrera-solidaria-de-runners-ciutat-de-valencia\\\/\",\"name\":\"VOLUNTARIOS COLABORAN EN LA CARRERA SOLIDARIA CON RUNNERS CIUTAT DE VAL\u00c8NCIA - Itaka-Escolapios\",\"isPartOf\":{\"@id\":\"https:\\\/\\\/www.itakaescolapios.org\\\/es\\\/#website\"},\"primaryImageOfPage\":{\"@id\":\"https:\\\/\\\/www.itakaescolapios.org\\\/eu\\\/2016\\\/09\\\/voluntarios-colaboran-en-la-carrera-solidaria-de-runners-ciutat-de-valencia\\\/#primaryimage\"},\"image\":{\"@id\":\"https:\\\/\\\/www.itakaescolapios.org\\\/eu\\\/2016\\\/09\\\/voluntarios-colaboran-en-la-carrera-solidaria-de-runners-ciutat-de-valencia\\\/#primaryimage\"},\"thumbnailUrl\":\"https:\\\/\\\/www.itakaescolapios.org\\\/wp-content\\\/uploads\\\/2016\\\/09\\\/WhatsApp-Image-2016-09-19-at-12.02.52-1.jpeg\",\"datePublished\":\"2016-09-19T11:29:55+00:00\",\"dateModified\":\"2023-11-28T11:38:22+00:00\",\"breadcrumb\":{\"@id\":\"https:\\\/\\\/www.itakaescolapios.org\\\/eu\\\/2016\\\/09\\\/voluntarios-colaboran-en-la-carrera-solidaria-de-runners-ciutat-de-valencia\\\/#breadcrumb\"},\"inLanguage\":\"eu\",\"potentialAction\":[{\"@type\":\"ReadAction\",\"target\":[\"https:\\\/\\\/www.itakaescolapios.org\\\/eu\\\/2016\\\/09\\\/voluntarios-colaboran-en-la-carrera-solidaria-de-runners-ciutat-de-valencia\\\/\"]}]},{\"@type\":\"ImageObject\",\"inLanguage\":\"eu\",\"@id\":\"https:\\\/\\\/www.itakaescolapios.org\\\/eu\\\/2016\\\/09\\\/voluntarios-colaboran-en-la-carrera-solidaria-de-runners-ciutat-de-valencia\\\/#primaryimage\",\"url\":\"https:\\\/\\\/www.itakaescolapios.org\\\/wp-content\\\/uploads\\\/2016\\\/09\\\/WhatsApp-Image-2016-09-19-at-12.02.52-1.jpeg\",\"contentUrl\":\"https:\\\/\\\/www.itakaescolapios.org\\\/wp-content\\\/uploads\\\/2016\\\/09\\\/WhatsApp-Image-2016-09-19-at-12.02.52-1.jpeg\",\"width\":1600,\"height\":1200},{\"@type\":\"BreadcrumbList\",\"@id\":\"https:\\\/\\\/www.itakaescolapios.org\\\/eu\\\/2016\\\/09\\\/voluntarios-colaboran-en-la-carrera-solidaria-de-runners-ciutat-de-valencia\\\/#breadcrumb\",\"itemListElement\":[{\"@type\":\"ListItem\",\"position\":1,\"name\":\"Itaka-Escolapios\",\"item\":\"https:\\\/\\\/www.itakaescolapios.org\\\/es\\\/\"},{\"@type\":\"ListItem\",\"position\":2,\"name\":\"VOLUNTARIOS COLABORAN EN LA CARRERA SOLIDARIA CON RUNNERS CIUTAT DE VAL\u00c8NCIA\"}]},{\"@type\":\"WebSite\",\"@id\":\"https:\\\/\\\/www.itakaescolapios.org\\\/eu\\\/es\\\/#website\",\"url\":\"https:\\\/\\\/www.itakaescolapios.org\\\/eu\\\/es\\\/\",\"name\":\"Itaka-Escolapios\",\"description\":\"Red de Itaka-Escolapios\",\"publisher\":{\"@id\":\"https:\\\/\\\/www.itakaescolapios.org\\\/eu\\\/es\\\/#organization\"},\"potentialAction\":[{\"@type\":\"SearchAction\",\"target\":{\"@type\":\"EntryPoint\",\"urlTemplate\":\"https:\\\/\\\/www.itakaescolapios.org\\\/eu\\\/es\\\/?s={search_term_string}\"},\"query-input\":{\"@type\":\"PropertyValueSpecification\",\"valueRequired\":true,\"valueName\":\"search_term_string\"}}],\"inLanguage\":\"eu\"},{\"@type\":\"Organization\",\"@id\":\"https:\\\/\\\/www.itakaescolapios.org\\\/eu\\\/es\\\/#organization\",\"name\":\"Fundaci\u00f3 Itaka-Escolapios\",\"url\":\"https:\\\/\\\/www.itakaescolapios.org\\\/eu\\\/es\\\/\",\"logo\":{\"@type\":\"ImageObject\",\"inLanguage\":\"eu\",\"@id\":\"https:\\\/\\\/www.itakaescolapios.org\\\/eu\\\/es\\\/#\\\/schema\\\/logo\\\/image\\\/\",\"url\":\"https:\\\/\\\/www.itakaescolapios.org\\\/wp-content\\\/uploads\\\/2024\\\/04\\\/Logo-itakaescolapios-peque.png\",\"contentUrl\":\"https:\\\/\\\/www.itakaescolapios.org\\\/wp-content\\\/uploads\\\/2024\\\/04\\\/Logo-itakaescolapios-peque.png\",\"width\":500,\"height\":199,\"caption\":\"Fundaci\u00f3 Itaka-Escolapios\"},\"image\":{\"@id\":\"https:\\\/\\\/www.itakaescolapios.org\\\/eu\\\/es\\\/#\\\/schema\\\/logo\\\/image\\\/\"}},{\"@type\":\"Person\",\"@id\":\"https:\\\/\\\/www.itakaescolapios.org\\\/es\\\/#\\\/schema\\\/person\\\/c232ccaa2b3f2e98db93c1f8dfca96ff\",\"name\":\"valencia01\",\"url\":\"https:\\\/\\\/www.itakaescolapios.org\\\/eu\\\/author\\\/valencia01\\\/\"}]}<\/script>\n<!-- \/ Yoast SEO plugin. -->","yoast_head_json":{"title":"VOLUNTARIOS COLABORAN EN LA CARRERA SOLIDARIA CON RUNNERS CIUTAT DE VAL\u00c8NCIA","description":"El pasado domingo 18 de septiembre tuvo lugar en Mislata (Valencia) la \u201cCarrera de la Solidaridad no competitiva\u201d, organizada por la Clavar\u00eda de San Francisco de As\u00eds de Mislata y Runners Ciutat de Val\u00e8ncia. El objetivo de la carrera, adem\u00e1s de la difusi\u00f3n de actividades solidarias, era la recogida de comida no perecedera para los&hellip;","robots":{"index":"index","follow":"follow","max-snippet":"max-snippet:-1","max-image-preview":"max-image-preview:large","max-video-preview":"max-video-preview:-1"},"canonical":"El pasado domingo 18 de septiembre tuvo lugar en Mislata (Valencia) la \u201cCarrera de la Solidaridad no competitiva\u201d, organizada por la Clavar\u00eda de San Francisco de As\u00eds de Mislata y Runners Ciutat de Val\u00e8ncia. El objetivo de la carrera, adem\u00e1s de la difusi\u00f3n de actividades solidarias, era la recogida de comida no perecedera para los&hellip;","og_locale":"en_US","og_type":"article","og_title":"VOLUNTARIOS COLABORAN EN LA CARRERA SOLIDARIA CON RUNNERS CIUTAT DE VAL\u00c8NCIA","og_description":"El pasado domingo 18 de septiembre tuvo lugar en Mislata (Valencia) la \u201cCarrera de la Solidaridad no competitiva\u201d, organizada por la Clavar\u00eda de San Francisco de As\u00eds de Mislata y Runners Ciutat de Val\u00e8ncia. El objetivo de la carrera, adem\u00e1s de la difusi\u00f3n de actividades solidarias, era la recogida de comida no perecedera para los&hellip;","og_url":"https:\/\/www.itakaescolapios.org\/eu\/2016\/09\/voluntarios-colaboran-en-la-carrera-solidaria-de-runners-ciutat-de-valencia\/","og_site_name":"Itaka-Escolapios","article_published_time":"2016-09-19T11:29:55+00:00","article_modified_time":"2023-11-28T11:38:22+00:00","og_image":[{"width":1600,"height":1200,"url":"https:\/\/www.itakaescolapios.org\/wp-content\/uploads\/2016\/09\/WhatsApp-Image-2016-09-19-at-12.02.52-1.jpeg","type":"image\/jpeg"}],"author":"valencia01","twitter_card":"summary_large_image","twitter_misc":{"Written by":"valencia01","Est. reading time":"1 minutua"},"schema":{"@context":"https:\/\/schema.org","@graph":[{"@type":"Article","@id":"https:\/\/www.itakaescolapios.org\/eu\/2016\/09\/voluntarios-colaboran-en-la-carrera-solidaria-de-runners-ciutat-de-valencia\/#article","isPartOf":{"@id":"https:\/\/www.itakaescolapios.org\/eu\/2016\/09\/voluntarios-colaboran-en-la-carrera-solidaria-de-runners-ciutat-de-valencia\/"},"author":{"name":"valencia01","@id":"https:\/\/www.itakaescolapios.org\/es\/#\/schema\/person\/c232ccaa2b3f2e98db93c1f8dfca96ff"},"headline":"VOLUNTARIOS COLABORAN EN LA CARRERA SOLIDARIA CON RUNNERS CIUTAT DE VAL\u00c8NCIA","datePublished":"2016-09-19T11:29:55+00:00","dateModified":"2023-11-28T11:38:22+00:00","mainEntityOfPage":{"@id":"https:\/\/www.itakaescolapios.org\/eu\/2016\/09\/voluntarios-colaboran-en-la-carrera-solidaria-de-runners-ciutat-de-valencia\/"},"wordCount":162,"publisher":{"@id":"https:\/\/www.itakaescolapios.org\/es\/#organization"},"image":{"@id":"https:\/\/www.itakaescolapios.org\/eu\/2016\/09\/voluntarios-colaboran-en-la-carrera-solidaria-de-runners-ciutat-de-valencia\/#primaryimage"},"thumbnailUrl":"https:\/\/www.itakaescolapios.org\/wp-content\/uploads\/2016\/09\/WhatsApp-Image-2016-09-19-at-12.02.52-1.jpeg","keywords":["carrera solidaria"],"articleSection":["Valencia"],"inLanguage":"eu"},{"@type":"WebPage","@id":"https:\/\/www.itakaescolapios.org\/eu\/2016\/09\/voluntarios-colaboran-en-la-carrera-solidaria-de-runners-ciutat-de-valencia\/","url":"https:\/\/www.itakaescolapios.org\/eu\/2016\/09\/voluntarios-colaboran-en-la-carrera-solidaria-de-runners-ciutat-de-valencia\/","name":"VOLUNTARIOS COLABORAN EN LA CARRERA SOLIDARIA CON RUNNERS CIUTAT DE VAL\u00c8NCIA - Itaka-Escolapios","isPartOf":{"@id":"https:\/\/www.itakaescolapios.org\/es\/#website"},"primaryImageOfPage":{"@id":"https:\/\/www.itakaescolapios.org\/eu\/2016\/09\/voluntarios-colaboran-en-la-carrera-solidaria-de-runners-ciutat-de-valencia\/#primaryimage"},"image":{"@id":"https:\/\/www.itakaescolapios.org\/eu\/2016\/09\/voluntarios-colaboran-en-la-carrera-solidaria-de-runners-ciutat-de-valencia\/#primaryimage"},"thumbnailUrl":"https:\/\/www.itakaescolapios.org\/wp-content\/uploads\/2016\/09\/WhatsApp-Image-2016-09-19-at-12.02.52-1.jpeg","datePublished":"2016-09-19T11:29:55+00:00","dateModified":"2023-11-28T11:38:22+00:00","breadcrumb":{"@id":"https:\/\/www.itakaescolapios.org\/eu\/2016\/09\/voluntarios-colaboran-en-la-carrera-solidaria-de-runners-ciutat-de-valencia\/#breadcrumb"},"inLanguage":"eu","potentialAction":[{"@type":"ReadAction","target":["https:\/\/www.itakaescolapios.org\/eu\/2016\/09\/voluntarios-colaboran-en-la-carrera-solidaria-de-runners-ciutat-de-valencia\/"]}]},{"@type":"ImageObject","inLanguage":"eu","@id":"https:\/\/www.itakaescolapios.org\/eu\/2016\/09\/voluntarios-colaboran-en-la-carrera-solidaria-de-runners-ciutat-de-valencia\/#primaryimage","url":"https:\/\/www.itakaescolapios.org\/wp-content\/uploads\/2016\/09\/WhatsApp-Image-2016-09-19-at-12.02.52-1.jpeg","contentUrl":"https:\/\/www.itakaescolapios.org\/wp-content\/uploads\/2016\/09\/WhatsApp-Image-2016-09-19-at-12.02.52-1.jpeg","width":1600,"height":1200},{"@type":"BreadcrumbList","@id":"https:\/\/www.itakaescolapios.org\/eu\/2016\/09\/voluntarios-colaboran-en-la-carrera-solidaria-de-runners-ciutat-de-valencia\/#breadcrumb","itemListElement":[{"@type":"ListItem","position":1,"name":"Itaka-Escolapios","item":"https:\/\/www.itakaescolapios.org\/es\/"},{"@type":"ListItem","position":2,"name":"VOLUNTARIOS COLABORAN EN LA CARRERA SOLIDARIA CON RUNNERS CIUTAT DE VAL\u00c8NCIA"}]},{"@type":"WebSite","@id":"https:\/\/www.itakaescolapios.org\/eu\/es\/#website","url":"https:\/\/www.itakaescolapios.org\/eu\/es\/","name":"Itaka-Escolapios","description":"Red de Itaka-Escolapios","publisher":{"@id":"https:\/\/www.itakaescolapios.org\/eu\/es\/#organization"},"potentialAction":[{"@type":"SearchAction","target":{"@type":"EntryPoint","urlTemplate":"https:\/\/www.itakaescolapios.org\/eu\/es\/?s={search_term_string}"},"query-input":{"@type":"PropertyValueSpecification","valueRequired":true,"valueName":"search_term_string"}}],"inLanguage":"eu"},{"@type":"Organization","@id":"https:\/\/www.itakaescolapios.org\/eu\/es\/#organization","name":"Fundaci\u00f3 Itaka-Escolapios","url":"https:\/\/www.itakaescolapios.org\/eu\/es\/","logo":{"@type":"ImageObject","inLanguage":"eu","@id":"https:\/\/www.itakaescolapios.org\/eu\/es\/#\/schema\/logo\/image\/","url":"https:\/\/www.itakaescolapios.org\/wp-content\/uploads\/2024\/04\/Logo-itakaescolapios-peque.png","contentUrl":"https:\/\/www.itakaescolapios.org\/wp-content\/uploads\/2024\/04\/Logo-itakaescolapios-peque.png","width":500,"height":199,"caption":"Fundaci\u00f3 Itaka-Escolapios"},"image":{"@id":"https:\/\/www.itakaescolapios.org\/eu\/es\/#\/schema\/logo\/image\/"}},{"@type":"Person","@id":"https:\/\/www.itakaescolapios.org\/es\/#\/schema\/person\/c232ccaa2b3f2e98db93c1f8dfca96ff","name":"valencia01","url":"https:\/\/www.itakaescolapios.org\/eu\/author\/valencia01\/"}]}},"_links":{"self":[{"href":"https:\/\/www.itakaescolapios.org\/eu\/wp-json\/wp\/v2\/posts\/16411","targetHints":{"allow":["GET"]}}],"collection":[{"href":"https:\/\/www.itakaescolapios.org\/eu\/wp-json\/wp\/v2\/posts"}],"about":[{"href":"https:\/\/www.itakaescolapios.org\/eu\/wp-json\/wp\/v2\/types\/post"}],"author":[{"embeddable":true,"href":"https:\/\/www.itakaescolapios.org\/eu\/wp-json\/wp\/v2\/users\/39"}],"replies":[{"embeddable":true,"href":"https:\/\/www.itakaescolapios.org\/eu\/wp-json\/wp\/v2\/comments?post=16411"}],"version-history":[{"count":4,"href":"https:\/\/www.itakaescolapios.org\/eu\/wp-json\/wp\/v2\/posts\/16411\/revisions"}],"predecessor-version":[{"id":48213,"href":"https:\/\/www.itakaescolapios.org\/eu\/wp-json\/wp\/v2\/posts\/16411\/revisions\/48213"}],"wp:featuredmedia":[{"embeddable":true,"href":"https:\/\/www.itakaescolapios.org\/eu\/wp-json\/wp\/v2\/media\/16412"}],"wp:attachment":[{"href":"https:\/\/www.itakaescolapios.org\/eu\/wp-json\/wp\/v2\/media?parent=16411"}],"wp:term":[{"taxonomy":"category","embeddable":true,"href":"https:\/\/www.itakaescolapios.org\/eu\/wp-json\/wp\/v2\/categories?post=16411"},{"taxonomy":"post_tag","embeddable":true,"href":"https:\/\/www.itakaescolapios.org\/eu\/wp-json\/wp\/v2\/tags?post=16411"}],"curies":[{"name":"wp","href":"https:\/\/api.w.org\/{rel}","templated":true}]}}