{"id":16542,"date":"2016-09-26T21:04:17","date_gmt":"2016-09-26T20:04:17","guid":{"rendered":"https:\/\/www.itakaescolapios.org\/?p=16542"},"modified":"2023-11-28T12:38:21","modified_gmt":"2023-11-28T11:38:21","slug":"portugues-avaliacao-equipe-itaka-gv","status":"publish","type":"post","link":"https:\/\/www.itakaescolapios.org\/eu\/2016\/09\/portugues-avaliacao-equipe-itaka-gv\/","title":{"rendered":""},"content":{"rendered":"<p><!--:pt--><\/p>\n<p style=\"text-align: justify\"><span style=\"color: #000000;font-size: medium\">Toda institui\u00e7\u00e3o carece de planejamento e avalia\u00e7\u00e3o de seus projetos com foco no futuro. Nesta sexta-feira 23-09 a equipe de Itaka Escol\u00e1pios Governador Valadares dedicou um precioso tempo nesta miss\u00e3o, tendo como meta avaliar a\u00e7\u00f5es do Plano Estrat\u00e9gico, Projeto Pastoral e dos projetos Casa Lar e Jornada Ampliada. Foram levantadas as fraquezas e as fortalezas de cada um nos \u00faltimos anos visando o ano de 2017.<\/span><\/p>\n<p style=\"text-align: justify\"><a href=\"https:\/\/www.facebook.com\/itaka.gv\/posts\/252078348521787\">Veja fotos: <\/a><\/p>\n<p><!--:--><\/p>\n","protected":false},"excerpt":{"rendered":"<p>Toda institui\u00e7\u00e3o carece de planejamento e avalia\u00e7\u00e3o de seus projetos com foco no futuro. Nesta sexta-feira 23-09 a equipe de Itaka Escol\u00e1pios Governador Valadares dedicou um precioso tempo nesta miss\u00e3o, [&hellip;]<\/p>\n","protected":false},"author":11,"featured_media":16544,"comment_status":"closed","ping_status":"closed","sticky":false,"template":"","format":"standard","meta":{"_et_pb_use_builder":"","_et_pb_old_content":"","_et_gb_content_width":"","footnotes":""},"categories":[16],"tags":[],"class_list":["post-16542","post","type-post","status-publish","format-standard","has-post-thumbnail","hentry","category-governador-valadares"],"yoast_head":"<!-- This site is optimized with the Yoast SEO plugin v27.4 - https:\/\/yoast.com\/product\/yoast-seo-wordpress\/ -->\n<title>- Itaka-Escolapios<\/title>\n<meta name=\"description\" content=\"Toda institui\u00e7\u00e3o carece de planejamento e avalia\u00e7\u00e3o de seus projetos com foco no futuro. Nesta sexta-feira 23-09 a equipe de Itaka Escol\u00e1pios Governador Valadares dedicou um precioso tempo nesta miss\u00e3o, tendo como meta avaliar a\u00e7\u00f5es do Plano Estrat\u00e9gico, Projeto Pastoral e dos projetos Casa Lar e Jornada Ampliada. Foram levantadas as fraquezas e as fortalezas&hellip;\" \/>\n<meta name=\"robots\" content=\"index, follow, max-snippet:-1, max-image-preview:large, max-video-preview:-1\" \/>\n<link rel=\"canonical\" href=\"http:\/\/Toda%20institui\u00e7\u00e3o%20carece%20de%20planejamento%20e%20avalia\u00e7\u00e3o%20de%20seus%20projetos%20com%20foco%20no%20futuro.%20Nesta%20sexta-feira%2023-09%20a%20equipe%20de%20Itaka%20Escol\u00e1pios%20Governador%20Valadares%20dedicou%20um%20precioso%20tempo%20nesta%20miss\u00e3o,%20tendo%20como%20meta%20avaliar%20a\u00e7\u00f5es%20do%20Plano%20Estrat\u00e9gico,%20Projeto%20Pastoral%20e%20dos%20projetos%20Casa%20Lar%20e%20Jornada%20Ampliada.%20Foram%20levantadas%20as%20fraquezas%20e%20as%20fortalezas&hellip;\" \/>\n<meta property=\"og:locale\" content=\"en_US\" \/>\n<meta property=\"og:type\" content=\"article\" \/>\n<meta property=\"og:title\" content=\"- Itaka-Escolapios\" \/>\n<meta property=\"og:description\" content=\"Toda institui\u00e7\u00e3o carece de planejamento e avalia\u00e7\u00e3o de seus projetos com foco no futuro. Nesta sexta-feira 23-09 a equipe de Itaka Escol\u00e1pios Governador Valadares dedicou um precioso tempo nesta miss\u00e3o, tendo como meta avaliar a\u00e7\u00f5es do Plano Estrat\u00e9gico, Projeto Pastoral e dos projetos Casa Lar e Jornada Ampliada. Foram levantadas as fraquezas e as fortalezas&hellip;\" \/>\n<meta property=\"og:url\" content=\"https:\/\/www.itakaescolapios.org\/eu\/2016\/09\/portugues-avaliacao-equipe-itaka-gv\/\" \/>\n<meta property=\"og:site_name\" content=\"Itaka-Escolapios\" \/>\n<meta property=\"article:published_time\" content=\"2016-09-26T20:04:17+00:00\" \/>\n<meta property=\"article:modified_time\" content=\"2023-11-28T11:38:21+00:00\" \/>\n<meta property=\"og:image\" content=\"https:\/\/www.itakaescolapios.org\/wp-content\/uploads\/2016\/09\/IMG_2268.jpg\" \/>\n\t<meta property=\"og:image:width\" content=\"2000\" \/>\n\t<meta property=\"og:image:height\" content=\"1335\" \/>\n\t<meta property=\"og:image:type\" content=\"image\/jpeg\" \/>\n<meta name=\"author\" content=\"brasil03\" \/>\n<meta name=\"twitter:card\" content=\"summary_large_image\" \/>\n<meta name=\"twitter:label1\" content=\"Written by\" \/>\n\t<meta name=\"twitter:data1\" content=\"brasil03\" \/>\n<script type=\"application\/ld+json\" class=\"yoast-schema-graph\">{\"@context\":\"https:\\\/\\\/schema.org\",\"@graph\":[{\"@type\":\"Article\",\"@id\":\"https:\\\/\\\/www.itakaescolapios.org\\\/eu\\\/2016\\\/09\\\/portugues-avaliacao-equipe-itaka-gv\\\/#article\",\"isPartOf\":{\"@id\":\"https:\\\/\\\/www.itakaescolapios.org\\\/eu\\\/2016\\\/09\\\/portugues-avaliacao-equipe-itaka-gv\\\/\"},\"author\":{\"name\":\"brasil03\",\"@id\":\"https:\\\/\\\/www.itakaescolapios.org\\\/es\\\/#\\\/schema\\\/person\\\/9c761c62049293fc36e6c91e429de3d5\"},\"headline\":\"No title\",\"datePublished\":\"2016-09-26T20:04:17+00:00\",\"dateModified\":\"2023-11-28T11:38:21+00:00\",\"mainEntityOfPage\":{\"@id\":\"https:\\\/\\\/www.itakaescolapios.org\\\/eu\\\/2016\\\/09\\\/portugues-avaliacao-equipe-itaka-gv\\\/\"},\"wordCount\":73,\"publisher\":{\"@id\":\"https:\\\/\\\/www.itakaescolapios.org\\\/es\\\/#organization\"},\"image\":{\"@id\":\"https:\\\/\\\/www.itakaescolapios.org\\\/eu\\\/2016\\\/09\\\/portugues-avaliacao-equipe-itaka-gv\\\/#primaryimage\"},\"thumbnailUrl\":\"https:\\\/\\\/www.itakaescolapios.org\\\/wp-content\\\/uploads\\\/2016\\\/09\\\/IMG_2268.jpg\",\"articleSection\":[\"Governador Valadares\"],\"inLanguage\":\"eu\"},{\"@type\":\"WebPage\",\"@id\":\"https:\\\/\\\/www.itakaescolapios.org\\\/eu\\\/2016\\\/09\\\/portugues-avaliacao-equipe-itaka-gv\\\/\",\"url\":\"https:\\\/\\\/www.itakaescolapios.org\\\/eu\\\/2016\\\/09\\\/portugues-avaliacao-equipe-itaka-gv\\\/\",\"name\":\"- Itaka-Escolapios\",\"isPartOf\":{\"@id\":\"https:\\\/\\\/www.itakaescolapios.org\\\/es\\\/#website\"},\"primaryImageOfPage\":{\"@id\":\"https:\\\/\\\/www.itakaescolapios.org\\\/eu\\\/2016\\\/09\\\/portugues-avaliacao-equipe-itaka-gv\\\/#primaryimage\"},\"image\":{\"@id\":\"https:\\\/\\\/www.itakaescolapios.org\\\/eu\\\/2016\\\/09\\\/portugues-avaliacao-equipe-itaka-gv\\\/#primaryimage\"},\"thumbnailUrl\":\"https:\\\/\\\/www.itakaescolapios.org\\\/wp-content\\\/uploads\\\/2016\\\/09\\\/IMG_2268.jpg\",\"datePublished\":\"2016-09-26T20:04:17+00:00\",\"dateModified\":\"2023-11-28T11:38:21+00:00\",\"inLanguage\":\"eu\",\"potentialAction\":[{\"@type\":\"ReadAction\",\"target\":[\"https:\\\/\\\/www.itakaescolapios.org\\\/eu\\\/2016\\\/09\\\/portugues-avaliacao-equipe-itaka-gv\\\/\"]}]},{\"@type\":\"ImageObject\",\"inLanguage\":\"eu\",\"@id\":\"https:\\\/\\\/www.itakaescolapios.org\\\/eu\\\/2016\\\/09\\\/portugues-avaliacao-equipe-itaka-gv\\\/#primaryimage\",\"url\":\"https:\\\/\\\/www.itakaescolapios.org\\\/wp-content\\\/uploads\\\/2016\\\/09\\\/IMG_2268.jpg\",\"contentUrl\":\"https:\\\/\\\/www.itakaescolapios.org\\\/wp-content\\\/uploads\\\/2016\\\/09\\\/IMG_2268.jpg\",\"width\":2000,\"height\":1335},{\"@type\":\"WebSite\",\"@id\":\"https:\\\/\\\/www.itakaescolapios.org\\\/eu\\\/es\\\/#website\",\"url\":\"https:\\\/\\\/www.itakaescolapios.org\\\/eu\\\/es\\\/\",\"name\":\"Itaka-Escolapios\",\"description\":\"Red de Itaka-Escolapios\",\"publisher\":{\"@id\":\"https:\\\/\\\/www.itakaescolapios.org\\\/eu\\\/es\\\/#organization\"},\"potentialAction\":[{\"@type\":\"SearchAction\",\"target\":{\"@type\":\"EntryPoint\",\"urlTemplate\":\"https:\\\/\\\/www.itakaescolapios.org\\\/eu\\\/es\\\/?s={search_term_string}\"},\"query-input\":{\"@type\":\"PropertyValueSpecification\",\"valueRequired\":true,\"valueName\":\"search_term_string\"}}],\"inLanguage\":\"eu\"},{\"@type\":\"Organization\",\"@id\":\"https:\\\/\\\/www.itakaescolapios.org\\\/eu\\\/es\\\/#organization\",\"name\":\"Fundaci\u00f3 Itaka-Escolapios\",\"url\":\"https:\\\/\\\/www.itakaescolapios.org\\\/eu\\\/es\\\/\",\"logo\":{\"@type\":\"ImageObject\",\"inLanguage\":\"eu\",\"@id\":\"https:\\\/\\\/www.itakaescolapios.org\\\/eu\\\/es\\\/#\\\/schema\\\/logo\\\/image\\\/\",\"url\":\"https:\\\/\\\/www.itakaescolapios.org\\\/wp-content\\\/uploads\\\/2024\\\/04\\\/Logo-itakaescolapios-peque.png\",\"contentUrl\":\"https:\\\/\\\/www.itakaescolapios.org\\\/wp-content\\\/uploads\\\/2024\\\/04\\\/Logo-itakaescolapios-peque.png\",\"width\":500,\"height\":199,\"caption\":\"Fundaci\u00f3 Itaka-Escolapios\"},\"image\":{\"@id\":\"https:\\\/\\\/www.itakaescolapios.org\\\/eu\\\/es\\\/#\\\/schema\\\/logo\\\/image\\\/\"}},{\"@type\":\"Person\",\"@id\":\"https:\\\/\\\/www.itakaescolapios.org\\\/es\\\/#\\\/schema\\\/person\\\/9c761c62049293fc36e6c91e429de3d5\",\"name\":\"brasil03\",\"url\":\"https:\\\/\\\/www.itakaescolapios.org\\\/eu\\\/author\\\/brasil03\\\/\"}]}<\/script>\n<!-- \/ Yoast SEO plugin. -->","yoast_head_json":{"title":"- Itaka-Escolapios","description":"Toda institui\u00e7\u00e3o carece de planejamento e avalia\u00e7\u00e3o de seus projetos com foco no futuro. Nesta sexta-feira 23-09 a equipe de Itaka Escol\u00e1pios Governador Valadares dedicou um precioso tempo nesta miss\u00e3o, tendo como meta avaliar a\u00e7\u00f5es do Plano Estrat\u00e9gico, Projeto Pastoral e dos projetos Casa Lar e Jornada Ampliada. Foram levantadas as fraquezas e as fortalezas&hellip;","robots":{"index":"index","follow":"follow","max-snippet":"max-snippet:-1","max-image-preview":"max-image-preview:large","max-video-preview":"max-video-preview:-1"},"canonical":"Toda institui\u00e7\u00e3o carece de planejamento e avalia\u00e7\u00e3o de seus projetos com foco no futuro. Nesta sexta-feira 23-09 a equipe de Itaka Escol\u00e1pios Governador Valadares dedicou um precioso tempo nesta miss\u00e3o, tendo como meta avaliar a\u00e7\u00f5es do Plano Estrat\u00e9gico, Projeto Pastoral e dos projetos Casa Lar e Jornada Ampliada. Foram levantadas as fraquezas e as fortalezas&hellip;","og_locale":"en_US","og_type":"article","og_title":"- Itaka-Escolapios","og_description":"Toda institui\u00e7\u00e3o carece de planejamento e avalia\u00e7\u00e3o de seus projetos com foco no futuro. Nesta sexta-feira 23-09 a equipe de Itaka Escol\u00e1pios Governador Valadares dedicou um precioso tempo nesta miss\u00e3o, tendo como meta avaliar a\u00e7\u00f5es do Plano Estrat\u00e9gico, Projeto Pastoral e dos projetos Casa Lar e Jornada Ampliada. Foram levantadas as fraquezas e as fortalezas&hellip;","og_url":"https:\/\/www.itakaescolapios.org\/eu\/2016\/09\/portugues-avaliacao-equipe-itaka-gv\/","og_site_name":"Itaka-Escolapios","article_published_time":"2016-09-26T20:04:17+00:00","article_modified_time":"2023-11-28T11:38:21+00:00","og_image":[{"width":2000,"height":1335,"url":"https:\/\/www.itakaescolapios.org\/wp-content\/uploads\/2016\/09\/IMG_2268.jpg","type":"image\/jpeg"}],"author":"brasil03","twitter_card":"summary_large_image","twitter_misc":{"Written by":"brasil03"},"schema":{"@context":"https:\/\/schema.org","@graph":[{"@type":"Article","@id":"https:\/\/www.itakaescolapios.org\/eu\/2016\/09\/portugues-avaliacao-equipe-itaka-gv\/#article","isPartOf":{"@id":"https:\/\/www.itakaescolapios.org\/eu\/2016\/09\/portugues-avaliacao-equipe-itaka-gv\/"},"author":{"name":"brasil03","@id":"https:\/\/www.itakaescolapios.org\/es\/#\/schema\/person\/9c761c62049293fc36e6c91e429de3d5"},"headline":"No title","datePublished":"2016-09-26T20:04:17+00:00","dateModified":"2023-11-28T11:38:21+00:00","mainEntityOfPage":{"@id":"https:\/\/www.itakaescolapios.org\/eu\/2016\/09\/portugues-avaliacao-equipe-itaka-gv\/"},"wordCount":73,"publisher":{"@id":"https:\/\/www.itakaescolapios.org\/es\/#organization"},"image":{"@id":"https:\/\/www.itakaescolapios.org\/eu\/2016\/09\/portugues-avaliacao-equipe-itaka-gv\/#primaryimage"},"thumbnailUrl":"https:\/\/www.itakaescolapios.org\/wp-content\/uploads\/2016\/09\/IMG_2268.jpg","articleSection":["Governador Valadares"],"inLanguage":"eu"},{"@type":"WebPage","@id":"https:\/\/www.itakaescolapios.org\/eu\/2016\/09\/portugues-avaliacao-equipe-itaka-gv\/","url":"https:\/\/www.itakaescolapios.org\/eu\/2016\/09\/portugues-avaliacao-equipe-itaka-gv\/","name":"- Itaka-Escolapios","isPartOf":{"@id":"https:\/\/www.itakaescolapios.org\/es\/#website"},"primaryImageOfPage":{"@id":"https:\/\/www.itakaescolapios.org\/eu\/2016\/09\/portugues-avaliacao-equipe-itaka-gv\/#primaryimage"},"image":{"@id":"https:\/\/www.itakaescolapios.org\/eu\/2016\/09\/portugues-avaliacao-equipe-itaka-gv\/#primaryimage"},"thumbnailUrl":"https:\/\/www.itakaescolapios.org\/wp-content\/uploads\/2016\/09\/IMG_2268.jpg","datePublished":"2016-09-26T20:04:17+00:00","dateModified":"2023-11-28T11:38:21+00:00","inLanguage":"eu","potentialAction":[{"@type":"ReadAction","target":["https:\/\/www.itakaescolapios.org\/eu\/2016\/09\/portugues-avaliacao-equipe-itaka-gv\/"]}]},{"@type":"ImageObject","inLanguage":"eu","@id":"https:\/\/www.itakaescolapios.org\/eu\/2016\/09\/portugues-avaliacao-equipe-itaka-gv\/#primaryimage","url":"https:\/\/www.itakaescolapios.org\/wp-content\/uploads\/2016\/09\/IMG_2268.jpg","contentUrl":"https:\/\/www.itakaescolapios.org\/wp-content\/uploads\/2016\/09\/IMG_2268.jpg","width":2000,"height":1335},{"@type":"WebSite","@id":"https:\/\/www.itakaescolapios.org\/eu\/es\/#website","url":"https:\/\/www.itakaescolapios.org\/eu\/es\/","name":"Itaka-Escolapios","description":"Red de Itaka-Escolapios","publisher":{"@id":"https:\/\/www.itakaescolapios.org\/eu\/es\/#organization"},"potentialAction":[{"@type":"SearchAction","target":{"@type":"EntryPoint","urlTemplate":"https:\/\/www.itakaescolapios.org\/eu\/es\/?s={search_term_string}"},"query-input":{"@type":"PropertyValueSpecification","valueRequired":true,"valueName":"search_term_string"}}],"inLanguage":"eu"},{"@type":"Organization","@id":"https:\/\/www.itakaescolapios.org\/eu\/es\/#organization","name":"Fundaci\u00f3 Itaka-Escolapios","url":"https:\/\/www.itakaescolapios.org\/eu\/es\/","logo":{"@type":"ImageObject","inLanguage":"eu","@id":"https:\/\/www.itakaescolapios.org\/eu\/es\/#\/schema\/logo\/image\/","url":"https:\/\/www.itakaescolapios.org\/wp-content\/uploads\/2024\/04\/Logo-itakaescolapios-peque.png","contentUrl":"https:\/\/www.itakaescolapios.org\/wp-content\/uploads\/2024\/04\/Logo-itakaescolapios-peque.png","width":500,"height":199,"caption":"Fundaci\u00f3 Itaka-Escolapios"},"image":{"@id":"https:\/\/www.itakaescolapios.org\/eu\/es\/#\/schema\/logo\/image\/"}},{"@type":"Person","@id":"https:\/\/www.itakaescolapios.org\/es\/#\/schema\/person\/9c761c62049293fc36e6c91e429de3d5","name":"brasil03","url":"https:\/\/www.itakaescolapios.org\/eu\/author\/brasil03\/"}]}},"_links":{"self":[{"href":"https:\/\/www.itakaescolapios.org\/eu\/wp-json\/wp\/v2\/posts\/16542","targetHints":{"allow":["GET"]}}],"collection":[{"href":"https:\/\/www.itakaescolapios.org\/eu\/wp-json\/wp\/v2\/posts"}],"about":[{"href":"https:\/\/www.itakaescolapios.org\/eu\/wp-json\/wp\/v2\/types\/post"}],"author":[{"embeddable":true,"href":"https:\/\/www.itakaescolapios.org\/eu\/wp-json\/wp\/v2\/users\/11"}],"replies":[{"embeddable":true,"href":"https:\/\/www.itakaescolapios.org\/eu\/wp-json\/wp\/v2\/comments?post=16542"}],"version-history":[{"count":2,"href":"https:\/\/www.itakaescolapios.org\/eu\/wp-json\/wp\/v2\/posts\/16542\/revisions"}],"predecessor-version":[{"id":48197,"href":"https:\/\/www.itakaescolapios.org\/eu\/wp-json\/wp\/v2\/posts\/16542\/revisions\/48197"}],"wp:featuredmedia":[{"embeddable":true,"href":"https:\/\/www.itakaescolapios.org\/eu\/wp-json\/wp\/v2\/media\/16544"}],"wp:attachment":[{"href":"https:\/\/www.itakaescolapios.org\/eu\/wp-json\/wp\/v2\/media?parent=16542"}],"wp:term":[{"taxonomy":"category","embeddable":true,"href":"https:\/\/www.itakaescolapios.org\/eu\/wp-json\/wp\/v2\/categories?post=16542"},{"taxonomy":"post_tag","embeddable":true,"href":"https:\/\/www.itakaescolapios.org\/eu\/wp-json\/wp\/v2\/tags?post=16542"}],"curies":[{"name":"wp","href":"https:\/\/api.w.org\/{rel}","templated":true}]}}