{"id":18486,"date":"2017-03-14T00:24:59","date_gmt":"2017-03-13T23:24:59","guid":{"rendered":"https:\/\/www.itakaescolapios.org\/?p=18486"},"modified":"2023-11-28T12:38:09","modified_gmt":"2023-11-28T11:38:09","slug":"dia-de-fiesta-en-anzaldo","status":"publish","type":"post","link":"https:\/\/www.itakaescolapios.org\/eu\/2017\/03\/dia-de-fiesta-en-anzaldo\/","title":{"rendered":"D\u00cdA DE FIESTA EN ANZALDO"},"content":{"rendered":"<p>Hoy 13 de Marzo de 2017, d\u00eda de gran celebraci\u00f3n en Anzaldo. Cumplimos 25 a\u00f1os de presencia escolapia en Bolivia. Hemos celebrado este inicio de a\u00f1o Jubilar por nuestro 400 cumplea\u00f1os y por los 25 en Bolivia. Muchas gracias a todos los participantes del acto de hoy, a las llamadas telef\u00f3nicas en directo desde Espa\u00f1a, gracias por la colaboraci\u00f3n de los profesores y alumnos, por el recibimiento tan colorido y c\u00e1lido que hemos vuelto a tener los escolapios en esta llajta, gracias Anzaldo, gracias Calasanz, gracias ni\u00f1os , ni\u00f1as, j\u00f3venes.<br \/>\nSeguiremos anunciando, educando y juntos transformaremos el mundo.<br \/>\nJallalla Bolivia, Gloria a Calasanz, Jallalla Escolapios.<\/p>\n<p>No te pierdas las historias y fotos de los comienzos en\u00a0<a href=\"http:\/\/www.escolapiosbrasilbolivia.org\/2017\/03\/12\/recordando-los-inicios-en-anzaldo-bolivia\/\">http:\/\/www.escolapiosbrasilbolivia.org\/2017\/03\/12\/recordando-los-inicios-en-anzaldo-bolivia\/<\/a><\/p>\n","protected":false},"excerpt":{"rendered":"<p>Hoy 13 de Marzo de 2017, d\u00eda de gran celebraci\u00f3n en Anzaldo. Cumplimos 25 a\u00f1os de presencia escolapia en Bolivia. Hemos celebrado este inicio de a\u00f1o Jubilar por nuestro 400 [&hellip;]<\/p>\n","protected":false},"author":7,"featured_media":18487,"comment_status":"closed","ping_status":"closed","sticky":false,"template":"","format":"standard","meta":{"_et_pb_use_builder":"","_et_pb_old_content":"","_et_gb_content_width":"","footnotes":""},"categories":[15],"tags":[],"class_list":["post-18486","post","type-post","status-publish","format-standard","has-post-thumbnail","hentry","category-bolivia"],"yoast_head":"<!-- This site is optimized with the Yoast SEO plugin v27.4 - https:\/\/yoast.com\/product\/yoast-seo-wordpress\/ -->\n<title>D\u00cdA DE FIESTA EN ANZALDO<\/title>\n<meta name=\"description\" content=\"Hoy 13 de Marzo de 2017, d\u00eda de gran celebraci\u00f3n en Anzaldo. Cumplimos 25 a\u00f1os de presencia escolapia en Bolivia. Hemos celebrado este inicio de a\u00f1o Jubilar por nuestro 400 cumplea\u00f1os y por los 25 en Bolivia. Muchas gracias a todos los participantes del acto de hoy, a las llamadas telef\u00f3nicas en directo desde Espa\u00f1a,&hellip;\" \/>\n<meta name=\"robots\" content=\"index, follow, max-snippet:-1, max-image-preview:large, max-video-preview:-1\" \/>\n<link rel=\"canonical\" href=\"http:\/\/Hoy%2013%20de%20Marzo%20de%202017,%20d\u00eda%20de%20gran%20celebraci\u00f3n%20en%20Anzaldo.%20Cumplimos%2025%20a\u00f1os%20de%20presencia%20escolapia%20en%20Bolivia.%20Hemos%20celebrado%20este%20inicio%20de%20a\u00f1o%20Jubilar%20por%20nuestro%20400%20cumplea\u00f1os%20y%20por%20los%2025%20en%20Bolivia.%20Muchas%20gracias%20a%20todos%20los%20participantes%20del%20acto%20de%20hoy,%20a%20las%20llamadas%20telef\u00f3nicas%20en%20directo%20desde%20Espa\u00f1a,&hellip;\" \/>\n<meta property=\"og:locale\" content=\"en_US\" \/>\n<meta property=\"og:type\" content=\"article\" \/>\n<meta property=\"og:title\" content=\"D\u00cdA DE FIESTA EN ANZALDO\" \/>\n<meta property=\"og:description\" content=\"Hoy 13 de Marzo de 2017, d\u00eda de gran celebraci\u00f3n en Anzaldo. Cumplimos 25 a\u00f1os de presencia escolapia en Bolivia. Hemos celebrado este inicio de a\u00f1o Jubilar por nuestro 400 cumplea\u00f1os y por los 25 en Bolivia. Muchas gracias a todos los participantes del acto de hoy, a las llamadas telef\u00f3nicas en directo desde Espa\u00f1a,&hellip;\" \/>\n<meta property=\"og:url\" content=\"https:\/\/www.itakaescolapios.org\/eu\/2017\/03\/dia-de-fiesta-en-anzaldo\/\" \/>\n<meta property=\"og:site_name\" content=\"Itaka-Escolapios\" \/>\n<meta property=\"article:published_time\" content=\"2017-03-13T23:24:59+00:00\" \/>\n<meta property=\"article:modified_time\" content=\"2023-11-28T11:38:09+00:00\" \/>\n<meta property=\"og:image\" content=\"https:\/\/www.itakaescolapios.org\/wp-content\/uploads\/2017\/03\/image-2017-03-13.jpg\" \/>\n\t<meta property=\"og:image:width\" content=\"1280\" \/>\n\t<meta property=\"og:image:height\" content=\"853\" \/>\n\t<meta property=\"og:image:type\" content=\"image\/jpeg\" \/>\n<meta name=\"author\" content=\"bolivia01\" \/>\n<meta name=\"twitter:card\" content=\"summary_large_image\" \/>\n<meta name=\"twitter:label1\" content=\"Written by\" \/>\n\t<meta name=\"twitter:data1\" content=\"bolivia01\" \/>\n\t<meta name=\"twitter:label2\" content=\"Est. reading time\" \/>\n\t<meta name=\"twitter:data2\" content=\"1 minutua\" \/>\n<script type=\"application\/ld+json\" class=\"yoast-schema-graph\">{\"@context\":\"https:\\\/\\\/schema.org\",\"@graph\":[{\"@type\":\"Article\",\"@id\":\"https:\\\/\\\/www.itakaescolapios.org\\\/eu\\\/2017\\\/03\\\/dia-de-fiesta-en-anzaldo\\\/#article\",\"isPartOf\":{\"@id\":\"https:\\\/\\\/www.itakaescolapios.org\\\/eu\\\/2017\\\/03\\\/dia-de-fiesta-en-anzaldo\\\/\"},\"author\":{\"name\":\"bolivia01\",\"@id\":\"https:\\\/\\\/www.itakaescolapios.org\\\/es\\\/#\\\/schema\\\/person\\\/141b7734ef7c6eadcc0fefeb0614c94a\"},\"headline\":\"D\u00cdA DE FIESTA EN ANZALDO\",\"datePublished\":\"2017-03-13T23:24:59+00:00\",\"dateModified\":\"2023-11-28T11:38:09+00:00\",\"mainEntityOfPage\":{\"@id\":\"https:\\\/\\\/www.itakaescolapios.org\\\/eu\\\/2017\\\/03\\\/dia-de-fiesta-en-anzaldo\\\/\"},\"wordCount\":133,\"publisher\":{\"@id\":\"https:\\\/\\\/www.itakaescolapios.org\\\/es\\\/#organization\"},\"image\":{\"@id\":\"https:\\\/\\\/www.itakaescolapios.org\\\/eu\\\/2017\\\/03\\\/dia-de-fiesta-en-anzaldo\\\/#primaryimage\"},\"thumbnailUrl\":\"https:\\\/\\\/www.itakaescolapios.org\\\/wp-content\\\/uploads\\\/2017\\\/03\\\/image-2017-03-13.jpg\",\"articleSection\":[\"Bolivia\"],\"inLanguage\":\"eu\"},{\"@type\":\"WebPage\",\"@id\":\"https:\\\/\\\/www.itakaescolapios.org\\\/eu\\\/2017\\\/03\\\/dia-de-fiesta-en-anzaldo\\\/\",\"url\":\"https:\\\/\\\/www.itakaescolapios.org\\\/eu\\\/2017\\\/03\\\/dia-de-fiesta-en-anzaldo\\\/\",\"name\":\"D\u00cdA DE FIESTA EN ANZALDO - Itaka-Escolapios\",\"isPartOf\":{\"@id\":\"https:\\\/\\\/www.itakaescolapios.org\\\/es\\\/#website\"},\"primaryImageOfPage\":{\"@id\":\"https:\\\/\\\/www.itakaescolapios.org\\\/eu\\\/2017\\\/03\\\/dia-de-fiesta-en-anzaldo\\\/#primaryimage\"},\"image\":{\"@id\":\"https:\\\/\\\/www.itakaescolapios.org\\\/eu\\\/2017\\\/03\\\/dia-de-fiesta-en-anzaldo\\\/#primaryimage\"},\"thumbnailUrl\":\"https:\\\/\\\/www.itakaescolapios.org\\\/wp-content\\\/uploads\\\/2017\\\/03\\\/image-2017-03-13.jpg\",\"datePublished\":\"2017-03-13T23:24:59+00:00\",\"dateModified\":\"2023-11-28T11:38:09+00:00\",\"breadcrumb\":{\"@id\":\"https:\\\/\\\/www.itakaescolapios.org\\\/eu\\\/2017\\\/03\\\/dia-de-fiesta-en-anzaldo\\\/#breadcrumb\"},\"inLanguage\":\"eu\",\"potentialAction\":[{\"@type\":\"ReadAction\",\"target\":[\"https:\\\/\\\/www.itakaescolapios.org\\\/eu\\\/2017\\\/03\\\/dia-de-fiesta-en-anzaldo\\\/\"]}]},{\"@type\":\"ImageObject\",\"inLanguage\":\"eu\",\"@id\":\"https:\\\/\\\/www.itakaescolapios.org\\\/eu\\\/2017\\\/03\\\/dia-de-fiesta-en-anzaldo\\\/#primaryimage\",\"url\":\"https:\\\/\\\/www.itakaescolapios.org\\\/wp-content\\\/uploads\\\/2017\\\/03\\\/image-2017-03-13.jpg\",\"contentUrl\":\"https:\\\/\\\/www.itakaescolapios.org\\\/wp-content\\\/uploads\\\/2017\\\/03\\\/image-2017-03-13.jpg\",\"width\":1280,\"height\":853,\"caption\":\"Fiesta en Anzaldo\"},{\"@type\":\"BreadcrumbList\",\"@id\":\"https:\\\/\\\/www.itakaescolapios.org\\\/eu\\\/2017\\\/03\\\/dia-de-fiesta-en-anzaldo\\\/#breadcrumb\",\"itemListElement\":[{\"@type\":\"ListItem\",\"position\":1,\"name\":\"Itaka-Escolapios\",\"item\":\"https:\\\/\\\/www.itakaescolapios.org\\\/es\\\/\"},{\"@type\":\"ListItem\",\"position\":2,\"name\":\"D\u00cdA DE FIESTA EN ANZALDO\"}]},{\"@type\":\"WebSite\",\"@id\":\"https:\\\/\\\/www.itakaescolapios.org\\\/eu\\\/es\\\/#website\",\"url\":\"https:\\\/\\\/www.itakaescolapios.org\\\/eu\\\/es\\\/\",\"name\":\"Itaka-Escolapios\",\"description\":\"Red de Itaka-Escolapios\",\"publisher\":{\"@id\":\"https:\\\/\\\/www.itakaescolapios.org\\\/eu\\\/es\\\/#organization\"},\"potentialAction\":[{\"@type\":\"SearchAction\",\"target\":{\"@type\":\"EntryPoint\",\"urlTemplate\":\"https:\\\/\\\/www.itakaescolapios.org\\\/eu\\\/es\\\/?s={search_term_string}\"},\"query-input\":{\"@type\":\"PropertyValueSpecification\",\"valueRequired\":true,\"valueName\":\"search_term_string\"}}],\"inLanguage\":\"eu\"},{\"@type\":\"Organization\",\"@id\":\"https:\\\/\\\/www.itakaescolapios.org\\\/eu\\\/es\\\/#organization\",\"name\":\"Fundaci\u00f3 Itaka-Escolapios\",\"url\":\"https:\\\/\\\/www.itakaescolapios.org\\\/eu\\\/es\\\/\",\"logo\":{\"@type\":\"ImageObject\",\"inLanguage\":\"eu\",\"@id\":\"https:\\\/\\\/www.itakaescolapios.org\\\/eu\\\/es\\\/#\\\/schema\\\/logo\\\/image\\\/\",\"url\":\"https:\\\/\\\/www.itakaescolapios.org\\\/wp-content\\\/uploads\\\/2024\\\/04\\\/Logo-itakaescolapios-peque.png\",\"contentUrl\":\"https:\\\/\\\/www.itakaescolapios.org\\\/wp-content\\\/uploads\\\/2024\\\/04\\\/Logo-itakaescolapios-peque.png\",\"width\":500,\"height\":199,\"caption\":\"Fundaci\u00f3 Itaka-Escolapios\"},\"image\":{\"@id\":\"https:\\\/\\\/www.itakaescolapios.org\\\/eu\\\/es\\\/#\\\/schema\\\/logo\\\/image\\\/\"}},{\"@type\":\"Person\",\"@id\":\"https:\\\/\\\/www.itakaescolapios.org\\\/es\\\/#\\\/schema\\\/person\\\/141b7734ef7c6eadcc0fefeb0614c94a\",\"name\":\"bolivia01\",\"url\":\"https:\\\/\\\/www.itakaescolapios.org\\\/eu\\\/author\\\/bolivia01\\\/\"}]}<\/script>\n<!-- \/ Yoast SEO plugin. -->","yoast_head_json":{"title":"D\u00cdA DE FIESTA EN ANZALDO","description":"Hoy 13 de Marzo de 2017, d\u00eda de gran celebraci\u00f3n en Anzaldo. Cumplimos 25 a\u00f1os de presencia escolapia en Bolivia. Hemos celebrado este inicio de a\u00f1o Jubilar por nuestro 400 cumplea\u00f1os y por los 25 en Bolivia. Muchas gracias a todos los participantes del acto de hoy, a las llamadas telef\u00f3nicas en directo desde Espa\u00f1a,&hellip;","robots":{"index":"index","follow":"follow","max-snippet":"max-snippet:-1","max-image-preview":"max-image-preview:large","max-video-preview":"max-video-preview:-1"},"canonical":"Hoy 13 de Marzo de 2017, d\u00eda de gran celebraci\u00f3n en Anzaldo. Cumplimos 25 a\u00f1os de presencia escolapia en Bolivia. Hemos celebrado este inicio de a\u00f1o Jubilar por nuestro 400 cumplea\u00f1os y por los 25 en Bolivia. Muchas gracias a todos los participantes del acto de hoy, a las llamadas telef\u00f3nicas en directo desde Espa\u00f1a,&hellip;","og_locale":"en_US","og_type":"article","og_title":"D\u00cdA DE FIESTA EN ANZALDO","og_description":"Hoy 13 de Marzo de 2017, d\u00eda de gran celebraci\u00f3n en Anzaldo. Cumplimos 25 a\u00f1os de presencia escolapia en Bolivia. Hemos celebrado este inicio de a\u00f1o Jubilar por nuestro 400 cumplea\u00f1os y por los 25 en Bolivia. Muchas gracias a todos los participantes del acto de hoy, a las llamadas telef\u00f3nicas en directo desde Espa\u00f1a,&hellip;","og_url":"https:\/\/www.itakaescolapios.org\/eu\/2017\/03\/dia-de-fiesta-en-anzaldo\/","og_site_name":"Itaka-Escolapios","article_published_time":"2017-03-13T23:24:59+00:00","article_modified_time":"2023-11-28T11:38:09+00:00","og_image":[{"width":1280,"height":853,"url":"https:\/\/www.itakaescolapios.org\/wp-content\/uploads\/2017\/03\/image-2017-03-13.jpg","type":"image\/jpeg"}],"author":"bolivia01","twitter_card":"summary_large_image","twitter_misc":{"Written by":"bolivia01","Est. reading time":"1 minutua"},"schema":{"@context":"https:\/\/schema.org","@graph":[{"@type":"Article","@id":"https:\/\/www.itakaescolapios.org\/eu\/2017\/03\/dia-de-fiesta-en-anzaldo\/#article","isPartOf":{"@id":"https:\/\/www.itakaescolapios.org\/eu\/2017\/03\/dia-de-fiesta-en-anzaldo\/"},"author":{"name":"bolivia01","@id":"https:\/\/www.itakaescolapios.org\/es\/#\/schema\/person\/141b7734ef7c6eadcc0fefeb0614c94a"},"headline":"D\u00cdA DE FIESTA EN ANZALDO","datePublished":"2017-03-13T23:24:59+00:00","dateModified":"2023-11-28T11:38:09+00:00","mainEntityOfPage":{"@id":"https:\/\/www.itakaescolapios.org\/eu\/2017\/03\/dia-de-fiesta-en-anzaldo\/"},"wordCount":133,"publisher":{"@id":"https:\/\/www.itakaescolapios.org\/es\/#organization"},"image":{"@id":"https:\/\/www.itakaescolapios.org\/eu\/2017\/03\/dia-de-fiesta-en-anzaldo\/#primaryimage"},"thumbnailUrl":"https:\/\/www.itakaescolapios.org\/wp-content\/uploads\/2017\/03\/image-2017-03-13.jpg","articleSection":["Bolivia"],"inLanguage":"eu"},{"@type":"WebPage","@id":"https:\/\/www.itakaescolapios.org\/eu\/2017\/03\/dia-de-fiesta-en-anzaldo\/","url":"https:\/\/www.itakaescolapios.org\/eu\/2017\/03\/dia-de-fiesta-en-anzaldo\/","name":"D\u00cdA DE FIESTA EN ANZALDO - Itaka-Escolapios","isPartOf":{"@id":"https:\/\/www.itakaescolapios.org\/es\/#website"},"primaryImageOfPage":{"@id":"https:\/\/www.itakaescolapios.org\/eu\/2017\/03\/dia-de-fiesta-en-anzaldo\/#primaryimage"},"image":{"@id":"https:\/\/www.itakaescolapios.org\/eu\/2017\/03\/dia-de-fiesta-en-anzaldo\/#primaryimage"},"thumbnailUrl":"https:\/\/www.itakaescolapios.org\/wp-content\/uploads\/2017\/03\/image-2017-03-13.jpg","datePublished":"2017-03-13T23:24:59+00:00","dateModified":"2023-11-28T11:38:09+00:00","breadcrumb":{"@id":"https:\/\/www.itakaescolapios.org\/eu\/2017\/03\/dia-de-fiesta-en-anzaldo\/#breadcrumb"},"inLanguage":"eu","potentialAction":[{"@type":"ReadAction","target":["https:\/\/www.itakaescolapios.org\/eu\/2017\/03\/dia-de-fiesta-en-anzaldo\/"]}]},{"@type":"ImageObject","inLanguage":"eu","@id":"https:\/\/www.itakaescolapios.org\/eu\/2017\/03\/dia-de-fiesta-en-anzaldo\/#primaryimage","url":"https:\/\/www.itakaescolapios.org\/wp-content\/uploads\/2017\/03\/image-2017-03-13.jpg","contentUrl":"https:\/\/www.itakaescolapios.org\/wp-content\/uploads\/2017\/03\/image-2017-03-13.jpg","width":1280,"height":853,"caption":"Fiesta en Anzaldo"},{"@type":"BreadcrumbList","@id":"https:\/\/www.itakaescolapios.org\/eu\/2017\/03\/dia-de-fiesta-en-anzaldo\/#breadcrumb","itemListElement":[{"@type":"ListItem","position":1,"name":"Itaka-Escolapios","item":"https:\/\/www.itakaescolapios.org\/es\/"},{"@type":"ListItem","position":2,"name":"D\u00cdA DE FIESTA EN ANZALDO"}]},{"@type":"WebSite","@id":"https:\/\/www.itakaescolapios.org\/eu\/es\/#website","url":"https:\/\/www.itakaescolapios.org\/eu\/es\/","name":"Itaka-Escolapios","description":"Red de Itaka-Escolapios","publisher":{"@id":"https:\/\/www.itakaescolapios.org\/eu\/es\/#organization"},"potentialAction":[{"@type":"SearchAction","target":{"@type":"EntryPoint","urlTemplate":"https:\/\/www.itakaescolapios.org\/eu\/es\/?s={search_term_string}"},"query-input":{"@type":"PropertyValueSpecification","valueRequired":true,"valueName":"search_term_string"}}],"inLanguage":"eu"},{"@type":"Organization","@id":"https:\/\/www.itakaescolapios.org\/eu\/es\/#organization","name":"Fundaci\u00f3 Itaka-Escolapios","url":"https:\/\/www.itakaescolapios.org\/eu\/es\/","logo":{"@type":"ImageObject","inLanguage":"eu","@id":"https:\/\/www.itakaescolapios.org\/eu\/es\/#\/schema\/logo\/image\/","url":"https:\/\/www.itakaescolapios.org\/wp-content\/uploads\/2024\/04\/Logo-itakaescolapios-peque.png","contentUrl":"https:\/\/www.itakaescolapios.org\/wp-content\/uploads\/2024\/04\/Logo-itakaescolapios-peque.png","width":500,"height":199,"caption":"Fundaci\u00f3 Itaka-Escolapios"},"image":{"@id":"https:\/\/www.itakaescolapios.org\/eu\/es\/#\/schema\/logo\/image\/"}},{"@type":"Person","@id":"https:\/\/www.itakaescolapios.org\/es\/#\/schema\/person\/141b7734ef7c6eadcc0fefeb0614c94a","name":"bolivia01","url":"https:\/\/www.itakaescolapios.org\/eu\/author\/bolivia01\/"}]}},"_links":{"self":[{"href":"https:\/\/www.itakaescolapios.org\/eu\/wp-json\/wp\/v2\/posts\/18486","targetHints":{"allow":["GET"]}}],"collection":[{"href":"https:\/\/www.itakaescolapios.org\/eu\/wp-json\/wp\/v2\/posts"}],"about":[{"href":"https:\/\/www.itakaescolapios.org\/eu\/wp-json\/wp\/v2\/types\/post"}],"author":[{"embeddable":true,"href":"https:\/\/www.itakaescolapios.org\/eu\/wp-json\/wp\/v2\/users\/7"}],"replies":[{"embeddable":true,"href":"https:\/\/www.itakaescolapios.org\/eu\/wp-json\/wp\/v2\/comments?post=18486"}],"version-history":[{"count":5,"href":"https:\/\/www.itakaescolapios.org\/eu\/wp-json\/wp\/v2\/posts\/18486\/revisions"}],"predecessor-version":[{"id":47866,"href":"https:\/\/www.itakaescolapios.org\/eu\/wp-json\/wp\/v2\/posts\/18486\/revisions\/47866"}],"wp:featuredmedia":[{"embeddable":true,"href":"https:\/\/www.itakaescolapios.org\/eu\/wp-json\/wp\/v2\/media\/18487"}],"wp:attachment":[{"href":"https:\/\/www.itakaescolapios.org\/eu\/wp-json\/wp\/v2\/media?parent=18486"}],"wp:term":[{"taxonomy":"category","embeddable":true,"href":"https:\/\/www.itakaescolapios.org\/eu\/wp-json\/wp\/v2\/categories?post=18486"},{"taxonomy":"post_tag","embeddable":true,"href":"https:\/\/www.itakaescolapios.org\/eu\/wp-json\/wp\/v2\/tags?post=18486"}],"curies":[{"name":"wp","href":"https:\/\/api.w.org\/{rel}","templated":true}]}}