{"id":18495,"date":"2017-03-14T11:09:42","date_gmt":"2017-03-14T10:09:42","guid":{"rendered":"https:\/\/www.itakaescolapios.org\/?p=18495"},"modified":"2023-11-28T12:38:09","modified_gmt":"2023-11-28T11:38:09","slug":"celebrando-el-dia-del-voluntariado-de-itaka-escolapios-en-betania","status":"publish","type":"post","link":"https:\/\/www.itakaescolapios.org\/eu\/2017\/03\/celebrando-el-dia-del-voluntariado-de-itaka-escolapios-en-betania\/","title":{"rendered":"CELEBRANDO EL D\u00cdA DEL VOLUNTARIADO DE ITAKA-ESCOLAPIOS EN BETANIA"},"content":{"rendered":"<p style=\"text-align: justify;\">Coincidiendo con el aniversario de la constituci\u00f3n de la Fundaci\u00f3n, el d\u00eda 9 de marzo celebramos el D\u00eda del Voluntariado de Itaka-Escolapios en la provincia de Betania.<\/p>\n<p style=\"text-align: justify;\">En Valencia nos juntamos el viernes 10 para celebrarlo presentando, en primer lugar, el manifiesto de agradecimiento a la labor de todos los voluntarios que, en cualquier parte del mundo, colaboran con Itaka-Escolapios para transformar el mundo a trav\u00e9s de la educaci\u00f3n.<\/p>\n<p style=\"text-align: justify;\">Continuamos con la proyecci\u00f3n del documental \u201cIn the same boat\u201d que dio paso a un interesante debate sobre cambio, educaci\u00f3n, neoliberalismo\u2026\u00a0 Tras la cena, concierto ac\u00fastico con canciones de tem\u00e1tica social. Contamos con las voces de Babel, que version\u00f3 \u201cHarto de estar harto\u201d de Ant\u00edlopez y \u201cCopenhague\u201d de Vestusta Morla; Pablo Mar\u00edn, con su versi\u00f3n de \u201cPolvorado\u201d de Nacho Vegas; y Luc\u00eda Carri\u00f3n, con una soberbia interpretaci\u00f3n de \u201cNo hay tanto pan\u201d de Silvia P\u00e9rez Cruz.<\/p>\n<p style=\"text-align: justify;\">En Madrid lo celebramos el s\u00e1bado 11 en el colegio de Aluche. Comenzamos con una oraci\u00f3n y una din\u00e1mica con la que fuimos haci\u00e9ndonos conscientes de que todas las personas comprometidas con el voluntariado formamos parte de una amplia red mientras que se le\u00eda en voz alta el manifiesto elaborado para este d\u00eda. Para cerrar este primer momento compartimos individualmente qu\u00e9 nos hab\u00eda resonado especialmente de la din\u00e1mica.<\/p>\n<p style=\"text-align: justify;\">En un segundo momento fuimos reflexionando en grupo sobre los diferentes proyectos, equipos y encuentros y qu\u00e9 oportunidades ve\u00edamos para crecer a trav\u00e9s de diferentes claves en cada uno de ellos.<\/p>\n<p style=\"text-align: justify;\">Y como ya en otras ciudades de la provincia de Betania empezamos a crecer, tambi\u00e9n se celebr\u00f3 el D\u00eda del Voluntariado en Oviedo, donde se dio a los voluntarios del aula de apoyo las gracias p\u00fablicamente, adem\u00e1s de obsequiarles con un detalle por su tiempo y dedicaci\u00f3n.<\/p>\n<p style=\"text-align: justify;\">Un d\u00eda para RECORDAR el valor del voluntariado, RECONOCER y agradecer su compromiso, y CONVOCAR para seguir haciendo camino.<\/p>\n\n\t\t<style type=\"text\/css\">\n\t\t\t#gallery-1 {\n\t\t\t\tmargin: auto;\n\t\t\t}\n\t\t\t#gallery-1 .gallery-item {\n\t\t\t\tfloat: left;\n\t\t\t\tmargin-top: 10px;\n\t\t\t\ttext-align: center;\n\t\t\t\twidth: 20%;\n\t\t\t}\n\t\t\t#gallery-1 img {\n\t\t\t\tborder: 2px solid #cfcfcf;\n\t\t\t}\n\t\t\t#gallery-1 .gallery-caption {\n\t\t\t\tmargin-left: 0;\n\t\t\t}\n\t\t\t\/* see gallery_shortcode() in wp-includes\/media.php *\/\n\t\t<\/style>\n\t\t<div id='gallery-1' class='gallery galleryid-18495 gallery-columns-5 gallery-size-thumbnail'><dl class='gallery-item'>\n\t\t\t<dt class='gallery-icon landscape'>\n\t\t\t\t<img decoding=\"async\" width=\"90\" height=\"90\" src=\"https:\/\/www.itakaescolapios.org\/wp-content\/uploads\/2017\/03\/IMG-20170311-WA0040-90x90.jpg\" class=\"attachment-thumbnail size-thumbnail\" alt=\"\" \/>\n\t\t\t<\/dt><\/dl><dl class='gallery-item'>\n\t\t\t<dt class='gallery-icon landscape'>\n\t\t\t\t<img decoding=\"async\" width=\"90\" height=\"90\" src=\"https:\/\/www.itakaescolapios.org\/wp-content\/uploads\/2017\/03\/WhatsApp-Image-2017-03-11-at-14.32.27-90x90.jpeg\" class=\"attachment-thumbnail size-thumbnail\" alt=\"\" \/>\n\t\t\t<\/dt><\/dl><dl class='gallery-item'>\n\t\t\t<dt class='gallery-icon landscape'>\n\t\t\t\t<img decoding=\"async\" width=\"90\" height=\"90\" src=\"https:\/\/www.itakaescolapios.org\/wp-content\/uploads\/2017\/03\/WhatsApp-Image-2017-03-11-at-14.32.36-90x90.jpeg\" class=\"attachment-thumbnail size-thumbnail\" alt=\"\" \/>\n\t\t\t<\/dt><\/dl><dl class='gallery-item'>\n\t\t\t<dt class='gallery-icon landscape'>\n\t\t\t\t<img decoding=\"async\" width=\"90\" height=\"90\" src=\"https:\/\/www.itakaescolapios.org\/wp-content\/uploads\/2017\/03\/WhatsApp-Image-2017-03-11-at-14.32.35-90x90.jpeg\" class=\"attachment-thumbnail size-thumbnail\" alt=\"\" \/>\n\t\t\t<\/dt><\/dl><dl class='gallery-item'>\n\t\t\t<dt class='gallery-icon landscape'>\n\t\t\t\t<img decoding=\"async\" width=\"90\" height=\"90\" src=\"https:\/\/www.itakaescolapios.org\/wp-content\/uploads\/2017\/03\/WhatsApp-Image-2017-03-11-at-14.32.37-90x90.jpeg\" class=\"attachment-thumbnail size-thumbnail\" alt=\"\" \/>\n\t\t\t<\/dt><\/dl><br style=\"clear: both\" \/><dl class='gallery-item'>\n\t\t\t<dt class='gallery-icon landscape'>\n\t\t\t\t<img decoding=\"async\" width=\"90\" height=\"90\" src=\"https:\/\/www.itakaescolapios.org\/wp-content\/uploads\/2017\/03\/WhatsApp-Image-2017-03-11-at-14.32.38-90x90.jpeg\" class=\"attachment-thumbnail size-thumbnail\" alt=\"\" \/>\n\t\t\t<\/dt><\/dl><dl class='gallery-item'>\n\t\t\t<dt class='gallery-icon landscape'>\n\t\t\t\t<img decoding=\"async\" width=\"90\" height=\"90\" src=\"https:\/\/www.itakaescolapios.org\/wp-content\/uploads\/2017\/03\/WhatsApp-Image-2017-03-11-at-14.32.27-1-90x90.jpeg\" class=\"attachment-thumbnail size-thumbnail\" alt=\"\" \/>\n\t\t\t<\/dt><\/dl><dl class='gallery-item'>\n\t\t\t<dt class='gallery-icon landscape'>\n\t\t\t\t<img decoding=\"async\" width=\"90\" height=\"90\" src=\"https:\/\/www.itakaescolapios.org\/wp-content\/uploads\/2017\/03\/WhatsApp-Image-2017-03-11-at-14.32.24-90x90.jpeg\" class=\"attachment-thumbnail size-thumbnail\" alt=\"\" \/>\n\t\t\t<\/dt><\/dl><dl class='gallery-item'>\n\t\t\t<dt class='gallery-icon landscape'>\n\t\t\t\t<img decoding=\"async\" width=\"90\" height=\"90\" src=\"https:\/\/www.itakaescolapios.org\/wp-content\/uploads\/2017\/03\/WhatsApp-Image-2017-03-11-at-14.32.25-1-90x90.jpeg\" class=\"attachment-thumbnail size-thumbnail\" alt=\"\" \/>\n\t\t\t<\/dt><\/dl><dl class='gallery-item'>\n\t\t\t<dt class='gallery-icon landscape'>\n\t\t\t\t<img decoding=\"async\" width=\"90\" height=\"90\" src=\"https:\/\/www.itakaescolapios.org\/wp-content\/uploads\/2017\/03\/WhatsApp-Image-2017-03-11-at-14.32.26-90x90.jpeg\" class=\"attachment-thumbnail size-thumbnail\" alt=\"\" \/>\n\t\t\t<\/dt><\/dl><br style=\"clear: both\" \/>\n\t\t<\/div>\n\n","protected":false},"excerpt":{"rendered":"<p>Coincidiendo con el aniversario de la constituci\u00f3n de la Fundaci\u00f3n, el d\u00eda 9 de marzo celebramos el D\u00eda del Voluntariado de Itaka-Escolapios en la provincia de Betania. En Valencia nos [&hellip;]<\/p>\n","protected":false},"author":39,"featured_media":18496,"comment_status":"closed","ping_status":"closed","sticky":false,"template":"","format":"standard","meta":{"_et_pb_use_builder":"","_et_pb_old_content":"","_et_gb_content_width":"","footnotes":""},"categories":[146,12],"tags":[196,250,419,424,430,411,142],"class_list":["post-18495","post","type-post","status-publish","format-standard","has-post-thumbnail","hentry","category-madrid","category-valencia","tag-betania","tag-celebracion","tag-itaka-escolapios","tag-madrid","tag-oviedo","tag-valencia","tag-voluntariado"],"yoast_head":"<!-- This site is optimized with the Yoast SEO plugin v27.4 - https:\/\/yoast.com\/product\/yoast-seo-wordpress\/ -->\n<title>CELEBRANDO EL D\u00cdA DEL VOLUNTARIADO DE ITAKA-ESCOLAPIOS EN BETANIA<\/title>\n<meta name=\"description\" content=\"Coincidiendo con el aniversario de la constituci\u00f3n de la Fundaci\u00f3n, el d\u00eda 9 de marzo celebramos el D\u00eda del Voluntariado de Itaka-Escolapios en la provincia de Betania. En Valencia nos juntamos el viernes 10 para celebrarlo presentando, en primer lugar, el manifiesto de agradecimiento a la labor de todos los voluntarios que, en cualquier parte&hellip;\" \/>\n<meta name=\"robots\" content=\"index, follow, max-snippet:-1, max-image-preview:large, max-video-preview:-1\" \/>\n<link rel=\"canonical\" href=\"http:\/\/Coincidiendo%20con%20el%20aniversario%20de%20la%20constituci\u00f3n%20de%20la%20Fundaci\u00f3n,%20el%20d\u00eda%209%20de%20marzo%20celebramos%20el%20D\u00eda%20del%20Voluntariado%20de%20Itaka-Escolapios%20en%20la%20provincia%20de%20Betania.%20En%20Valencia%20nos%20juntamos%20el%20viernes%2010%20para%20celebrarlo%20presentando,%20en%20primer%20lugar,%20el%20manifiesto%20de%20agradecimiento%20a%20la%20labor%20de%20todos%20los%20voluntarios%20que,%20en%20cualquier%20parte&hellip;\" \/>\n<meta property=\"og:locale\" content=\"en_US\" \/>\n<meta property=\"og:type\" content=\"article\" \/>\n<meta property=\"og:title\" content=\"CELEBRANDO EL D\u00cdA DEL VOLUNTARIADO DE ITAKA-ESCOLAPIOS EN BETANIA\" \/>\n<meta property=\"og:description\" content=\"Coincidiendo con el aniversario de la constituci\u00f3n de la Fundaci\u00f3n, el d\u00eda 9 de marzo celebramos el D\u00eda del Voluntariado de Itaka-Escolapios en la provincia de Betania. En Valencia nos juntamos el viernes 10 para celebrarlo presentando, en primer lugar, el manifiesto de agradecimiento a la labor de todos los voluntarios que, en cualquier parte&hellip;\" \/>\n<meta property=\"og:url\" content=\"https:\/\/www.itakaescolapios.org\/eu\/2017\/03\/celebrando-el-dia-del-voluntariado-de-itaka-escolapios-en-betania\/\" \/>\n<meta property=\"og:site_name\" content=\"Itaka-Escolapios\" \/>\n<meta property=\"article:published_time\" content=\"2017-03-14T10:09:42+00:00\" \/>\n<meta property=\"article:modified_time\" content=\"2023-11-28T11:38:09+00:00\" \/>\n<meta property=\"og:image\" content=\"https:\/\/www.itakaescolapios.org\/wp-content\/uploads\/2017\/03\/IMG-20170313-WA0003.jpg\" \/>\n\t<meta property=\"og:image:width\" content=\"1599\" \/>\n\t<meta property=\"og:image:height\" content=\"899\" \/>\n\t<meta property=\"og:image:type\" content=\"image\/jpeg\" \/>\n<meta name=\"author\" content=\"valencia01\" \/>\n<meta name=\"twitter:card\" content=\"summary_large_image\" \/>\n<meta name=\"twitter:label1\" content=\"Written by\" \/>\n\t<meta name=\"twitter:data1\" content=\"valencia01\" \/>\n\t<meta name=\"twitter:label2\" content=\"Est. reading time\" \/>\n\t<meta name=\"twitter:data2\" content=\"2 minutua\" \/>\n<script type=\"application\/ld+json\" class=\"yoast-schema-graph\">{\"@context\":\"https:\\\/\\\/schema.org\",\"@graph\":[{\"@type\":\"Article\",\"@id\":\"https:\\\/\\\/www.itakaescolapios.org\\\/eu\\\/2017\\\/03\\\/celebrando-el-dia-del-voluntariado-de-itaka-escolapios-en-betania\\\/#article\",\"isPartOf\":{\"@id\":\"https:\\\/\\\/www.itakaescolapios.org\\\/eu\\\/2017\\\/03\\\/celebrando-el-dia-del-voluntariado-de-itaka-escolapios-en-betania\\\/\"},\"author\":{\"name\":\"valencia01\",\"@id\":\"https:\\\/\\\/www.itakaescolapios.org\\\/es\\\/#\\\/schema\\\/person\\\/c232ccaa2b3f2e98db93c1f8dfca96ff\"},\"headline\":\"CELEBRANDO EL D\u00cdA DEL VOLUNTARIADO DE ITAKA-ESCOLAPIOS EN BETANIA\",\"datePublished\":\"2017-03-14T10:09:42+00:00\",\"dateModified\":\"2023-11-28T11:38:09+00:00\",\"mainEntityOfPage\":{\"@id\":\"https:\\\/\\\/www.itakaescolapios.org\\\/eu\\\/2017\\\/03\\\/celebrando-el-dia-del-voluntariado-de-itaka-escolapios-en-betania\\\/\"},\"wordCount\":355,\"publisher\":{\"@id\":\"https:\\\/\\\/www.itakaescolapios.org\\\/es\\\/#organization\"},\"image\":{\"@id\":\"https:\\\/\\\/www.itakaescolapios.org\\\/eu\\\/2017\\\/03\\\/celebrando-el-dia-del-voluntariado-de-itaka-escolapios-en-betania\\\/#primaryimage\"},\"thumbnailUrl\":\"https:\\\/\\\/www.itakaescolapios.org\\\/wp-content\\\/uploads\\\/2017\\\/03\\\/IMG-20170313-WA0003.jpg\",\"keywords\":[\"Betania\",\"celebraci\u00f3n\",\"Itaka Escolapios\",\"Madrid\",\"Oviedo\",\"Valencia\",\"voluntariado\"],\"articleSection\":[\"Madrid\",\"Valencia\"],\"inLanguage\":\"eu\"},{\"@type\":\"WebPage\",\"@id\":\"https:\\\/\\\/www.itakaescolapios.org\\\/eu\\\/2017\\\/03\\\/celebrando-el-dia-del-voluntariado-de-itaka-escolapios-en-betania\\\/\",\"url\":\"https:\\\/\\\/www.itakaescolapios.org\\\/eu\\\/2017\\\/03\\\/celebrando-el-dia-del-voluntariado-de-itaka-escolapios-en-betania\\\/\",\"name\":\"CELEBRANDO EL D\u00cdA DEL VOLUNTARIADO DE ITAKA-ESCOLAPIOS EN BETANIA - Itaka-Escolapios\",\"isPartOf\":{\"@id\":\"https:\\\/\\\/www.itakaescolapios.org\\\/es\\\/#website\"},\"primaryImageOfPage\":{\"@id\":\"https:\\\/\\\/www.itakaescolapios.org\\\/eu\\\/2017\\\/03\\\/celebrando-el-dia-del-voluntariado-de-itaka-escolapios-en-betania\\\/#primaryimage\"},\"image\":{\"@id\":\"https:\\\/\\\/www.itakaescolapios.org\\\/eu\\\/2017\\\/03\\\/celebrando-el-dia-del-voluntariado-de-itaka-escolapios-en-betania\\\/#primaryimage\"},\"thumbnailUrl\":\"https:\\\/\\\/www.itakaescolapios.org\\\/wp-content\\\/uploads\\\/2017\\\/03\\\/IMG-20170313-WA0003.jpg\",\"datePublished\":\"2017-03-14T10:09:42+00:00\",\"dateModified\":\"2023-11-28T11:38:09+00:00\",\"breadcrumb\":{\"@id\":\"https:\\\/\\\/www.itakaescolapios.org\\\/eu\\\/2017\\\/03\\\/celebrando-el-dia-del-voluntariado-de-itaka-escolapios-en-betania\\\/#breadcrumb\"},\"inLanguage\":\"eu\",\"potentialAction\":[{\"@type\":\"ReadAction\",\"target\":[\"https:\\\/\\\/www.itakaescolapios.org\\\/eu\\\/2017\\\/03\\\/celebrando-el-dia-del-voluntariado-de-itaka-escolapios-en-betania\\\/\"]}]},{\"@type\":\"ImageObject\",\"inLanguage\":\"eu\",\"@id\":\"https:\\\/\\\/www.itakaescolapios.org\\\/eu\\\/2017\\\/03\\\/celebrando-el-dia-del-voluntariado-de-itaka-escolapios-en-betania\\\/#primaryimage\",\"url\":\"https:\\\/\\\/www.itakaescolapios.org\\\/wp-content\\\/uploads\\\/2017\\\/03\\\/IMG-20170313-WA0003.jpg\",\"contentUrl\":\"https:\\\/\\\/www.itakaescolapios.org\\\/wp-content\\\/uploads\\\/2017\\\/03\\\/IMG-20170313-WA0003.jpg\",\"width\":1599,\"height\":899},{\"@type\":\"BreadcrumbList\",\"@id\":\"https:\\\/\\\/www.itakaescolapios.org\\\/eu\\\/2017\\\/03\\\/celebrando-el-dia-del-voluntariado-de-itaka-escolapios-en-betania\\\/#breadcrumb\",\"itemListElement\":[{\"@type\":\"ListItem\",\"position\":1,\"name\":\"Itaka-Escolapios\",\"item\":\"https:\\\/\\\/www.itakaescolapios.org\\\/es\\\/\"},{\"@type\":\"ListItem\",\"position\":2,\"name\":\"CELEBRANDO EL D\u00cdA DEL VOLUNTARIADO DE ITAKA-ESCOLAPIOS EN BETANIA\"}]},{\"@type\":\"WebSite\",\"@id\":\"https:\\\/\\\/www.itakaescolapios.org\\\/eu\\\/es\\\/#website\",\"url\":\"https:\\\/\\\/www.itakaescolapios.org\\\/eu\\\/es\\\/\",\"name\":\"Itaka-Escolapios\",\"description\":\"Red de Itaka-Escolapios\",\"publisher\":{\"@id\":\"https:\\\/\\\/www.itakaescolapios.org\\\/eu\\\/es\\\/#organization\"},\"potentialAction\":[{\"@type\":\"SearchAction\",\"target\":{\"@type\":\"EntryPoint\",\"urlTemplate\":\"https:\\\/\\\/www.itakaescolapios.org\\\/eu\\\/es\\\/?s={search_term_string}\"},\"query-input\":{\"@type\":\"PropertyValueSpecification\",\"valueRequired\":true,\"valueName\":\"search_term_string\"}}],\"inLanguage\":\"eu\"},{\"@type\":\"Organization\",\"@id\":\"https:\\\/\\\/www.itakaescolapios.org\\\/eu\\\/es\\\/#organization\",\"name\":\"Fundaci\u00f3 Itaka-Escolapios\",\"url\":\"https:\\\/\\\/www.itakaescolapios.org\\\/eu\\\/es\\\/\",\"logo\":{\"@type\":\"ImageObject\",\"inLanguage\":\"eu\",\"@id\":\"https:\\\/\\\/www.itakaescolapios.org\\\/eu\\\/es\\\/#\\\/schema\\\/logo\\\/image\\\/\",\"url\":\"https:\\\/\\\/www.itakaescolapios.org\\\/wp-content\\\/uploads\\\/2024\\\/04\\\/Logo-itakaescolapios-peque.png\",\"contentUrl\":\"https:\\\/\\\/www.itakaescolapios.org\\\/wp-content\\\/uploads\\\/2024\\\/04\\\/Logo-itakaescolapios-peque.png\",\"width\":500,\"height\":199,\"caption\":\"Fundaci\u00f3 Itaka-Escolapios\"},\"image\":{\"@id\":\"https:\\\/\\\/www.itakaescolapios.org\\\/eu\\\/es\\\/#\\\/schema\\\/logo\\\/image\\\/\"}},{\"@type\":\"Person\",\"@id\":\"https:\\\/\\\/www.itakaescolapios.org\\\/es\\\/#\\\/schema\\\/person\\\/c232ccaa2b3f2e98db93c1f8dfca96ff\",\"name\":\"valencia01\",\"url\":\"https:\\\/\\\/www.itakaescolapios.org\\\/eu\\\/author\\\/valencia01\\\/\"}]}<\/script>\n<!-- \/ Yoast SEO plugin. -->","yoast_head_json":{"title":"CELEBRANDO EL D\u00cdA DEL VOLUNTARIADO DE ITAKA-ESCOLAPIOS EN BETANIA","description":"Coincidiendo con el aniversario de la constituci\u00f3n de la Fundaci\u00f3n, el d\u00eda 9 de marzo celebramos el D\u00eda del Voluntariado de Itaka-Escolapios en la provincia de Betania. En Valencia nos juntamos el viernes 10 para celebrarlo presentando, en primer lugar, el manifiesto de agradecimiento a la labor de todos los voluntarios que, en cualquier parte&hellip;","robots":{"index":"index","follow":"follow","max-snippet":"max-snippet:-1","max-image-preview":"max-image-preview:large","max-video-preview":"max-video-preview:-1"},"canonical":"Coincidiendo con el aniversario de la constituci\u00f3n de la Fundaci\u00f3n, el d\u00eda 9 de marzo celebramos el D\u00eda del Voluntariado de Itaka-Escolapios en la provincia de Betania. En Valencia nos juntamos el viernes 10 para celebrarlo presentando, en primer lugar, el manifiesto de agradecimiento a la labor de todos los voluntarios que, en cualquier parte&hellip;","og_locale":"en_US","og_type":"article","og_title":"CELEBRANDO EL D\u00cdA DEL VOLUNTARIADO DE ITAKA-ESCOLAPIOS EN BETANIA","og_description":"Coincidiendo con el aniversario de la constituci\u00f3n de la Fundaci\u00f3n, el d\u00eda 9 de marzo celebramos el D\u00eda del Voluntariado de Itaka-Escolapios en la provincia de Betania. En Valencia nos juntamos el viernes 10 para celebrarlo presentando, en primer lugar, el manifiesto de agradecimiento a la labor de todos los voluntarios que, en cualquier parte&hellip;","og_url":"https:\/\/www.itakaescolapios.org\/eu\/2017\/03\/celebrando-el-dia-del-voluntariado-de-itaka-escolapios-en-betania\/","og_site_name":"Itaka-Escolapios","article_published_time":"2017-03-14T10:09:42+00:00","article_modified_time":"2023-11-28T11:38:09+00:00","og_image":[{"width":1599,"height":899,"url":"https:\/\/www.itakaescolapios.org\/wp-content\/uploads\/2017\/03\/IMG-20170313-WA0003.jpg","type":"image\/jpeg"}],"author":"valencia01","twitter_card":"summary_large_image","twitter_misc":{"Written by":"valencia01","Est. reading time":"2 minutua"},"schema":{"@context":"https:\/\/schema.org","@graph":[{"@type":"Article","@id":"https:\/\/www.itakaescolapios.org\/eu\/2017\/03\/celebrando-el-dia-del-voluntariado-de-itaka-escolapios-en-betania\/#article","isPartOf":{"@id":"https:\/\/www.itakaescolapios.org\/eu\/2017\/03\/celebrando-el-dia-del-voluntariado-de-itaka-escolapios-en-betania\/"},"author":{"name":"valencia01","@id":"https:\/\/www.itakaescolapios.org\/es\/#\/schema\/person\/c232ccaa2b3f2e98db93c1f8dfca96ff"},"headline":"CELEBRANDO EL D\u00cdA DEL VOLUNTARIADO DE ITAKA-ESCOLAPIOS EN BETANIA","datePublished":"2017-03-14T10:09:42+00:00","dateModified":"2023-11-28T11:38:09+00:00","mainEntityOfPage":{"@id":"https:\/\/www.itakaescolapios.org\/eu\/2017\/03\/celebrando-el-dia-del-voluntariado-de-itaka-escolapios-en-betania\/"},"wordCount":355,"publisher":{"@id":"https:\/\/www.itakaescolapios.org\/es\/#organization"},"image":{"@id":"https:\/\/www.itakaescolapios.org\/eu\/2017\/03\/celebrando-el-dia-del-voluntariado-de-itaka-escolapios-en-betania\/#primaryimage"},"thumbnailUrl":"https:\/\/www.itakaescolapios.org\/wp-content\/uploads\/2017\/03\/IMG-20170313-WA0003.jpg","keywords":["Betania","celebraci\u00f3n","Itaka Escolapios","Madrid","Oviedo","Valencia","voluntariado"],"articleSection":["Madrid","Valencia"],"inLanguage":"eu"},{"@type":"WebPage","@id":"https:\/\/www.itakaescolapios.org\/eu\/2017\/03\/celebrando-el-dia-del-voluntariado-de-itaka-escolapios-en-betania\/","url":"https:\/\/www.itakaescolapios.org\/eu\/2017\/03\/celebrando-el-dia-del-voluntariado-de-itaka-escolapios-en-betania\/","name":"CELEBRANDO EL D\u00cdA DEL VOLUNTARIADO DE ITAKA-ESCOLAPIOS EN BETANIA - Itaka-Escolapios","isPartOf":{"@id":"https:\/\/www.itakaescolapios.org\/es\/#website"},"primaryImageOfPage":{"@id":"https:\/\/www.itakaescolapios.org\/eu\/2017\/03\/celebrando-el-dia-del-voluntariado-de-itaka-escolapios-en-betania\/#primaryimage"},"image":{"@id":"https:\/\/www.itakaescolapios.org\/eu\/2017\/03\/celebrando-el-dia-del-voluntariado-de-itaka-escolapios-en-betania\/#primaryimage"},"thumbnailUrl":"https:\/\/www.itakaescolapios.org\/wp-content\/uploads\/2017\/03\/IMG-20170313-WA0003.jpg","datePublished":"2017-03-14T10:09:42+00:00","dateModified":"2023-11-28T11:38:09+00:00","breadcrumb":{"@id":"https:\/\/www.itakaescolapios.org\/eu\/2017\/03\/celebrando-el-dia-del-voluntariado-de-itaka-escolapios-en-betania\/#breadcrumb"},"inLanguage":"eu","potentialAction":[{"@type":"ReadAction","target":["https:\/\/www.itakaescolapios.org\/eu\/2017\/03\/celebrando-el-dia-del-voluntariado-de-itaka-escolapios-en-betania\/"]}]},{"@type":"ImageObject","inLanguage":"eu","@id":"https:\/\/www.itakaescolapios.org\/eu\/2017\/03\/celebrando-el-dia-del-voluntariado-de-itaka-escolapios-en-betania\/#primaryimage","url":"https:\/\/www.itakaescolapios.org\/wp-content\/uploads\/2017\/03\/IMG-20170313-WA0003.jpg","contentUrl":"https:\/\/www.itakaescolapios.org\/wp-content\/uploads\/2017\/03\/IMG-20170313-WA0003.jpg","width":1599,"height":899},{"@type":"BreadcrumbList","@id":"https:\/\/www.itakaescolapios.org\/eu\/2017\/03\/celebrando-el-dia-del-voluntariado-de-itaka-escolapios-en-betania\/#breadcrumb","itemListElement":[{"@type":"ListItem","position":1,"name":"Itaka-Escolapios","item":"https:\/\/www.itakaescolapios.org\/es\/"},{"@type":"ListItem","position":2,"name":"CELEBRANDO EL D\u00cdA DEL VOLUNTARIADO DE ITAKA-ESCOLAPIOS EN BETANIA"}]},{"@type":"WebSite","@id":"https:\/\/www.itakaescolapios.org\/eu\/es\/#website","url":"https:\/\/www.itakaescolapios.org\/eu\/es\/","name":"Itaka-Escolapios","description":"Red de Itaka-Escolapios","publisher":{"@id":"https:\/\/www.itakaescolapios.org\/eu\/es\/#organization"},"potentialAction":[{"@type":"SearchAction","target":{"@type":"EntryPoint","urlTemplate":"https:\/\/www.itakaescolapios.org\/eu\/es\/?s={search_term_string}"},"query-input":{"@type":"PropertyValueSpecification","valueRequired":true,"valueName":"search_term_string"}}],"inLanguage":"eu"},{"@type":"Organization","@id":"https:\/\/www.itakaescolapios.org\/eu\/es\/#organization","name":"Fundaci\u00f3 Itaka-Escolapios","url":"https:\/\/www.itakaescolapios.org\/eu\/es\/","logo":{"@type":"ImageObject","inLanguage":"eu","@id":"https:\/\/www.itakaescolapios.org\/eu\/es\/#\/schema\/logo\/image\/","url":"https:\/\/www.itakaescolapios.org\/wp-content\/uploads\/2024\/04\/Logo-itakaescolapios-peque.png","contentUrl":"https:\/\/www.itakaescolapios.org\/wp-content\/uploads\/2024\/04\/Logo-itakaescolapios-peque.png","width":500,"height":199,"caption":"Fundaci\u00f3 Itaka-Escolapios"},"image":{"@id":"https:\/\/www.itakaescolapios.org\/eu\/es\/#\/schema\/logo\/image\/"}},{"@type":"Person","@id":"https:\/\/www.itakaescolapios.org\/es\/#\/schema\/person\/c232ccaa2b3f2e98db93c1f8dfca96ff","name":"valencia01","url":"https:\/\/www.itakaescolapios.org\/eu\/author\/valencia01\/"}]}},"_links":{"self":[{"href":"https:\/\/www.itakaescolapios.org\/eu\/wp-json\/wp\/v2\/posts\/18495","targetHints":{"allow":["GET"]}}],"collection":[{"href":"https:\/\/www.itakaescolapios.org\/eu\/wp-json\/wp\/v2\/posts"}],"about":[{"href":"https:\/\/www.itakaescolapios.org\/eu\/wp-json\/wp\/v2\/types\/post"}],"author":[{"embeddable":true,"href":"https:\/\/www.itakaescolapios.org\/eu\/wp-json\/wp\/v2\/users\/39"}],"replies":[{"embeddable":true,"href":"https:\/\/www.itakaescolapios.org\/eu\/wp-json\/wp\/v2\/comments?post=18495"}],"version-history":[{"count":7,"href":"https:\/\/www.itakaescolapios.org\/eu\/wp-json\/wp\/v2\/posts\/18495\/revisions"}],"predecessor-version":[{"id":47864,"href":"https:\/\/www.itakaescolapios.org\/eu\/wp-json\/wp\/v2\/posts\/18495\/revisions\/47864"}],"wp:featuredmedia":[{"embeddable":true,"href":"https:\/\/www.itakaescolapios.org\/eu\/wp-json\/wp\/v2\/media\/18496"}],"wp:attachment":[{"href":"https:\/\/www.itakaescolapios.org\/eu\/wp-json\/wp\/v2\/media?parent=18495"}],"wp:term":[{"taxonomy":"category","embeddable":true,"href":"https:\/\/www.itakaescolapios.org\/eu\/wp-json\/wp\/v2\/categories?post=18495"},{"taxonomy":"post_tag","embeddable":true,"href":"https:\/\/www.itakaescolapios.org\/eu\/wp-json\/wp\/v2\/tags?post=18495"}],"curies":[{"name":"wp","href":"https:\/\/api.w.org\/{rel}","templated":true}]}}