{"id":19182,"date":"2017-05-25T13:57:38","date_gmt":"2017-05-25T12:57:38","guid":{"rendered":"https:\/\/www.itakaescolapios.org\/?p=19182"},"modified":"2023-11-28T12:38:03","modified_gmt":"2023-11-28T11:38:03","slug":"encuentro-de-educacion-no-formal-en-granada","status":"publish","type":"post","link":"https:\/\/www.itakaescolapios.org\/eu\/2017\/05\/encuentro-de-educacion-no-formal-en-granada\/","title":{"rendered":"ENCUENTRO DE EDUCACI\u00d3N NO FORMAL EN GRANADA"},"content":{"rendered":"<p><span style=\"font-size: 14px;\">Del 26 al 28 de mayo se celebrar\u00e1 el IV Encuentro Escolapio de Educaci\u00f3n no formal de Espa\u00f1a en Granada con el programa que se presenta en la imagen para compartir experiencias, conocer m\u00e1s a fondo los proyectos en Granada y seguir creciendo en red escolapia.<\/span><\/p>\n","protected":false},"excerpt":{"rendered":"<p>Del 26 al 28 de mayo se celebrar\u00e1 el IV Encuentro Escolapio de Educaci\u00f3n no formal de Espa\u00f1a en Granada con el programa que se presenta en la imagen para [&hellip;]<\/p>\n","protected":false},"author":4,"featured_media":19183,"comment_status":"closed","ping_status":"closed","sticky":false,"template":"","format":"standard","meta":{"_et_pb_use_builder":"","_et_pb_old_content":"","_et_gb_content_width":"","footnotes":""},"categories":[11,30],"tags":[],"class_list":["post-19182","post","type-post","status-publish","format-standard","has-post-thumbnail","hentry","category-granada","category-itaka-escolapios"],"yoast_head":"<!-- This site is optimized with the Yoast SEO plugin v27.4 - https:\/\/yoast.com\/product\/yoast-seo-wordpress\/ -->\n<title>ENCUENTRO DE EDUCACI\u00d3N NO FORMAL EN GRANADA<\/title>\n<meta name=\"description\" content=\"Del 26 al 28 de mayo se celebrar\u00e1 el IV Encuentro Escolapio de Educaci\u00f3n no formal de Espa\u00f1a en Granada con el programa que se presenta en la imagen para compartir experiencias, conocer m\u00e1s a fondo los proyectos en Granada y seguir creciendo en red escolapia.\" \/>\n<meta name=\"robots\" content=\"index, follow, max-snippet:-1, max-image-preview:large, max-video-preview:-1\" \/>\n<link rel=\"canonical\" href=\"http:\/\/Del%2026%20al%2028%20de%20mayo%20se%20celebrar\u00e1%20el%20IV%20Encuentro%20Escolapio%20de%20Educaci\u00f3n%20no%20formal%20de%20Espa\u00f1a%20en%20Granada%20con%20el%20programa%20que%20se%20presenta%20en%20la%20imagen%20para%20compartir%20experiencias,%20conocer%20m\u00e1s%20a%20fondo%20los%20proyectos%20en%20Granada%20y%20seguir%20creciendo%20en%20red%20escolapia.\" \/>\n<meta property=\"og:locale\" content=\"en_US\" \/>\n<meta property=\"og:type\" content=\"article\" \/>\n<meta property=\"og:title\" content=\"ENCUENTRO DE EDUCACI\u00d3N NO FORMAL EN GRANADA\" \/>\n<meta property=\"og:description\" content=\"Del 26 al 28 de mayo se celebrar\u00e1 el IV Encuentro Escolapio de Educaci\u00f3n no formal de Espa\u00f1a en Granada con el programa que se presenta en la imagen para compartir experiencias, conocer m\u00e1s a fondo los proyectos en Granada y seguir creciendo en red escolapia.\" \/>\n<meta property=\"og:url\" content=\"https:\/\/www.itakaescolapios.org\/eu\/2017\/05\/encuentro-de-educacion-no-formal-en-granada\/\" \/>\n<meta property=\"og:site_name\" content=\"Itaka-Escolapios\" \/>\n<meta property=\"article:published_time\" content=\"2017-05-25T12:57:38+00:00\" \/>\n<meta property=\"article:modified_time\" content=\"2023-11-28T11:38:03+00:00\" \/>\n<meta property=\"og:image\" content=\"https:\/\/www.itakaescolapios.org\/wp-content\/uploads\/2017\/05\/170526-programa-ENF.jpg\" \/>\n\t<meta property=\"og:image:width\" content=\"1061\" \/>\n\t<meta property=\"og:image:height\" content=\"1500\" \/>\n\t<meta property=\"og:image:type\" content=\"image\/jpeg\" \/>\n<meta name=\"author\" content=\"itaka\" \/>\n<meta name=\"twitter:card\" content=\"summary_large_image\" \/>\n<meta name=\"twitter:label1\" content=\"Written by\" \/>\n\t<meta name=\"twitter:data1\" content=\"itaka\" \/>\n<script type=\"application\/ld+json\" class=\"yoast-schema-graph\">{\"@context\":\"https:\\\/\\\/schema.org\",\"@graph\":[{\"@type\":\"Article\",\"@id\":\"https:\\\/\\\/www.itakaescolapios.org\\\/eu\\\/2017\\\/05\\\/encuentro-de-educacion-no-formal-en-granada\\\/#article\",\"isPartOf\":{\"@id\":\"https:\\\/\\\/www.itakaescolapios.org\\\/eu\\\/2017\\\/05\\\/encuentro-de-educacion-no-formal-en-granada\\\/\"},\"author\":{\"name\":\"itaka\",\"@id\":\"https:\\\/\\\/www.itakaescolapios.org\\\/es\\\/#\\\/schema\\\/person\\\/670123daeb1cc31cae1b106740036ccb\"},\"headline\":\"ENCUENTRO DE EDUCACI\u00d3N NO FORMAL EN GRANADA\",\"datePublished\":\"2017-05-25T12:57:38+00:00\",\"dateModified\":\"2023-11-28T11:38:03+00:00\",\"mainEntityOfPage\":{\"@id\":\"https:\\\/\\\/www.itakaescolapios.org\\\/eu\\\/2017\\\/05\\\/encuentro-de-educacion-no-formal-en-granada\\\/\"},\"wordCount\":55,\"publisher\":{\"@id\":\"https:\\\/\\\/www.itakaescolapios.org\\\/es\\\/#organization\"},\"image\":{\"@id\":\"https:\\\/\\\/www.itakaescolapios.org\\\/eu\\\/2017\\\/05\\\/encuentro-de-educacion-no-formal-en-granada\\\/#primaryimage\"},\"thumbnailUrl\":\"https:\\\/\\\/www.itakaescolapios.org\\\/wp-content\\\/uploads\\\/2017\\\/05\\\/170526-programa-ENF.jpg\",\"articleSection\":[\"Granada\",\"Itaka Escolapios\"],\"inLanguage\":\"eu\"},{\"@type\":\"WebPage\",\"@id\":\"https:\\\/\\\/www.itakaescolapios.org\\\/eu\\\/2017\\\/05\\\/encuentro-de-educacion-no-formal-en-granada\\\/\",\"url\":\"https:\\\/\\\/www.itakaescolapios.org\\\/eu\\\/2017\\\/05\\\/encuentro-de-educacion-no-formal-en-granada\\\/\",\"name\":\"ENCUENTRO DE EDUCACI\u00d3N NO FORMAL EN GRANADA - Itaka-Escolapios\",\"isPartOf\":{\"@id\":\"https:\\\/\\\/www.itakaescolapios.org\\\/es\\\/#website\"},\"primaryImageOfPage\":{\"@id\":\"https:\\\/\\\/www.itakaescolapios.org\\\/eu\\\/2017\\\/05\\\/encuentro-de-educacion-no-formal-en-granada\\\/#primaryimage\"},\"image\":{\"@id\":\"https:\\\/\\\/www.itakaescolapios.org\\\/eu\\\/2017\\\/05\\\/encuentro-de-educacion-no-formal-en-granada\\\/#primaryimage\"},\"thumbnailUrl\":\"https:\\\/\\\/www.itakaescolapios.org\\\/wp-content\\\/uploads\\\/2017\\\/05\\\/170526-programa-ENF.jpg\",\"datePublished\":\"2017-05-25T12:57:38+00:00\",\"dateModified\":\"2023-11-28T11:38:03+00:00\",\"breadcrumb\":{\"@id\":\"https:\\\/\\\/www.itakaescolapios.org\\\/eu\\\/2017\\\/05\\\/encuentro-de-educacion-no-formal-en-granada\\\/#breadcrumb\"},\"inLanguage\":\"eu\",\"potentialAction\":[{\"@type\":\"ReadAction\",\"target\":[\"https:\\\/\\\/www.itakaescolapios.org\\\/eu\\\/2017\\\/05\\\/encuentro-de-educacion-no-formal-en-granada\\\/\"]}]},{\"@type\":\"ImageObject\",\"inLanguage\":\"eu\",\"@id\":\"https:\\\/\\\/www.itakaescolapios.org\\\/eu\\\/2017\\\/05\\\/encuentro-de-educacion-no-formal-en-granada\\\/#primaryimage\",\"url\":\"https:\\\/\\\/www.itakaescolapios.org\\\/wp-content\\\/uploads\\\/2017\\\/05\\\/170526-programa-ENF.jpg\",\"contentUrl\":\"https:\\\/\\\/www.itakaescolapios.org\\\/wp-content\\\/uploads\\\/2017\\\/05\\\/170526-programa-ENF.jpg\",\"width\":1061,\"height\":1500},{\"@type\":\"BreadcrumbList\",\"@id\":\"https:\\\/\\\/www.itakaescolapios.org\\\/eu\\\/2017\\\/05\\\/encuentro-de-educacion-no-formal-en-granada\\\/#breadcrumb\",\"itemListElement\":[{\"@type\":\"ListItem\",\"position\":1,\"name\":\"Itaka-Escolapios\",\"item\":\"https:\\\/\\\/www.itakaescolapios.org\\\/es\\\/\"},{\"@type\":\"ListItem\",\"position\":2,\"name\":\"ENCUENTRO DE EDUCACI\u00d3N NO FORMAL EN GRANADA\"}]},{\"@type\":\"WebSite\",\"@id\":\"https:\\\/\\\/www.itakaescolapios.org\\\/eu\\\/es\\\/#website\",\"url\":\"https:\\\/\\\/www.itakaescolapios.org\\\/eu\\\/es\\\/\",\"name\":\"Itaka-Escolapios\",\"description\":\"Red de Itaka-Escolapios\",\"publisher\":{\"@id\":\"https:\\\/\\\/www.itakaescolapios.org\\\/eu\\\/es\\\/#organization\"},\"potentialAction\":[{\"@type\":\"SearchAction\",\"target\":{\"@type\":\"EntryPoint\",\"urlTemplate\":\"https:\\\/\\\/www.itakaescolapios.org\\\/eu\\\/es\\\/?s={search_term_string}\"},\"query-input\":{\"@type\":\"PropertyValueSpecification\",\"valueRequired\":true,\"valueName\":\"search_term_string\"}}],\"inLanguage\":\"eu\"},{\"@type\":\"Organization\",\"@id\":\"https:\\\/\\\/www.itakaescolapios.org\\\/eu\\\/es\\\/#organization\",\"name\":\"Fundaci\u00f3 Itaka-Escolapios\",\"url\":\"https:\\\/\\\/www.itakaescolapios.org\\\/eu\\\/es\\\/\",\"logo\":{\"@type\":\"ImageObject\",\"inLanguage\":\"eu\",\"@id\":\"https:\\\/\\\/www.itakaescolapios.org\\\/eu\\\/es\\\/#\\\/schema\\\/logo\\\/image\\\/\",\"url\":\"https:\\\/\\\/www.itakaescolapios.org\\\/wp-content\\\/uploads\\\/2024\\\/04\\\/Logo-itakaescolapios-peque.png\",\"contentUrl\":\"https:\\\/\\\/www.itakaescolapios.org\\\/wp-content\\\/uploads\\\/2024\\\/04\\\/Logo-itakaescolapios-peque.png\",\"width\":500,\"height\":199,\"caption\":\"Fundaci\u00f3 Itaka-Escolapios\"},\"image\":{\"@id\":\"https:\\\/\\\/www.itakaescolapios.org\\\/eu\\\/es\\\/#\\\/schema\\\/logo\\\/image\\\/\"}},{\"@type\":\"Person\",\"@id\":\"https:\\\/\\\/www.itakaescolapios.org\\\/es\\\/#\\\/schema\\\/person\\\/670123daeb1cc31cae1b106740036ccb\",\"name\":\"itaka\",\"url\":\"https:\\\/\\\/www.itakaescolapios.org\\\/eu\\\/author\\\/itaka\\\/\"}]}<\/script>\n<!-- \/ Yoast SEO plugin. -->","yoast_head_json":{"title":"ENCUENTRO DE EDUCACI\u00d3N NO FORMAL EN GRANADA","description":"Del 26 al 28 de mayo se celebrar\u00e1 el IV Encuentro Escolapio de Educaci\u00f3n no formal de Espa\u00f1a en Granada con el programa que se presenta en la imagen para compartir experiencias, conocer m\u00e1s a fondo los proyectos en Granada y seguir creciendo en red escolapia.","robots":{"index":"index","follow":"follow","max-snippet":"max-snippet:-1","max-image-preview":"max-image-preview:large","max-video-preview":"max-video-preview:-1"},"canonical":"Del 26 al 28 de mayo se celebrar\u00e1 el IV Encuentro Escolapio de Educaci\u00f3n no formal de Espa\u00f1a en Granada con el programa que se presenta en la imagen para compartir experiencias, conocer m\u00e1s a fondo los proyectos en Granada y seguir creciendo en red escolapia.","og_locale":"en_US","og_type":"article","og_title":"ENCUENTRO DE EDUCACI\u00d3N NO FORMAL EN GRANADA","og_description":"Del 26 al 28 de mayo se celebrar\u00e1 el IV Encuentro Escolapio de Educaci\u00f3n no formal de Espa\u00f1a en Granada con el programa que se presenta en la imagen para compartir experiencias, conocer m\u00e1s a fondo los proyectos en Granada y seguir creciendo en red escolapia.","og_url":"https:\/\/www.itakaescolapios.org\/eu\/2017\/05\/encuentro-de-educacion-no-formal-en-granada\/","og_site_name":"Itaka-Escolapios","article_published_time":"2017-05-25T12:57:38+00:00","article_modified_time":"2023-11-28T11:38:03+00:00","og_image":[{"width":1061,"height":1500,"url":"https:\/\/www.itakaescolapios.org\/wp-content\/uploads\/2017\/05\/170526-programa-ENF.jpg","type":"image\/jpeg"}],"author":"itaka","twitter_card":"summary_large_image","twitter_misc":{"Written by":"itaka"},"schema":{"@context":"https:\/\/schema.org","@graph":[{"@type":"Article","@id":"https:\/\/www.itakaescolapios.org\/eu\/2017\/05\/encuentro-de-educacion-no-formal-en-granada\/#article","isPartOf":{"@id":"https:\/\/www.itakaescolapios.org\/eu\/2017\/05\/encuentro-de-educacion-no-formal-en-granada\/"},"author":{"name":"itaka","@id":"https:\/\/www.itakaescolapios.org\/es\/#\/schema\/person\/670123daeb1cc31cae1b106740036ccb"},"headline":"ENCUENTRO DE EDUCACI\u00d3N NO FORMAL EN GRANADA","datePublished":"2017-05-25T12:57:38+00:00","dateModified":"2023-11-28T11:38:03+00:00","mainEntityOfPage":{"@id":"https:\/\/www.itakaescolapios.org\/eu\/2017\/05\/encuentro-de-educacion-no-formal-en-granada\/"},"wordCount":55,"publisher":{"@id":"https:\/\/www.itakaescolapios.org\/es\/#organization"},"image":{"@id":"https:\/\/www.itakaescolapios.org\/eu\/2017\/05\/encuentro-de-educacion-no-formal-en-granada\/#primaryimage"},"thumbnailUrl":"https:\/\/www.itakaescolapios.org\/wp-content\/uploads\/2017\/05\/170526-programa-ENF.jpg","articleSection":["Granada","Itaka Escolapios"],"inLanguage":"eu"},{"@type":"WebPage","@id":"https:\/\/www.itakaescolapios.org\/eu\/2017\/05\/encuentro-de-educacion-no-formal-en-granada\/","url":"https:\/\/www.itakaescolapios.org\/eu\/2017\/05\/encuentro-de-educacion-no-formal-en-granada\/","name":"ENCUENTRO DE EDUCACI\u00d3N NO FORMAL EN GRANADA - Itaka-Escolapios","isPartOf":{"@id":"https:\/\/www.itakaescolapios.org\/es\/#website"},"primaryImageOfPage":{"@id":"https:\/\/www.itakaescolapios.org\/eu\/2017\/05\/encuentro-de-educacion-no-formal-en-granada\/#primaryimage"},"image":{"@id":"https:\/\/www.itakaescolapios.org\/eu\/2017\/05\/encuentro-de-educacion-no-formal-en-granada\/#primaryimage"},"thumbnailUrl":"https:\/\/www.itakaescolapios.org\/wp-content\/uploads\/2017\/05\/170526-programa-ENF.jpg","datePublished":"2017-05-25T12:57:38+00:00","dateModified":"2023-11-28T11:38:03+00:00","breadcrumb":{"@id":"https:\/\/www.itakaescolapios.org\/eu\/2017\/05\/encuentro-de-educacion-no-formal-en-granada\/#breadcrumb"},"inLanguage":"eu","potentialAction":[{"@type":"ReadAction","target":["https:\/\/www.itakaescolapios.org\/eu\/2017\/05\/encuentro-de-educacion-no-formal-en-granada\/"]}]},{"@type":"ImageObject","inLanguage":"eu","@id":"https:\/\/www.itakaescolapios.org\/eu\/2017\/05\/encuentro-de-educacion-no-formal-en-granada\/#primaryimage","url":"https:\/\/www.itakaescolapios.org\/wp-content\/uploads\/2017\/05\/170526-programa-ENF.jpg","contentUrl":"https:\/\/www.itakaescolapios.org\/wp-content\/uploads\/2017\/05\/170526-programa-ENF.jpg","width":1061,"height":1500},{"@type":"BreadcrumbList","@id":"https:\/\/www.itakaescolapios.org\/eu\/2017\/05\/encuentro-de-educacion-no-formal-en-granada\/#breadcrumb","itemListElement":[{"@type":"ListItem","position":1,"name":"Itaka-Escolapios","item":"https:\/\/www.itakaescolapios.org\/es\/"},{"@type":"ListItem","position":2,"name":"ENCUENTRO DE EDUCACI\u00d3N NO FORMAL EN GRANADA"}]},{"@type":"WebSite","@id":"https:\/\/www.itakaescolapios.org\/eu\/es\/#website","url":"https:\/\/www.itakaescolapios.org\/eu\/es\/","name":"Itaka-Escolapios","description":"Red de Itaka-Escolapios","publisher":{"@id":"https:\/\/www.itakaescolapios.org\/eu\/es\/#organization"},"potentialAction":[{"@type":"SearchAction","target":{"@type":"EntryPoint","urlTemplate":"https:\/\/www.itakaescolapios.org\/eu\/es\/?s={search_term_string}"},"query-input":{"@type":"PropertyValueSpecification","valueRequired":true,"valueName":"search_term_string"}}],"inLanguage":"eu"},{"@type":"Organization","@id":"https:\/\/www.itakaescolapios.org\/eu\/es\/#organization","name":"Fundaci\u00f3 Itaka-Escolapios","url":"https:\/\/www.itakaescolapios.org\/eu\/es\/","logo":{"@type":"ImageObject","inLanguage":"eu","@id":"https:\/\/www.itakaescolapios.org\/eu\/es\/#\/schema\/logo\/image\/","url":"https:\/\/www.itakaescolapios.org\/wp-content\/uploads\/2024\/04\/Logo-itakaescolapios-peque.png","contentUrl":"https:\/\/www.itakaescolapios.org\/wp-content\/uploads\/2024\/04\/Logo-itakaescolapios-peque.png","width":500,"height":199,"caption":"Fundaci\u00f3 Itaka-Escolapios"},"image":{"@id":"https:\/\/www.itakaescolapios.org\/eu\/es\/#\/schema\/logo\/image\/"}},{"@type":"Person","@id":"https:\/\/www.itakaescolapios.org\/es\/#\/schema\/person\/670123daeb1cc31cae1b106740036ccb","name":"itaka","url":"https:\/\/www.itakaescolapios.org\/eu\/author\/itaka\/"}]}},"_links":{"self":[{"href":"https:\/\/www.itakaescolapios.org\/eu\/wp-json\/wp\/v2\/posts\/19182","targetHints":{"allow":["GET"]}}],"collection":[{"href":"https:\/\/www.itakaescolapios.org\/eu\/wp-json\/wp\/v2\/posts"}],"about":[{"href":"https:\/\/www.itakaescolapios.org\/eu\/wp-json\/wp\/v2\/types\/post"}],"author":[{"embeddable":true,"href":"https:\/\/www.itakaescolapios.org\/eu\/wp-json\/wp\/v2\/users\/4"}],"replies":[{"embeddable":true,"href":"https:\/\/www.itakaescolapios.org\/eu\/wp-json\/wp\/v2\/comments?post=19182"}],"version-history":[{"count":3,"href":"https:\/\/www.itakaescolapios.org\/eu\/wp-json\/wp\/v2\/posts\/19182\/revisions"}],"predecessor-version":[{"id":47680,"href":"https:\/\/www.itakaescolapios.org\/eu\/wp-json\/wp\/v2\/posts\/19182\/revisions\/47680"}],"wp:featuredmedia":[{"embeddable":true,"href":"https:\/\/www.itakaescolapios.org\/eu\/wp-json\/wp\/v2\/media\/19183"}],"wp:attachment":[{"href":"https:\/\/www.itakaescolapios.org\/eu\/wp-json\/wp\/v2\/media?parent=19182"}],"wp:term":[{"taxonomy":"category","embeddable":true,"href":"https:\/\/www.itakaescolapios.org\/eu\/wp-json\/wp\/v2\/categories?post=19182"},{"taxonomy":"post_tag","embeddable":true,"href":"https:\/\/www.itakaescolapios.org\/eu\/wp-json\/wp\/v2\/tags?post=19182"}],"curies":[{"name":"wp","href":"https:\/\/api.w.org\/{rel}","templated":true}]}}