{"id":20369,"date":"2017-10-09T16:38:02","date_gmt":"2017-10-09T15:38:02","guid":{"rendered":"https:\/\/www.itakaescolapios.org\/?p=20369"},"modified":"2023-11-28T12:37:50","modified_gmt":"2023-11-28T11:37:50","slug":"itaka-escolapios-en-la-escuela-de-pastoral-con-jovenes","status":"publish","type":"post","link":"https:\/\/www.itakaescolapios.org\/eu\/2017\/10\/itaka-escolapios-en-la-escuela-de-pastoral-con-jovenes\/","title":{"rendered":"Itaka- Escolapios en la Escuela de Pastoral con J\u00f3venes"},"content":{"rendered":"<p>La XVI edici\u00f3n de la Escuela de Pastoral con J\u00f3venes (EPJ), celebrada este fin de semana, 7 y 8 de octubre, en Salesianos de Atocha, ha congregado a j\u00f3venes y agentes de pastoral de diversos movimientos, congregaciones, di\u00f3cesis y otras realidades de Iglesia. Bajo el lema \u201cWEFE\u201d nos reunimos para abordar los retos de la pastoral juvenil en una sociedad secular y plural, en el marco del pr\u00f3ximo S\u00ednodo de los J\u00f3venes convocado por el Papa Francisco.<\/p>\n<p>En este marco se presentaron m\u00faltiples talleres de experiencias que trataban de facilitar diferentes \u201cpuertas de acceso a la fe\u201d para los y las j\u00f3venes de hoy; procesos pastorales, m\u00fasica, arte, rezando voy, redes sociales, solidaridad internacional, j\u00f3venes y comunidad, pol\u00edtica, entre otros.<\/p>\n<p><b>Itaka-Escolapios<\/b> desarroll\u00f3 uno de los talleres de Solidaridad, con el t\u00edtulo \u201cJ\u00f3venes y Cuarto Mundo\u201d, en dos sesiones repetidas a lo largo de la tarde del s\u00e1bado, con un total de 23 participantes. All\u00ed pudimos acercarnos a la ra\u00edz de nuestras propuestas a j\u00f3venes en estos contextos desde las claves del evangelio, y ver pistas para la pastoral en los mismos.<\/p>\n<p>Una gran experiencia compartiendo sue\u00f1os y l\u00edneas de futuro.\n\t\t<style type=\"text\/css\">\n\t\t\t#gallery-1 {\n\t\t\t\tmargin: auto;\n\t\t\t}\n\t\t\t#gallery-1 .gallery-item {\n\t\t\t\tfloat: left;\n\t\t\t\tmargin-top: 10px;\n\t\t\t\ttext-align: center;\n\t\t\t\twidth: 33%;\n\t\t\t}\n\t\t\t#gallery-1 img {\n\t\t\t\tborder: 2px solid #cfcfcf;\n\t\t\t}\n\t\t\t#gallery-1 .gallery-caption {\n\t\t\t\tmargin-left: 0;\n\t\t\t}\n\t\t\t\/* see gallery_shortcode() in wp-includes\/media.php *\/\n\t\t<\/style>\n\t\t<div id='gallery-1' class='gallery galleryid-20369 gallery-columns-3 gallery-size-thumbnail'><dl class='gallery-item'>\n\t\t\t<dt class='gallery-icon portrait'>\n\t\t\t\t<a href='https:\/\/www.itakaescolapios.org\/eu\/2017\/10\/itaka-escolapios-en-la-escuela-de-pastoral-con-jovenes\/22228546_1593067887449893_7728501665494723091_n\/'><img decoding=\"async\" width=\"90\" height=\"90\" src=\"https:\/\/www.itakaescolapios.org\/wp-content\/uploads\/2017\/10\/22228546_1593067887449893_7728501665494723091_n-90x90.jpg\" class=\"attachment-thumbnail size-thumbnail\" alt=\"\" \/><\/a>\n\t\t\t<\/dt><\/dl><dl class='gallery-item'>\n\t\t\t<dt class='gallery-icon landscape'>\n\t\t\t\t<a href='https:\/\/www.itakaescolapios.org\/eu\/2017\/10\/itaka-escolapios-en-la-escuela-de-pastoral-con-jovenes\/22365222_1593067914116557_3148098305477239552_n\/'><img decoding=\"async\" width=\"90\" height=\"90\" src=\"https:\/\/www.itakaescolapios.org\/wp-content\/uploads\/2017\/10\/22365222_1593067914116557_3148098305477239552_n-90x90.jpg\" class=\"attachment-thumbnail size-thumbnail\" alt=\"\" \/><\/a>\n\t\t\t<\/dt><\/dl><dl class='gallery-item'>\n\t\t\t<dt class='gallery-icon portrait'>\n\t\t\t\t<a href='https:\/\/www.itakaescolapios.org\/eu\/2017\/10\/itaka-escolapios-en-la-escuela-de-pastoral-con-jovenes\/22228288_1593067994116549_8148794289897319663_n\/'><img decoding=\"async\" width=\"90\" height=\"90\" src=\"https:\/\/www.itakaescolapios.org\/wp-content\/uploads\/2017\/10\/22228288_1593067994116549_8148794289897319663_n-90x90.jpg\" class=\"attachment-thumbnail size-thumbnail\" alt=\"\" \/><\/a>\n\t\t\t<\/dt><\/dl><br style=\"clear: both\" \/><dl class='gallery-item'>\n\t\t\t<dt class='gallery-icon landscape'>\n\t\t\t\t<a href='https:\/\/www.itakaescolapios.org\/eu\/2017\/10\/itaka-escolapios-en-la-escuela-de-pastoral-con-jovenes\/22222043_1593068157449866_1008458495211681781_n\/'><img decoding=\"async\" width=\"90\" height=\"90\" src=\"https:\/\/www.itakaescolapios.org\/wp-content\/uploads\/2017\/10\/22222043_1593068157449866_1008458495211681781_n-90x90.jpg\" class=\"attachment-thumbnail size-thumbnail\" alt=\"\" \/><\/a>\n\t\t\t<\/dt><\/dl>\n\t\t\t<br style='clear: both' \/>\n\t\t<\/div>\n<\/p>\n","protected":false},"excerpt":{"rendered":"<p>La XVI edici\u00f3n de la Escuela de Pastoral con J\u00f3venes (EPJ), celebrada este fin de semana, 7 y 8 de octubre, en Salesianos de Atocha, ha congregado a j\u00f3venes y [&hellip;]<\/p>\n","protected":false},"author":48,"featured_media":20370,"comment_status":"closed","ping_status":"closed","sticky":false,"template":"","format":"standard","meta":{"_et_pb_use_builder":"","_et_pb_old_content":"","_et_gb_content_width":"","footnotes":""},"categories":[146],"tags":[],"class_list":["post-20369","post","type-post","status-publish","format-standard","has-post-thumbnail","hentry","category-madrid"],"yoast_head":"<!-- This site is optimized with the Yoast SEO plugin v27.4 - https:\/\/yoast.com\/product\/yoast-seo-wordpress\/ -->\n<title>Itaka- Escolapios en la Escuela de Pastoral con J\u00f3venes<\/title>\n<meta name=\"description\" content=\"La XVI edici\u00f3n de la Escuela de Pastoral con J\u00f3venes (EPJ), celebrada este fin de semana, 7 y 8 de octubre, en Salesianos de Atocha, ha congregado a j\u00f3venes y agentes de pastoral de diversos movimientos, congregaciones, di\u00f3cesis y otras realidades de Iglesia. Bajo el lema \u201cWEFE\u201d nos reunimos para abordar los retos de la&hellip;\" \/>\n<meta name=\"robots\" content=\"index, follow, max-snippet:-1, max-image-preview:large, max-video-preview:-1\" \/>\n<link rel=\"canonical\" href=\"http:\/\/La%20XVI%20edici\u00f3n%20de%20la%20Escuela%20de%20Pastoral%20con%20J\u00f3venes%20(EPJ),%20celebrada%20este%20fin%20de%20semana,%207%20y%208%20de%20octubre,%20en%20Salesianos%20de%20Atocha,%20ha%20congregado%20a%20j\u00f3venes%20y%20agentes%20de%20pastoral%20de%20diversos%20movimientos,%20congregaciones,%20di\u00f3cesis%20y%20otras%20realidades%20de%20Iglesia.%20Bajo%20el%20lema%20\u201cWEFE\u201d%20nos%20reunimos%20para%20abordar%20los%20retos%20de%20la&hellip;\" \/>\n<meta property=\"og:locale\" content=\"en_US\" \/>\n<meta property=\"og:type\" content=\"article\" \/>\n<meta property=\"og:title\" content=\"Itaka- Escolapios en la Escuela de Pastoral con J\u00f3venes\" \/>\n<meta property=\"og:description\" content=\"La XVI edici\u00f3n de la Escuela de Pastoral con J\u00f3venes (EPJ), celebrada este fin de semana, 7 y 8 de octubre, en Salesianos de Atocha, ha congregado a j\u00f3venes y agentes de pastoral de diversos movimientos, congregaciones, di\u00f3cesis y otras realidades de Iglesia. Bajo el lema \u201cWEFE\u201d nos reunimos para abordar los retos de la&hellip;\" \/>\n<meta property=\"og:url\" content=\"https:\/\/www.itakaescolapios.org\/eu\/2017\/10\/itaka-escolapios-en-la-escuela-de-pastoral-con-jovenes\/\" \/>\n<meta property=\"og:site_name\" content=\"Itaka-Escolapios\" \/>\n<meta property=\"article:published_time\" content=\"2017-10-09T15:38:02+00:00\" \/>\n<meta property=\"article:modified_time\" content=\"2023-11-28T11:37:50+00:00\" \/>\n<meta property=\"og:image\" content=\"https:\/\/www.itakaescolapios.org\/wp-content\/uploads\/2017\/10\/Generaci\u00f3n-WEFE.jpg\" \/>\n\t<meta property=\"og:image:width\" content=\"960\" \/>\n\t<meta property=\"og:image:height\" content=\"357\" \/>\n\t<meta property=\"og:image:type\" content=\"image\/jpeg\" \/>\n<meta name=\"author\" content=\"madrid01\" \/>\n<meta name=\"twitter:card\" content=\"summary_large_image\" \/>\n<meta name=\"twitter:label1\" content=\"Written by\" \/>\n\t<meta name=\"twitter:data1\" content=\"madrid01\" \/>\n\t<meta name=\"twitter:label2\" content=\"Est. reading time\" \/>\n\t<meta name=\"twitter:data2\" content=\"1 minutua\" \/>\n<script type=\"application\/ld+json\" class=\"yoast-schema-graph\">{\"@context\":\"https:\\\/\\\/schema.org\",\"@graph\":[{\"@type\":\"Article\",\"@id\":\"https:\\\/\\\/www.itakaescolapios.org\\\/eu\\\/2017\\\/10\\\/itaka-escolapios-en-la-escuela-de-pastoral-con-jovenes\\\/#article\",\"isPartOf\":{\"@id\":\"https:\\\/\\\/www.itakaescolapios.org\\\/eu\\\/2017\\\/10\\\/itaka-escolapios-en-la-escuela-de-pastoral-con-jovenes\\\/\"},\"author\":{\"name\":\"madrid01\",\"@id\":\"https:\\\/\\\/www.itakaescolapios.org\\\/es\\\/#\\\/schema\\\/person\\\/bcd60d18d9795d0e978153a567a2edcb\"},\"headline\":\"Itaka- Escolapios en la Escuela de Pastoral con J\u00f3venes\",\"datePublished\":\"2017-10-09T15:38:02+00:00\",\"dateModified\":\"2023-11-28T11:37:50+00:00\",\"mainEntityOfPage\":{\"@id\":\"https:\\\/\\\/www.itakaescolapios.org\\\/eu\\\/2017\\\/10\\\/itaka-escolapios-en-la-escuela-de-pastoral-con-jovenes\\\/\"},\"wordCount\":218,\"publisher\":{\"@id\":\"https:\\\/\\\/www.itakaescolapios.org\\\/es\\\/#organization\"},\"image\":{\"@id\":\"https:\\\/\\\/www.itakaescolapios.org\\\/eu\\\/2017\\\/10\\\/itaka-escolapios-en-la-escuela-de-pastoral-con-jovenes\\\/#primaryimage\"},\"thumbnailUrl\":\"https:\\\/\\\/www.itakaescolapios.org\\\/wp-content\\\/uploads\\\/2017\\\/10\\\/Generaci\u00f3n-WEFE.jpg\",\"articleSection\":[\"Madrid\"],\"inLanguage\":\"eu\"},{\"@type\":\"WebPage\",\"@id\":\"https:\\\/\\\/www.itakaescolapios.org\\\/eu\\\/2017\\\/10\\\/itaka-escolapios-en-la-escuela-de-pastoral-con-jovenes\\\/\",\"url\":\"https:\\\/\\\/www.itakaescolapios.org\\\/eu\\\/2017\\\/10\\\/itaka-escolapios-en-la-escuela-de-pastoral-con-jovenes\\\/\",\"name\":\"Itaka- Escolapios en la Escuela de Pastoral con J\u00f3venes - Itaka-Escolapios\",\"isPartOf\":{\"@id\":\"https:\\\/\\\/www.itakaescolapios.org\\\/es\\\/#website\"},\"primaryImageOfPage\":{\"@id\":\"https:\\\/\\\/www.itakaescolapios.org\\\/eu\\\/2017\\\/10\\\/itaka-escolapios-en-la-escuela-de-pastoral-con-jovenes\\\/#primaryimage\"},\"image\":{\"@id\":\"https:\\\/\\\/www.itakaescolapios.org\\\/eu\\\/2017\\\/10\\\/itaka-escolapios-en-la-escuela-de-pastoral-con-jovenes\\\/#primaryimage\"},\"thumbnailUrl\":\"https:\\\/\\\/www.itakaescolapios.org\\\/wp-content\\\/uploads\\\/2017\\\/10\\\/Generaci\u00f3n-WEFE.jpg\",\"datePublished\":\"2017-10-09T15:38:02+00:00\",\"dateModified\":\"2023-11-28T11:37:50+00:00\",\"breadcrumb\":{\"@id\":\"https:\\\/\\\/www.itakaescolapios.org\\\/eu\\\/2017\\\/10\\\/itaka-escolapios-en-la-escuela-de-pastoral-con-jovenes\\\/#breadcrumb\"},\"inLanguage\":\"eu\",\"potentialAction\":[{\"@type\":\"ReadAction\",\"target\":[\"https:\\\/\\\/www.itakaescolapios.org\\\/eu\\\/2017\\\/10\\\/itaka-escolapios-en-la-escuela-de-pastoral-con-jovenes\\\/\"]}]},{\"@type\":\"ImageObject\",\"inLanguage\":\"eu\",\"@id\":\"https:\\\/\\\/www.itakaescolapios.org\\\/eu\\\/2017\\\/10\\\/itaka-escolapios-en-la-escuela-de-pastoral-con-jovenes\\\/#primaryimage\",\"url\":\"https:\\\/\\\/www.itakaescolapios.org\\\/wp-content\\\/uploads\\\/2017\\\/10\\\/Generaci\u00f3n-WEFE.jpg\",\"contentUrl\":\"https:\\\/\\\/www.itakaescolapios.org\\\/wp-content\\\/uploads\\\/2017\\\/10\\\/Generaci\u00f3n-WEFE.jpg\",\"width\":960,\"height\":357},{\"@type\":\"BreadcrumbList\",\"@id\":\"https:\\\/\\\/www.itakaescolapios.org\\\/eu\\\/2017\\\/10\\\/itaka-escolapios-en-la-escuela-de-pastoral-con-jovenes\\\/#breadcrumb\",\"itemListElement\":[{\"@type\":\"ListItem\",\"position\":1,\"name\":\"Itaka-Escolapios\",\"item\":\"https:\\\/\\\/www.itakaescolapios.org\\\/es\\\/\"},{\"@type\":\"ListItem\",\"position\":2,\"name\":\"Itaka- Escolapios en la Escuela de Pastoral con J\u00f3venes\"}]},{\"@type\":\"WebSite\",\"@id\":\"https:\\\/\\\/www.itakaescolapios.org\\\/eu\\\/es\\\/#website\",\"url\":\"https:\\\/\\\/www.itakaescolapios.org\\\/eu\\\/es\\\/\",\"name\":\"Itaka-Escolapios\",\"description\":\"Red de Itaka-Escolapios\",\"publisher\":{\"@id\":\"https:\\\/\\\/www.itakaescolapios.org\\\/eu\\\/es\\\/#organization\"},\"potentialAction\":[{\"@type\":\"SearchAction\",\"target\":{\"@type\":\"EntryPoint\",\"urlTemplate\":\"https:\\\/\\\/www.itakaescolapios.org\\\/eu\\\/es\\\/?s={search_term_string}\"},\"query-input\":{\"@type\":\"PropertyValueSpecification\",\"valueRequired\":true,\"valueName\":\"search_term_string\"}}],\"inLanguage\":\"eu\"},{\"@type\":\"Organization\",\"@id\":\"https:\\\/\\\/www.itakaescolapios.org\\\/eu\\\/es\\\/#organization\",\"name\":\"Fundaci\u00f3 Itaka-Escolapios\",\"url\":\"https:\\\/\\\/www.itakaescolapios.org\\\/eu\\\/es\\\/\",\"logo\":{\"@type\":\"ImageObject\",\"inLanguage\":\"eu\",\"@id\":\"https:\\\/\\\/www.itakaescolapios.org\\\/eu\\\/es\\\/#\\\/schema\\\/logo\\\/image\\\/\",\"url\":\"https:\\\/\\\/www.itakaescolapios.org\\\/wp-content\\\/uploads\\\/2024\\\/04\\\/Logo-itakaescolapios-peque.png\",\"contentUrl\":\"https:\\\/\\\/www.itakaescolapios.org\\\/wp-content\\\/uploads\\\/2024\\\/04\\\/Logo-itakaescolapios-peque.png\",\"width\":500,\"height\":199,\"caption\":\"Fundaci\u00f3 Itaka-Escolapios\"},\"image\":{\"@id\":\"https:\\\/\\\/www.itakaescolapios.org\\\/eu\\\/es\\\/#\\\/schema\\\/logo\\\/image\\\/\"}},{\"@type\":\"Person\",\"@id\":\"https:\\\/\\\/www.itakaescolapios.org\\\/es\\\/#\\\/schema\\\/person\\\/bcd60d18d9795d0e978153a567a2edcb\",\"name\":\"madrid01\",\"url\":\"https:\\\/\\\/www.itakaescolapios.org\\\/eu\\\/author\\\/madrid01\\\/\"}]}<\/script>\n<!-- \/ Yoast SEO plugin. -->","yoast_head_json":{"title":"Itaka- Escolapios en la Escuela de Pastoral con J\u00f3venes","description":"La XVI edici\u00f3n de la Escuela de Pastoral con J\u00f3venes (EPJ), celebrada este fin de semana, 7 y 8 de octubre, en Salesianos de Atocha, ha congregado a j\u00f3venes y agentes de pastoral de diversos movimientos, congregaciones, di\u00f3cesis y otras realidades de Iglesia. Bajo el lema \u201cWEFE\u201d nos reunimos para abordar los retos de la&hellip;","robots":{"index":"index","follow":"follow","max-snippet":"max-snippet:-1","max-image-preview":"max-image-preview:large","max-video-preview":"max-video-preview:-1"},"canonical":"La XVI edici\u00f3n de la Escuela de Pastoral con J\u00f3venes (EPJ), celebrada este fin de semana, 7 y 8 de octubre, en Salesianos de Atocha, ha congregado a j\u00f3venes y agentes de pastoral de diversos movimientos, congregaciones, di\u00f3cesis y otras realidades de Iglesia. Bajo el lema \u201cWEFE\u201d nos reunimos para abordar los retos de la&hellip;","og_locale":"en_US","og_type":"article","og_title":"Itaka- Escolapios en la Escuela de Pastoral con J\u00f3venes","og_description":"La XVI edici\u00f3n de la Escuela de Pastoral con J\u00f3venes (EPJ), celebrada este fin de semana, 7 y 8 de octubre, en Salesianos de Atocha, ha congregado a j\u00f3venes y agentes de pastoral de diversos movimientos, congregaciones, di\u00f3cesis y otras realidades de Iglesia. Bajo el lema \u201cWEFE\u201d nos reunimos para abordar los retos de la&hellip;","og_url":"https:\/\/www.itakaescolapios.org\/eu\/2017\/10\/itaka-escolapios-en-la-escuela-de-pastoral-con-jovenes\/","og_site_name":"Itaka-Escolapios","article_published_time":"2017-10-09T15:38:02+00:00","article_modified_time":"2023-11-28T11:37:50+00:00","og_image":[{"width":960,"height":357,"url":"https:\/\/www.itakaescolapios.org\/wp-content\/uploads\/2017\/10\/Generaci\u00f3n-WEFE.jpg","type":"image\/jpeg"}],"author":"madrid01","twitter_card":"summary_large_image","twitter_misc":{"Written by":"madrid01","Est. reading time":"1 minutua"},"schema":{"@context":"https:\/\/schema.org","@graph":[{"@type":"Article","@id":"https:\/\/www.itakaescolapios.org\/eu\/2017\/10\/itaka-escolapios-en-la-escuela-de-pastoral-con-jovenes\/#article","isPartOf":{"@id":"https:\/\/www.itakaescolapios.org\/eu\/2017\/10\/itaka-escolapios-en-la-escuela-de-pastoral-con-jovenes\/"},"author":{"name":"madrid01","@id":"https:\/\/www.itakaescolapios.org\/es\/#\/schema\/person\/bcd60d18d9795d0e978153a567a2edcb"},"headline":"Itaka- Escolapios en la Escuela de Pastoral con J\u00f3venes","datePublished":"2017-10-09T15:38:02+00:00","dateModified":"2023-11-28T11:37:50+00:00","mainEntityOfPage":{"@id":"https:\/\/www.itakaescolapios.org\/eu\/2017\/10\/itaka-escolapios-en-la-escuela-de-pastoral-con-jovenes\/"},"wordCount":218,"publisher":{"@id":"https:\/\/www.itakaescolapios.org\/es\/#organization"},"image":{"@id":"https:\/\/www.itakaescolapios.org\/eu\/2017\/10\/itaka-escolapios-en-la-escuela-de-pastoral-con-jovenes\/#primaryimage"},"thumbnailUrl":"https:\/\/www.itakaescolapios.org\/wp-content\/uploads\/2017\/10\/Generaci\u00f3n-WEFE.jpg","articleSection":["Madrid"],"inLanguage":"eu"},{"@type":"WebPage","@id":"https:\/\/www.itakaescolapios.org\/eu\/2017\/10\/itaka-escolapios-en-la-escuela-de-pastoral-con-jovenes\/","url":"https:\/\/www.itakaescolapios.org\/eu\/2017\/10\/itaka-escolapios-en-la-escuela-de-pastoral-con-jovenes\/","name":"Itaka- Escolapios en la Escuela de Pastoral con J\u00f3venes - Itaka-Escolapios","isPartOf":{"@id":"https:\/\/www.itakaescolapios.org\/es\/#website"},"primaryImageOfPage":{"@id":"https:\/\/www.itakaescolapios.org\/eu\/2017\/10\/itaka-escolapios-en-la-escuela-de-pastoral-con-jovenes\/#primaryimage"},"image":{"@id":"https:\/\/www.itakaescolapios.org\/eu\/2017\/10\/itaka-escolapios-en-la-escuela-de-pastoral-con-jovenes\/#primaryimage"},"thumbnailUrl":"https:\/\/www.itakaescolapios.org\/wp-content\/uploads\/2017\/10\/Generaci\u00f3n-WEFE.jpg","datePublished":"2017-10-09T15:38:02+00:00","dateModified":"2023-11-28T11:37:50+00:00","breadcrumb":{"@id":"https:\/\/www.itakaescolapios.org\/eu\/2017\/10\/itaka-escolapios-en-la-escuela-de-pastoral-con-jovenes\/#breadcrumb"},"inLanguage":"eu","potentialAction":[{"@type":"ReadAction","target":["https:\/\/www.itakaescolapios.org\/eu\/2017\/10\/itaka-escolapios-en-la-escuela-de-pastoral-con-jovenes\/"]}]},{"@type":"ImageObject","inLanguage":"eu","@id":"https:\/\/www.itakaescolapios.org\/eu\/2017\/10\/itaka-escolapios-en-la-escuela-de-pastoral-con-jovenes\/#primaryimage","url":"https:\/\/www.itakaescolapios.org\/wp-content\/uploads\/2017\/10\/Generaci\u00f3n-WEFE.jpg","contentUrl":"https:\/\/www.itakaescolapios.org\/wp-content\/uploads\/2017\/10\/Generaci\u00f3n-WEFE.jpg","width":960,"height":357},{"@type":"BreadcrumbList","@id":"https:\/\/www.itakaescolapios.org\/eu\/2017\/10\/itaka-escolapios-en-la-escuela-de-pastoral-con-jovenes\/#breadcrumb","itemListElement":[{"@type":"ListItem","position":1,"name":"Itaka-Escolapios","item":"https:\/\/www.itakaescolapios.org\/es\/"},{"@type":"ListItem","position":2,"name":"Itaka- Escolapios en la Escuela de Pastoral con J\u00f3venes"}]},{"@type":"WebSite","@id":"https:\/\/www.itakaescolapios.org\/eu\/es\/#website","url":"https:\/\/www.itakaescolapios.org\/eu\/es\/","name":"Itaka-Escolapios","description":"Red de Itaka-Escolapios","publisher":{"@id":"https:\/\/www.itakaescolapios.org\/eu\/es\/#organization"},"potentialAction":[{"@type":"SearchAction","target":{"@type":"EntryPoint","urlTemplate":"https:\/\/www.itakaescolapios.org\/eu\/es\/?s={search_term_string}"},"query-input":{"@type":"PropertyValueSpecification","valueRequired":true,"valueName":"search_term_string"}}],"inLanguage":"eu"},{"@type":"Organization","@id":"https:\/\/www.itakaescolapios.org\/eu\/es\/#organization","name":"Fundaci\u00f3 Itaka-Escolapios","url":"https:\/\/www.itakaescolapios.org\/eu\/es\/","logo":{"@type":"ImageObject","inLanguage":"eu","@id":"https:\/\/www.itakaescolapios.org\/eu\/es\/#\/schema\/logo\/image\/","url":"https:\/\/www.itakaescolapios.org\/wp-content\/uploads\/2024\/04\/Logo-itakaescolapios-peque.png","contentUrl":"https:\/\/www.itakaescolapios.org\/wp-content\/uploads\/2024\/04\/Logo-itakaescolapios-peque.png","width":500,"height":199,"caption":"Fundaci\u00f3 Itaka-Escolapios"},"image":{"@id":"https:\/\/www.itakaescolapios.org\/eu\/es\/#\/schema\/logo\/image\/"}},{"@type":"Person","@id":"https:\/\/www.itakaescolapios.org\/es\/#\/schema\/person\/bcd60d18d9795d0e978153a567a2edcb","name":"madrid01","url":"https:\/\/www.itakaescolapios.org\/eu\/author\/madrid01\/"}]}},"_links":{"self":[{"href":"https:\/\/www.itakaescolapios.org\/eu\/wp-json\/wp\/v2\/posts\/20369","targetHints":{"allow":["GET"]}}],"collection":[{"href":"https:\/\/www.itakaescolapios.org\/eu\/wp-json\/wp\/v2\/posts"}],"about":[{"href":"https:\/\/www.itakaescolapios.org\/eu\/wp-json\/wp\/v2\/types\/post"}],"author":[{"embeddable":true,"href":"https:\/\/www.itakaescolapios.org\/eu\/wp-json\/wp\/v2\/users\/48"}],"replies":[{"embeddable":true,"href":"https:\/\/www.itakaescolapios.org\/eu\/wp-json\/wp\/v2\/comments?post=20369"}],"version-history":[{"count":4,"href":"https:\/\/www.itakaescolapios.org\/eu\/wp-json\/wp\/v2\/posts\/20369\/revisions"}],"predecessor-version":[{"id":47368,"href":"https:\/\/www.itakaescolapios.org\/eu\/wp-json\/wp\/v2\/posts\/20369\/revisions\/47368"}],"wp:featuredmedia":[{"embeddable":true,"href":"https:\/\/www.itakaescolapios.org\/eu\/wp-json\/wp\/v2\/media\/20370"}],"wp:attachment":[{"href":"https:\/\/www.itakaescolapios.org\/eu\/wp-json\/wp\/v2\/media?parent=20369"}],"wp:term":[{"taxonomy":"category","embeddable":true,"href":"https:\/\/www.itakaescolapios.org\/eu\/wp-json\/wp\/v2\/categories?post=20369"},{"taxonomy":"post_tag","embeddable":true,"href":"https:\/\/www.itakaescolapios.org\/eu\/wp-json\/wp\/v2\/tags?post=20369"}],"curies":[{"name":"wp","href":"https:\/\/api.w.org\/{rel}","templated":true}]}}