{"id":20673,"date":"2017-10-27T17:58:22","date_gmt":"2017-10-27T16:58:22","guid":{"rendered":"https:\/\/www.itakaescolapios.org\/?p=20673"},"modified":"2023-11-28T12:37:48","modified_gmt":"2023-11-28T11:37:48","slug":"portugues-expedicao-kamda","status":"publish","type":"post","link":"https:\/\/www.itakaescolapios.org\/eu\/2017\/10\/portugues-expedicao-kamda\/","title":{"rendered":"EXPEDICI\u00d3N KAMDA"},"content":{"rendered":"<p>Los ni\u00f1os del Proyecto Jornada Ampliada realizaron en estos \u00faltimos d\u00edas diversas actividades pedag\u00f3icas sobre la Campa\u00f1a anual desarrollada por la Fundaci\u00f3n Itaka &#8211; Escolapios en favor dee la educaci\u00f3n escolapia en Kamda en India.<br \/>\nSe acercaron al conocimiento de su cultura, historia y forma de vivir, destacando las dificultadas de los ni\u00f1os para ir a la escuela en bicicleta y autob\u00fas.<\/p>\n","protected":false},"excerpt":{"rendered":"<p>Los ni\u00f1os del Proyecto Jornada Ampliada realizaron en estos \u00faltimos d\u00edas diversas actividades pedag\u00f3icas sobre la Campa\u00f1a anual desarrollada por la Fundaci\u00f3n Itaka &#8211; Escolapios en favor dee la educaci\u00f3n [&hellip;]<\/p>\n","protected":false},"author":11,"featured_media":20674,"comment_status":"closed","ping_status":"closed","sticky":false,"template":"","format":"standard","meta":{"_et_pb_use_builder":"","_et_pb_old_content":"","_et_gb_content_width":"","footnotes":""},"categories":[16],"tags":[],"class_list":["post-20673","post","type-post","status-publish","format-standard","has-post-thumbnail","hentry","category-governador-valadares"],"yoast_head":"<!-- This site is optimized with the Yoast SEO plugin v27.4 - https:\/\/yoast.com\/product\/yoast-seo-wordpress\/ -->\n<title>EXPEDICI\u00d3N KAMDA<\/title>\n<meta name=\"description\" content=\"Los ni\u00f1os del Proyecto Jornada Ampliada realizaron en estos \u00faltimos d\u00edas diversas actividades pedag\u00f3icas sobre la Campa\u00f1a anual desarrollada por la Fundaci\u00f3n Itaka - Escolapios en favor dee la educaci\u00f3n escolapia en Kamda en India. Se acercaron al conocimiento de su cultura, historia y forma de vivir, destacando las dificultadas de los ni\u00f1os para ir&hellip;\" \/>\n<meta name=\"robots\" content=\"index, follow, max-snippet:-1, max-image-preview:large, max-video-preview:-1\" \/>\n<link rel=\"canonical\" href=\"http:\/\/Los%20ni\u00f1os%20del%20Proyecto%20Jornada%20Ampliada%20realizaron%20en%20estos%20\u00faltimos%20d\u00edas%20diversas%20actividades%20pedag\u00f3icas%20sobre%20la%20Campa\u00f1a%20anual%20desarrollada%20por%20la%20Fundaci\u00f3n%20Itaka%20-%20Escolapios%20en%20favor%20dee%20la%20educaci\u00f3n%20escolapia%20en%20Kamda%20en%20India.%20Se%20acercaron%20al%20conocimiento%20de%20su%20cultura,%20historia%20y%20forma%20de%20vivir,%20destacando%20las%20dificultadas%20de%20los%20ni\u00f1os%20para%20ir&hellip;\" \/>\n<meta property=\"og:locale\" content=\"en_US\" \/>\n<meta property=\"og:type\" content=\"article\" \/>\n<meta property=\"og:title\" content=\"EXPEDICI\u00d3N KAMDA\" \/>\n<meta property=\"og:description\" content=\"Los ni\u00f1os del Proyecto Jornada Ampliada realizaron en estos \u00faltimos d\u00edas diversas actividades pedag\u00f3icas sobre la Campa\u00f1a anual desarrollada por la Fundaci\u00f3n Itaka - Escolapios en favor dee la educaci\u00f3n escolapia en Kamda en India. Se acercaron al conocimiento de su cultura, historia y forma de vivir, destacando las dificultadas de los ni\u00f1os para ir&hellip;\" \/>\n<meta property=\"og:url\" content=\"https:\/\/www.itakaescolapios.org\/eu\/2017\/10\/portugues-expedicao-kamda\/\" \/>\n<meta property=\"og:site_name\" content=\"Itaka-Escolapios\" \/>\n<meta property=\"article:published_time\" content=\"2017-10-27T16:58:22+00:00\" \/>\n<meta property=\"article:modified_time\" content=\"2023-11-28T11:37:48+00:00\" \/>\n<meta property=\"og:image\" content=\"https:\/\/www.itakaescolapios.org\/wp-content\/uploads\/2017\/10\/IMG_3111.jpg\" \/>\n\t<meta property=\"og:image:width\" content=\"2000\" \/>\n\t<meta property=\"og:image:height\" content=\"1500\" \/>\n\t<meta property=\"og:image:type\" content=\"image\/jpeg\" \/>\n<meta name=\"author\" content=\"brasil03\" \/>\n<meta name=\"twitter:card\" content=\"summary_large_image\" \/>\n<meta name=\"twitter:label1\" content=\"Written by\" \/>\n\t<meta name=\"twitter:data1\" content=\"brasil03\" \/>\n<script type=\"application\/ld+json\" class=\"yoast-schema-graph\">{\"@context\":\"https:\\\/\\\/schema.org\",\"@graph\":[{\"@type\":\"Article\",\"@id\":\"https:\\\/\\\/www.itakaescolapios.org\\\/eu\\\/2017\\\/10\\\/portugues-expedicao-kamda\\\/#article\",\"isPartOf\":{\"@id\":\"https:\\\/\\\/www.itakaescolapios.org\\\/eu\\\/2017\\\/10\\\/portugues-expedicao-kamda\\\/\"},\"author\":{\"name\":\"brasil03\",\"@id\":\"https:\\\/\\\/www.itakaescolapios.org\\\/es\\\/#\\\/schema\\\/person\\\/9c761c62049293fc36e6c91e429de3d5\"},\"headline\":\"EXPEDICI\u00d3N KAMDA\",\"datePublished\":\"2017-10-27T16:58:22+00:00\",\"dateModified\":\"2023-11-28T11:37:48+00:00\",\"mainEntityOfPage\":{\"@id\":\"https:\\\/\\\/www.itakaescolapios.org\\\/eu\\\/2017\\\/10\\\/portugues-expedicao-kamda\\\/\"},\"wordCount\":73,\"publisher\":{\"@id\":\"https:\\\/\\\/www.itakaescolapios.org\\\/es\\\/#organization\"},\"image\":{\"@id\":\"https:\\\/\\\/www.itakaescolapios.org\\\/eu\\\/2017\\\/10\\\/portugues-expedicao-kamda\\\/#primaryimage\"},\"thumbnailUrl\":\"https:\\\/\\\/www.itakaescolapios.org\\\/wp-content\\\/uploads\\\/2017\\\/10\\\/IMG_3111.jpg\",\"articleSection\":[\"Governador Valadares\"],\"inLanguage\":\"eu\"},{\"@type\":\"WebPage\",\"@id\":\"https:\\\/\\\/www.itakaescolapios.org\\\/eu\\\/2017\\\/10\\\/portugues-expedicao-kamda\\\/\",\"url\":\"https:\\\/\\\/www.itakaescolapios.org\\\/eu\\\/2017\\\/10\\\/portugues-expedicao-kamda\\\/\",\"name\":\"EXPEDICI\u00d3N KAMDA - Itaka-Escolapios\",\"isPartOf\":{\"@id\":\"https:\\\/\\\/www.itakaescolapios.org\\\/es\\\/#website\"},\"primaryImageOfPage\":{\"@id\":\"https:\\\/\\\/www.itakaescolapios.org\\\/eu\\\/2017\\\/10\\\/portugues-expedicao-kamda\\\/#primaryimage\"},\"image\":{\"@id\":\"https:\\\/\\\/www.itakaescolapios.org\\\/eu\\\/2017\\\/10\\\/portugues-expedicao-kamda\\\/#primaryimage\"},\"thumbnailUrl\":\"https:\\\/\\\/www.itakaescolapios.org\\\/wp-content\\\/uploads\\\/2017\\\/10\\\/IMG_3111.jpg\",\"datePublished\":\"2017-10-27T16:58:22+00:00\",\"dateModified\":\"2023-11-28T11:37:48+00:00\",\"breadcrumb\":{\"@id\":\"https:\\\/\\\/www.itakaescolapios.org\\\/eu\\\/2017\\\/10\\\/portugues-expedicao-kamda\\\/#breadcrumb\"},\"inLanguage\":\"eu\",\"potentialAction\":[{\"@type\":\"ReadAction\",\"target\":[\"https:\\\/\\\/www.itakaescolapios.org\\\/eu\\\/2017\\\/10\\\/portugues-expedicao-kamda\\\/\"]}]},{\"@type\":\"ImageObject\",\"inLanguage\":\"eu\",\"@id\":\"https:\\\/\\\/www.itakaescolapios.org\\\/eu\\\/2017\\\/10\\\/portugues-expedicao-kamda\\\/#primaryimage\",\"url\":\"https:\\\/\\\/www.itakaescolapios.org\\\/wp-content\\\/uploads\\\/2017\\\/10\\\/IMG_3111.jpg\",\"contentUrl\":\"https:\\\/\\\/www.itakaescolapios.org\\\/wp-content\\\/uploads\\\/2017\\\/10\\\/IMG_3111.jpg\",\"width\":2000,\"height\":1500},{\"@type\":\"BreadcrumbList\",\"@id\":\"https:\\\/\\\/www.itakaescolapios.org\\\/eu\\\/2017\\\/10\\\/portugues-expedicao-kamda\\\/#breadcrumb\",\"itemListElement\":[{\"@type\":\"ListItem\",\"position\":1,\"name\":\"Itaka-Escolapios\",\"item\":\"https:\\\/\\\/www.itakaescolapios.org\\\/es\\\/\"},{\"@type\":\"ListItem\",\"position\":2,\"name\":\"EXPEDICI\u00d3N KAMDA\"}]},{\"@type\":\"WebSite\",\"@id\":\"https:\\\/\\\/www.itakaescolapios.org\\\/eu\\\/es\\\/#website\",\"url\":\"https:\\\/\\\/www.itakaescolapios.org\\\/eu\\\/es\\\/\",\"name\":\"Itaka-Escolapios\",\"description\":\"Red de Itaka-Escolapios\",\"publisher\":{\"@id\":\"https:\\\/\\\/www.itakaescolapios.org\\\/eu\\\/es\\\/#organization\"},\"potentialAction\":[{\"@type\":\"SearchAction\",\"target\":{\"@type\":\"EntryPoint\",\"urlTemplate\":\"https:\\\/\\\/www.itakaescolapios.org\\\/eu\\\/es\\\/?s={search_term_string}\"},\"query-input\":{\"@type\":\"PropertyValueSpecification\",\"valueRequired\":true,\"valueName\":\"search_term_string\"}}],\"inLanguage\":\"eu\"},{\"@type\":\"Organization\",\"@id\":\"https:\\\/\\\/www.itakaescolapios.org\\\/eu\\\/es\\\/#organization\",\"name\":\"Fundaci\u00f3 Itaka-Escolapios\",\"url\":\"https:\\\/\\\/www.itakaescolapios.org\\\/eu\\\/es\\\/\",\"logo\":{\"@type\":\"ImageObject\",\"inLanguage\":\"eu\",\"@id\":\"https:\\\/\\\/www.itakaescolapios.org\\\/eu\\\/es\\\/#\\\/schema\\\/logo\\\/image\\\/\",\"url\":\"https:\\\/\\\/www.itakaescolapios.org\\\/wp-content\\\/uploads\\\/2024\\\/04\\\/Logo-itakaescolapios-peque.png\",\"contentUrl\":\"https:\\\/\\\/www.itakaescolapios.org\\\/wp-content\\\/uploads\\\/2024\\\/04\\\/Logo-itakaescolapios-peque.png\",\"width\":500,\"height\":199,\"caption\":\"Fundaci\u00f3 Itaka-Escolapios\"},\"image\":{\"@id\":\"https:\\\/\\\/www.itakaescolapios.org\\\/eu\\\/es\\\/#\\\/schema\\\/logo\\\/image\\\/\"}},{\"@type\":\"Person\",\"@id\":\"https:\\\/\\\/www.itakaescolapios.org\\\/es\\\/#\\\/schema\\\/person\\\/9c761c62049293fc36e6c91e429de3d5\",\"name\":\"brasil03\",\"url\":\"https:\\\/\\\/www.itakaescolapios.org\\\/eu\\\/author\\\/brasil03\\\/\"}]}<\/script>\n<!-- \/ Yoast SEO plugin. -->","yoast_head_json":{"title":"EXPEDICI\u00d3N KAMDA","description":"Los ni\u00f1os del Proyecto Jornada Ampliada realizaron en estos \u00faltimos d\u00edas diversas actividades pedag\u00f3icas sobre la Campa\u00f1a anual desarrollada por la Fundaci\u00f3n Itaka - Escolapios en favor dee la educaci\u00f3n escolapia en Kamda en India. Se acercaron al conocimiento de su cultura, historia y forma de vivir, destacando las dificultadas de los ni\u00f1os para ir&hellip;","robots":{"index":"index","follow":"follow","max-snippet":"max-snippet:-1","max-image-preview":"max-image-preview:large","max-video-preview":"max-video-preview:-1"},"canonical":"Los ni\u00f1os del Proyecto Jornada Ampliada realizaron en estos \u00faltimos d\u00edas diversas actividades pedag\u00f3icas sobre la Campa\u00f1a anual desarrollada por la Fundaci\u00f3n Itaka - Escolapios en favor dee la educaci\u00f3n escolapia en Kamda en India. Se acercaron al conocimiento de su cultura, historia y forma de vivir, destacando las dificultadas de los ni\u00f1os para ir&hellip;","og_locale":"en_US","og_type":"article","og_title":"EXPEDICI\u00d3N KAMDA","og_description":"Los ni\u00f1os del Proyecto Jornada Ampliada realizaron en estos \u00faltimos d\u00edas diversas actividades pedag\u00f3icas sobre la Campa\u00f1a anual desarrollada por la Fundaci\u00f3n Itaka - Escolapios en favor dee la educaci\u00f3n escolapia en Kamda en India. Se acercaron al conocimiento de su cultura, historia y forma de vivir, destacando las dificultadas de los ni\u00f1os para ir&hellip;","og_url":"https:\/\/www.itakaescolapios.org\/eu\/2017\/10\/portugues-expedicao-kamda\/","og_site_name":"Itaka-Escolapios","article_published_time":"2017-10-27T16:58:22+00:00","article_modified_time":"2023-11-28T11:37:48+00:00","og_image":[{"width":2000,"height":1500,"url":"https:\/\/www.itakaescolapios.org\/wp-content\/uploads\/2017\/10\/IMG_3111.jpg","type":"image\/jpeg"}],"author":"brasil03","twitter_card":"summary_large_image","twitter_misc":{"Written by":"brasil03"},"schema":{"@context":"https:\/\/schema.org","@graph":[{"@type":"Article","@id":"https:\/\/www.itakaescolapios.org\/eu\/2017\/10\/portugues-expedicao-kamda\/#article","isPartOf":{"@id":"https:\/\/www.itakaescolapios.org\/eu\/2017\/10\/portugues-expedicao-kamda\/"},"author":{"name":"brasil03","@id":"https:\/\/www.itakaescolapios.org\/es\/#\/schema\/person\/9c761c62049293fc36e6c91e429de3d5"},"headline":"EXPEDICI\u00d3N KAMDA","datePublished":"2017-10-27T16:58:22+00:00","dateModified":"2023-11-28T11:37:48+00:00","mainEntityOfPage":{"@id":"https:\/\/www.itakaescolapios.org\/eu\/2017\/10\/portugues-expedicao-kamda\/"},"wordCount":73,"publisher":{"@id":"https:\/\/www.itakaescolapios.org\/es\/#organization"},"image":{"@id":"https:\/\/www.itakaescolapios.org\/eu\/2017\/10\/portugues-expedicao-kamda\/#primaryimage"},"thumbnailUrl":"https:\/\/www.itakaescolapios.org\/wp-content\/uploads\/2017\/10\/IMG_3111.jpg","articleSection":["Governador Valadares"],"inLanguage":"eu"},{"@type":"WebPage","@id":"https:\/\/www.itakaescolapios.org\/eu\/2017\/10\/portugues-expedicao-kamda\/","url":"https:\/\/www.itakaescolapios.org\/eu\/2017\/10\/portugues-expedicao-kamda\/","name":"EXPEDICI\u00d3N KAMDA - Itaka-Escolapios","isPartOf":{"@id":"https:\/\/www.itakaescolapios.org\/es\/#website"},"primaryImageOfPage":{"@id":"https:\/\/www.itakaescolapios.org\/eu\/2017\/10\/portugues-expedicao-kamda\/#primaryimage"},"image":{"@id":"https:\/\/www.itakaescolapios.org\/eu\/2017\/10\/portugues-expedicao-kamda\/#primaryimage"},"thumbnailUrl":"https:\/\/www.itakaescolapios.org\/wp-content\/uploads\/2017\/10\/IMG_3111.jpg","datePublished":"2017-10-27T16:58:22+00:00","dateModified":"2023-11-28T11:37:48+00:00","breadcrumb":{"@id":"https:\/\/www.itakaescolapios.org\/eu\/2017\/10\/portugues-expedicao-kamda\/#breadcrumb"},"inLanguage":"eu","potentialAction":[{"@type":"ReadAction","target":["https:\/\/www.itakaescolapios.org\/eu\/2017\/10\/portugues-expedicao-kamda\/"]}]},{"@type":"ImageObject","inLanguage":"eu","@id":"https:\/\/www.itakaescolapios.org\/eu\/2017\/10\/portugues-expedicao-kamda\/#primaryimage","url":"https:\/\/www.itakaescolapios.org\/wp-content\/uploads\/2017\/10\/IMG_3111.jpg","contentUrl":"https:\/\/www.itakaescolapios.org\/wp-content\/uploads\/2017\/10\/IMG_3111.jpg","width":2000,"height":1500},{"@type":"BreadcrumbList","@id":"https:\/\/www.itakaescolapios.org\/eu\/2017\/10\/portugues-expedicao-kamda\/#breadcrumb","itemListElement":[{"@type":"ListItem","position":1,"name":"Itaka-Escolapios","item":"https:\/\/www.itakaescolapios.org\/es\/"},{"@type":"ListItem","position":2,"name":"EXPEDICI\u00d3N KAMDA"}]},{"@type":"WebSite","@id":"https:\/\/www.itakaescolapios.org\/eu\/es\/#website","url":"https:\/\/www.itakaescolapios.org\/eu\/es\/","name":"Itaka-Escolapios","description":"Red de Itaka-Escolapios","publisher":{"@id":"https:\/\/www.itakaescolapios.org\/eu\/es\/#organization"},"potentialAction":[{"@type":"SearchAction","target":{"@type":"EntryPoint","urlTemplate":"https:\/\/www.itakaescolapios.org\/eu\/es\/?s={search_term_string}"},"query-input":{"@type":"PropertyValueSpecification","valueRequired":true,"valueName":"search_term_string"}}],"inLanguage":"eu"},{"@type":"Organization","@id":"https:\/\/www.itakaescolapios.org\/eu\/es\/#organization","name":"Fundaci\u00f3 Itaka-Escolapios","url":"https:\/\/www.itakaescolapios.org\/eu\/es\/","logo":{"@type":"ImageObject","inLanguage":"eu","@id":"https:\/\/www.itakaescolapios.org\/eu\/es\/#\/schema\/logo\/image\/","url":"https:\/\/www.itakaescolapios.org\/wp-content\/uploads\/2024\/04\/Logo-itakaescolapios-peque.png","contentUrl":"https:\/\/www.itakaescolapios.org\/wp-content\/uploads\/2024\/04\/Logo-itakaescolapios-peque.png","width":500,"height":199,"caption":"Fundaci\u00f3 Itaka-Escolapios"},"image":{"@id":"https:\/\/www.itakaescolapios.org\/eu\/es\/#\/schema\/logo\/image\/"}},{"@type":"Person","@id":"https:\/\/www.itakaescolapios.org\/es\/#\/schema\/person\/9c761c62049293fc36e6c91e429de3d5","name":"brasil03","url":"https:\/\/www.itakaescolapios.org\/eu\/author\/brasil03\/"}]}},"_links":{"self":[{"href":"https:\/\/www.itakaescolapios.org\/eu\/wp-json\/wp\/v2\/posts\/20673","targetHints":{"allow":["GET"]}}],"collection":[{"href":"https:\/\/www.itakaescolapios.org\/eu\/wp-json\/wp\/v2\/posts"}],"about":[{"href":"https:\/\/www.itakaescolapios.org\/eu\/wp-json\/wp\/v2\/types\/post"}],"author":[{"embeddable":true,"href":"https:\/\/www.itakaescolapios.org\/eu\/wp-json\/wp\/v2\/users\/11"}],"replies":[{"embeddable":true,"href":"https:\/\/www.itakaescolapios.org\/eu\/wp-json\/wp\/v2\/comments?post=20673"}],"version-history":[{"count":5,"href":"https:\/\/www.itakaescolapios.org\/eu\/wp-json\/wp\/v2\/posts\/20673\/revisions"}],"predecessor-version":[{"id":47304,"href":"https:\/\/www.itakaescolapios.org\/eu\/wp-json\/wp\/v2\/posts\/20673\/revisions\/47304"}],"wp:featuredmedia":[{"embeddable":true,"href":"https:\/\/www.itakaescolapios.org\/eu\/wp-json\/wp\/v2\/media\/20674"}],"wp:attachment":[{"href":"https:\/\/www.itakaescolapios.org\/eu\/wp-json\/wp\/v2\/media?parent=20673"}],"wp:term":[{"taxonomy":"category","embeddable":true,"href":"https:\/\/www.itakaescolapios.org\/eu\/wp-json\/wp\/v2\/categories?post=20673"},{"taxonomy":"post_tag","embeddable":true,"href":"https:\/\/www.itakaescolapios.org\/eu\/wp-json\/wp\/v2\/tags?post=20673"}],"curies":[{"name":"wp","href":"https:\/\/api.w.org\/{rel}","templated":true}]}}