{"id":21501,"date":"2017-12-21T11:11:44","date_gmt":"2017-12-21T10:11:44","guid":{"rendered":"https:\/\/www.itakaescolapios.org\/?p=21501"},"modified":"2023-11-28T12:37:43","modified_gmt":"2023-11-28T11:37:43","slug":"los-ulises-se-convierten-en-sal-en-madrid","status":"publish","type":"post","link":"https:\/\/www.itakaescolapios.org\/eu\/2017\/12\/los-ulises-se-convierten-en-sal-en-madrid\/","title":{"rendered":"LOS ULISES SE CONVIERTEN EN SAL EN MADRID"},"content":{"rendered":"<p style=\"text-align: justify\">Con ilusi\u00f3n, nervios y sobre todo con ganas de salir de su tierra, para conocer otras realidades y compartir all\u00ed con otros lo mejor de s\u00ed mismas es c\u00f3mo arrancaron Sara, Bel\u00e9n y Mar\u00eda el Proyecto Sal en Madrid.<\/p>\n<p style=\"text-align: justify\">Desde la sede de Itaka estamos muy emocionadas por iniciar de nuevo esta aventura que cambia de titulo dejando atr\u00e1s el nombre Ulises para llamarse Proyecto Sal.<\/p>\n<p style=\"text-align: justify\">Ojal\u00e1 que estas tres j\u00f3venes que han dicho SI como tantos testigos de la fe, que se fiaron de Dios y salieron en busca de lo que \u00e9l ten\u00eda so\u00f1ado para ellas, puedan saborear en profundidad esta experiencia.<\/p>\n<p>&nbsp;<\/p>\n\n\t\t<style type=\"text\/css\">\n\t\t\t#gallery-1 {\n\t\t\t\tmargin: auto;\n\t\t\t}\n\t\t\t#gallery-1 .gallery-item {\n\t\t\t\tfloat: left;\n\t\t\t\tmargin-top: 10px;\n\t\t\t\ttext-align: center;\n\t\t\t\twidth: 33%;\n\t\t\t}\n\t\t\t#gallery-1 img {\n\t\t\t\tborder: 2px solid #cfcfcf;\n\t\t\t}\n\t\t\t#gallery-1 .gallery-caption {\n\t\t\t\tmargin-left: 0;\n\t\t\t}\n\t\t\t\/* see gallery_shortcode() in wp-includes\/media.php *\/\n\t\t<\/style>\n\t\t<div id='gallery-1' class='gallery galleryid-21501 gallery-columns-3 gallery-size-thumbnail'><dl class='gallery-item'>\n\t\t\t<dt class='gallery-icon landscape'>\n\t\t\t\t<a href='https:\/\/www.itakaescolapios.org\/eu\/2017\/12\/los-ulises-se-convierten-en-sal-en-madrid\/img-20171220-wa0018\/'><img decoding=\"async\" width=\"90\" height=\"90\" src=\"https:\/\/www.itakaescolapios.org\/wp-content\/uploads\/2017\/12\/IMG-20171220-WA0018-90x90.jpg\" class=\"attachment-thumbnail size-thumbnail\" alt=\"\" \/><\/a>\n\t\t\t<\/dt><\/dl><dl class='gallery-item'>\n\t\t\t<dt class='gallery-icon landscape'>\n\t\t\t\t<a href='https:\/\/www.itakaescolapios.org\/eu\/2017\/12\/los-ulises-se-convierten-en-sal-en-madrid\/img-20171220-wa0005\/'><img decoding=\"async\" width=\"90\" height=\"90\" src=\"https:\/\/www.itakaescolapios.org\/wp-content\/uploads\/2017\/12\/IMG-20171220-WA0005-90x90.jpg\" class=\"attachment-thumbnail size-thumbnail\" alt=\"\" \/><\/a>\n\t\t\t<\/dt><\/dl><dl class='gallery-item'>\n\t\t\t<dt class='gallery-icon landscape'>\n\t\t\t\t<a href='https:\/\/www.itakaescolapios.org\/eu\/2017\/12\/los-ulises-se-convierten-en-sal-en-madrid\/img-20171220-wa0017\/'><img decoding=\"async\" width=\"90\" height=\"90\" src=\"https:\/\/www.itakaescolapios.org\/wp-content\/uploads\/2017\/12\/IMG-20171220-WA0017-90x90.jpg\" class=\"attachment-thumbnail size-thumbnail\" alt=\"\" \/><\/a>\n\t\t\t<\/dt><\/dl><br style=\"clear: both\" \/>\n\t\t<\/div>\n\n<p>&nbsp;<\/p>\n","protected":false},"excerpt":{"rendered":"<p>Con ilusi\u00f3n, nervios y sobre todo con ganas de salir de su tierra, para conocer otras realidades y compartir all\u00ed con otros lo mejor de s\u00ed mismas es c\u00f3mo arrancaron [&hellip;]<\/p>\n","protected":false},"author":48,"featured_media":21503,"comment_status":"closed","ping_status":"closed","sticky":false,"template":"","format":"standard","meta":{"_et_pb_use_builder":"","_et_pb_old_content":"","_et_gb_content_width":"","footnotes":""},"categories":[146],"tags":[],"class_list":["post-21501","post","type-post","status-publish","format-standard","has-post-thumbnail","hentry","category-madrid"],"yoast_head":"<!-- This site is optimized with the Yoast SEO plugin v27.4 - https:\/\/yoast.com\/product\/yoast-seo-wordpress\/ -->\n<title>LOS ULISES SE CONVIERTEN EN SAL EN MADRID<\/title>\n<meta name=\"description\" content=\"Con ilusi\u00f3n, nervios y sobre todo con ganas de salir de su tierra, para conocer otras realidades y compartir all\u00ed con otros lo mejor de s\u00ed mismas es c\u00f3mo arrancaron Sara, Bel\u00e9n y Mar\u00eda el Proyecto Sal en Madrid. Desde la sede de Itaka estamos muy emocionadas por iniciar de nuevo esta aventura que cambia&hellip;\" \/>\n<meta name=\"robots\" content=\"index, follow, max-snippet:-1, max-image-preview:large, max-video-preview:-1\" \/>\n<link rel=\"canonical\" href=\"http:\/\/Con%20ilusi\u00f3n,%20nervios%20y%20sobre%20todo%20con%20ganas%20de%20salir%20de%20su%20tierra,%20para%20conocer%20otras%20realidades%20y%20compartir%20all\u00ed%20con%20otros%20lo%20mejor%20de%20s\u00ed%20mismas%20es%20c\u00f3mo%20arrancaron%20Sara,%20Bel\u00e9n%20y%20Mar\u00eda%20el%20Proyecto%20Sal%20en%20Madrid.%20Desde%20la%20sede%20de%20Itaka%20estamos%20muy%20emocionadas%20por%20iniciar%20de%20nuevo%20esta%20aventura%20que%20cambia&hellip;\" \/>\n<meta property=\"og:locale\" content=\"en_US\" \/>\n<meta property=\"og:type\" content=\"article\" \/>\n<meta property=\"og:title\" content=\"LOS ULISES SE CONVIERTEN EN SAL EN MADRID\" \/>\n<meta property=\"og:description\" content=\"Con ilusi\u00f3n, nervios y sobre todo con ganas de salir de su tierra, para conocer otras realidades y compartir all\u00ed con otros lo mejor de s\u00ed mismas es c\u00f3mo arrancaron Sara, Bel\u00e9n y Mar\u00eda el Proyecto Sal en Madrid. Desde la sede de Itaka estamos muy emocionadas por iniciar de nuevo esta aventura que cambia&hellip;\" \/>\n<meta property=\"og:url\" content=\"https:\/\/www.itakaescolapios.org\/eu\/2017\/12\/los-ulises-se-convierten-en-sal-en-madrid\/\" \/>\n<meta property=\"og:site_name\" content=\"Itaka-Escolapios\" \/>\n<meta property=\"article:published_time\" content=\"2017-12-21T10:11:44+00:00\" \/>\n<meta property=\"article:modified_time\" content=\"2023-11-28T11:37:43+00:00\" \/>\n<meta property=\"og:image\" content=\"https:\/\/www.itakaescolapios.org\/wp-content\/uploads\/2017\/12\/IMG-20171220-WA0017.jpg\" \/>\n\t<meta property=\"og:image:width\" content=\"1080\" \/>\n\t<meta property=\"og:image:height\" content=\"840\" \/>\n\t<meta property=\"og:image:type\" content=\"image\/jpeg\" \/>\n<meta name=\"author\" content=\"madrid01\" \/>\n<meta name=\"twitter:card\" content=\"summary_large_image\" \/>\n<meta name=\"twitter:label1\" content=\"Written by\" \/>\n\t<meta name=\"twitter:data1\" content=\"madrid01\" \/>\n\t<meta name=\"twitter:label2\" content=\"Est. reading time\" \/>\n\t<meta name=\"twitter:data2\" content=\"1 minutua\" \/>\n<script type=\"application\/ld+json\" class=\"yoast-schema-graph\">{\"@context\":\"https:\\\/\\\/schema.org\",\"@graph\":[{\"@type\":\"Article\",\"@id\":\"https:\\\/\\\/www.itakaescolapios.org\\\/eu\\\/2017\\\/12\\\/los-ulises-se-convierten-en-sal-en-madrid\\\/#article\",\"isPartOf\":{\"@id\":\"https:\\\/\\\/www.itakaescolapios.org\\\/eu\\\/2017\\\/12\\\/los-ulises-se-convierten-en-sal-en-madrid\\\/\"},\"author\":{\"name\":\"madrid01\",\"@id\":\"https:\\\/\\\/www.itakaescolapios.org\\\/es\\\/#\\\/schema\\\/person\\\/bcd60d18d9795d0e978153a567a2edcb\"},\"headline\":\"LOS ULISES SE CONVIERTEN EN SAL EN MADRID\",\"datePublished\":\"2017-12-21T10:11:44+00:00\",\"dateModified\":\"2023-11-28T11:37:43+00:00\",\"mainEntityOfPage\":{\"@id\":\"https:\\\/\\\/www.itakaescolapios.org\\\/eu\\\/2017\\\/12\\\/los-ulises-se-convierten-en-sal-en-madrid\\\/\"},\"wordCount\":124,\"publisher\":{\"@id\":\"https:\\\/\\\/www.itakaescolapios.org\\\/es\\\/#organization\"},\"image\":{\"@id\":\"https:\\\/\\\/www.itakaescolapios.org\\\/eu\\\/2017\\\/12\\\/los-ulises-se-convierten-en-sal-en-madrid\\\/#primaryimage\"},\"thumbnailUrl\":\"https:\\\/\\\/www.itakaescolapios.org\\\/wp-content\\\/uploads\\\/2017\\\/12\\\/IMG-20171220-WA0017.jpg\",\"articleSection\":[\"Madrid\"],\"inLanguage\":\"eu\"},{\"@type\":\"WebPage\",\"@id\":\"https:\\\/\\\/www.itakaescolapios.org\\\/eu\\\/2017\\\/12\\\/los-ulises-se-convierten-en-sal-en-madrid\\\/\",\"url\":\"https:\\\/\\\/www.itakaescolapios.org\\\/eu\\\/2017\\\/12\\\/los-ulises-se-convierten-en-sal-en-madrid\\\/\",\"name\":\"LOS ULISES SE CONVIERTEN EN SAL EN MADRID - Itaka-Escolapios\",\"isPartOf\":{\"@id\":\"https:\\\/\\\/www.itakaescolapios.org\\\/es\\\/#website\"},\"primaryImageOfPage\":{\"@id\":\"https:\\\/\\\/www.itakaescolapios.org\\\/eu\\\/2017\\\/12\\\/los-ulises-se-convierten-en-sal-en-madrid\\\/#primaryimage\"},\"image\":{\"@id\":\"https:\\\/\\\/www.itakaescolapios.org\\\/eu\\\/2017\\\/12\\\/los-ulises-se-convierten-en-sal-en-madrid\\\/#primaryimage\"},\"thumbnailUrl\":\"https:\\\/\\\/www.itakaescolapios.org\\\/wp-content\\\/uploads\\\/2017\\\/12\\\/IMG-20171220-WA0017.jpg\",\"datePublished\":\"2017-12-21T10:11:44+00:00\",\"dateModified\":\"2023-11-28T11:37:43+00:00\",\"breadcrumb\":{\"@id\":\"https:\\\/\\\/www.itakaescolapios.org\\\/eu\\\/2017\\\/12\\\/los-ulises-se-convierten-en-sal-en-madrid\\\/#breadcrumb\"},\"inLanguage\":\"eu\",\"potentialAction\":[{\"@type\":\"ReadAction\",\"target\":[\"https:\\\/\\\/www.itakaescolapios.org\\\/eu\\\/2017\\\/12\\\/los-ulises-se-convierten-en-sal-en-madrid\\\/\"]}]},{\"@type\":\"ImageObject\",\"inLanguage\":\"eu\",\"@id\":\"https:\\\/\\\/www.itakaescolapios.org\\\/eu\\\/2017\\\/12\\\/los-ulises-se-convierten-en-sal-en-madrid\\\/#primaryimage\",\"url\":\"https:\\\/\\\/www.itakaescolapios.org\\\/wp-content\\\/uploads\\\/2017\\\/12\\\/IMG-20171220-WA0017.jpg\",\"contentUrl\":\"https:\\\/\\\/www.itakaescolapios.org\\\/wp-content\\\/uploads\\\/2017\\\/12\\\/IMG-20171220-WA0017.jpg\",\"width\":1080,\"height\":840},{\"@type\":\"BreadcrumbList\",\"@id\":\"https:\\\/\\\/www.itakaescolapios.org\\\/eu\\\/2017\\\/12\\\/los-ulises-se-convierten-en-sal-en-madrid\\\/#breadcrumb\",\"itemListElement\":[{\"@type\":\"ListItem\",\"position\":1,\"name\":\"Itaka-Escolapios\",\"item\":\"https:\\\/\\\/www.itakaescolapios.org\\\/es\\\/\"},{\"@type\":\"ListItem\",\"position\":2,\"name\":\"LOS ULISES SE CONVIERTEN EN SAL EN MADRID\"}]},{\"@type\":\"WebSite\",\"@id\":\"https:\\\/\\\/www.itakaescolapios.org\\\/eu\\\/es\\\/#website\",\"url\":\"https:\\\/\\\/www.itakaescolapios.org\\\/eu\\\/es\\\/\",\"name\":\"Itaka-Escolapios\",\"description\":\"Red de Itaka-Escolapios\",\"publisher\":{\"@id\":\"https:\\\/\\\/www.itakaescolapios.org\\\/eu\\\/es\\\/#organization\"},\"potentialAction\":[{\"@type\":\"SearchAction\",\"target\":{\"@type\":\"EntryPoint\",\"urlTemplate\":\"https:\\\/\\\/www.itakaescolapios.org\\\/eu\\\/es\\\/?s={search_term_string}\"},\"query-input\":{\"@type\":\"PropertyValueSpecification\",\"valueRequired\":true,\"valueName\":\"search_term_string\"}}],\"inLanguage\":\"eu\"},{\"@type\":\"Organization\",\"@id\":\"https:\\\/\\\/www.itakaescolapios.org\\\/eu\\\/es\\\/#organization\",\"name\":\"Fundaci\u00f3 Itaka-Escolapios\",\"url\":\"https:\\\/\\\/www.itakaescolapios.org\\\/eu\\\/es\\\/\",\"logo\":{\"@type\":\"ImageObject\",\"inLanguage\":\"eu\",\"@id\":\"https:\\\/\\\/www.itakaescolapios.org\\\/eu\\\/es\\\/#\\\/schema\\\/logo\\\/image\\\/\",\"url\":\"https:\\\/\\\/www.itakaescolapios.org\\\/wp-content\\\/uploads\\\/2024\\\/04\\\/Logo-itakaescolapios-peque.png\",\"contentUrl\":\"https:\\\/\\\/www.itakaescolapios.org\\\/wp-content\\\/uploads\\\/2024\\\/04\\\/Logo-itakaescolapios-peque.png\",\"width\":500,\"height\":199,\"caption\":\"Fundaci\u00f3 Itaka-Escolapios\"},\"image\":{\"@id\":\"https:\\\/\\\/www.itakaescolapios.org\\\/eu\\\/es\\\/#\\\/schema\\\/logo\\\/image\\\/\"}},{\"@type\":\"Person\",\"@id\":\"https:\\\/\\\/www.itakaescolapios.org\\\/es\\\/#\\\/schema\\\/person\\\/bcd60d18d9795d0e978153a567a2edcb\",\"name\":\"madrid01\",\"url\":\"https:\\\/\\\/www.itakaescolapios.org\\\/eu\\\/author\\\/madrid01\\\/\"}]}<\/script>\n<!-- \/ Yoast SEO plugin. -->","yoast_head_json":{"title":"LOS ULISES SE CONVIERTEN EN SAL EN MADRID","description":"Con ilusi\u00f3n, nervios y sobre todo con ganas de salir de su tierra, para conocer otras realidades y compartir all\u00ed con otros lo mejor de s\u00ed mismas es c\u00f3mo arrancaron Sara, Bel\u00e9n y Mar\u00eda el Proyecto Sal en Madrid. Desde la sede de Itaka estamos muy emocionadas por iniciar de nuevo esta aventura que cambia&hellip;","robots":{"index":"index","follow":"follow","max-snippet":"max-snippet:-1","max-image-preview":"max-image-preview:large","max-video-preview":"max-video-preview:-1"},"canonical":"Con ilusi\u00f3n, nervios y sobre todo con ganas de salir de su tierra, para conocer otras realidades y compartir all\u00ed con otros lo mejor de s\u00ed mismas es c\u00f3mo arrancaron Sara, Bel\u00e9n y Mar\u00eda el Proyecto Sal en Madrid. Desde la sede de Itaka estamos muy emocionadas por iniciar de nuevo esta aventura que cambia&hellip;","og_locale":"en_US","og_type":"article","og_title":"LOS ULISES SE CONVIERTEN EN SAL EN MADRID","og_description":"Con ilusi\u00f3n, nervios y sobre todo con ganas de salir de su tierra, para conocer otras realidades y compartir all\u00ed con otros lo mejor de s\u00ed mismas es c\u00f3mo arrancaron Sara, Bel\u00e9n y Mar\u00eda el Proyecto Sal en Madrid. Desde la sede de Itaka estamos muy emocionadas por iniciar de nuevo esta aventura que cambia&hellip;","og_url":"https:\/\/www.itakaescolapios.org\/eu\/2017\/12\/los-ulises-se-convierten-en-sal-en-madrid\/","og_site_name":"Itaka-Escolapios","article_published_time":"2017-12-21T10:11:44+00:00","article_modified_time":"2023-11-28T11:37:43+00:00","og_image":[{"width":1080,"height":840,"url":"https:\/\/www.itakaescolapios.org\/wp-content\/uploads\/2017\/12\/IMG-20171220-WA0017.jpg","type":"image\/jpeg"}],"author":"madrid01","twitter_card":"summary_large_image","twitter_misc":{"Written by":"madrid01","Est. reading time":"1 minutua"},"schema":{"@context":"https:\/\/schema.org","@graph":[{"@type":"Article","@id":"https:\/\/www.itakaescolapios.org\/eu\/2017\/12\/los-ulises-se-convierten-en-sal-en-madrid\/#article","isPartOf":{"@id":"https:\/\/www.itakaescolapios.org\/eu\/2017\/12\/los-ulises-se-convierten-en-sal-en-madrid\/"},"author":{"name":"madrid01","@id":"https:\/\/www.itakaescolapios.org\/es\/#\/schema\/person\/bcd60d18d9795d0e978153a567a2edcb"},"headline":"LOS ULISES SE CONVIERTEN EN SAL EN MADRID","datePublished":"2017-12-21T10:11:44+00:00","dateModified":"2023-11-28T11:37:43+00:00","mainEntityOfPage":{"@id":"https:\/\/www.itakaescolapios.org\/eu\/2017\/12\/los-ulises-se-convierten-en-sal-en-madrid\/"},"wordCount":124,"publisher":{"@id":"https:\/\/www.itakaescolapios.org\/es\/#organization"},"image":{"@id":"https:\/\/www.itakaescolapios.org\/eu\/2017\/12\/los-ulises-se-convierten-en-sal-en-madrid\/#primaryimage"},"thumbnailUrl":"https:\/\/www.itakaescolapios.org\/wp-content\/uploads\/2017\/12\/IMG-20171220-WA0017.jpg","articleSection":["Madrid"],"inLanguage":"eu"},{"@type":"WebPage","@id":"https:\/\/www.itakaescolapios.org\/eu\/2017\/12\/los-ulises-se-convierten-en-sal-en-madrid\/","url":"https:\/\/www.itakaescolapios.org\/eu\/2017\/12\/los-ulises-se-convierten-en-sal-en-madrid\/","name":"LOS ULISES SE CONVIERTEN EN SAL EN MADRID - Itaka-Escolapios","isPartOf":{"@id":"https:\/\/www.itakaescolapios.org\/es\/#website"},"primaryImageOfPage":{"@id":"https:\/\/www.itakaescolapios.org\/eu\/2017\/12\/los-ulises-se-convierten-en-sal-en-madrid\/#primaryimage"},"image":{"@id":"https:\/\/www.itakaescolapios.org\/eu\/2017\/12\/los-ulises-se-convierten-en-sal-en-madrid\/#primaryimage"},"thumbnailUrl":"https:\/\/www.itakaescolapios.org\/wp-content\/uploads\/2017\/12\/IMG-20171220-WA0017.jpg","datePublished":"2017-12-21T10:11:44+00:00","dateModified":"2023-11-28T11:37:43+00:00","breadcrumb":{"@id":"https:\/\/www.itakaescolapios.org\/eu\/2017\/12\/los-ulises-se-convierten-en-sal-en-madrid\/#breadcrumb"},"inLanguage":"eu","potentialAction":[{"@type":"ReadAction","target":["https:\/\/www.itakaescolapios.org\/eu\/2017\/12\/los-ulises-se-convierten-en-sal-en-madrid\/"]}]},{"@type":"ImageObject","inLanguage":"eu","@id":"https:\/\/www.itakaescolapios.org\/eu\/2017\/12\/los-ulises-se-convierten-en-sal-en-madrid\/#primaryimage","url":"https:\/\/www.itakaescolapios.org\/wp-content\/uploads\/2017\/12\/IMG-20171220-WA0017.jpg","contentUrl":"https:\/\/www.itakaescolapios.org\/wp-content\/uploads\/2017\/12\/IMG-20171220-WA0017.jpg","width":1080,"height":840},{"@type":"BreadcrumbList","@id":"https:\/\/www.itakaescolapios.org\/eu\/2017\/12\/los-ulises-se-convierten-en-sal-en-madrid\/#breadcrumb","itemListElement":[{"@type":"ListItem","position":1,"name":"Itaka-Escolapios","item":"https:\/\/www.itakaescolapios.org\/es\/"},{"@type":"ListItem","position":2,"name":"LOS ULISES SE CONVIERTEN EN SAL EN MADRID"}]},{"@type":"WebSite","@id":"https:\/\/www.itakaescolapios.org\/eu\/es\/#website","url":"https:\/\/www.itakaescolapios.org\/eu\/es\/","name":"Itaka-Escolapios","description":"Red de Itaka-Escolapios","publisher":{"@id":"https:\/\/www.itakaescolapios.org\/eu\/es\/#organization"},"potentialAction":[{"@type":"SearchAction","target":{"@type":"EntryPoint","urlTemplate":"https:\/\/www.itakaescolapios.org\/eu\/es\/?s={search_term_string}"},"query-input":{"@type":"PropertyValueSpecification","valueRequired":true,"valueName":"search_term_string"}}],"inLanguage":"eu"},{"@type":"Organization","@id":"https:\/\/www.itakaescolapios.org\/eu\/es\/#organization","name":"Fundaci\u00f3 Itaka-Escolapios","url":"https:\/\/www.itakaescolapios.org\/eu\/es\/","logo":{"@type":"ImageObject","inLanguage":"eu","@id":"https:\/\/www.itakaescolapios.org\/eu\/es\/#\/schema\/logo\/image\/","url":"https:\/\/www.itakaescolapios.org\/wp-content\/uploads\/2024\/04\/Logo-itakaescolapios-peque.png","contentUrl":"https:\/\/www.itakaescolapios.org\/wp-content\/uploads\/2024\/04\/Logo-itakaescolapios-peque.png","width":500,"height":199,"caption":"Fundaci\u00f3 Itaka-Escolapios"},"image":{"@id":"https:\/\/www.itakaescolapios.org\/eu\/es\/#\/schema\/logo\/image\/"}},{"@type":"Person","@id":"https:\/\/www.itakaescolapios.org\/es\/#\/schema\/person\/bcd60d18d9795d0e978153a567a2edcb","name":"madrid01","url":"https:\/\/www.itakaescolapios.org\/eu\/author\/madrid01\/"}]}},"_links":{"self":[{"href":"https:\/\/www.itakaescolapios.org\/eu\/wp-json\/wp\/v2\/posts\/21501","targetHints":{"allow":["GET"]}}],"collection":[{"href":"https:\/\/www.itakaescolapios.org\/eu\/wp-json\/wp\/v2\/posts"}],"about":[{"href":"https:\/\/www.itakaescolapios.org\/eu\/wp-json\/wp\/v2\/types\/post"}],"author":[{"embeddable":true,"href":"https:\/\/www.itakaescolapios.org\/eu\/wp-json\/wp\/v2\/users\/48"}],"replies":[{"embeddable":true,"href":"https:\/\/www.itakaescolapios.org\/eu\/wp-json\/wp\/v2\/comments?post=21501"}],"version-history":[{"count":4,"href":"https:\/\/www.itakaescolapios.org\/eu\/wp-json\/wp\/v2\/posts\/21501\/revisions"}],"predecessor-version":[{"id":47164,"href":"https:\/\/www.itakaescolapios.org\/eu\/wp-json\/wp\/v2\/posts\/21501\/revisions\/47164"}],"wp:featuredmedia":[{"embeddable":true,"href":"https:\/\/www.itakaescolapios.org\/eu\/wp-json\/wp\/v2\/media\/21503"}],"wp:attachment":[{"href":"https:\/\/www.itakaescolapios.org\/eu\/wp-json\/wp\/v2\/media?parent=21501"}],"wp:term":[{"taxonomy":"category","embeddable":true,"href":"https:\/\/www.itakaescolapios.org\/eu\/wp-json\/wp\/v2\/categories?post=21501"},{"taxonomy":"post_tag","embeddable":true,"href":"https:\/\/www.itakaescolapios.org\/eu\/wp-json\/wp\/v2\/tags?post=21501"}],"curies":[{"name":"wp","href":"https:\/\/api.w.org\/{rel}","templated":true}]}}