{"id":22132,"date":"2018-02-20T12:56:58","date_gmt":"2018-02-20T11:56:58","guid":{"rendered":"https:\/\/www.itakaescolapios.org\/?p=22132"},"modified":"2023-11-28T12:37:37","modified_gmt":"2023-11-28T11:37:37","slug":"encuentro-formativo-de-voluntariado-en-valencia","status":"publish","type":"post","link":"https:\/\/www.itakaescolapios.org\/eu\/2018\/02\/encuentro-formativo-de-voluntariado-en-valencia\/","title":{"rendered":"ENCUENTRO FORMATIVO DE VOLUNTARIADO EN VALENCIA"},"content":{"rendered":"<p style=\"text-align: justify\">Los pasados d\u00edas 17 y 18 de febrero los voluntarios de Itaka-Escolapios realizaron un encuentro formativo. En esta ocasi\u00f3n, el encuentro se desarroll\u00f3 en N\u00e1quera.<\/p>\n<p style=\"text-align: justify\">A lo largo del encuentro, los voluntarios reflexionaron y profundizaron en torno a su labor a trav\u00e9s de distintas sesiones formativas. Para comenzar, recibieron una sesi\u00f3n de biodanza con Inma, donde aprendieron la importancia de la comunicaci\u00f3n y el contacto corporal y disfrutaron de un tiempo de expresi\u00f3n y diversi\u00f3n en equipo.<\/p>\n<p style=\"text-align: justify\">\u00a0Una vez acabaron este primer contacto, reflexionaron en una segunda sesi\u00f3n acerca del car\u00e1cter del refuerzo educativo y se les mostraron distintas herramientas para hacer m\u00e1s eficaz su aplicaci\u00f3n. Tras una comida al aire libre, vivieron un momento muy especial al escuchar dos experiencias de personas cuyas vidas hab\u00edan sido marcadas por sus experiencias como voluntarios. La primera experiencia fue a trav\u00e9s de Skype, y en ella, los voluntarios contactaron con Vicent, autor de la canci\u00f3n \u201cDime si lo ves\u201d y voluntario en distintos espacios como M\u00e9dicos Sin Fronteras. La segunda experiencia fue contada en vivo por Kiko, vinculado durante muchos a\u00f1os a Amaltea.<\/p>\n<p style=\"text-align: justify\">A continuaci\u00f3n, los voluntarios tuvieron una din\u00e1mica para compartir el significado del voluntariado y el compromiso para cada uno de ellos dentro de Itaka-Escolapios. Tambi\u00e9n se dividieron en grupos seg\u00fan los distintos proyectos y asociaciones para evaluar la marcha del curso, compartir vivencias y marcar objetivos de cara al futuro. Por la noche, todos disfrutaron de una divertida velada a modo de gynkana con distintas pruebas y juegos.<\/p>\n<p style=\"text-align: justify\">El domingo se realizaron las dos \u00faltimas sesiones formativas. La primera, con Ana se centr\u00f3 en la educaci\u00f3n emocional, se\u00f1alando las emociones b\u00e1sicas y c\u00f3mo aprender a gestionarlas con los ni\u00f1os a trav\u00e9s de herramientas como juegos y cuentos. La \u00faltima sesi\u00f3n situ\u00f3 a los voluntarios en el conjunto de la labor desempe\u00f1ada por la Red Itaka-Escolapios.<\/p>\n<p style=\"text-align: justify\">Para finalizar el encuentro, se celebr\u00f3 una eucarist\u00eda en acci\u00f3n de gracias en el colegio de las Escuelas P\u00edas de la Malvarrossa, presidida por el escolapio Vicente Climent, quien dio un breve testimonio de su vocaci\u00f3n escolapia al final de la celebraci\u00f3n.<\/p>\n\n\t\t<style type=\"text\/css\">\n\t\t\t#gallery-1 {\n\t\t\t\tmargin: auto;\n\t\t\t}\n\t\t\t#gallery-1 .gallery-item {\n\t\t\t\tfloat: left;\n\t\t\t\tmargin-top: 10px;\n\t\t\t\ttext-align: center;\n\t\t\t\twidth: 33%;\n\t\t\t}\n\t\t\t#gallery-1 img {\n\t\t\t\tborder: 2px solid #cfcfcf;\n\t\t\t}\n\t\t\t#gallery-1 .gallery-caption {\n\t\t\t\tmargin-left: 0;\n\t\t\t}\n\t\t\t\/* see gallery_shortcode() in wp-includes\/media.php *\/\n\t\t<\/style>\n\t\t<div id='gallery-1' class='gallery galleryid-22132 gallery-columns-3 gallery-size-thumbnail'><dl class='gallery-item'>\n\t\t\t<dt class='gallery-icon landscape'>\n\t\t\t\t<img decoding=\"async\" width=\"90\" height=\"90\" src=\"https:\/\/www.itakaescolapios.org\/wp-content\/uploads\/2018\/02\/WhatsApp-Image-2018-02-20-at-12.44.26-1-90x90.jpeg\" class=\"attachment-thumbnail size-thumbnail\" alt=\"\" \/>\n\t\t\t<\/dt><\/dl><dl class='gallery-item'>\n\t\t\t<dt class='gallery-icon landscape'>\n\t\t\t\t<img decoding=\"async\" width=\"90\" height=\"90\" src=\"https:\/\/www.itakaescolapios.org\/wp-content\/uploads\/2018\/02\/WhatsApp-Image-2018-02-20-at-12.44.24-2-90x90.jpeg\" class=\"attachment-thumbnail size-thumbnail\" alt=\"\" \/>\n\t\t\t<\/dt><\/dl><dl class='gallery-item'>\n\t\t\t<dt class='gallery-icon landscape'>\n\t\t\t\t<img decoding=\"async\" width=\"90\" height=\"90\" src=\"https:\/\/www.itakaescolapios.org\/wp-content\/uploads\/2018\/02\/WhatsApp-Image-2018-02-20-at-12.44.23-3-90x90.jpeg\" class=\"attachment-thumbnail size-thumbnail\" alt=\"\" \/>\n\t\t\t<\/dt><\/dl><br style=\"clear: both\" \/><dl class='gallery-item'>\n\t\t\t<dt class='gallery-icon landscape'>\n\t\t\t\t<img decoding=\"async\" width=\"90\" height=\"90\" src=\"https:\/\/www.itakaescolapios.org\/wp-content\/uploads\/2018\/02\/WhatsApp-Image-2018-02-20-at-12.43.22-3-90x90.jpeg\" class=\"attachment-thumbnail size-thumbnail\" alt=\"\" \/>\n\t\t\t<\/dt><\/dl><dl class='gallery-item'>\n\t\t\t<dt class='gallery-icon landscape'>\n\t\t\t\t<img decoding=\"async\" width=\"90\" height=\"90\" src=\"https:\/\/www.itakaescolapios.org\/wp-content\/uploads\/2018\/02\/WhatsApp-Image-2018-02-20-at-12.43.19-3-90x90.jpeg\" class=\"attachment-thumbnail size-thumbnail\" alt=\"\" \/>\n\t\t\t<\/dt><\/dl><dl class='gallery-item'>\n\t\t\t<dt class='gallery-icon landscape'>\n\t\t\t\t<img decoding=\"async\" width=\"90\" height=\"90\" src=\"https:\/\/www.itakaescolapios.org\/wp-content\/uploads\/2018\/02\/WhatsApp-Image-2018-02-20-at-12.43.16-90x90.jpeg\" class=\"attachment-thumbnail size-thumbnail\" alt=\"\" \/>\n\t\t\t<\/dt><\/dl><br style=\"clear: both\" \/>\n\t\t<\/div>\n\n","protected":false},"excerpt":{"rendered":"<p>Los pasados d\u00edas 17 y 18 de febrero los voluntarios de Itaka-Escolapios realizaron un encuentro formativo. En esta ocasi\u00f3n, el encuentro se desarroll\u00f3 en N\u00e1quera. A lo largo del encuentro, [&hellip;]<\/p>\n","protected":false},"author":39,"featured_media":22133,"comment_status":"closed","ping_status":"closed","sticky":false,"template":"","format":"standard","meta":{"_et_pb_use_builder":"","_et_pb_old_content":"","_et_gb_content_width":"","footnotes":""},"categories":[12],"tags":[311,46,310,45,72,312,278,249,142],"class_list":["post-22132","post","type-post","status-publish","format-standard","has-post-thumbnail","hentry","category-valencia","tag-biodanza","tag-educacion","tag-emociones","tag-encuentro","tag-formacion","tag-red-itaka-escolapios","tag-refuerzo-escolar","tag-testimonio","tag-voluntariado"],"yoast_head":"<!-- This site is optimized with the Yoast SEO plugin v27.4 - https:\/\/yoast.com\/product\/yoast-seo-wordpress\/ -->\n<title>ENCUENTRO FORMATIVO DE VOLUNTARIADO EN VALENCIA<\/title>\n<meta name=\"description\" content=\"Los pasados d\u00edas 17 y 18 de febrero los voluntarios de Itaka-Escolapios realizaron un encuentro formativo. En esta ocasi\u00f3n, el encuentro se desarroll\u00f3 en N\u00e1quera. A lo largo del encuentro, los voluntarios reflexionaron y profundizaron en torno a su labor a trav\u00e9s de distintas sesiones formativas. Para comenzar, recibieron una sesi\u00f3n de biodanza con Inma,&hellip;\" \/>\n<meta name=\"robots\" content=\"index, follow, max-snippet:-1, max-image-preview:large, max-video-preview:-1\" \/>\n<link rel=\"canonical\" href=\"http:\/\/Los%20pasados%20d\u00edas%2017%20y%2018%20de%20febrero%20los%20voluntarios%20de%20Itaka-Escolapios%20realizaron%20un%20encuentro%20formativo.%20En%20esta%20ocasi\u00f3n,%20el%20encuentro%20se%20desarroll\u00f3%20en%20N\u00e1quera.%20A%20lo%20largo%20del%20encuentro,%20los%20voluntarios%20reflexionaron%20y%20profundizaron%20en%20torno%20a%20su%20labor%20a%20trav\u00e9s%20de%20distintas%20sesiones%20formativas.%20Para%20comenzar,%20recibieron%20una%20sesi\u00f3n%20de%20biodanza%20con%20Inma,&hellip;\" \/>\n<meta property=\"og:locale\" content=\"en_US\" \/>\n<meta property=\"og:type\" content=\"article\" \/>\n<meta property=\"og:title\" content=\"ENCUENTRO FORMATIVO DE VOLUNTARIADO EN VALENCIA\" \/>\n<meta property=\"og:description\" content=\"Los pasados d\u00edas 17 y 18 de febrero los voluntarios de Itaka-Escolapios realizaron un encuentro formativo. En esta ocasi\u00f3n, el encuentro se desarroll\u00f3 en N\u00e1quera. A lo largo del encuentro, los voluntarios reflexionaron y profundizaron en torno a su labor a trav\u00e9s de distintas sesiones formativas. Para comenzar, recibieron una sesi\u00f3n de biodanza con Inma,&hellip;\" \/>\n<meta property=\"og:url\" content=\"https:\/\/www.itakaescolapios.org\/eu\/2018\/02\/encuentro-formativo-de-voluntariado-en-valencia\/\" \/>\n<meta property=\"og:site_name\" content=\"Itaka-Escolapios\" \/>\n<meta property=\"article:published_time\" content=\"2018-02-20T11:56:58+00:00\" \/>\n<meta property=\"article:modified_time\" content=\"2023-11-28T11:37:37+00:00\" \/>\n<meta property=\"og:image\" content=\"https:\/\/www.itakaescolapios.org\/wp-content\/uploads\/2018\/02\/WhatsApp-Image-2018-02-20-at-12.44.26.jpeg\" \/>\n\t<meta property=\"og:image:width\" content=\"842\" \/>\n\t<meta property=\"og:image:height\" content=\"1500\" \/>\n\t<meta property=\"og:image:type\" content=\"image\/jpeg\" \/>\n<meta name=\"author\" content=\"valencia01\" \/>\n<meta name=\"twitter:card\" content=\"summary_large_image\" \/>\n<meta name=\"twitter:label1\" content=\"Written by\" \/>\n\t<meta name=\"twitter:data1\" content=\"valencia01\" \/>\n\t<meta name=\"twitter:label2\" content=\"Est. reading time\" \/>\n\t<meta name=\"twitter:data2\" content=\"2 minutua\" \/>\n<script type=\"application\/ld+json\" class=\"yoast-schema-graph\">{\"@context\":\"https:\\\/\\\/schema.org\",\"@graph\":[{\"@type\":\"Article\",\"@id\":\"https:\\\/\\\/www.itakaescolapios.org\\\/eu\\\/2018\\\/02\\\/encuentro-formativo-de-voluntariado-en-valencia\\\/#article\",\"isPartOf\":{\"@id\":\"https:\\\/\\\/www.itakaescolapios.org\\\/eu\\\/2018\\\/02\\\/encuentro-formativo-de-voluntariado-en-valencia\\\/\"},\"author\":{\"name\":\"valencia01\",\"@id\":\"https:\\\/\\\/www.itakaescolapios.org\\\/es\\\/#\\\/schema\\\/person\\\/c232ccaa2b3f2e98db93c1f8dfca96ff\"},\"headline\":\"ENCUENTRO FORMATIVO DE VOLUNTARIADO EN VALENCIA\",\"datePublished\":\"2018-02-20T11:56:58+00:00\",\"dateModified\":\"2023-11-28T11:37:37+00:00\",\"mainEntityOfPage\":{\"@id\":\"https:\\\/\\\/www.itakaescolapios.org\\\/eu\\\/2018\\\/02\\\/encuentro-formativo-de-voluntariado-en-valencia\\\/\"},\"wordCount\":390,\"publisher\":{\"@id\":\"https:\\\/\\\/www.itakaescolapios.org\\\/es\\\/#organization\"},\"image\":{\"@id\":\"https:\\\/\\\/www.itakaescolapios.org\\\/eu\\\/2018\\\/02\\\/encuentro-formativo-de-voluntariado-en-valencia\\\/#primaryimage\"},\"thumbnailUrl\":\"https:\\\/\\\/www.itakaescolapios.org\\\/wp-content\\\/uploads\\\/2018\\\/02\\\/WhatsApp-Image-2018-02-20-at-12.44.26.jpeg\",\"keywords\":[\"biodanza\",\"educaci\u00f3n\",\"emociones\",\"Encuentro\",\"formaci\u00f3n\",\"Red Itaka- Escolapios\",\"refuerzo escolar\",\"testimonio\",\"voluntariado\"],\"articleSection\":[\"Valencia\"],\"inLanguage\":\"eu\"},{\"@type\":\"WebPage\",\"@id\":\"https:\\\/\\\/www.itakaescolapios.org\\\/eu\\\/2018\\\/02\\\/encuentro-formativo-de-voluntariado-en-valencia\\\/\",\"url\":\"https:\\\/\\\/www.itakaescolapios.org\\\/eu\\\/2018\\\/02\\\/encuentro-formativo-de-voluntariado-en-valencia\\\/\",\"name\":\"ENCUENTRO FORMATIVO DE VOLUNTARIADO EN VALENCIA - Itaka-Escolapios\",\"isPartOf\":{\"@id\":\"https:\\\/\\\/www.itakaescolapios.org\\\/es\\\/#website\"},\"primaryImageOfPage\":{\"@id\":\"https:\\\/\\\/www.itakaescolapios.org\\\/eu\\\/2018\\\/02\\\/encuentro-formativo-de-voluntariado-en-valencia\\\/#primaryimage\"},\"image\":{\"@id\":\"https:\\\/\\\/www.itakaescolapios.org\\\/eu\\\/2018\\\/02\\\/encuentro-formativo-de-voluntariado-en-valencia\\\/#primaryimage\"},\"thumbnailUrl\":\"https:\\\/\\\/www.itakaescolapios.org\\\/wp-content\\\/uploads\\\/2018\\\/02\\\/WhatsApp-Image-2018-02-20-at-12.44.26.jpeg\",\"datePublished\":\"2018-02-20T11:56:58+00:00\",\"dateModified\":\"2023-11-28T11:37:37+00:00\",\"breadcrumb\":{\"@id\":\"https:\\\/\\\/www.itakaescolapios.org\\\/eu\\\/2018\\\/02\\\/encuentro-formativo-de-voluntariado-en-valencia\\\/#breadcrumb\"},\"inLanguage\":\"eu\",\"potentialAction\":[{\"@type\":\"ReadAction\",\"target\":[\"https:\\\/\\\/www.itakaescolapios.org\\\/eu\\\/2018\\\/02\\\/encuentro-formativo-de-voluntariado-en-valencia\\\/\"]}]},{\"@type\":\"ImageObject\",\"inLanguage\":\"eu\",\"@id\":\"https:\\\/\\\/www.itakaescolapios.org\\\/eu\\\/2018\\\/02\\\/encuentro-formativo-de-voluntariado-en-valencia\\\/#primaryimage\",\"url\":\"https:\\\/\\\/www.itakaescolapios.org\\\/wp-content\\\/uploads\\\/2018\\\/02\\\/WhatsApp-Image-2018-02-20-at-12.44.26.jpeg\",\"contentUrl\":\"https:\\\/\\\/www.itakaescolapios.org\\\/wp-content\\\/uploads\\\/2018\\\/02\\\/WhatsApp-Image-2018-02-20-at-12.44.26.jpeg\",\"width\":842,\"height\":1500},{\"@type\":\"BreadcrumbList\",\"@id\":\"https:\\\/\\\/www.itakaescolapios.org\\\/eu\\\/2018\\\/02\\\/encuentro-formativo-de-voluntariado-en-valencia\\\/#breadcrumb\",\"itemListElement\":[{\"@type\":\"ListItem\",\"position\":1,\"name\":\"Itaka-Escolapios\",\"item\":\"https:\\\/\\\/www.itakaescolapios.org\\\/es\\\/\"},{\"@type\":\"ListItem\",\"position\":2,\"name\":\"ENCUENTRO FORMATIVO DE VOLUNTARIADO EN VALENCIA\"}]},{\"@type\":\"WebSite\",\"@id\":\"https:\\\/\\\/www.itakaescolapios.org\\\/eu\\\/es\\\/#website\",\"url\":\"https:\\\/\\\/www.itakaescolapios.org\\\/eu\\\/es\\\/\",\"name\":\"Itaka-Escolapios\",\"description\":\"Red de Itaka-Escolapios\",\"publisher\":{\"@id\":\"https:\\\/\\\/www.itakaescolapios.org\\\/eu\\\/es\\\/#organization\"},\"potentialAction\":[{\"@type\":\"SearchAction\",\"target\":{\"@type\":\"EntryPoint\",\"urlTemplate\":\"https:\\\/\\\/www.itakaescolapios.org\\\/eu\\\/es\\\/?s={search_term_string}\"},\"query-input\":{\"@type\":\"PropertyValueSpecification\",\"valueRequired\":true,\"valueName\":\"search_term_string\"}}],\"inLanguage\":\"eu\"},{\"@type\":\"Organization\",\"@id\":\"https:\\\/\\\/www.itakaescolapios.org\\\/eu\\\/es\\\/#organization\",\"name\":\"Fundaci\u00f3 Itaka-Escolapios\",\"url\":\"https:\\\/\\\/www.itakaescolapios.org\\\/eu\\\/es\\\/\",\"logo\":{\"@type\":\"ImageObject\",\"inLanguage\":\"eu\",\"@id\":\"https:\\\/\\\/www.itakaescolapios.org\\\/eu\\\/es\\\/#\\\/schema\\\/logo\\\/image\\\/\",\"url\":\"https:\\\/\\\/www.itakaescolapios.org\\\/wp-content\\\/uploads\\\/2024\\\/04\\\/Logo-itakaescolapios-peque.png\",\"contentUrl\":\"https:\\\/\\\/www.itakaescolapios.org\\\/wp-content\\\/uploads\\\/2024\\\/04\\\/Logo-itakaescolapios-peque.png\",\"width\":500,\"height\":199,\"caption\":\"Fundaci\u00f3 Itaka-Escolapios\"},\"image\":{\"@id\":\"https:\\\/\\\/www.itakaescolapios.org\\\/eu\\\/es\\\/#\\\/schema\\\/logo\\\/image\\\/\"}},{\"@type\":\"Person\",\"@id\":\"https:\\\/\\\/www.itakaescolapios.org\\\/es\\\/#\\\/schema\\\/person\\\/c232ccaa2b3f2e98db93c1f8dfca96ff\",\"name\":\"valencia01\",\"url\":\"https:\\\/\\\/www.itakaescolapios.org\\\/eu\\\/author\\\/valencia01\\\/\"}]}<\/script>\n<!-- \/ Yoast SEO plugin. -->","yoast_head_json":{"title":"ENCUENTRO FORMATIVO DE VOLUNTARIADO EN VALENCIA","description":"Los pasados d\u00edas 17 y 18 de febrero los voluntarios de Itaka-Escolapios realizaron un encuentro formativo. En esta ocasi\u00f3n, el encuentro se desarroll\u00f3 en N\u00e1quera. A lo largo del encuentro, los voluntarios reflexionaron y profundizaron en torno a su labor a trav\u00e9s de distintas sesiones formativas. Para comenzar, recibieron una sesi\u00f3n de biodanza con Inma,&hellip;","robots":{"index":"index","follow":"follow","max-snippet":"max-snippet:-1","max-image-preview":"max-image-preview:large","max-video-preview":"max-video-preview:-1"},"canonical":"Los pasados d\u00edas 17 y 18 de febrero los voluntarios de Itaka-Escolapios realizaron un encuentro formativo. En esta ocasi\u00f3n, el encuentro se desarroll\u00f3 en N\u00e1quera. A lo largo del encuentro, los voluntarios reflexionaron y profundizaron en torno a su labor a trav\u00e9s de distintas sesiones formativas. Para comenzar, recibieron una sesi\u00f3n de biodanza con Inma,&hellip;","og_locale":"en_US","og_type":"article","og_title":"ENCUENTRO FORMATIVO DE VOLUNTARIADO EN VALENCIA","og_description":"Los pasados d\u00edas 17 y 18 de febrero los voluntarios de Itaka-Escolapios realizaron un encuentro formativo. En esta ocasi\u00f3n, el encuentro se desarroll\u00f3 en N\u00e1quera. A lo largo del encuentro, los voluntarios reflexionaron y profundizaron en torno a su labor a trav\u00e9s de distintas sesiones formativas. Para comenzar, recibieron una sesi\u00f3n de biodanza con Inma,&hellip;","og_url":"https:\/\/www.itakaescolapios.org\/eu\/2018\/02\/encuentro-formativo-de-voluntariado-en-valencia\/","og_site_name":"Itaka-Escolapios","article_published_time":"2018-02-20T11:56:58+00:00","article_modified_time":"2023-11-28T11:37:37+00:00","og_image":[{"width":842,"height":1500,"url":"https:\/\/www.itakaescolapios.org\/wp-content\/uploads\/2018\/02\/WhatsApp-Image-2018-02-20-at-12.44.26.jpeg","type":"image\/jpeg"}],"author":"valencia01","twitter_card":"summary_large_image","twitter_misc":{"Written by":"valencia01","Est. reading time":"2 minutua"},"schema":{"@context":"https:\/\/schema.org","@graph":[{"@type":"Article","@id":"https:\/\/www.itakaescolapios.org\/eu\/2018\/02\/encuentro-formativo-de-voluntariado-en-valencia\/#article","isPartOf":{"@id":"https:\/\/www.itakaescolapios.org\/eu\/2018\/02\/encuentro-formativo-de-voluntariado-en-valencia\/"},"author":{"name":"valencia01","@id":"https:\/\/www.itakaescolapios.org\/es\/#\/schema\/person\/c232ccaa2b3f2e98db93c1f8dfca96ff"},"headline":"ENCUENTRO FORMATIVO DE VOLUNTARIADO EN VALENCIA","datePublished":"2018-02-20T11:56:58+00:00","dateModified":"2023-11-28T11:37:37+00:00","mainEntityOfPage":{"@id":"https:\/\/www.itakaescolapios.org\/eu\/2018\/02\/encuentro-formativo-de-voluntariado-en-valencia\/"},"wordCount":390,"publisher":{"@id":"https:\/\/www.itakaescolapios.org\/es\/#organization"},"image":{"@id":"https:\/\/www.itakaescolapios.org\/eu\/2018\/02\/encuentro-formativo-de-voluntariado-en-valencia\/#primaryimage"},"thumbnailUrl":"https:\/\/www.itakaescolapios.org\/wp-content\/uploads\/2018\/02\/WhatsApp-Image-2018-02-20-at-12.44.26.jpeg","keywords":["biodanza","educaci\u00f3n","emociones","Encuentro","formaci\u00f3n","Red Itaka- Escolapios","refuerzo escolar","testimonio","voluntariado"],"articleSection":["Valencia"],"inLanguage":"eu"},{"@type":"WebPage","@id":"https:\/\/www.itakaescolapios.org\/eu\/2018\/02\/encuentro-formativo-de-voluntariado-en-valencia\/","url":"https:\/\/www.itakaescolapios.org\/eu\/2018\/02\/encuentro-formativo-de-voluntariado-en-valencia\/","name":"ENCUENTRO FORMATIVO DE VOLUNTARIADO EN VALENCIA - Itaka-Escolapios","isPartOf":{"@id":"https:\/\/www.itakaescolapios.org\/es\/#website"},"primaryImageOfPage":{"@id":"https:\/\/www.itakaescolapios.org\/eu\/2018\/02\/encuentro-formativo-de-voluntariado-en-valencia\/#primaryimage"},"image":{"@id":"https:\/\/www.itakaescolapios.org\/eu\/2018\/02\/encuentro-formativo-de-voluntariado-en-valencia\/#primaryimage"},"thumbnailUrl":"https:\/\/www.itakaescolapios.org\/wp-content\/uploads\/2018\/02\/WhatsApp-Image-2018-02-20-at-12.44.26.jpeg","datePublished":"2018-02-20T11:56:58+00:00","dateModified":"2023-11-28T11:37:37+00:00","breadcrumb":{"@id":"https:\/\/www.itakaescolapios.org\/eu\/2018\/02\/encuentro-formativo-de-voluntariado-en-valencia\/#breadcrumb"},"inLanguage":"eu","potentialAction":[{"@type":"ReadAction","target":["https:\/\/www.itakaescolapios.org\/eu\/2018\/02\/encuentro-formativo-de-voluntariado-en-valencia\/"]}]},{"@type":"ImageObject","inLanguage":"eu","@id":"https:\/\/www.itakaescolapios.org\/eu\/2018\/02\/encuentro-formativo-de-voluntariado-en-valencia\/#primaryimage","url":"https:\/\/www.itakaescolapios.org\/wp-content\/uploads\/2018\/02\/WhatsApp-Image-2018-02-20-at-12.44.26.jpeg","contentUrl":"https:\/\/www.itakaescolapios.org\/wp-content\/uploads\/2018\/02\/WhatsApp-Image-2018-02-20-at-12.44.26.jpeg","width":842,"height":1500},{"@type":"BreadcrumbList","@id":"https:\/\/www.itakaescolapios.org\/eu\/2018\/02\/encuentro-formativo-de-voluntariado-en-valencia\/#breadcrumb","itemListElement":[{"@type":"ListItem","position":1,"name":"Itaka-Escolapios","item":"https:\/\/www.itakaescolapios.org\/es\/"},{"@type":"ListItem","position":2,"name":"ENCUENTRO FORMATIVO DE VOLUNTARIADO EN VALENCIA"}]},{"@type":"WebSite","@id":"https:\/\/www.itakaescolapios.org\/eu\/es\/#website","url":"https:\/\/www.itakaescolapios.org\/eu\/es\/","name":"Itaka-Escolapios","description":"Red de Itaka-Escolapios","publisher":{"@id":"https:\/\/www.itakaescolapios.org\/eu\/es\/#organization"},"potentialAction":[{"@type":"SearchAction","target":{"@type":"EntryPoint","urlTemplate":"https:\/\/www.itakaescolapios.org\/eu\/es\/?s={search_term_string}"},"query-input":{"@type":"PropertyValueSpecification","valueRequired":true,"valueName":"search_term_string"}}],"inLanguage":"eu"},{"@type":"Organization","@id":"https:\/\/www.itakaescolapios.org\/eu\/es\/#organization","name":"Fundaci\u00f3 Itaka-Escolapios","url":"https:\/\/www.itakaescolapios.org\/eu\/es\/","logo":{"@type":"ImageObject","inLanguage":"eu","@id":"https:\/\/www.itakaescolapios.org\/eu\/es\/#\/schema\/logo\/image\/","url":"https:\/\/www.itakaescolapios.org\/wp-content\/uploads\/2024\/04\/Logo-itakaescolapios-peque.png","contentUrl":"https:\/\/www.itakaescolapios.org\/wp-content\/uploads\/2024\/04\/Logo-itakaescolapios-peque.png","width":500,"height":199,"caption":"Fundaci\u00f3 Itaka-Escolapios"},"image":{"@id":"https:\/\/www.itakaescolapios.org\/eu\/es\/#\/schema\/logo\/image\/"}},{"@type":"Person","@id":"https:\/\/www.itakaescolapios.org\/es\/#\/schema\/person\/c232ccaa2b3f2e98db93c1f8dfca96ff","name":"valencia01","url":"https:\/\/www.itakaescolapios.org\/eu\/author\/valencia01\/"}]}},"_links":{"self":[{"href":"https:\/\/www.itakaescolapios.org\/eu\/wp-json\/wp\/v2\/posts\/22132","targetHints":{"allow":["GET"]}}],"collection":[{"href":"https:\/\/www.itakaescolapios.org\/eu\/wp-json\/wp\/v2\/posts"}],"about":[{"href":"https:\/\/www.itakaescolapios.org\/eu\/wp-json\/wp\/v2\/types\/post"}],"author":[{"embeddable":true,"href":"https:\/\/www.itakaescolapios.org\/eu\/wp-json\/wp\/v2\/users\/39"}],"replies":[{"embeddable":true,"href":"https:\/\/www.itakaescolapios.org\/eu\/wp-json\/wp\/v2\/comments?post=22132"}],"version-history":[{"count":5,"href":"https:\/\/www.itakaescolapios.org\/eu\/wp-json\/wp\/v2\/posts\/22132\/revisions"}],"predecessor-version":[{"id":46996,"href":"https:\/\/www.itakaescolapios.org\/eu\/wp-json\/wp\/v2\/posts\/22132\/revisions\/46996"}],"wp:featuredmedia":[{"embeddable":true,"href":"https:\/\/www.itakaescolapios.org\/eu\/wp-json\/wp\/v2\/media\/22133"}],"wp:attachment":[{"href":"https:\/\/www.itakaescolapios.org\/eu\/wp-json\/wp\/v2\/media?parent=22132"}],"wp:term":[{"taxonomy":"category","embeddable":true,"href":"https:\/\/www.itakaescolapios.org\/eu\/wp-json\/wp\/v2\/categories?post=22132"},{"taxonomy":"post_tag","embeddable":true,"href":"https:\/\/www.itakaescolapios.org\/eu\/wp-json\/wp\/v2\/tags?post=22132"}],"curies":[{"name":"wp","href":"https:\/\/api.w.org\/{rel}","templated":true}]}}