{"id":22314,"date":"2018-03-07T10:59:36","date_gmt":"2018-03-07T09:59:36","guid":{"rendered":"https:\/\/www.itakaescolapios.org\/?p=22314"},"modified":"2023-11-28T12:37:35","modified_gmt":"2023-11-28T11:37:35","slug":"9-de-marzo-dia-del-voluntariado-en-la-red","status":"publish","type":"post","link":"https:\/\/www.itakaescolapios.org\/eu\/2018\/03\/9-de-marzo-dia-del-voluntariado-en-la-red\/","title":{"rendered":"9 de marzo, D\u00cdA DEL VOLUNTARIADO EN LA RED"},"content":{"rendered":"<p>D\u00cdA DEL VOLUNTARIADO EN ITAKA ESCOLAPIOS: 9 DE MARZO<\/p>\n<p>M\u00e1s de 1.600 personas voluntarias colaboran dando vida y haciendo posible la misi\u00f3n escolapia.Hoy conoceremos a Roc\u00edo, de Madrid-Espa\u00f1a y su labor en el proyecto Trast\u00e9vere de Aluche:<\/p>\n<p><a href=\"https:\/\/www.youtube.com\/watch?v=eSNBkhUglHs\">https:\/\/www.youtube.com\/watch?v=eSNBkhUglHs<\/a><\/p>\n","protected":false},"excerpt":{"rendered":"<p>D\u00cdA DEL VOLUNTARIADO EN ITAKA ESCOLAPIOS: 9 DE MARZO M\u00e1s de 1.600 personas voluntarias colaboran dando vida y haciendo posible la misi\u00f3n escolapia.Hoy conoceremos a Roc\u00edo, de Madrid-Espa\u00f1a y su [&hellip;]<\/p>\n","protected":false},"author":4,"featured_media":22315,"comment_status":"closed","ping_status":"closed","sticky":false,"template":"","format":"standard","meta":{"_et_pb_use_builder":"","_et_pb_old_content":"","_et_gb_content_width":"","footnotes":""},"categories":[30,146],"tags":[],"class_list":["post-22314","post","type-post","status-publish","format-standard","has-post-thumbnail","hentry","category-itaka-escolapios","category-madrid"],"yoast_head":"<!-- This site is optimized with the Yoast SEO plugin v27.4 - https:\/\/yoast.com\/product\/yoast-seo-wordpress\/ -->\n<title>9 de marzo, D\u00cdA DEL VOLUNTARIADO EN LA RED<\/title>\n<meta name=\"description\" content=\"D\u00cdA DEL VOLUNTARIADO EN ITAKA ESCOLAPIOS: 9 DE MARZO M\u00e1s de 1.600 personas voluntarias colaboran dando vida y haciendo posible la misi\u00f3n escolapia.Hoy conoceremos a Roc\u00edo, de Madrid-Espa\u00f1a y su labor en el proyecto Trast\u00e9vere de Aluche: https:\/\/www.youtube.com\/watch?v=eSNBkhUglHs\" \/>\n<meta name=\"robots\" content=\"index, follow, max-snippet:-1, max-image-preview:large, max-video-preview:-1\" \/>\n<link rel=\"canonical\" href=\"\" \/>\n<meta property=\"og:locale\" content=\"en_US\" \/>\n<meta property=\"og:type\" content=\"article\" \/>\n<meta property=\"og:title\" content=\"9 de marzo, D\u00cdA DEL VOLUNTARIADO EN LA RED\" \/>\n<meta property=\"og:description\" content=\"D\u00cdA DEL VOLUNTARIADO EN ITAKA ESCOLAPIOS: 9 DE MARZO M\u00e1s de 1.600 personas voluntarias colaboran dando vida y haciendo posible la misi\u00f3n escolapia.Hoy conoceremos a Roc\u00edo, de Madrid-Espa\u00f1a y su labor en el proyecto Trast\u00e9vere de Aluche: https:\/\/www.youtube.com\/watch?v=eSNBkhUglHs\" \/>\n<meta property=\"og:url\" content=\"https:\/\/www.itakaescolapios.org\/eu\/2018\/03\/9-de-marzo-dia-del-voluntariado-en-la-red\/\" \/>\n<meta property=\"og:site_name\" content=\"Itaka-Escolapios\" \/>\n<meta property=\"article:published_time\" content=\"2018-03-07T09:59:36+00:00\" \/>\n<meta property=\"article:modified_time\" content=\"2023-11-28T11:37:35+00:00\" \/>\n<meta property=\"og:image\" content=\"https:\/\/www.itakaescolapios.org\/wp-content\/uploads\/2018\/03\/1ALUCH.jpg\" \/>\n\t<meta property=\"og:image:width\" content=\"964\" \/>\n\t<meta property=\"og:image:height\" content=\"482\" \/>\n\t<meta property=\"og:image:type\" content=\"image\/jpeg\" \/>\n<meta name=\"author\" content=\"itaka\" \/>\n<meta name=\"twitter:card\" content=\"summary_large_image\" \/>\n<meta name=\"twitter:label1\" content=\"Written by\" \/>\n\t<meta name=\"twitter:data1\" content=\"itaka\" \/>\n<script type=\"application\/ld+json\" class=\"yoast-schema-graph\">{\"@context\":\"https:\\\/\\\/schema.org\",\"@graph\":[{\"@type\":\"Article\",\"@id\":\"https:\\\/\\\/www.itakaescolapios.org\\\/eu\\\/2018\\\/03\\\/9-de-marzo-dia-del-voluntariado-en-la-red\\\/#article\",\"isPartOf\":{\"@id\":\"https:\\\/\\\/www.itakaescolapios.org\\\/eu\\\/2018\\\/03\\\/9-de-marzo-dia-del-voluntariado-en-la-red\\\/\"},\"author\":{\"name\":\"itaka\",\"@id\":\"https:\\\/\\\/www.itakaescolapios.org\\\/es\\\/#\\\/schema\\\/person\\\/670123daeb1cc31cae1b106740036ccb\"},\"headline\":\"9 de marzo, D\u00cdA DEL VOLUNTARIADO EN LA RED\",\"datePublished\":\"2018-03-07T09:59:36+00:00\",\"dateModified\":\"2023-11-28T11:37:35+00:00\",\"mainEntityOfPage\":{\"@id\":\"https:\\\/\\\/www.itakaescolapios.org\\\/eu\\\/2018\\\/03\\\/9-de-marzo-dia-del-voluntariado-en-la-red\\\/\"},\"wordCount\":58,\"publisher\":{\"@id\":\"https:\\\/\\\/www.itakaescolapios.org\\\/es\\\/#organization\"},\"image\":{\"@id\":\"https:\\\/\\\/www.itakaescolapios.org\\\/eu\\\/2018\\\/03\\\/9-de-marzo-dia-del-voluntariado-en-la-red\\\/#primaryimage\"},\"thumbnailUrl\":\"https:\\\/\\\/www.itakaescolapios.org\\\/wp-content\\\/uploads\\\/2018\\\/03\\\/1ALUCH.jpg\",\"articleSection\":[\"Itaka Escolapios\",\"Madrid\"],\"inLanguage\":\"eu\"},{\"@type\":\"WebPage\",\"@id\":\"https:\\\/\\\/www.itakaescolapios.org\\\/eu\\\/2018\\\/03\\\/9-de-marzo-dia-del-voluntariado-en-la-red\\\/\",\"url\":\"https:\\\/\\\/www.itakaescolapios.org\\\/eu\\\/2018\\\/03\\\/9-de-marzo-dia-del-voluntariado-en-la-red\\\/\",\"name\":\"9 de marzo, D\u00cdA DEL VOLUNTARIADO EN LA RED - Itaka-Escolapios\",\"isPartOf\":{\"@id\":\"https:\\\/\\\/www.itakaescolapios.org\\\/es\\\/#website\"},\"primaryImageOfPage\":{\"@id\":\"https:\\\/\\\/www.itakaescolapios.org\\\/eu\\\/2018\\\/03\\\/9-de-marzo-dia-del-voluntariado-en-la-red\\\/#primaryimage\"},\"image\":{\"@id\":\"https:\\\/\\\/www.itakaescolapios.org\\\/eu\\\/2018\\\/03\\\/9-de-marzo-dia-del-voluntariado-en-la-red\\\/#primaryimage\"},\"thumbnailUrl\":\"https:\\\/\\\/www.itakaescolapios.org\\\/wp-content\\\/uploads\\\/2018\\\/03\\\/1ALUCH.jpg\",\"datePublished\":\"2018-03-07T09:59:36+00:00\",\"dateModified\":\"2023-11-28T11:37:35+00:00\",\"breadcrumb\":{\"@id\":\"https:\\\/\\\/www.itakaescolapios.org\\\/eu\\\/2018\\\/03\\\/9-de-marzo-dia-del-voluntariado-en-la-red\\\/#breadcrumb\"},\"inLanguage\":\"eu\",\"potentialAction\":[{\"@type\":\"ReadAction\",\"target\":[\"https:\\\/\\\/www.itakaescolapios.org\\\/eu\\\/2018\\\/03\\\/9-de-marzo-dia-del-voluntariado-en-la-red\\\/\"]}]},{\"@type\":\"ImageObject\",\"inLanguage\":\"eu\",\"@id\":\"https:\\\/\\\/www.itakaescolapios.org\\\/eu\\\/2018\\\/03\\\/9-de-marzo-dia-del-voluntariado-en-la-red\\\/#primaryimage\",\"url\":\"https:\\\/\\\/www.itakaescolapios.org\\\/wp-content\\\/uploads\\\/2018\\\/03\\\/1ALUCH.jpg\",\"contentUrl\":\"https:\\\/\\\/www.itakaescolapios.org\\\/wp-content\\\/uploads\\\/2018\\\/03\\\/1ALUCH.jpg\",\"width\":964,\"height\":482},{\"@type\":\"BreadcrumbList\",\"@id\":\"https:\\\/\\\/www.itakaescolapios.org\\\/eu\\\/2018\\\/03\\\/9-de-marzo-dia-del-voluntariado-en-la-red\\\/#breadcrumb\",\"itemListElement\":[{\"@type\":\"ListItem\",\"position\":1,\"name\":\"Itaka-Escolapios\",\"item\":\"https:\\\/\\\/www.itakaescolapios.org\\\/es\\\/\"},{\"@type\":\"ListItem\",\"position\":2,\"name\":\"9 de marzo, D\u00cdA DEL VOLUNTARIADO EN LA RED\"}]},{\"@type\":\"WebSite\",\"@id\":\"https:\\\/\\\/www.itakaescolapios.org\\\/eu\\\/es\\\/#website\",\"url\":\"https:\\\/\\\/www.itakaescolapios.org\\\/eu\\\/es\\\/\",\"name\":\"Itaka-Escolapios\",\"description\":\"Red de Itaka-Escolapios\",\"publisher\":{\"@id\":\"https:\\\/\\\/www.itakaescolapios.org\\\/eu\\\/es\\\/#organization\"},\"potentialAction\":[{\"@type\":\"SearchAction\",\"target\":{\"@type\":\"EntryPoint\",\"urlTemplate\":\"https:\\\/\\\/www.itakaescolapios.org\\\/eu\\\/es\\\/?s={search_term_string}\"},\"query-input\":{\"@type\":\"PropertyValueSpecification\",\"valueRequired\":true,\"valueName\":\"search_term_string\"}}],\"inLanguage\":\"eu\"},{\"@type\":\"Organization\",\"@id\":\"https:\\\/\\\/www.itakaescolapios.org\\\/eu\\\/es\\\/#organization\",\"name\":\"Fundaci\u00f3 Itaka-Escolapios\",\"url\":\"https:\\\/\\\/www.itakaescolapios.org\\\/eu\\\/es\\\/\",\"logo\":{\"@type\":\"ImageObject\",\"inLanguage\":\"eu\",\"@id\":\"https:\\\/\\\/www.itakaescolapios.org\\\/eu\\\/es\\\/#\\\/schema\\\/logo\\\/image\\\/\",\"url\":\"https:\\\/\\\/www.itakaescolapios.org\\\/wp-content\\\/uploads\\\/2024\\\/04\\\/Logo-itakaescolapios-peque.png\",\"contentUrl\":\"https:\\\/\\\/www.itakaescolapios.org\\\/wp-content\\\/uploads\\\/2024\\\/04\\\/Logo-itakaescolapios-peque.png\",\"width\":500,\"height\":199,\"caption\":\"Fundaci\u00f3 Itaka-Escolapios\"},\"image\":{\"@id\":\"https:\\\/\\\/www.itakaescolapios.org\\\/eu\\\/es\\\/#\\\/schema\\\/logo\\\/image\\\/\"}},{\"@type\":\"Person\",\"@id\":\"https:\\\/\\\/www.itakaescolapios.org\\\/es\\\/#\\\/schema\\\/person\\\/670123daeb1cc31cae1b106740036ccb\",\"name\":\"itaka\",\"url\":\"https:\\\/\\\/www.itakaescolapios.org\\\/eu\\\/author\\\/itaka\\\/\"}]}<\/script>\n<!-- \/ Yoast SEO plugin. -->","yoast_head_json":{"title":"9 de marzo, D\u00cdA DEL VOLUNTARIADO EN LA RED","description":"D\u00cdA DEL VOLUNTARIADO EN ITAKA ESCOLAPIOS: 9 DE MARZO M\u00e1s de 1.600 personas voluntarias colaboran dando vida y haciendo posible la misi\u00f3n escolapia.Hoy conoceremos a Roc\u00edo, de Madrid-Espa\u00f1a y su labor en el proyecto Trast\u00e9vere de Aluche: https:\/\/www.youtube.com\/watch?v=eSNBkhUglHs","robots":{"index":"index","follow":"follow","max-snippet":"max-snippet:-1","max-image-preview":"max-image-preview:large","max-video-preview":"max-video-preview:-1"},"canonical":"D\u00cdA DEL VOLUNTARIADO EN ITAKA ESCOLAPIOS: 9 DE MARZO M\u00e1s de 1.600 personas voluntarias colaboran dando vida y haciendo posible la misi\u00f3n escolapia.Hoy conoceremos a Roc\u00edo, de Madrid-Espa\u00f1a y su labor en el proyecto Trast\u00e9vere de Aluche: https:\/\/www.youtube.com\/watch?v=eSNBkhUglHs","og_locale":"en_US","og_type":"article","og_title":"9 de marzo, D\u00cdA DEL VOLUNTARIADO EN LA RED","og_description":"D\u00cdA DEL VOLUNTARIADO EN ITAKA ESCOLAPIOS: 9 DE MARZO M\u00e1s de 1.600 personas voluntarias colaboran dando vida y haciendo posible la misi\u00f3n escolapia.Hoy conoceremos a Roc\u00edo, de Madrid-Espa\u00f1a y su labor en el proyecto Trast\u00e9vere de Aluche: https:\/\/www.youtube.com\/watch?v=eSNBkhUglHs","og_url":"https:\/\/www.itakaescolapios.org\/eu\/2018\/03\/9-de-marzo-dia-del-voluntariado-en-la-red\/","og_site_name":"Itaka-Escolapios","article_published_time":"2018-03-07T09:59:36+00:00","article_modified_time":"2023-11-28T11:37:35+00:00","og_image":[{"width":964,"height":482,"url":"https:\/\/www.itakaescolapios.org\/wp-content\/uploads\/2018\/03\/1ALUCH.jpg","type":"image\/jpeg"}],"author":"itaka","twitter_card":"summary_large_image","twitter_misc":{"Written by":"itaka"},"schema":{"@context":"https:\/\/schema.org","@graph":[{"@type":"Article","@id":"https:\/\/www.itakaescolapios.org\/eu\/2018\/03\/9-de-marzo-dia-del-voluntariado-en-la-red\/#article","isPartOf":{"@id":"https:\/\/www.itakaescolapios.org\/eu\/2018\/03\/9-de-marzo-dia-del-voluntariado-en-la-red\/"},"author":{"name":"itaka","@id":"https:\/\/www.itakaescolapios.org\/es\/#\/schema\/person\/670123daeb1cc31cae1b106740036ccb"},"headline":"9 de marzo, D\u00cdA DEL VOLUNTARIADO EN LA RED","datePublished":"2018-03-07T09:59:36+00:00","dateModified":"2023-11-28T11:37:35+00:00","mainEntityOfPage":{"@id":"https:\/\/www.itakaescolapios.org\/eu\/2018\/03\/9-de-marzo-dia-del-voluntariado-en-la-red\/"},"wordCount":58,"publisher":{"@id":"https:\/\/www.itakaescolapios.org\/es\/#organization"},"image":{"@id":"https:\/\/www.itakaescolapios.org\/eu\/2018\/03\/9-de-marzo-dia-del-voluntariado-en-la-red\/#primaryimage"},"thumbnailUrl":"https:\/\/www.itakaescolapios.org\/wp-content\/uploads\/2018\/03\/1ALUCH.jpg","articleSection":["Itaka Escolapios","Madrid"],"inLanguage":"eu"},{"@type":"WebPage","@id":"https:\/\/www.itakaescolapios.org\/eu\/2018\/03\/9-de-marzo-dia-del-voluntariado-en-la-red\/","url":"https:\/\/www.itakaescolapios.org\/eu\/2018\/03\/9-de-marzo-dia-del-voluntariado-en-la-red\/","name":"9 de marzo, D\u00cdA DEL VOLUNTARIADO EN LA RED - Itaka-Escolapios","isPartOf":{"@id":"https:\/\/www.itakaescolapios.org\/es\/#website"},"primaryImageOfPage":{"@id":"https:\/\/www.itakaescolapios.org\/eu\/2018\/03\/9-de-marzo-dia-del-voluntariado-en-la-red\/#primaryimage"},"image":{"@id":"https:\/\/www.itakaescolapios.org\/eu\/2018\/03\/9-de-marzo-dia-del-voluntariado-en-la-red\/#primaryimage"},"thumbnailUrl":"https:\/\/www.itakaescolapios.org\/wp-content\/uploads\/2018\/03\/1ALUCH.jpg","datePublished":"2018-03-07T09:59:36+00:00","dateModified":"2023-11-28T11:37:35+00:00","breadcrumb":{"@id":"https:\/\/www.itakaescolapios.org\/eu\/2018\/03\/9-de-marzo-dia-del-voluntariado-en-la-red\/#breadcrumb"},"inLanguage":"eu","potentialAction":[{"@type":"ReadAction","target":["https:\/\/www.itakaescolapios.org\/eu\/2018\/03\/9-de-marzo-dia-del-voluntariado-en-la-red\/"]}]},{"@type":"ImageObject","inLanguage":"eu","@id":"https:\/\/www.itakaescolapios.org\/eu\/2018\/03\/9-de-marzo-dia-del-voluntariado-en-la-red\/#primaryimage","url":"https:\/\/www.itakaescolapios.org\/wp-content\/uploads\/2018\/03\/1ALUCH.jpg","contentUrl":"https:\/\/www.itakaescolapios.org\/wp-content\/uploads\/2018\/03\/1ALUCH.jpg","width":964,"height":482},{"@type":"BreadcrumbList","@id":"https:\/\/www.itakaescolapios.org\/eu\/2018\/03\/9-de-marzo-dia-del-voluntariado-en-la-red\/#breadcrumb","itemListElement":[{"@type":"ListItem","position":1,"name":"Itaka-Escolapios","item":"https:\/\/www.itakaescolapios.org\/es\/"},{"@type":"ListItem","position":2,"name":"9 de marzo, D\u00cdA DEL VOLUNTARIADO EN LA RED"}]},{"@type":"WebSite","@id":"https:\/\/www.itakaescolapios.org\/eu\/es\/#website","url":"https:\/\/www.itakaescolapios.org\/eu\/es\/","name":"Itaka-Escolapios","description":"Red de Itaka-Escolapios","publisher":{"@id":"https:\/\/www.itakaescolapios.org\/eu\/es\/#organization"},"potentialAction":[{"@type":"SearchAction","target":{"@type":"EntryPoint","urlTemplate":"https:\/\/www.itakaescolapios.org\/eu\/es\/?s={search_term_string}"},"query-input":{"@type":"PropertyValueSpecification","valueRequired":true,"valueName":"search_term_string"}}],"inLanguage":"eu"},{"@type":"Organization","@id":"https:\/\/www.itakaescolapios.org\/eu\/es\/#organization","name":"Fundaci\u00f3 Itaka-Escolapios","url":"https:\/\/www.itakaescolapios.org\/eu\/es\/","logo":{"@type":"ImageObject","inLanguage":"eu","@id":"https:\/\/www.itakaescolapios.org\/eu\/es\/#\/schema\/logo\/image\/","url":"https:\/\/www.itakaescolapios.org\/wp-content\/uploads\/2024\/04\/Logo-itakaescolapios-peque.png","contentUrl":"https:\/\/www.itakaescolapios.org\/wp-content\/uploads\/2024\/04\/Logo-itakaescolapios-peque.png","width":500,"height":199,"caption":"Fundaci\u00f3 Itaka-Escolapios"},"image":{"@id":"https:\/\/www.itakaescolapios.org\/eu\/es\/#\/schema\/logo\/image\/"}},{"@type":"Person","@id":"https:\/\/www.itakaescolapios.org\/es\/#\/schema\/person\/670123daeb1cc31cae1b106740036ccb","name":"itaka","url":"https:\/\/www.itakaescolapios.org\/eu\/author\/itaka\/"}]}},"_links":{"self":[{"href":"https:\/\/www.itakaescolapios.org\/eu\/wp-json\/wp\/v2\/posts\/22314","targetHints":{"allow":["GET"]}}],"collection":[{"href":"https:\/\/www.itakaescolapios.org\/eu\/wp-json\/wp\/v2\/posts"}],"about":[{"href":"https:\/\/www.itakaescolapios.org\/eu\/wp-json\/wp\/v2\/types\/post"}],"author":[{"embeddable":true,"href":"https:\/\/www.itakaescolapios.org\/eu\/wp-json\/wp\/v2\/users\/4"}],"replies":[{"embeddable":true,"href":"https:\/\/www.itakaescolapios.org\/eu\/wp-json\/wp\/v2\/comments?post=22314"}],"version-history":[{"count":4,"href":"https:\/\/www.itakaescolapios.org\/eu\/wp-json\/wp\/v2\/posts\/22314\/revisions"}],"predecessor-version":[{"id":46948,"href":"https:\/\/www.itakaescolapios.org\/eu\/wp-json\/wp\/v2\/posts\/22314\/revisions\/46948"}],"wp:featuredmedia":[{"embeddable":true,"href":"https:\/\/www.itakaescolapios.org\/eu\/wp-json\/wp\/v2\/media\/22315"}],"wp:attachment":[{"href":"https:\/\/www.itakaescolapios.org\/eu\/wp-json\/wp\/v2\/media?parent=22314"}],"wp:term":[{"taxonomy":"category","embeddable":true,"href":"https:\/\/www.itakaescolapios.org\/eu\/wp-json\/wp\/v2\/categories?post=22314"},{"taxonomy":"post_tag","embeddable":true,"href":"https:\/\/www.itakaescolapios.org\/eu\/wp-json\/wp\/v2\/tags?post=22314"}],"curies":[{"name":"wp","href":"https:\/\/api.w.org\/{rel}","templated":true}]}}