{"id":24212,"date":"2018-07-24T10:35:01","date_gmt":"2018-07-24T09:35:01","guid":{"rendered":"https:\/\/www.itakaescolapios.org\/?p=24212"},"modified":"2023-11-28T12:37:19","modified_gmt":"2023-11-28T11:37:19","slug":"estamos-de-aniversario-en-valencia","status":"publish","type":"post","link":"https:\/\/www.itakaescolapios.org\/eu\/2018\/07\/estamos-de-aniversario-en-valencia\/","title":{"rendered":"\u00a1ESTAMOS DE ANIVERSARIO EN VALENCIA!"},"content":{"rendered":"<p style=\"text-align: justify\">Este a\u00f1o se han cumplido 25 a\u00f1os del primer Campo de Trabajo organizado en Valencia. Desde 1993, centenares de j\u00f3venes han pasado por esta experiencia de voluntariado, que pretende acercar a los voluntarios y voluntarias a realidades cercanas de exclusi\u00f3n social y ponerlos al servicio de los ni\u00f1os y ni\u00f1as, ofreci\u00e9ndoles un verano alternativo.<\/p>\n<p style=\"text-align: justify\">Un reto propuesto por el padre Josep Maria Balcells, General de los Escolapios hace 25 a\u00f1os, a acercarse a las personas m\u00e1s necesitadas del barrio de Velluters en Valencia, fue el inicio del primer campo, con veinte j\u00f3venes dispuestos a realizar una labor voluntaria con los m\u00e1s peque\u00f1os igual que hizo San Jos\u00e9 de Calasanz. Uno de los impulsores de este campo fue el padre Javier Alonso, ahora en Venezuela.<\/p>\n<p style=\"text-align: justify\">Esta primera experiencia fue de tal impacto que se decidi\u00f3 continuar en los siguientes a\u00f1os y hasta hoy. Los voluntarios y voluntarias que participan, adem\u00e1s de acudir a distintas asociaciones y proyectos durante 15 d\u00edas, reciben una formaci\u00f3n por las tardes \u00fatil para el d\u00eda a d\u00eda con los ni\u00f1os, y tambi\u00e9n reflexiva, para que vayan m\u00e1s all\u00e1 de la acci\u00f3n directa que realizan y busquen las causas de la exclusi\u00f3n social, piensen, denuncien y busquen respuestas para construir un mundo mejor desde lo mejor de s\u00ed mismos.<\/p>\n<p style=\"text-align: justify\">Este a\u00f1o han sido 28 los j\u00f3venes que han vivido el voluntariado en este contexto, y es por ello que en la Eucarist\u00eda de final del campo de trabajo se haya recordado este 25 aniversario con una celebraci\u00f3n que cont\u00f3 con las palabras de Javier Alonso, una exposici\u00f3n con fotos desde 1993 y la presencia de muchas personas que han participado como voluntarias en estos a\u00f1os.<\/p>\n<p style=\"text-align: justify\">\u00a1Gracias a todos y por 25 a\u00f1os m\u00e1s, porque creemos en la educaci\u00f3n como motor del cambio!<\/p>\n\n\t\t<style type=\"text\/css\">\n\t\t\t#gallery-1 {\n\t\t\t\tmargin: auto;\n\t\t\t}\n\t\t\t#gallery-1 .gallery-item {\n\t\t\t\tfloat: left;\n\t\t\t\tmargin-top: 10px;\n\t\t\t\ttext-align: center;\n\t\t\t\twidth: 25%;\n\t\t\t}\n\t\t\t#gallery-1 img {\n\t\t\t\tborder: 2px solid #cfcfcf;\n\t\t\t}\n\t\t\t#gallery-1 .gallery-caption {\n\t\t\t\tmargin-left: 0;\n\t\t\t}\n\t\t\t\/* see gallery_shortcode() in wp-includes\/media.php *\/\n\t\t<\/style>\n\t\t<div id='gallery-1' class='gallery galleryid-24212 gallery-columns-4 gallery-size-thumbnail'><dl class='gallery-item'>\n\t\t\t<dt class='gallery-icon landscape'>\n\t\t\t\t<img decoding=\"async\" width=\"90\" height=\"90\" src=\"https:\/\/www.itakaescolapios.org\/wp-content\/uploads\/2018\/07\/IMG-20180720-WA0122-90x90.jpg\" class=\"attachment-thumbnail size-thumbnail\" alt=\"\" \/>\n\t\t\t<\/dt><\/dl><dl class='gallery-item'>\n\t\t\t<dt class='gallery-icon landscape'>\n\t\t\t\t<img decoding=\"async\" width=\"90\" height=\"90\" src=\"https:\/\/www.itakaescolapios.org\/wp-content\/uploads\/2018\/07\/IMG-20180720-WA0127-90x90.jpg\" class=\"attachment-thumbnail size-thumbnail\" alt=\"\" \/>\n\t\t\t<\/dt><\/dl><dl class='gallery-item'>\n\t\t\t<dt class='gallery-icon landscape'>\n\t\t\t\t<img decoding=\"async\" width=\"90\" height=\"90\" src=\"https:\/\/www.itakaescolapios.org\/wp-content\/uploads\/2018\/07\/IMG-20180720-WA0148-90x90.jpg\" class=\"attachment-thumbnail size-thumbnail\" alt=\"\" \/>\n\t\t\t<\/dt><\/dl><dl class='gallery-item'>\n\t\t\t<dt class='gallery-icon landscape'>\n\t\t\t\t<img decoding=\"async\" width=\"90\" height=\"90\" src=\"https:\/\/www.itakaescolapios.org\/wp-content\/uploads\/2018\/07\/IMG-20180720-WA0150-90x90.jpg\" class=\"attachment-thumbnail size-thumbnail\" alt=\"\" \/>\n\t\t\t<\/dt><\/dl><br style=\"clear: both\" \/><dl class='gallery-item'>\n\t\t\t<dt class='gallery-icon landscape'>\n\t\t\t\t<img decoding=\"async\" width=\"90\" height=\"90\" src=\"https:\/\/www.itakaescolapios.org\/wp-content\/uploads\/2018\/07\/IMG-20180720-WA0152-90x90.jpg\" class=\"attachment-thumbnail size-thumbnail\" alt=\"\" \/>\n\t\t\t<\/dt><\/dl><dl class='gallery-item'>\n\t\t\t<dt class='gallery-icon landscape'>\n\t\t\t\t<img decoding=\"async\" width=\"90\" height=\"90\" src=\"https:\/\/www.itakaescolapios.org\/wp-content\/uploads\/2018\/07\/IMG-20180720-WA0161-90x90.jpg\" class=\"attachment-thumbnail size-thumbnail\" alt=\"\" \/>\n\t\t\t<\/dt><\/dl><dl class='gallery-item'>\n\t\t\t<dt class='gallery-icon landscape'>\n\t\t\t\t<img decoding=\"async\" width=\"90\" height=\"90\" src=\"https:\/\/www.itakaescolapios.org\/wp-content\/uploads\/2018\/07\/IMG-20180720-WA0168-90x90.jpg\" class=\"attachment-thumbnail size-thumbnail\" alt=\"\" \/>\n\t\t\t<\/dt><\/dl><dl class='gallery-item'>\n\t\t\t<dt class='gallery-icon landscape'>\n\t\t\t\t<img decoding=\"async\" width=\"90\" height=\"90\" src=\"https:\/\/www.itakaescolapios.org\/wp-content\/uploads\/2018\/07\/IMG-20180720-WA0175-90x90.jpg\" class=\"attachment-thumbnail size-thumbnail\" alt=\"\" \/>\n\t\t\t<\/dt><\/dl><br style=\"clear: both\" \/>\n\t\t<\/div>\n\n","protected":false},"excerpt":{"rendered":"<p>Este a\u00f1o se han cumplido 25 a\u00f1os del primer Campo de Trabajo organizado en Valencia. Desde 1993, centenares de j\u00f3venes han pasado por esta experiencia de voluntariado, que pretende acercar [&hellip;]<\/p>\n","protected":false},"author":39,"featured_media":24213,"comment_status":"closed","ping_status":"closed","sticky":false,"template":"","format":"standard","meta":{"_et_pb_use_builder":"","_et_pb_old_content":"","_et_gb_content_width":"","footnotes":""},"categories":[12],"tags":[159,335,327,411,142],"class_list":["post-24212","post","type-post","status-publish","format-standard","has-post-thumbnail","hentry","category-valencia","tag-campo-de-trabajo","tag-ct","tag-infancia","tag-valencia","tag-voluntariado"],"yoast_head":"<!-- This site is optimized with the Yoast SEO plugin v27.4 - https:\/\/yoast.com\/product\/yoast-seo-wordpress\/ -->\n<title>\u00a1ESTAMOS DE ANIVERSARIO EN VALENCIA!<\/title>\n<meta name=\"description\" content=\"Este a\u00f1o se han cumplido 25 a\u00f1os del primer Campo de Trabajo organizado en Valencia. Desde 1993, centenares de j\u00f3venes han pasado por esta experiencia de voluntariado, que pretende acercar a los voluntarios y voluntarias a realidades cercanas de exclusi\u00f3n social y ponerlos al servicio de los ni\u00f1os y ni\u00f1as, ofreci\u00e9ndoles un verano alternativo. Un&hellip;\" \/>\n<meta name=\"robots\" content=\"index, follow, max-snippet:-1, max-image-preview:large, max-video-preview:-1\" \/>\n<link rel=\"canonical\" href=\"http:\/\/Este%20a\u00f1o%20se%20han%20cumplido%2025%20a\u00f1os%20del%20primer%20Campo%20de%20Trabajo%20organizado%20en%20Valencia.%20Desde%201993,%20centenares%20de%20j\u00f3venes%20han%20pasado%20por%20esta%20experiencia%20de%20voluntariado,%20que%20pretende%20acercar%20a%20los%20voluntarios%20y%20voluntarias%20a%20realidades%20cercanas%20de%20exclusi\u00f3n%20social%20y%20ponerlos%20al%20servicio%20de%20los%20ni\u00f1os%20y%20ni\u00f1as,%20ofreci\u00e9ndoles%20un%20verano%20alternativo.%20Un&hellip;\" \/>\n<meta property=\"og:locale\" content=\"en_US\" \/>\n<meta property=\"og:type\" content=\"article\" \/>\n<meta property=\"og:title\" content=\"\u00a1ESTAMOS DE ANIVERSARIO EN VALENCIA!\" \/>\n<meta property=\"og:description\" content=\"Este a\u00f1o se han cumplido 25 a\u00f1os del primer Campo de Trabajo organizado en Valencia. Desde 1993, centenares de j\u00f3venes han pasado por esta experiencia de voluntariado, que pretende acercar a los voluntarios y voluntarias a realidades cercanas de exclusi\u00f3n social y ponerlos al servicio de los ni\u00f1os y ni\u00f1as, ofreci\u00e9ndoles un verano alternativo. Un&hellip;\" \/>\n<meta property=\"og:url\" content=\"https:\/\/www.itakaescolapios.org\/eu\/2018\/07\/estamos-de-aniversario-en-valencia\/\" \/>\n<meta property=\"og:site_name\" content=\"Itaka-Escolapios\" \/>\n<meta property=\"article:published_time\" content=\"2018-07-24T09:35:01+00:00\" \/>\n<meta property=\"article:modified_time\" content=\"2023-11-28T11:37:19+00:00\" \/>\n<meta property=\"og:image\" content=\"https:\/\/www.itakaescolapios.org\/wp-content\/uploads\/2018\/07\/IMG-20180720-WA0133.jpg\" \/>\n\t<meta property=\"og:image:width\" content=\"1600\" \/>\n\t<meta property=\"og:image:height\" content=\"1200\" \/>\n\t<meta property=\"og:image:type\" content=\"image\/jpeg\" \/>\n<meta name=\"author\" content=\"valencia01\" \/>\n<meta name=\"twitter:card\" content=\"summary_large_image\" \/>\n<meta name=\"twitter:label1\" content=\"Written by\" \/>\n\t<meta name=\"twitter:data1\" content=\"valencia01\" \/>\n\t<meta name=\"twitter:label2\" content=\"Est. reading time\" \/>\n\t<meta name=\"twitter:data2\" content=\"2 minutua\" \/>\n<script type=\"application\/ld+json\" class=\"yoast-schema-graph\">{\"@context\":\"https:\\\/\\\/schema.org\",\"@graph\":[{\"@type\":\"Article\",\"@id\":\"https:\\\/\\\/www.itakaescolapios.org\\\/eu\\\/2018\\\/07\\\/estamos-de-aniversario-en-valencia\\\/#article\",\"isPartOf\":{\"@id\":\"https:\\\/\\\/www.itakaescolapios.org\\\/eu\\\/2018\\\/07\\\/estamos-de-aniversario-en-valencia\\\/\"},\"author\":{\"name\":\"valencia01\",\"@id\":\"https:\\\/\\\/www.itakaescolapios.org\\\/es\\\/#\\\/schema\\\/person\\\/c232ccaa2b3f2e98db93c1f8dfca96ff\"},\"headline\":\"\u00a1ESTAMOS DE ANIVERSARIO EN VALENCIA!\",\"datePublished\":\"2018-07-24T09:35:01+00:00\",\"dateModified\":\"2023-11-28T11:37:19+00:00\",\"mainEntityOfPage\":{\"@id\":\"https:\\\/\\\/www.itakaescolapios.org\\\/eu\\\/2018\\\/07\\\/estamos-de-aniversario-en-valencia\\\/\"},\"wordCount\":329,\"publisher\":{\"@id\":\"https:\\\/\\\/www.itakaescolapios.org\\\/es\\\/#organization\"},\"image\":{\"@id\":\"https:\\\/\\\/www.itakaescolapios.org\\\/eu\\\/2018\\\/07\\\/estamos-de-aniversario-en-valencia\\\/#primaryimage\"},\"thumbnailUrl\":\"https:\\\/\\\/www.itakaescolapios.org\\\/wp-content\\\/uploads\\\/2018\\\/07\\\/IMG-20180720-WA0133.jpg\",\"keywords\":[\"Campo de Trabajo\",\"CT\",\"Infancia\",\"Valencia\",\"voluntariado\"],\"articleSection\":[\"Valencia\"],\"inLanguage\":\"eu\"},{\"@type\":\"WebPage\",\"@id\":\"https:\\\/\\\/www.itakaescolapios.org\\\/eu\\\/2018\\\/07\\\/estamos-de-aniversario-en-valencia\\\/\",\"url\":\"https:\\\/\\\/www.itakaescolapios.org\\\/eu\\\/2018\\\/07\\\/estamos-de-aniversario-en-valencia\\\/\",\"name\":\"\u00a1ESTAMOS DE ANIVERSARIO EN VALENCIA! - Itaka-Escolapios\",\"isPartOf\":{\"@id\":\"https:\\\/\\\/www.itakaescolapios.org\\\/es\\\/#website\"},\"primaryImageOfPage\":{\"@id\":\"https:\\\/\\\/www.itakaescolapios.org\\\/eu\\\/2018\\\/07\\\/estamos-de-aniversario-en-valencia\\\/#primaryimage\"},\"image\":{\"@id\":\"https:\\\/\\\/www.itakaescolapios.org\\\/eu\\\/2018\\\/07\\\/estamos-de-aniversario-en-valencia\\\/#primaryimage\"},\"thumbnailUrl\":\"https:\\\/\\\/www.itakaescolapios.org\\\/wp-content\\\/uploads\\\/2018\\\/07\\\/IMG-20180720-WA0133.jpg\",\"datePublished\":\"2018-07-24T09:35:01+00:00\",\"dateModified\":\"2023-11-28T11:37:19+00:00\",\"breadcrumb\":{\"@id\":\"https:\\\/\\\/www.itakaescolapios.org\\\/eu\\\/2018\\\/07\\\/estamos-de-aniversario-en-valencia\\\/#breadcrumb\"},\"inLanguage\":\"eu\",\"potentialAction\":[{\"@type\":\"ReadAction\",\"target\":[\"https:\\\/\\\/www.itakaescolapios.org\\\/eu\\\/2018\\\/07\\\/estamos-de-aniversario-en-valencia\\\/\"]}]},{\"@type\":\"ImageObject\",\"inLanguage\":\"eu\",\"@id\":\"https:\\\/\\\/www.itakaescolapios.org\\\/eu\\\/2018\\\/07\\\/estamos-de-aniversario-en-valencia\\\/#primaryimage\",\"url\":\"https:\\\/\\\/www.itakaescolapios.org\\\/wp-content\\\/uploads\\\/2018\\\/07\\\/IMG-20180720-WA0133.jpg\",\"contentUrl\":\"https:\\\/\\\/www.itakaescolapios.org\\\/wp-content\\\/uploads\\\/2018\\\/07\\\/IMG-20180720-WA0133.jpg\",\"width\":1600,\"height\":1200},{\"@type\":\"BreadcrumbList\",\"@id\":\"https:\\\/\\\/www.itakaescolapios.org\\\/eu\\\/2018\\\/07\\\/estamos-de-aniversario-en-valencia\\\/#breadcrumb\",\"itemListElement\":[{\"@type\":\"ListItem\",\"position\":1,\"name\":\"Itaka-Escolapios\",\"item\":\"https:\\\/\\\/www.itakaescolapios.org\\\/es\\\/\"},{\"@type\":\"ListItem\",\"position\":2,\"name\":\"\u00a1ESTAMOS DE ANIVERSARIO EN VALENCIA!\"}]},{\"@type\":\"WebSite\",\"@id\":\"https:\\\/\\\/www.itakaescolapios.org\\\/eu\\\/es\\\/#website\",\"url\":\"https:\\\/\\\/www.itakaescolapios.org\\\/eu\\\/es\\\/\",\"name\":\"Itaka-Escolapios\",\"description\":\"Red de Itaka-Escolapios\",\"publisher\":{\"@id\":\"https:\\\/\\\/www.itakaescolapios.org\\\/eu\\\/es\\\/#organization\"},\"potentialAction\":[{\"@type\":\"SearchAction\",\"target\":{\"@type\":\"EntryPoint\",\"urlTemplate\":\"https:\\\/\\\/www.itakaescolapios.org\\\/eu\\\/es\\\/?s={search_term_string}\"},\"query-input\":{\"@type\":\"PropertyValueSpecification\",\"valueRequired\":true,\"valueName\":\"search_term_string\"}}],\"inLanguage\":\"eu\"},{\"@type\":\"Organization\",\"@id\":\"https:\\\/\\\/www.itakaescolapios.org\\\/eu\\\/es\\\/#organization\",\"name\":\"Fundaci\u00f3 Itaka-Escolapios\",\"url\":\"https:\\\/\\\/www.itakaescolapios.org\\\/eu\\\/es\\\/\",\"logo\":{\"@type\":\"ImageObject\",\"inLanguage\":\"eu\",\"@id\":\"https:\\\/\\\/www.itakaescolapios.org\\\/eu\\\/es\\\/#\\\/schema\\\/logo\\\/image\\\/\",\"url\":\"https:\\\/\\\/www.itakaescolapios.org\\\/wp-content\\\/uploads\\\/2024\\\/04\\\/Logo-itakaescolapios-peque.png\",\"contentUrl\":\"https:\\\/\\\/www.itakaescolapios.org\\\/wp-content\\\/uploads\\\/2024\\\/04\\\/Logo-itakaescolapios-peque.png\",\"width\":500,\"height\":199,\"caption\":\"Fundaci\u00f3 Itaka-Escolapios\"},\"image\":{\"@id\":\"https:\\\/\\\/www.itakaescolapios.org\\\/eu\\\/es\\\/#\\\/schema\\\/logo\\\/image\\\/\"}},{\"@type\":\"Person\",\"@id\":\"https:\\\/\\\/www.itakaescolapios.org\\\/es\\\/#\\\/schema\\\/person\\\/c232ccaa2b3f2e98db93c1f8dfca96ff\",\"name\":\"valencia01\",\"url\":\"https:\\\/\\\/www.itakaescolapios.org\\\/eu\\\/author\\\/valencia01\\\/\"}]}<\/script>\n<!-- \/ Yoast SEO plugin. -->","yoast_head_json":{"title":"\u00a1ESTAMOS DE ANIVERSARIO EN VALENCIA!","description":"Este a\u00f1o se han cumplido 25 a\u00f1os del primer Campo de Trabajo organizado en Valencia. Desde 1993, centenares de j\u00f3venes han pasado por esta experiencia de voluntariado, que pretende acercar a los voluntarios y voluntarias a realidades cercanas de exclusi\u00f3n social y ponerlos al servicio de los ni\u00f1os y ni\u00f1as, ofreci\u00e9ndoles un verano alternativo. Un&hellip;","robots":{"index":"index","follow":"follow","max-snippet":"max-snippet:-1","max-image-preview":"max-image-preview:large","max-video-preview":"max-video-preview:-1"},"canonical":"Este a\u00f1o se han cumplido 25 a\u00f1os del primer Campo de Trabajo organizado en Valencia. Desde 1993, centenares de j\u00f3venes han pasado por esta experiencia de voluntariado, que pretende acercar a los voluntarios y voluntarias a realidades cercanas de exclusi\u00f3n social y ponerlos al servicio de los ni\u00f1os y ni\u00f1as, ofreci\u00e9ndoles un verano alternativo. Un&hellip;","og_locale":"en_US","og_type":"article","og_title":"\u00a1ESTAMOS DE ANIVERSARIO EN VALENCIA!","og_description":"Este a\u00f1o se han cumplido 25 a\u00f1os del primer Campo de Trabajo organizado en Valencia. Desde 1993, centenares de j\u00f3venes han pasado por esta experiencia de voluntariado, que pretende acercar a los voluntarios y voluntarias a realidades cercanas de exclusi\u00f3n social y ponerlos al servicio de los ni\u00f1os y ni\u00f1as, ofreci\u00e9ndoles un verano alternativo. Un&hellip;","og_url":"https:\/\/www.itakaescolapios.org\/eu\/2018\/07\/estamos-de-aniversario-en-valencia\/","og_site_name":"Itaka-Escolapios","article_published_time":"2018-07-24T09:35:01+00:00","article_modified_time":"2023-11-28T11:37:19+00:00","og_image":[{"width":1600,"height":1200,"url":"https:\/\/www.itakaescolapios.org\/wp-content\/uploads\/2018\/07\/IMG-20180720-WA0133.jpg","type":"image\/jpeg"}],"author":"valencia01","twitter_card":"summary_large_image","twitter_misc":{"Written by":"valencia01","Est. reading time":"2 minutua"},"schema":{"@context":"https:\/\/schema.org","@graph":[{"@type":"Article","@id":"https:\/\/www.itakaescolapios.org\/eu\/2018\/07\/estamos-de-aniversario-en-valencia\/#article","isPartOf":{"@id":"https:\/\/www.itakaescolapios.org\/eu\/2018\/07\/estamos-de-aniversario-en-valencia\/"},"author":{"name":"valencia01","@id":"https:\/\/www.itakaescolapios.org\/es\/#\/schema\/person\/c232ccaa2b3f2e98db93c1f8dfca96ff"},"headline":"\u00a1ESTAMOS DE ANIVERSARIO EN VALENCIA!","datePublished":"2018-07-24T09:35:01+00:00","dateModified":"2023-11-28T11:37:19+00:00","mainEntityOfPage":{"@id":"https:\/\/www.itakaescolapios.org\/eu\/2018\/07\/estamos-de-aniversario-en-valencia\/"},"wordCount":329,"publisher":{"@id":"https:\/\/www.itakaescolapios.org\/es\/#organization"},"image":{"@id":"https:\/\/www.itakaescolapios.org\/eu\/2018\/07\/estamos-de-aniversario-en-valencia\/#primaryimage"},"thumbnailUrl":"https:\/\/www.itakaescolapios.org\/wp-content\/uploads\/2018\/07\/IMG-20180720-WA0133.jpg","keywords":["Campo de Trabajo","CT","Infancia","Valencia","voluntariado"],"articleSection":["Valencia"],"inLanguage":"eu"},{"@type":"WebPage","@id":"https:\/\/www.itakaescolapios.org\/eu\/2018\/07\/estamos-de-aniversario-en-valencia\/","url":"https:\/\/www.itakaescolapios.org\/eu\/2018\/07\/estamos-de-aniversario-en-valencia\/","name":"\u00a1ESTAMOS DE ANIVERSARIO EN VALENCIA! - Itaka-Escolapios","isPartOf":{"@id":"https:\/\/www.itakaescolapios.org\/es\/#website"},"primaryImageOfPage":{"@id":"https:\/\/www.itakaescolapios.org\/eu\/2018\/07\/estamos-de-aniversario-en-valencia\/#primaryimage"},"image":{"@id":"https:\/\/www.itakaescolapios.org\/eu\/2018\/07\/estamos-de-aniversario-en-valencia\/#primaryimage"},"thumbnailUrl":"https:\/\/www.itakaescolapios.org\/wp-content\/uploads\/2018\/07\/IMG-20180720-WA0133.jpg","datePublished":"2018-07-24T09:35:01+00:00","dateModified":"2023-11-28T11:37:19+00:00","breadcrumb":{"@id":"https:\/\/www.itakaescolapios.org\/eu\/2018\/07\/estamos-de-aniversario-en-valencia\/#breadcrumb"},"inLanguage":"eu","potentialAction":[{"@type":"ReadAction","target":["https:\/\/www.itakaescolapios.org\/eu\/2018\/07\/estamos-de-aniversario-en-valencia\/"]}]},{"@type":"ImageObject","inLanguage":"eu","@id":"https:\/\/www.itakaescolapios.org\/eu\/2018\/07\/estamos-de-aniversario-en-valencia\/#primaryimage","url":"https:\/\/www.itakaescolapios.org\/wp-content\/uploads\/2018\/07\/IMG-20180720-WA0133.jpg","contentUrl":"https:\/\/www.itakaescolapios.org\/wp-content\/uploads\/2018\/07\/IMG-20180720-WA0133.jpg","width":1600,"height":1200},{"@type":"BreadcrumbList","@id":"https:\/\/www.itakaescolapios.org\/eu\/2018\/07\/estamos-de-aniversario-en-valencia\/#breadcrumb","itemListElement":[{"@type":"ListItem","position":1,"name":"Itaka-Escolapios","item":"https:\/\/www.itakaescolapios.org\/es\/"},{"@type":"ListItem","position":2,"name":"\u00a1ESTAMOS DE ANIVERSARIO EN VALENCIA!"}]},{"@type":"WebSite","@id":"https:\/\/www.itakaescolapios.org\/eu\/es\/#website","url":"https:\/\/www.itakaescolapios.org\/eu\/es\/","name":"Itaka-Escolapios","description":"Red de Itaka-Escolapios","publisher":{"@id":"https:\/\/www.itakaescolapios.org\/eu\/es\/#organization"},"potentialAction":[{"@type":"SearchAction","target":{"@type":"EntryPoint","urlTemplate":"https:\/\/www.itakaescolapios.org\/eu\/es\/?s={search_term_string}"},"query-input":{"@type":"PropertyValueSpecification","valueRequired":true,"valueName":"search_term_string"}}],"inLanguage":"eu"},{"@type":"Organization","@id":"https:\/\/www.itakaescolapios.org\/eu\/es\/#organization","name":"Fundaci\u00f3 Itaka-Escolapios","url":"https:\/\/www.itakaescolapios.org\/eu\/es\/","logo":{"@type":"ImageObject","inLanguage":"eu","@id":"https:\/\/www.itakaescolapios.org\/eu\/es\/#\/schema\/logo\/image\/","url":"https:\/\/www.itakaescolapios.org\/wp-content\/uploads\/2024\/04\/Logo-itakaescolapios-peque.png","contentUrl":"https:\/\/www.itakaescolapios.org\/wp-content\/uploads\/2024\/04\/Logo-itakaescolapios-peque.png","width":500,"height":199,"caption":"Fundaci\u00f3 Itaka-Escolapios"},"image":{"@id":"https:\/\/www.itakaescolapios.org\/eu\/es\/#\/schema\/logo\/image\/"}},{"@type":"Person","@id":"https:\/\/www.itakaescolapios.org\/es\/#\/schema\/person\/c232ccaa2b3f2e98db93c1f8dfca96ff","name":"valencia01","url":"https:\/\/www.itakaescolapios.org\/eu\/author\/valencia01\/"}]}},"_links":{"self":[{"href":"https:\/\/www.itakaescolapios.org\/eu\/wp-json\/wp\/v2\/posts\/24212","targetHints":{"allow":["GET"]}}],"collection":[{"href":"https:\/\/www.itakaescolapios.org\/eu\/wp-json\/wp\/v2\/posts"}],"about":[{"href":"https:\/\/www.itakaescolapios.org\/eu\/wp-json\/wp\/v2\/types\/post"}],"author":[{"embeddable":true,"href":"https:\/\/www.itakaescolapios.org\/eu\/wp-json\/wp\/v2\/users\/39"}],"replies":[{"embeddable":true,"href":"https:\/\/www.itakaescolapios.org\/eu\/wp-json\/wp\/v2\/comments?post=24212"}],"version-history":[{"count":5,"href":"https:\/\/www.itakaescolapios.org\/eu\/wp-json\/wp\/v2\/posts\/24212\/revisions"}],"predecessor-version":[{"id":46474,"href":"https:\/\/www.itakaescolapios.org\/eu\/wp-json\/wp\/v2\/posts\/24212\/revisions\/46474"}],"wp:featuredmedia":[{"embeddable":true,"href":"https:\/\/www.itakaescolapios.org\/eu\/wp-json\/wp\/v2\/media\/24213"}],"wp:attachment":[{"href":"https:\/\/www.itakaescolapios.org\/eu\/wp-json\/wp\/v2\/media?parent=24212"}],"wp:term":[{"taxonomy":"category","embeddable":true,"href":"https:\/\/www.itakaescolapios.org\/eu\/wp-json\/wp\/v2\/categories?post=24212"},{"taxonomy":"post_tag","embeddable":true,"href":"https:\/\/www.itakaescolapios.org\/eu\/wp-json\/wp\/v2\/tags?post=24212"}],"curies":[{"name":"wp","href":"https:\/\/api.w.org\/{rel}","templated":true}]}}