{"id":25022,"date":"2018-10-24T17:10:21","date_gmt":"2018-10-24T16:10:21","guid":{"rendered":"https:\/\/www.itakaescolapios.org\/?p=25022"},"modified":"2023-11-28T12:37:10","modified_gmt":"2023-11-28T11:37:10","slug":"iii-itaka-se-mueve-en-madrid","status":"publish","type":"post","link":"https:\/\/www.itakaescolapios.org\/eu\/2018\/10\/iii-itaka-se-mueve-en-madrid\/","title":{"rendered":"III ITAKA SE MUEVE EN MADRID"},"content":{"rendered":"<p style=\"text-align: justify\">\u00a1Vaya fiest\u00f3n! A pesar de los d\u00edas previos de lluvias y viento. Este domingo nos sorprendi\u00f3 con una temperatura casi primaveral para celebrar el Itaka Se Mueve en Madrid. La ocasi\u00f3n lo merec\u00eda y, despu\u00e9s de tantos preparativos, qu\u00e9 mejor que un d\u00eda as\u00ed para celebrar en familia.<\/p>\n<p style=\"text-align: justify\">Parece que comenzamos ayer, pero es la tercera edici\u00f3n del Itaka Se Mueve en Madrid. Este a\u00f1o cambi\u00e1bamos de lugar y era el colegio <a href=\"https:\/\/www.facebook.com\/nsescuelaspias\/\">Nuestra Se\u00f1ora de las Escuelas P\u00edas de Aluche<\/a> la que nos acog\u00eda para celebrar los 50 a\u00f1os de la presencia escolapia en el barrio de Aluche y nuestro 5\u00ba aniversario en Madrid&#8230; y que hemos abierto una nueva oficina all\u00ed.<\/p>\n<p style=\"text-align: justify\">All\u00ed nos encontramos voluntariado de la fundaci\u00f3n, profesorado, socios, miembros de la fraternidad, familias y muchos m\u00e1s conocidos y amigos que se acercaron a pasar un d\u00eda juntos, contar c\u00f3mo van creciendo los proyectos que realizamos haciendo gracias a vuestra colaboraci\u00f3n, y celebrar que la familia crece.<\/p>\n<p style=\"text-align: justify\">Comenz\u00e1bamos el d\u00eda con deporte y un buen desayuno para recuperar fuerzas. A continuaci\u00f3n, celebramos la eucarist\u00eda y, al finalizar, tuvimos un peque\u00f1o espacio para presentar los proyectos y novedades a la comunidad cristiana escolapia. Despu\u00e9s\u2026 de todo: bocadillos, bebidas, paella, caf\u00e9 y bollos, photocall, masterclass de zumba, gymnkana familiar y una rifa. \u00a1Nada menos! Actividades para todos los gustos.<\/p>\n<p style=\"text-align: justify\">Nos gustar\u00eda por \u00faltimo dar las gracias: al colegio <a href=\"https:\/\/www.facebook.com\/nsescuelaspias\/\">Nuestra Se\u00f1ora de las Escuelas P\u00edas de Aluche<\/a>, por hacernos sentir como en casa y pon\u00e9rnoslo todo muy f\u00e1cil, como siempre; a la comunidad religiosa por todos los preparativos previos, montaje y desmontaje, y su presencia colaborando; al <a href=\"https:\/\/www.facebook.com\/pages\/category\/Elementary-School\/Ampa-altamira-169657366469259\/\">Ampa\u00a0<\/a>por su ayuda con las bebidas, las c\u00e1maras, la plancha y muchas m\u00e1s cosas. Gracias a <a href=\"https:\/\/www.facebook.com\/zumba\/\">Zumba Fintess<\/a> por la clase fant\u00e1stica que nos dieron (por cierto, por si alguien quiere apuntarse tiene un mont\u00f3n de clases de zumba, yoga e incluso defensa personal. Os compartimos los horarios y actividades). Gracias tambi\u00e9n a <a href=\"https:\/\/www.facebook.com\/pages\/category\/Butcher-Shop\/ANGEL-Mercados-de-Carne-649357911802960\/\">\u201c\u00c1ngel mercados de carne\u201d<\/a> que nos don\u00f3 la carne; y a la pasteler\u00eda Bakery (C\/Garc\u00eda de Paredes 49) que nos don\u00f3 el pan.<\/p>\n<p style=\"text-align: justify\">Gracias, por supuesto, al voluntariado de Itaka- Escolapios en Madrid, que estuvieron a pie del ca\u00f1\u00f3n durante todo el d\u00eda para que la fiesta fuese un \u00e9xito. Este proyecto (Voluntariado Escolapio Social) ha contado con el apoyo de la Comunidad de Madrid a trav\u00e9s de la Consejer\u00eda de Pol\u00edticas Sociales y Familia (Subdirecci\u00f3n General de Voluntariado, Cooperaci\u00f3n Internacional y Responsabilidad Social Corporativa) que nos ha concedido una subvenci\u00f3n.<\/p>\n<p style=\"text-align: justify\">Y, por \u00faltimo, y lo m\u00e1s importante, gracias a todos y todas los asistentes, profesorado de los colegios de Aluche y Pozuelo, ni\u00f1os y ni\u00f1as y familias que se acercaron al Itaka Se Mueve Madrid, porque sin vosotros nada de esto ser\u00eda posible.<\/p>\n<p style=\"text-align: justify\">En nuestro\u00a0<a href=\"https:\/\/www.facebook.com\/pg\/ItakaBetania\/photos\/?tab=album&amp;album_id=2035261353230542\">Facebook <\/a>\u00a0podr\u00e9is ver todas las fotos del d\u00eda<\/p>\n<p style=\"text-align: justify\">\u00a1Gracias!\u00a1Seguimos!<\/p>\n\n\t\t<style type=\"text\/css\">\n\t\t\t#gallery-1 {\n\t\t\t\tmargin: auto;\n\t\t\t}\n\t\t\t#gallery-1 .gallery-item {\n\t\t\t\tfloat: left;\n\t\t\t\tmargin-top: 10px;\n\t\t\t\ttext-align: center;\n\t\t\t\twidth: 33%;\n\t\t\t}\n\t\t\t#gallery-1 img {\n\t\t\t\tborder: 2px solid #cfcfcf;\n\t\t\t}\n\t\t\t#gallery-1 .gallery-caption {\n\t\t\t\tmargin-left: 0;\n\t\t\t}\n\t\t\t\/* see gallery_shortcode() in wp-includes\/media.php *\/\n\t\t<\/style>\n\t\t<div id='gallery-1' class='gallery galleryid-25022 gallery-columns-3 gallery-size-thumbnail'><dl class='gallery-item'>\n\t\t\t<dt class='gallery-icon landscape'>\n\t\t\t\t<a href='https:\/\/www.itakaescolapios.org\/wp-content\/uploads\/2018\/10\/IMG-20181021-WA0088.jpg'><img decoding=\"async\" width=\"90\" height=\"90\" src=\"https:\/\/www.itakaescolapios.org\/wp-content\/uploads\/2018\/10\/IMG-20181021-WA0088-90x90.jpg\" class=\"attachment-thumbnail size-thumbnail\" alt=\"\" \/><\/a>\n\t\t\t<\/dt><\/dl><dl class='gallery-item'>\n\t\t\t<dt class='gallery-icon landscape'>\n\t\t\t\t<a href='https:\/\/www.itakaescolapios.org\/wp-content\/uploads\/2018\/10\/IMG-20181021-WA0087.jpg'><img decoding=\"async\" width=\"90\" height=\"90\" src=\"https:\/\/www.itakaescolapios.org\/wp-content\/uploads\/2018\/10\/IMG-20181021-WA0087-90x90.jpg\" class=\"attachment-thumbnail size-thumbnail\" alt=\"\" \/><\/a>\n\t\t\t<\/dt><\/dl><dl class='gallery-item'>\n\t\t\t<dt class='gallery-icon landscape'>\n\t\t\t\t<a href='https:\/\/www.itakaescolapios.org\/wp-content\/uploads\/2018\/10\/IMG-20181021-WA0084.jpg'><img decoding=\"async\" width=\"90\" height=\"90\" src=\"https:\/\/www.itakaescolapios.org\/wp-content\/uploads\/2018\/10\/IMG-20181021-WA0084-90x90.jpg\" class=\"attachment-thumbnail size-thumbnail\" alt=\"\" \/><\/a>\n\t\t\t<\/dt><\/dl><br style=\"clear: both\" \/><dl class='gallery-item'>\n\t\t\t<dt class='gallery-icon landscape'>\n\t\t\t\t<a href='https:\/\/www.itakaescolapios.org\/wp-content\/uploads\/2018\/10\/IMG-20181021-WA0082.jpg'><img decoding=\"async\" width=\"90\" height=\"90\" src=\"https:\/\/www.itakaescolapios.org\/wp-content\/uploads\/2018\/10\/IMG-20181021-WA0082-90x90.jpg\" class=\"attachment-thumbnail size-thumbnail\" alt=\"\" \/><\/a>\n\t\t\t<\/dt><\/dl><dl class='gallery-item'>\n\t\t\t<dt class='gallery-icon landscape'>\n\t\t\t\t<a href='https:\/\/www.itakaescolapios.org\/wp-content\/uploads\/2018\/10\/IMG-20181021-WA0059.jpg'><img decoding=\"async\" width=\"90\" height=\"90\" src=\"https:\/\/www.itakaescolapios.org\/wp-content\/uploads\/2018\/10\/IMG-20181021-WA0059-90x90.jpg\" class=\"attachment-thumbnail size-thumbnail\" alt=\"\" \/><\/a>\n\t\t\t<\/dt><\/dl><dl class='gallery-item'>\n\t\t\t<dt class='gallery-icon portrait'>\n\t\t\t\t<a href='https:\/\/www.itakaescolapios.org\/wp-content\/uploads\/2018\/10\/IMG-20181021-WA0010.jpg'><img decoding=\"async\" width=\"90\" height=\"90\" src=\"https:\/\/www.itakaescolapios.org\/wp-content\/uploads\/2018\/10\/IMG-20181021-WA0010-90x90.jpg\" class=\"attachment-thumbnail size-thumbnail\" alt=\"\" \/><\/a>\n\t\t\t<\/dt><\/dl><br style=\"clear: both\" \/><dl class='gallery-item'>\n\t\t\t<dt class='gallery-icon landscape'>\n\t\t\t\t<a href='https:\/\/www.itakaescolapios.org\/wp-content\/uploads\/2018\/10\/IMG-20181021-WA0102.jpg'><img decoding=\"async\" width=\"90\" height=\"90\" src=\"https:\/\/www.itakaescolapios.org\/wp-content\/uploads\/2018\/10\/IMG-20181021-WA0102-90x90.jpg\" class=\"attachment-thumbnail size-thumbnail\" alt=\"\" \/><\/a>\n\t\t\t<\/dt><\/dl><dl class='gallery-item'>\n\t\t\t<dt class='gallery-icon portrait'>\n\t\t\t\t<a href='https:\/\/www.itakaescolapios.org\/wp-content\/uploads\/2018\/10\/IMG-20181021-WA0046.jpg'><img decoding=\"async\" width=\"90\" height=\"90\" src=\"https:\/\/www.itakaescolapios.org\/wp-content\/uploads\/2018\/10\/IMG-20181021-WA0046-90x90.jpg\" class=\"attachment-thumbnail size-thumbnail\" alt=\"\" \/><\/a>\n\t\t\t<\/dt><\/dl><dl class='gallery-item'>\n\t\t\t<dt class='gallery-icon landscape'>\n\t\t\t\t<a href='https:\/\/www.itakaescolapios.org\/wp-content\/uploads\/2018\/10\/IMG-20181021-WA0022.jpg'><img decoding=\"async\" width=\"90\" height=\"90\" src=\"https:\/\/www.itakaescolapios.org\/wp-content\/uploads\/2018\/10\/IMG-20181021-WA0022-90x90.jpg\" class=\"attachment-thumbnail size-thumbnail\" alt=\"\" \/><\/a>\n\t\t\t<\/dt><\/dl><br style=\"clear: both\" \/><dl class='gallery-item'>\n\t\t\t<dt class='gallery-icon landscape'>\n\t\t\t\t<a href='https:\/\/www.itakaescolapios.org\/wp-content\/uploads\/2018\/10\/IMG-20181021-WA0077.jpg'><img decoding=\"async\" width=\"90\" height=\"90\" src=\"https:\/\/www.itakaescolapios.org\/wp-content\/uploads\/2018\/10\/IMG-20181021-WA0077-90x90.jpg\" class=\"attachment-thumbnail size-thumbnail\" alt=\"\" \/><\/a>\n\t\t\t<\/dt><\/dl><dl class='gallery-item'>\n\t\t\t<dt class='gallery-icon landscape'>\n\t\t\t\t<a href='https:\/\/www.itakaescolapios.org\/wp-content\/uploads\/2018\/10\/IMG-20181021-WA0051.jpg'><img decoding=\"async\" width=\"90\" height=\"90\" src=\"https:\/\/www.itakaescolapios.org\/wp-content\/uploads\/2018\/10\/IMG-20181021-WA0051-90x90.jpg\" class=\"attachment-thumbnail size-thumbnail\" alt=\"\" \/><\/a>\n\t\t\t<\/dt><\/dl>\n\t\t\t<br style='clear: both' \/>\n\t\t<\/div>\n\n","protected":false},"excerpt":{"rendered":"<p>\u00a1Vaya fiest\u00f3n! A pesar de los d\u00edas previos de lluvias y viento. Este domingo nos sorprendi\u00f3 con una temperatura casi primaveral para celebrar el Itaka Se Mueve en Madrid. La [&hellip;]<\/p>\n","protected":false},"author":48,"featured_media":25033,"comment_status":"closed","ping_status":"closed","sticky":false,"template":"","format":"standard","meta":{"_et_pb_use_builder":"","_et_pb_old_content":"","_et_gb_content_width":"","footnotes":""},"categories":[146],"tags":[],"class_list":["post-25022","post","type-post","status-publish","format-standard","has-post-thumbnail","hentry","category-madrid"],"yoast_head":"<!-- This site is optimized with the Yoast SEO plugin v27.4 - https:\/\/yoast.com\/product\/yoast-seo-wordpress\/ -->\n<title>III ITAKA SE MUEVE EN MADRID<\/title>\n<meta name=\"description\" content=\"\u00a1Vaya fiest\u00f3n! A pesar de los d\u00edas previos de lluvias y viento. Este domingo nos sorprendi\u00f3 con una temperatura casi primaveral para celebrar el Itaka Se Mueve en Madrid. La ocasi\u00f3n lo merec\u00eda y, despu\u00e9s de tantos preparativos, qu\u00e9 mejor que un d\u00eda as\u00ed para celebrar en familia. Parece que comenzamos ayer, pero es la&hellip;\" \/>\n<meta name=\"robots\" content=\"index, follow, max-snippet:-1, max-image-preview:large, max-video-preview:-1\" \/>\n<link rel=\"canonical\" href=\"http:\/\/\u00a1Vaya%20fiest\u00f3n!%20A%20pesar%20de%20los%20d\u00edas%20previos%20de%20lluvias%20y%20viento.%20Este%20domingo%20nos%20sorprendi\u00f3%20con%20una%20temperatura%20casi%20primaveral%20para%20celebrar%20el%20Itaka%20Se%20Mueve%20en%20Madrid.%20La%20ocasi\u00f3n%20lo%20merec\u00eda%20y,%20despu\u00e9s%20de%20tantos%20preparativos,%20qu\u00e9%20mejor%20que%20un%20d\u00eda%20as\u00ed%20para%20celebrar%20en%20familia.%20Parece%20que%20comenzamos%20ayer,%20pero%20es%20la&hellip;\" \/>\n<meta property=\"og:locale\" content=\"en_US\" \/>\n<meta property=\"og:type\" content=\"article\" \/>\n<meta property=\"og:title\" content=\"III ITAKA SE MUEVE EN MADRID\" \/>\n<meta property=\"og:description\" content=\"\u00a1Vaya fiest\u00f3n! A pesar de los d\u00edas previos de lluvias y viento. Este domingo nos sorprendi\u00f3 con una temperatura casi primaveral para celebrar el Itaka Se Mueve en Madrid. La ocasi\u00f3n lo merec\u00eda y, despu\u00e9s de tantos preparativos, qu\u00e9 mejor que un d\u00eda as\u00ed para celebrar en familia. Parece que comenzamos ayer, pero es la&hellip;\" \/>\n<meta property=\"og:url\" content=\"https:\/\/www.itakaescolapios.org\/eu\/2018\/10\/iii-itaka-se-mueve-en-madrid\/\" \/>\n<meta property=\"og:site_name\" content=\"Itaka-Escolapios\" \/>\n<meta property=\"article:published_time\" content=\"2018-10-24T16:10:21+00:00\" \/>\n<meta property=\"article:modified_time\" content=\"2023-11-28T11:37:10+00:00\" \/>\n<meta property=\"og:image\" content=\"https:\/\/www.itakaescolapios.org\/wp-content\/uploads\/2018\/10\/IMG-20181021-WA0088.jpg\" \/>\n\t<meta property=\"og:image:width\" content=\"1600\" \/>\n\t<meta property=\"og:image:height\" content=\"1200\" \/>\n\t<meta property=\"og:image:type\" content=\"image\/jpeg\" \/>\n<meta name=\"author\" content=\"madrid01\" \/>\n<meta name=\"twitter:card\" content=\"summary_large_image\" \/>\n<meta name=\"twitter:label1\" content=\"Written by\" \/>\n\t<meta name=\"twitter:data1\" content=\"madrid01\" \/>\n\t<meta name=\"twitter:label2\" content=\"Est. reading time\" \/>\n\t<meta name=\"twitter:data2\" content=\"3 minutua\" \/>\n<script type=\"application\/ld+json\" class=\"yoast-schema-graph\">{\"@context\":\"https:\\\/\\\/schema.org\",\"@graph\":[{\"@type\":\"Article\",\"@id\":\"https:\\\/\\\/www.itakaescolapios.org\\\/eu\\\/2018\\\/10\\\/iii-itaka-se-mueve-en-madrid\\\/#article\",\"isPartOf\":{\"@id\":\"https:\\\/\\\/www.itakaescolapios.org\\\/eu\\\/2018\\\/10\\\/iii-itaka-se-mueve-en-madrid\\\/\"},\"author\":{\"name\":\"madrid01\",\"@id\":\"https:\\\/\\\/www.itakaescolapios.org\\\/es\\\/#\\\/schema\\\/person\\\/bcd60d18d9795d0e978153a567a2edcb\"},\"headline\":\"III ITAKA SE MUEVE EN MADRID\",\"datePublished\":\"2018-10-24T16:10:21+00:00\",\"dateModified\":\"2023-11-28T11:37:10+00:00\",\"mainEntityOfPage\":{\"@id\":\"https:\\\/\\\/www.itakaescolapios.org\\\/eu\\\/2018\\\/10\\\/iii-itaka-se-mueve-en-madrid\\\/\"},\"wordCount\":524,\"publisher\":{\"@id\":\"https:\\\/\\\/www.itakaescolapios.org\\\/es\\\/#organization\"},\"image\":{\"@id\":\"https:\\\/\\\/www.itakaescolapios.org\\\/eu\\\/2018\\\/10\\\/iii-itaka-se-mueve-en-madrid\\\/#primaryimage\"},\"thumbnailUrl\":\"https:\\\/\\\/www.itakaescolapios.org\\\/wp-content\\\/uploads\\\/2018\\\/10\\\/IMG-20181021-WA0088.jpg\",\"articleSection\":[\"Madrid\"],\"inLanguage\":\"eu\"},{\"@type\":\"WebPage\",\"@id\":\"https:\\\/\\\/www.itakaescolapios.org\\\/eu\\\/2018\\\/10\\\/iii-itaka-se-mueve-en-madrid\\\/\",\"url\":\"https:\\\/\\\/www.itakaescolapios.org\\\/eu\\\/2018\\\/10\\\/iii-itaka-se-mueve-en-madrid\\\/\",\"name\":\"III ITAKA SE MUEVE EN MADRID - Itaka-Escolapios\",\"isPartOf\":{\"@id\":\"https:\\\/\\\/www.itakaescolapios.org\\\/es\\\/#website\"},\"primaryImageOfPage\":{\"@id\":\"https:\\\/\\\/www.itakaescolapios.org\\\/eu\\\/2018\\\/10\\\/iii-itaka-se-mueve-en-madrid\\\/#primaryimage\"},\"image\":{\"@id\":\"https:\\\/\\\/www.itakaescolapios.org\\\/eu\\\/2018\\\/10\\\/iii-itaka-se-mueve-en-madrid\\\/#primaryimage\"},\"thumbnailUrl\":\"https:\\\/\\\/www.itakaescolapios.org\\\/wp-content\\\/uploads\\\/2018\\\/10\\\/IMG-20181021-WA0088.jpg\",\"datePublished\":\"2018-10-24T16:10:21+00:00\",\"dateModified\":\"2023-11-28T11:37:10+00:00\",\"breadcrumb\":{\"@id\":\"https:\\\/\\\/www.itakaescolapios.org\\\/eu\\\/2018\\\/10\\\/iii-itaka-se-mueve-en-madrid\\\/#breadcrumb\"},\"inLanguage\":\"eu\",\"potentialAction\":[{\"@type\":\"ReadAction\",\"target\":[\"https:\\\/\\\/www.itakaescolapios.org\\\/eu\\\/2018\\\/10\\\/iii-itaka-se-mueve-en-madrid\\\/\"]}]},{\"@type\":\"ImageObject\",\"inLanguage\":\"eu\",\"@id\":\"https:\\\/\\\/www.itakaescolapios.org\\\/eu\\\/2018\\\/10\\\/iii-itaka-se-mueve-en-madrid\\\/#primaryimage\",\"url\":\"https:\\\/\\\/www.itakaescolapios.org\\\/wp-content\\\/uploads\\\/2018\\\/10\\\/IMG-20181021-WA0088.jpg\",\"contentUrl\":\"https:\\\/\\\/www.itakaescolapios.org\\\/wp-content\\\/uploads\\\/2018\\\/10\\\/IMG-20181021-WA0088.jpg\",\"width\":1600,\"height\":1200},{\"@type\":\"BreadcrumbList\",\"@id\":\"https:\\\/\\\/www.itakaescolapios.org\\\/eu\\\/2018\\\/10\\\/iii-itaka-se-mueve-en-madrid\\\/#breadcrumb\",\"itemListElement\":[{\"@type\":\"ListItem\",\"position\":1,\"name\":\"Itaka-Escolapios\",\"item\":\"https:\\\/\\\/www.itakaescolapios.org\\\/es\\\/\"},{\"@type\":\"ListItem\",\"position\":2,\"name\":\"III ITAKA SE MUEVE EN MADRID\"}]},{\"@type\":\"WebSite\",\"@id\":\"https:\\\/\\\/www.itakaescolapios.org\\\/eu\\\/es\\\/#website\",\"url\":\"https:\\\/\\\/www.itakaescolapios.org\\\/eu\\\/es\\\/\",\"name\":\"Itaka-Escolapios\",\"description\":\"Red de Itaka-Escolapios\",\"publisher\":{\"@id\":\"https:\\\/\\\/www.itakaescolapios.org\\\/eu\\\/es\\\/#organization\"},\"potentialAction\":[{\"@type\":\"SearchAction\",\"target\":{\"@type\":\"EntryPoint\",\"urlTemplate\":\"https:\\\/\\\/www.itakaescolapios.org\\\/eu\\\/es\\\/?s={search_term_string}\"},\"query-input\":{\"@type\":\"PropertyValueSpecification\",\"valueRequired\":true,\"valueName\":\"search_term_string\"}}],\"inLanguage\":\"eu\"},{\"@type\":\"Organization\",\"@id\":\"https:\\\/\\\/www.itakaescolapios.org\\\/eu\\\/es\\\/#organization\",\"name\":\"Fundaci\u00f3 Itaka-Escolapios\",\"url\":\"https:\\\/\\\/www.itakaescolapios.org\\\/eu\\\/es\\\/\",\"logo\":{\"@type\":\"ImageObject\",\"inLanguage\":\"eu\",\"@id\":\"https:\\\/\\\/www.itakaescolapios.org\\\/eu\\\/es\\\/#\\\/schema\\\/logo\\\/image\\\/\",\"url\":\"https:\\\/\\\/www.itakaescolapios.org\\\/wp-content\\\/uploads\\\/2024\\\/04\\\/Logo-itakaescolapios-peque.png\",\"contentUrl\":\"https:\\\/\\\/www.itakaescolapios.org\\\/wp-content\\\/uploads\\\/2024\\\/04\\\/Logo-itakaescolapios-peque.png\",\"width\":500,\"height\":199,\"caption\":\"Fundaci\u00f3 Itaka-Escolapios\"},\"image\":{\"@id\":\"https:\\\/\\\/www.itakaescolapios.org\\\/eu\\\/es\\\/#\\\/schema\\\/logo\\\/image\\\/\"}},{\"@type\":\"Person\",\"@id\":\"https:\\\/\\\/www.itakaescolapios.org\\\/es\\\/#\\\/schema\\\/person\\\/bcd60d18d9795d0e978153a567a2edcb\",\"name\":\"madrid01\",\"url\":\"https:\\\/\\\/www.itakaescolapios.org\\\/eu\\\/author\\\/madrid01\\\/\"}]}<\/script>\n<!-- \/ Yoast SEO plugin. -->","yoast_head_json":{"title":"III ITAKA SE MUEVE EN MADRID","description":"\u00a1Vaya fiest\u00f3n! A pesar de los d\u00edas previos de lluvias y viento. Este domingo nos sorprendi\u00f3 con una temperatura casi primaveral para celebrar el Itaka Se Mueve en Madrid. La ocasi\u00f3n lo merec\u00eda y, despu\u00e9s de tantos preparativos, qu\u00e9 mejor que un d\u00eda as\u00ed para celebrar en familia. Parece que comenzamos ayer, pero es la&hellip;","robots":{"index":"index","follow":"follow","max-snippet":"max-snippet:-1","max-image-preview":"max-image-preview:large","max-video-preview":"max-video-preview:-1"},"canonical":"\u00a1Vaya fiest\u00f3n! A pesar de los d\u00edas previos de lluvias y viento. Este domingo nos sorprendi\u00f3 con una temperatura casi primaveral para celebrar el Itaka Se Mueve en Madrid. La ocasi\u00f3n lo merec\u00eda y, despu\u00e9s de tantos preparativos, qu\u00e9 mejor que un d\u00eda as\u00ed para celebrar en familia. Parece que comenzamos ayer, pero es la&hellip;","og_locale":"en_US","og_type":"article","og_title":"III ITAKA SE MUEVE EN MADRID","og_description":"\u00a1Vaya fiest\u00f3n! A pesar de los d\u00edas previos de lluvias y viento. Este domingo nos sorprendi\u00f3 con una temperatura casi primaveral para celebrar el Itaka Se Mueve en Madrid. La ocasi\u00f3n lo merec\u00eda y, despu\u00e9s de tantos preparativos, qu\u00e9 mejor que un d\u00eda as\u00ed para celebrar en familia. Parece que comenzamos ayer, pero es la&hellip;","og_url":"https:\/\/www.itakaescolapios.org\/eu\/2018\/10\/iii-itaka-se-mueve-en-madrid\/","og_site_name":"Itaka-Escolapios","article_published_time":"2018-10-24T16:10:21+00:00","article_modified_time":"2023-11-28T11:37:10+00:00","og_image":[{"width":1600,"height":1200,"url":"https:\/\/www.itakaescolapios.org\/wp-content\/uploads\/2018\/10\/IMG-20181021-WA0088.jpg","type":"image\/jpeg"}],"author":"madrid01","twitter_card":"summary_large_image","twitter_misc":{"Written by":"madrid01","Est. reading time":"3 minutua"},"schema":{"@context":"https:\/\/schema.org","@graph":[{"@type":"Article","@id":"https:\/\/www.itakaescolapios.org\/eu\/2018\/10\/iii-itaka-se-mueve-en-madrid\/#article","isPartOf":{"@id":"https:\/\/www.itakaescolapios.org\/eu\/2018\/10\/iii-itaka-se-mueve-en-madrid\/"},"author":{"name":"madrid01","@id":"https:\/\/www.itakaescolapios.org\/es\/#\/schema\/person\/bcd60d18d9795d0e978153a567a2edcb"},"headline":"III ITAKA SE MUEVE EN MADRID","datePublished":"2018-10-24T16:10:21+00:00","dateModified":"2023-11-28T11:37:10+00:00","mainEntityOfPage":{"@id":"https:\/\/www.itakaescolapios.org\/eu\/2018\/10\/iii-itaka-se-mueve-en-madrid\/"},"wordCount":524,"publisher":{"@id":"https:\/\/www.itakaescolapios.org\/es\/#organization"},"image":{"@id":"https:\/\/www.itakaescolapios.org\/eu\/2018\/10\/iii-itaka-se-mueve-en-madrid\/#primaryimage"},"thumbnailUrl":"https:\/\/www.itakaescolapios.org\/wp-content\/uploads\/2018\/10\/IMG-20181021-WA0088.jpg","articleSection":["Madrid"],"inLanguage":"eu"},{"@type":"WebPage","@id":"https:\/\/www.itakaescolapios.org\/eu\/2018\/10\/iii-itaka-se-mueve-en-madrid\/","url":"https:\/\/www.itakaescolapios.org\/eu\/2018\/10\/iii-itaka-se-mueve-en-madrid\/","name":"III ITAKA SE MUEVE EN MADRID - Itaka-Escolapios","isPartOf":{"@id":"https:\/\/www.itakaescolapios.org\/es\/#website"},"primaryImageOfPage":{"@id":"https:\/\/www.itakaescolapios.org\/eu\/2018\/10\/iii-itaka-se-mueve-en-madrid\/#primaryimage"},"image":{"@id":"https:\/\/www.itakaescolapios.org\/eu\/2018\/10\/iii-itaka-se-mueve-en-madrid\/#primaryimage"},"thumbnailUrl":"https:\/\/www.itakaescolapios.org\/wp-content\/uploads\/2018\/10\/IMG-20181021-WA0088.jpg","datePublished":"2018-10-24T16:10:21+00:00","dateModified":"2023-11-28T11:37:10+00:00","breadcrumb":{"@id":"https:\/\/www.itakaescolapios.org\/eu\/2018\/10\/iii-itaka-se-mueve-en-madrid\/#breadcrumb"},"inLanguage":"eu","potentialAction":[{"@type":"ReadAction","target":["https:\/\/www.itakaescolapios.org\/eu\/2018\/10\/iii-itaka-se-mueve-en-madrid\/"]}]},{"@type":"ImageObject","inLanguage":"eu","@id":"https:\/\/www.itakaescolapios.org\/eu\/2018\/10\/iii-itaka-se-mueve-en-madrid\/#primaryimage","url":"https:\/\/www.itakaescolapios.org\/wp-content\/uploads\/2018\/10\/IMG-20181021-WA0088.jpg","contentUrl":"https:\/\/www.itakaescolapios.org\/wp-content\/uploads\/2018\/10\/IMG-20181021-WA0088.jpg","width":1600,"height":1200},{"@type":"BreadcrumbList","@id":"https:\/\/www.itakaescolapios.org\/eu\/2018\/10\/iii-itaka-se-mueve-en-madrid\/#breadcrumb","itemListElement":[{"@type":"ListItem","position":1,"name":"Itaka-Escolapios","item":"https:\/\/www.itakaescolapios.org\/es\/"},{"@type":"ListItem","position":2,"name":"III ITAKA SE MUEVE EN MADRID"}]},{"@type":"WebSite","@id":"https:\/\/www.itakaescolapios.org\/eu\/es\/#website","url":"https:\/\/www.itakaescolapios.org\/eu\/es\/","name":"Itaka-Escolapios","description":"Red de Itaka-Escolapios","publisher":{"@id":"https:\/\/www.itakaescolapios.org\/eu\/es\/#organization"},"potentialAction":[{"@type":"SearchAction","target":{"@type":"EntryPoint","urlTemplate":"https:\/\/www.itakaescolapios.org\/eu\/es\/?s={search_term_string}"},"query-input":{"@type":"PropertyValueSpecification","valueRequired":true,"valueName":"search_term_string"}}],"inLanguage":"eu"},{"@type":"Organization","@id":"https:\/\/www.itakaescolapios.org\/eu\/es\/#organization","name":"Fundaci\u00f3 Itaka-Escolapios","url":"https:\/\/www.itakaescolapios.org\/eu\/es\/","logo":{"@type":"ImageObject","inLanguage":"eu","@id":"https:\/\/www.itakaescolapios.org\/eu\/es\/#\/schema\/logo\/image\/","url":"https:\/\/www.itakaescolapios.org\/wp-content\/uploads\/2024\/04\/Logo-itakaescolapios-peque.png","contentUrl":"https:\/\/www.itakaescolapios.org\/wp-content\/uploads\/2024\/04\/Logo-itakaescolapios-peque.png","width":500,"height":199,"caption":"Fundaci\u00f3 Itaka-Escolapios"},"image":{"@id":"https:\/\/www.itakaescolapios.org\/eu\/es\/#\/schema\/logo\/image\/"}},{"@type":"Person","@id":"https:\/\/www.itakaescolapios.org\/es\/#\/schema\/person\/bcd60d18d9795d0e978153a567a2edcb","name":"madrid01","url":"https:\/\/www.itakaescolapios.org\/eu\/author\/madrid01\/"}]}},"_links":{"self":[{"href":"https:\/\/www.itakaescolapios.org\/eu\/wp-json\/wp\/v2\/posts\/25022","targetHints":{"allow":["GET"]}}],"collection":[{"href":"https:\/\/www.itakaescolapios.org\/eu\/wp-json\/wp\/v2\/posts"}],"about":[{"href":"https:\/\/www.itakaescolapios.org\/eu\/wp-json\/wp\/v2\/types\/post"}],"author":[{"embeddable":true,"href":"https:\/\/www.itakaescolapios.org\/eu\/wp-json\/wp\/v2\/users\/48"}],"replies":[{"embeddable":true,"href":"https:\/\/www.itakaescolapios.org\/eu\/wp-json\/wp\/v2\/comments?post=25022"}],"version-history":[{"count":7,"href":"https:\/\/www.itakaescolapios.org\/eu\/wp-json\/wp\/v2\/posts\/25022\/revisions"}],"predecessor-version":[{"id":46208,"href":"https:\/\/www.itakaescolapios.org\/eu\/wp-json\/wp\/v2\/posts\/25022\/revisions\/46208"}],"wp:featuredmedia":[{"embeddable":true,"href":"https:\/\/www.itakaescolapios.org\/eu\/wp-json\/wp\/v2\/media\/25033"}],"wp:attachment":[{"href":"https:\/\/www.itakaescolapios.org\/eu\/wp-json\/wp\/v2\/media?parent=25022"}],"wp:term":[{"taxonomy":"category","embeddable":true,"href":"https:\/\/www.itakaescolapios.org\/eu\/wp-json\/wp\/v2\/categories?post=25022"},{"taxonomy":"post_tag","embeddable":true,"href":"https:\/\/www.itakaescolapios.org\/eu\/wp-json\/wp\/v2\/tags?post=25022"}],"curies":[{"name":"wp","href":"https:\/\/api.w.org\/{rel}","templated":true}]}}