{"id":26927,"date":"2019-03-06T13:06:54","date_gmt":"2019-03-06T12:06:54","guid":{"rendered":"https:\/\/www.itakaescolapios.org\/?p=26927"},"modified":"2023-11-28T12:36:56","modified_gmt":"2023-11-28T11:36:56","slug":"comienza-el-36o-rastrillo-solidario","status":"publish","type":"post","link":"https:\/\/www.itakaescolapios.org\/eu\/2019\/03\/comienza-el-36o-rastrillo-solidario\/","title":{"rendered":"COMIENZA EL 36\u00ba RASTRILLO SOLIDARIO"},"content":{"rendered":"<p>Ya est\u00e1 en marcha, por 36 a\u00f1os consecutivos, una nueva edici\u00f3n de este Mercadillo solidario que va recogiendo durante un mes diversos objetos para ponerlos a la venta en un fin de semana. La labor ecol\u00f3gica de reciclaje, la sensibilizaci\u00f3n hacia una necesidad social del entorno, el impulso al voluntariado que mueve, la recaudaci\u00f3n de un dinero que ayuda a un proyecto concreto, la labor educativa en el colegio y en la misma ciudad\u2026 son las finalidades que persigue y consigue cada a\u00f1o.<br \/>\nEn esta ocasi\u00f3n el 36 Rastrillo Solidario se dirige a Izangai cuya misi\u00f3n consiste en trabajar por la justicia social, a trav\u00e9s del acompa\u00f1amiento socioeducativo de personas en situaci\u00f3n o riesgo de exclusi\u00f3n, de forma que puedan acceder al ejercicio de una ciudadan\u00eda plena.<br \/>\nLos dias de venta ser\u00e1n el 5, 6 y 7 de abril<\/p>\n","protected":false},"excerpt":{"rendered":"<p>Ya est\u00e1 en marcha, por 36 a\u00f1os consecutivos, una nueva edici\u00f3n de este Mercadillo solidario que va recogiendo durante un mes diversos objetos para ponerlos a la venta en un [&hellip;]<\/p>\n","protected":false},"author":4,"featured_media":26928,"comment_status":"closed","ping_status":"closed","sticky":false,"template":"","format":"standard","meta":{"_et_pb_use_builder":"","_et_pb_old_content":"","_et_gb_content_width":"","footnotes":""},"categories":[9],"tags":[],"class_list":["post-26927","post","type-post","status-publish","format-standard","has-post-thumbnail","hentry","category-bilbao"],"yoast_head":"<!-- This site is optimized with the Yoast SEO plugin v27.4 - https:\/\/yoast.com\/product\/yoast-seo-wordpress\/ -->\n<title>COMIENZA EL 36\u00ba RASTRILLO SOLIDARIO<\/title>\n<meta name=\"description\" content=\"Ya est\u00e1 en marcha, por 36 a\u00f1os consecutivos, una nueva edici\u00f3n de este Mercadillo solidario que va recogiendo durante un mes diversos objetos para ponerlos a la venta en un fin de semana. La labor ecol\u00f3gica de reciclaje, la sensibilizaci\u00f3n hacia una necesidad social del entorno, el impulso al voluntariado que mueve, la recaudaci\u00f3n de&hellip;\" \/>\n<meta name=\"robots\" content=\"index, follow, max-snippet:-1, max-image-preview:large, max-video-preview:-1\" \/>\n<link rel=\"canonical\" href=\"http:\/\/Ya%20est\u00e1%20en%20marcha,%20por%2036%20a\u00f1os%20consecutivos,%20una%20nueva%20edici\u00f3n%20de%20este%20Mercadillo%20solidario%20que%20va%20recogiendo%20durante%20un%20mes%20diversos%20objetos%20para%20ponerlos%20a%20la%20venta%20en%20un%20fin%20de%20semana.%20La%20labor%20ecol\u00f3gica%20de%20reciclaje,%20la%20sensibilizaci\u00f3n%20hacia%20una%20necesidad%20social%20del%20entorno,%20el%20impulso%20al%20voluntariado%20que%20mueve,%20la%20recaudaci\u00f3n%20de&hellip;\" \/>\n<meta property=\"og:locale\" content=\"en_US\" \/>\n<meta property=\"og:type\" content=\"article\" \/>\n<meta property=\"og:title\" content=\"COMIENZA EL 36\u00ba RASTRILLO SOLIDARIO\" \/>\n<meta property=\"og:description\" content=\"Ya est\u00e1 en marcha, por 36 a\u00f1os consecutivos, una nueva edici\u00f3n de este Mercadillo solidario que va recogiendo durante un mes diversos objetos para ponerlos a la venta en un fin de semana. La labor ecol\u00f3gica de reciclaje, la sensibilizaci\u00f3n hacia una necesidad social del entorno, el impulso al voluntariado que mueve, la recaudaci\u00f3n de&hellip;\" \/>\n<meta property=\"og:url\" content=\"https:\/\/www.itakaescolapios.org\/eu\/2019\/03\/comienza-el-36o-rastrillo-solidario\/\" \/>\n<meta property=\"og:site_name\" content=\"Itaka-Escolapios\" \/>\n<meta property=\"article:published_time\" content=\"2019-03-06T12:06:54+00:00\" \/>\n<meta property=\"article:modified_time\" content=\"2023-11-28T11:36:56+00:00\" \/>\n<meta property=\"og:image\" content=\"https:\/\/www.itakaescolapios.org\/wp-content\/uploads\/2019\/03\/Cartel-rastrillo-2019-para-recogida.jpg\" \/>\n\t<meta property=\"og:image:width\" content=\"2000\" \/>\n\t<meta property=\"og:image:height\" content=\"1415\" \/>\n\t<meta property=\"og:image:type\" content=\"image\/jpeg\" \/>\n<meta name=\"author\" content=\"itaka\" \/>\n<meta name=\"twitter:card\" content=\"summary_large_image\" \/>\n<meta name=\"twitter:label1\" content=\"Written by\" \/>\n\t<meta name=\"twitter:data1\" content=\"itaka\" \/>\n\t<meta name=\"twitter:label2\" content=\"Est. reading time\" \/>\n\t<meta name=\"twitter:data2\" content=\"1 minutua\" \/>\n<script type=\"application\/ld+json\" class=\"yoast-schema-graph\">{\"@context\":\"https:\\\/\\\/schema.org\",\"@graph\":[{\"@type\":\"Article\",\"@id\":\"https:\\\/\\\/www.itakaescolapios.org\\\/eu\\\/2019\\\/03\\\/comienza-el-36o-rastrillo-solidario\\\/#article\",\"isPartOf\":{\"@id\":\"https:\\\/\\\/www.itakaescolapios.org\\\/eu\\\/2019\\\/03\\\/comienza-el-36o-rastrillo-solidario\\\/\"},\"author\":{\"name\":\"itaka\",\"@id\":\"https:\\\/\\\/www.itakaescolapios.org\\\/es\\\/#\\\/schema\\\/person\\\/670123daeb1cc31cae1b106740036ccb\"},\"headline\":\"COMIENZA EL 36\u00ba RASTRILLO SOLIDARIO\",\"datePublished\":\"2019-03-06T12:06:54+00:00\",\"dateModified\":\"2023-11-28T11:36:56+00:00\",\"mainEntityOfPage\":{\"@id\":\"https:\\\/\\\/www.itakaescolapios.org\\\/eu\\\/2019\\\/03\\\/comienza-el-36o-rastrillo-solidario\\\/\"},\"wordCount\":152,\"publisher\":{\"@id\":\"https:\\\/\\\/www.itakaescolapios.org\\\/es\\\/#organization\"},\"image\":{\"@id\":\"https:\\\/\\\/www.itakaescolapios.org\\\/eu\\\/2019\\\/03\\\/comienza-el-36o-rastrillo-solidario\\\/#primaryimage\"},\"thumbnailUrl\":\"https:\\\/\\\/www.itakaescolapios.org\\\/wp-content\\\/uploads\\\/2019\\\/03\\\/Cartel-rastrillo-2019-para-recogida.jpg\",\"articleSection\":[\"Bilbo\"],\"inLanguage\":\"eu\"},{\"@type\":\"WebPage\",\"@id\":\"https:\\\/\\\/www.itakaescolapios.org\\\/eu\\\/2019\\\/03\\\/comienza-el-36o-rastrillo-solidario\\\/\",\"url\":\"https:\\\/\\\/www.itakaescolapios.org\\\/eu\\\/2019\\\/03\\\/comienza-el-36o-rastrillo-solidario\\\/\",\"name\":\"COMIENZA EL 36\u00ba RASTRILLO SOLIDARIO - Itaka-Escolapios\",\"isPartOf\":{\"@id\":\"https:\\\/\\\/www.itakaescolapios.org\\\/es\\\/#website\"},\"primaryImageOfPage\":{\"@id\":\"https:\\\/\\\/www.itakaescolapios.org\\\/eu\\\/2019\\\/03\\\/comienza-el-36o-rastrillo-solidario\\\/#primaryimage\"},\"image\":{\"@id\":\"https:\\\/\\\/www.itakaescolapios.org\\\/eu\\\/2019\\\/03\\\/comienza-el-36o-rastrillo-solidario\\\/#primaryimage\"},\"thumbnailUrl\":\"https:\\\/\\\/www.itakaescolapios.org\\\/wp-content\\\/uploads\\\/2019\\\/03\\\/Cartel-rastrillo-2019-para-recogida.jpg\",\"datePublished\":\"2019-03-06T12:06:54+00:00\",\"dateModified\":\"2023-11-28T11:36:56+00:00\",\"breadcrumb\":{\"@id\":\"https:\\\/\\\/www.itakaescolapios.org\\\/eu\\\/2019\\\/03\\\/comienza-el-36o-rastrillo-solidario\\\/#breadcrumb\"},\"inLanguage\":\"eu\",\"potentialAction\":[{\"@type\":\"ReadAction\",\"target\":[\"https:\\\/\\\/www.itakaescolapios.org\\\/eu\\\/2019\\\/03\\\/comienza-el-36o-rastrillo-solidario\\\/\"]}]},{\"@type\":\"ImageObject\",\"inLanguage\":\"eu\",\"@id\":\"https:\\\/\\\/www.itakaescolapios.org\\\/eu\\\/2019\\\/03\\\/comienza-el-36o-rastrillo-solidario\\\/#primaryimage\",\"url\":\"https:\\\/\\\/www.itakaescolapios.org\\\/wp-content\\\/uploads\\\/2019\\\/03\\\/Cartel-rastrillo-2019-para-recogida.jpg\",\"contentUrl\":\"https:\\\/\\\/www.itakaescolapios.org\\\/wp-content\\\/uploads\\\/2019\\\/03\\\/Cartel-rastrillo-2019-para-recogida.jpg\",\"width\":2000,\"height\":1415},{\"@type\":\"BreadcrumbList\",\"@id\":\"https:\\\/\\\/www.itakaescolapios.org\\\/eu\\\/2019\\\/03\\\/comienza-el-36o-rastrillo-solidario\\\/#breadcrumb\",\"itemListElement\":[{\"@type\":\"ListItem\",\"position\":1,\"name\":\"Itaka-Escolapios\",\"item\":\"https:\\\/\\\/www.itakaescolapios.org\\\/es\\\/\"},{\"@type\":\"ListItem\",\"position\":2,\"name\":\"COMIENZA EL 36\u00ba RASTRILLO SOLIDARIO\"}]},{\"@type\":\"WebSite\",\"@id\":\"https:\\\/\\\/www.itakaescolapios.org\\\/eu\\\/es\\\/#website\",\"url\":\"https:\\\/\\\/www.itakaescolapios.org\\\/eu\\\/es\\\/\",\"name\":\"Itaka-Escolapios\",\"description\":\"Red de Itaka-Escolapios\",\"publisher\":{\"@id\":\"https:\\\/\\\/www.itakaescolapios.org\\\/eu\\\/es\\\/#organization\"},\"potentialAction\":[{\"@type\":\"SearchAction\",\"target\":{\"@type\":\"EntryPoint\",\"urlTemplate\":\"https:\\\/\\\/www.itakaescolapios.org\\\/eu\\\/es\\\/?s={search_term_string}\"},\"query-input\":{\"@type\":\"PropertyValueSpecification\",\"valueRequired\":true,\"valueName\":\"search_term_string\"}}],\"inLanguage\":\"eu\"},{\"@type\":\"Organization\",\"@id\":\"https:\\\/\\\/www.itakaescolapios.org\\\/eu\\\/es\\\/#organization\",\"name\":\"Fundaci\u00f3 Itaka-Escolapios\",\"url\":\"https:\\\/\\\/www.itakaescolapios.org\\\/eu\\\/es\\\/\",\"logo\":{\"@type\":\"ImageObject\",\"inLanguage\":\"eu\",\"@id\":\"https:\\\/\\\/www.itakaescolapios.org\\\/eu\\\/es\\\/#\\\/schema\\\/logo\\\/image\\\/\",\"url\":\"https:\\\/\\\/www.itakaescolapios.org\\\/wp-content\\\/uploads\\\/2024\\\/04\\\/Logo-itakaescolapios-peque.png\",\"contentUrl\":\"https:\\\/\\\/www.itakaescolapios.org\\\/wp-content\\\/uploads\\\/2024\\\/04\\\/Logo-itakaescolapios-peque.png\",\"width\":500,\"height\":199,\"caption\":\"Fundaci\u00f3 Itaka-Escolapios\"},\"image\":{\"@id\":\"https:\\\/\\\/www.itakaescolapios.org\\\/eu\\\/es\\\/#\\\/schema\\\/logo\\\/image\\\/\"}},{\"@type\":\"Person\",\"@id\":\"https:\\\/\\\/www.itakaescolapios.org\\\/es\\\/#\\\/schema\\\/person\\\/670123daeb1cc31cae1b106740036ccb\",\"name\":\"itaka\",\"url\":\"https:\\\/\\\/www.itakaescolapios.org\\\/eu\\\/author\\\/itaka\\\/\"}]}<\/script>\n<!-- \/ Yoast SEO plugin. -->","yoast_head_json":{"title":"COMIENZA EL 36\u00ba RASTRILLO SOLIDARIO","description":"Ya est\u00e1 en marcha, por 36 a\u00f1os consecutivos, una nueva edici\u00f3n de este Mercadillo solidario que va recogiendo durante un mes diversos objetos para ponerlos a la venta en un fin de semana. La labor ecol\u00f3gica de reciclaje, la sensibilizaci\u00f3n hacia una necesidad social del entorno, el impulso al voluntariado que mueve, la recaudaci\u00f3n de&hellip;","robots":{"index":"index","follow":"follow","max-snippet":"max-snippet:-1","max-image-preview":"max-image-preview:large","max-video-preview":"max-video-preview:-1"},"canonical":"Ya est\u00e1 en marcha, por 36 a\u00f1os consecutivos, una nueva edici\u00f3n de este Mercadillo solidario que va recogiendo durante un mes diversos objetos para ponerlos a la venta en un fin de semana. La labor ecol\u00f3gica de reciclaje, la sensibilizaci\u00f3n hacia una necesidad social del entorno, el impulso al voluntariado que mueve, la recaudaci\u00f3n de&hellip;","og_locale":"en_US","og_type":"article","og_title":"COMIENZA EL 36\u00ba RASTRILLO SOLIDARIO","og_description":"Ya est\u00e1 en marcha, por 36 a\u00f1os consecutivos, una nueva edici\u00f3n de este Mercadillo solidario que va recogiendo durante un mes diversos objetos para ponerlos a la venta en un fin de semana. La labor ecol\u00f3gica de reciclaje, la sensibilizaci\u00f3n hacia una necesidad social del entorno, el impulso al voluntariado que mueve, la recaudaci\u00f3n de&hellip;","og_url":"https:\/\/www.itakaescolapios.org\/eu\/2019\/03\/comienza-el-36o-rastrillo-solidario\/","og_site_name":"Itaka-Escolapios","article_published_time":"2019-03-06T12:06:54+00:00","article_modified_time":"2023-11-28T11:36:56+00:00","og_image":[{"width":2000,"height":1415,"url":"https:\/\/www.itakaescolapios.org\/wp-content\/uploads\/2019\/03\/Cartel-rastrillo-2019-para-recogida.jpg","type":"image\/jpeg"}],"author":"itaka","twitter_card":"summary_large_image","twitter_misc":{"Written by":"itaka","Est. reading time":"1 minutua"},"schema":{"@context":"https:\/\/schema.org","@graph":[{"@type":"Article","@id":"https:\/\/www.itakaescolapios.org\/eu\/2019\/03\/comienza-el-36o-rastrillo-solidario\/#article","isPartOf":{"@id":"https:\/\/www.itakaescolapios.org\/eu\/2019\/03\/comienza-el-36o-rastrillo-solidario\/"},"author":{"name":"itaka","@id":"https:\/\/www.itakaescolapios.org\/es\/#\/schema\/person\/670123daeb1cc31cae1b106740036ccb"},"headline":"COMIENZA EL 36\u00ba RASTRILLO SOLIDARIO","datePublished":"2019-03-06T12:06:54+00:00","dateModified":"2023-11-28T11:36:56+00:00","mainEntityOfPage":{"@id":"https:\/\/www.itakaescolapios.org\/eu\/2019\/03\/comienza-el-36o-rastrillo-solidario\/"},"wordCount":152,"publisher":{"@id":"https:\/\/www.itakaescolapios.org\/es\/#organization"},"image":{"@id":"https:\/\/www.itakaescolapios.org\/eu\/2019\/03\/comienza-el-36o-rastrillo-solidario\/#primaryimage"},"thumbnailUrl":"https:\/\/www.itakaescolapios.org\/wp-content\/uploads\/2019\/03\/Cartel-rastrillo-2019-para-recogida.jpg","articleSection":["Bilbo"],"inLanguage":"eu"},{"@type":"WebPage","@id":"https:\/\/www.itakaescolapios.org\/eu\/2019\/03\/comienza-el-36o-rastrillo-solidario\/","url":"https:\/\/www.itakaescolapios.org\/eu\/2019\/03\/comienza-el-36o-rastrillo-solidario\/","name":"COMIENZA EL 36\u00ba RASTRILLO SOLIDARIO - Itaka-Escolapios","isPartOf":{"@id":"https:\/\/www.itakaescolapios.org\/es\/#website"},"primaryImageOfPage":{"@id":"https:\/\/www.itakaescolapios.org\/eu\/2019\/03\/comienza-el-36o-rastrillo-solidario\/#primaryimage"},"image":{"@id":"https:\/\/www.itakaescolapios.org\/eu\/2019\/03\/comienza-el-36o-rastrillo-solidario\/#primaryimage"},"thumbnailUrl":"https:\/\/www.itakaescolapios.org\/wp-content\/uploads\/2019\/03\/Cartel-rastrillo-2019-para-recogida.jpg","datePublished":"2019-03-06T12:06:54+00:00","dateModified":"2023-11-28T11:36:56+00:00","breadcrumb":{"@id":"https:\/\/www.itakaescolapios.org\/eu\/2019\/03\/comienza-el-36o-rastrillo-solidario\/#breadcrumb"},"inLanguage":"eu","potentialAction":[{"@type":"ReadAction","target":["https:\/\/www.itakaescolapios.org\/eu\/2019\/03\/comienza-el-36o-rastrillo-solidario\/"]}]},{"@type":"ImageObject","inLanguage":"eu","@id":"https:\/\/www.itakaescolapios.org\/eu\/2019\/03\/comienza-el-36o-rastrillo-solidario\/#primaryimage","url":"https:\/\/www.itakaescolapios.org\/wp-content\/uploads\/2019\/03\/Cartel-rastrillo-2019-para-recogida.jpg","contentUrl":"https:\/\/www.itakaescolapios.org\/wp-content\/uploads\/2019\/03\/Cartel-rastrillo-2019-para-recogida.jpg","width":2000,"height":1415},{"@type":"BreadcrumbList","@id":"https:\/\/www.itakaescolapios.org\/eu\/2019\/03\/comienza-el-36o-rastrillo-solidario\/#breadcrumb","itemListElement":[{"@type":"ListItem","position":1,"name":"Itaka-Escolapios","item":"https:\/\/www.itakaescolapios.org\/es\/"},{"@type":"ListItem","position":2,"name":"COMIENZA EL 36\u00ba RASTRILLO SOLIDARIO"}]},{"@type":"WebSite","@id":"https:\/\/www.itakaescolapios.org\/eu\/es\/#website","url":"https:\/\/www.itakaescolapios.org\/eu\/es\/","name":"Itaka-Escolapios","description":"Red de Itaka-Escolapios","publisher":{"@id":"https:\/\/www.itakaescolapios.org\/eu\/es\/#organization"},"potentialAction":[{"@type":"SearchAction","target":{"@type":"EntryPoint","urlTemplate":"https:\/\/www.itakaescolapios.org\/eu\/es\/?s={search_term_string}"},"query-input":{"@type":"PropertyValueSpecification","valueRequired":true,"valueName":"search_term_string"}}],"inLanguage":"eu"},{"@type":"Organization","@id":"https:\/\/www.itakaescolapios.org\/eu\/es\/#organization","name":"Fundaci\u00f3 Itaka-Escolapios","url":"https:\/\/www.itakaescolapios.org\/eu\/es\/","logo":{"@type":"ImageObject","inLanguage":"eu","@id":"https:\/\/www.itakaescolapios.org\/eu\/es\/#\/schema\/logo\/image\/","url":"https:\/\/www.itakaescolapios.org\/wp-content\/uploads\/2024\/04\/Logo-itakaescolapios-peque.png","contentUrl":"https:\/\/www.itakaescolapios.org\/wp-content\/uploads\/2024\/04\/Logo-itakaescolapios-peque.png","width":500,"height":199,"caption":"Fundaci\u00f3 Itaka-Escolapios"},"image":{"@id":"https:\/\/www.itakaescolapios.org\/eu\/es\/#\/schema\/logo\/image\/"}},{"@type":"Person","@id":"https:\/\/www.itakaescolapios.org\/es\/#\/schema\/person\/670123daeb1cc31cae1b106740036ccb","name":"itaka","url":"https:\/\/www.itakaescolapios.org\/eu\/author\/itaka\/"}]}},"_links":{"self":[{"href":"https:\/\/www.itakaescolapios.org\/eu\/wp-json\/wp\/v2\/posts\/26927","targetHints":{"allow":["GET"]}}],"collection":[{"href":"https:\/\/www.itakaescolapios.org\/eu\/wp-json\/wp\/v2\/posts"}],"about":[{"href":"https:\/\/www.itakaescolapios.org\/eu\/wp-json\/wp\/v2\/types\/post"}],"author":[{"embeddable":true,"href":"https:\/\/www.itakaescolapios.org\/eu\/wp-json\/wp\/v2\/users\/4"}],"replies":[{"embeddable":true,"href":"https:\/\/www.itakaescolapios.org\/eu\/wp-json\/wp\/v2\/comments?post=26927"}],"version-history":[{"count":3,"href":"https:\/\/www.itakaescolapios.org\/eu\/wp-json\/wp\/v2\/posts\/26927\/revisions"}],"predecessor-version":[{"id":45837,"href":"https:\/\/www.itakaescolapios.org\/eu\/wp-json\/wp\/v2\/posts\/26927\/revisions\/45837"}],"wp:featuredmedia":[{"embeddable":true,"href":"https:\/\/www.itakaescolapios.org\/eu\/wp-json\/wp\/v2\/media\/26928"}],"wp:attachment":[{"href":"https:\/\/www.itakaescolapios.org\/eu\/wp-json\/wp\/v2\/media?parent=26927"}],"wp:term":[{"taxonomy":"category","embeddable":true,"href":"https:\/\/www.itakaescolapios.org\/eu\/wp-json\/wp\/v2\/categories?post=26927"},{"taxonomy":"post_tag","embeddable":true,"href":"https:\/\/www.itakaescolapios.org\/eu\/wp-json\/wp\/v2\/tags?post=26927"}],"curies":[{"name":"wp","href":"https:\/\/api.w.org\/{rel}","templated":true}]}}