{"id":27007,"date":"2019-03-13T15:55:04","date_gmt":"2019-03-13T14:55:04","guid":{"rendered":"https:\/\/www.itakaescolapios.org\/?p=27007"},"modified":"2023-11-28T12:36:56","modified_gmt":"2023-11-28T11:36:56","slug":"iii-encuentro-del-ves-en-madrid","status":"publish","type":"post","link":"https:\/\/www.itakaescolapios.org\/eu\/2019\/03\/iii-encuentro-del-ves-en-madrid\/","title":{"rendered":"III ENCUENTRO DEL VES EN MADRID"},"content":{"rendered":"<p style=\"text-align: justify\">Este fin de semana nos hemos reunido en Cercedilla en el tercer encuentro de voluntariado del curso para trabajar y reflexionar en torno a la acogida.<\/p>\n<p style=\"text-align: justify\">Comenzamos la ma\u00f1ana del s\u00e1bado jugando, record\u00e1ndonos que el juego es una herramienta que nos permite integrar y disfrutar en equipo. Por la tarde tuvimos la suerte de incorporamos a la din\u00e1mica de ENCOMUN, y escuchamos cuatro testimonios de acogida muy inspiradores.<\/p>\n<p style=\"text-align: justify\">Despu\u00e9s de todo lo recibido de estos cuatro proyectos, tres de ellos en la acogida de personas migrantes, y el \u00faltimo, en un hogar en el que acogen personas con discapacidad intelectual, disfrutamos de Mois\u00e9s Mato y su teatro de la desobediencia. Toda una llamada a dar contenido a nuestra propia vida y a entender la desobediencia como un acto de amor.<\/p>\n<p style=\"text-align: justify\">El domingo tratamos de hacer nuestro el concepto de acogida, partiendo de la propia experiencia y centr\u00e1ndolo en c\u00f3mo llevarlo a cabo en el voluntariado.<\/p>\n<p style=\"text-align: justify\">Ha sido un fin de semana de tejer redes, de sentirnos hogar, de redescubrirnos como personas.<\/p>\n<p style=\"text-align: justify\">Aqu\u00ed ten\u00e9is el <a href=\"https:\/\/www.facebook.com\/pg\/ItakaBetania\/photos\/?tab=album&amp;album_id=2229920973764578\">link <\/a>de las fotos<\/p>\n\n\t\t<style type=\"text\/css\">\n\t\t\t#gallery-1 {\n\t\t\t\tmargin: auto;\n\t\t\t}\n\t\t\t#gallery-1 .gallery-item {\n\t\t\t\tfloat: left;\n\t\t\t\tmargin-top: 10px;\n\t\t\t\ttext-align: center;\n\t\t\t\twidth: 33%;\n\t\t\t}\n\t\t\t#gallery-1 img {\n\t\t\t\tborder: 2px solid #cfcfcf;\n\t\t\t}\n\t\t\t#gallery-1 .gallery-caption {\n\t\t\t\tmargin-left: 0;\n\t\t\t}\n\t\t\t\/* see gallery_shortcode() in wp-includes\/media.php *\/\n\t\t<\/style>\n\t\t<div id='gallery-1' class='gallery galleryid-27007 gallery-columns-3 gallery-size-thumbnail'><dl class='gallery-item'>\n\t\t\t<dt class='gallery-icon landscape'>\n\t\t\t\t<a href='https:\/\/www.itakaescolapios.org\/eu\/2019\/03\/iii-encuentro-del-ves-en-madrid\/whatsapp-image-2019-03-09-at-18-57-43-1\/'><img decoding=\"async\" width=\"90\" height=\"90\" src=\"https:\/\/www.itakaescolapios.org\/wp-content\/uploads\/2019\/03\/WhatsApp-Image-2019-03-09-at-18.57.43-1-90x90.jpeg\" class=\"attachment-thumbnail size-thumbnail\" alt=\"\" \/><\/a>\n\t\t\t<\/dt><\/dl><dl class='gallery-item'>\n\t\t\t<dt class='gallery-icon landscape'>\n\t\t\t\t<a href='https:\/\/www.itakaescolapios.org\/eu\/2019\/03\/iii-encuentro-del-ves-en-madrid\/whatsapp-image-2019-03-10-at-20-24-00-5\/'><img decoding=\"async\" width=\"90\" height=\"90\" src=\"https:\/\/www.itakaescolapios.org\/wp-content\/uploads\/2019\/03\/WhatsApp-Image-2019-03-10-at-20.24.00-5-90x90.jpeg\" class=\"attachment-thumbnail size-thumbnail\" alt=\"\" \/><\/a>\n\t\t\t<\/dt><\/dl><dl class='gallery-item'>\n\t\t\t<dt class='gallery-icon landscape'>\n\t\t\t\t<a href='https:\/\/www.itakaescolapios.org\/eu\/2019\/03\/iii-encuentro-del-ves-en-madrid\/whatsapp-image-2019-03-13-at-15-09-12\/'><img decoding=\"async\" width=\"90\" height=\"90\" src=\"https:\/\/www.itakaescolapios.org\/wp-content\/uploads\/2019\/03\/WhatsApp-Image-2019-03-13-at-15.09.12-90x90.jpeg\" class=\"attachment-thumbnail size-thumbnail\" alt=\"\" \/><\/a>\n\t\t\t<\/dt><\/dl><br style=\"clear: both\" \/><dl class='gallery-item'>\n\t\t\t<dt class='gallery-icon landscape'>\n\t\t\t\t<a href='https:\/\/www.itakaescolapios.org\/eu\/2019\/03\/iii-encuentro-del-ves-en-madrid\/whatsapp-image-2019-03-09-at-14-02-57-2\/'><img decoding=\"async\" width=\"90\" height=\"90\" src=\"https:\/\/www.itakaescolapios.org\/wp-content\/uploads\/2019\/03\/WhatsApp-Image-2019-03-09-at-14.02.57-2-90x90.jpeg\" class=\"attachment-thumbnail size-thumbnail\" alt=\"\" \/><\/a>\n\t\t\t<\/dt><\/dl><dl class='gallery-item'>\n\t\t\t<dt class='gallery-icon landscape'>\n\t\t\t\t<a href='https:\/\/www.itakaescolapios.org\/eu\/2019\/03\/iii-encuentro-del-ves-en-madrid\/whatsapp-image-2019-03-09-at-16-31-37\/'><img decoding=\"async\" width=\"90\" height=\"90\" src=\"https:\/\/www.itakaescolapios.org\/wp-content\/uploads\/2019\/03\/WhatsApp-Image-2019-03-09-at-16.31.37-90x90.jpeg\" class=\"attachment-thumbnail size-thumbnail\" alt=\"\" \/><\/a>\n\t\t\t<\/dt><\/dl><dl class='gallery-item'>\n\t\t\t<dt class='gallery-icon landscape'>\n\t\t\t\t<a href='https:\/\/www.itakaescolapios.org\/eu\/2019\/03\/iii-encuentro-del-ves-en-madrid\/whatsapp-image-2019-03-10-at-12-25-25\/'><img decoding=\"async\" width=\"90\" height=\"90\" src=\"https:\/\/www.itakaescolapios.org\/wp-content\/uploads\/2019\/03\/WhatsApp-Image-2019-03-10-at-12.25.25-90x90.jpeg\" class=\"attachment-thumbnail size-thumbnail\" alt=\"\" \/><\/a>\n\t\t\t<\/dt><\/dl><br style=\"clear: both\" \/><dl class='gallery-item'>\n\t\t\t<dt class='gallery-icon portrait'>\n\t\t\t\t<a href='https:\/\/www.itakaescolapios.org\/eu\/2019\/03\/iii-encuentro-del-ves-en-madrid\/whatsapp-image-2019-03-10-at-20-24-01-4\/'><img decoding=\"async\" width=\"90\" height=\"90\" src=\"https:\/\/www.itakaescolapios.org\/wp-content\/uploads\/2019\/03\/WhatsApp-Image-2019-03-10-at-20.24.01-4-90x90.jpeg\" class=\"attachment-thumbnail size-thumbnail\" alt=\"\" \/><\/a>\n\t\t\t<\/dt><\/dl><dl class='gallery-item'>\n\t\t\t<dt class='gallery-icon portrait'>\n\t\t\t\t<a href='https:\/\/www.itakaescolapios.org\/eu\/2019\/03\/iii-encuentro-del-ves-en-madrid\/whatsapp-image-2019-03-10-at-20-24-02-1\/'><img decoding=\"async\" width=\"90\" height=\"90\" src=\"https:\/\/www.itakaescolapios.org\/wp-content\/uploads\/2019\/03\/WhatsApp-Image-2019-03-10-at-20.24.02-1-90x90.jpeg\" class=\"attachment-thumbnail size-thumbnail\" alt=\"\" \/><\/a>\n\t\t\t<\/dt><\/dl><dl class='gallery-item'>\n\t\t\t<dt class='gallery-icon landscape'>\n\t\t\t\t<a href='https:\/\/www.itakaescolapios.org\/eu\/2019\/03\/iii-encuentro-del-ves-en-madrid\/whatsapp-image-2019-03-10-at-20-24-02-6\/'><img decoding=\"async\" width=\"90\" height=\"90\" src=\"https:\/\/www.itakaescolapios.org\/wp-content\/uploads\/2019\/03\/WhatsApp-Image-2019-03-10-at-20.24.02-6-90x90.jpeg\" class=\"attachment-thumbnail size-thumbnail\" alt=\"\" \/><\/a>\n\t\t\t<\/dt><\/dl><br style=\"clear: both\" \/><dl class='gallery-item'>\n\t\t\t<dt class='gallery-icon landscape'>\n\t\t\t\t<a href='https:\/\/www.itakaescolapios.org\/eu\/2019\/03\/iii-encuentro-del-ves-en-madrid\/whatsapp-image-2019-03-10-at-20-24-02-4\/'><img decoding=\"async\" width=\"90\" height=\"90\" src=\"https:\/\/www.itakaescolapios.org\/wp-content\/uploads\/2019\/03\/WhatsApp-Image-2019-03-10-at-20.24.02-4-90x90.jpeg\" class=\"attachment-thumbnail size-thumbnail\" alt=\"\" \/><\/a>\n\t\t\t<\/dt><\/dl><dl class='gallery-item'>\n\t\t\t<dt class='gallery-icon portrait'>\n\t\t\t\t<a href='https:\/\/www.itakaescolapios.org\/eu\/2019\/03\/iii-encuentro-del-ves-en-madrid\/whatsapp-image-2019-03-10-at-17-05-27\/'><img decoding=\"async\" width=\"90\" height=\"90\" src=\"https:\/\/www.itakaescolapios.org\/wp-content\/uploads\/2019\/03\/WhatsApp-Image-2019-03-10-at-17.05.27-90x90.jpeg\" class=\"attachment-thumbnail size-thumbnail\" alt=\"\" \/><\/a>\n\t\t\t<\/dt><\/dl>\n\t\t\t<br style='clear: both' \/>\n\t\t<\/div>\n\n","protected":false},"excerpt":{"rendered":"<p>Este fin de semana nos hemos reunido en Cercedilla en el tercer encuentro de voluntariado del curso para trabajar y reflexionar en torno a la acogida. Comenzamos la ma\u00f1ana del [&hellip;]<\/p>\n","protected":false},"author":48,"featured_media":27014,"comment_status":"closed","ping_status":"closed","sticky":false,"template":"","format":"standard","meta":{"_et_pb_use_builder":"","_et_pb_old_content":"","_et_gb_content_width":"","footnotes":""},"categories":[146],"tags":[],"class_list":["post-27007","post","type-post","status-publish","format-standard","has-post-thumbnail","hentry","category-madrid"],"yoast_head":"<!-- This site is optimized with the Yoast SEO plugin v27.4 - https:\/\/yoast.com\/product\/yoast-seo-wordpress\/ -->\n<title>III ENCUENTRO DEL VES EN MADRID<\/title>\n<meta name=\"description\" content=\"Este fin de semana nos hemos reunido en Cercedilla en el tercer encuentro de voluntariado del curso para trabajar y reflexionar en torno a la acogida. Comenzamos la ma\u00f1ana del s\u00e1bado jugando, record\u00e1ndonos que el juego es una herramienta que nos permite integrar y disfrutar en equipo. Por la tarde tuvimos la suerte de incorporamos&hellip;\" \/>\n<meta name=\"robots\" content=\"index, follow, max-snippet:-1, max-image-preview:large, max-video-preview:-1\" \/>\n<link rel=\"canonical\" href=\"http:\/\/Este%20fin%20de%20semana%20nos%20hemos%20reunido%20en%20Cercedilla%20en%20el%20tercer%20encuentro%20de%20voluntariado%20del%20curso%20para%20trabajar%20y%20reflexionar%20en%20torno%20a%20la%20acogida.%20Comenzamos%20la%20ma\u00f1ana%20del%20s\u00e1bado%20jugando,%20record\u00e1ndonos%20que%20el%20juego%20es%20una%20herramienta%20que%20nos%20permite%20integrar%20y%20disfrutar%20en%20equipo.%20Por%20la%20tarde%20tuvimos%20la%20suerte%20de%20incorporamos&hellip;\" \/>\n<meta property=\"og:locale\" content=\"en_US\" \/>\n<meta property=\"og:type\" content=\"article\" \/>\n<meta property=\"og:title\" content=\"III ENCUENTRO DEL VES EN MADRID\" \/>\n<meta property=\"og:description\" content=\"Este fin de semana nos hemos reunido en Cercedilla en el tercer encuentro de voluntariado del curso para trabajar y reflexionar en torno a la acogida. Comenzamos la ma\u00f1ana del s\u00e1bado jugando, record\u00e1ndonos que el juego es una herramienta que nos permite integrar y disfrutar en equipo. Por la tarde tuvimos la suerte de incorporamos&hellip;\" \/>\n<meta property=\"og:url\" content=\"https:\/\/www.itakaescolapios.org\/eu\/2019\/03\/iii-encuentro-del-ves-en-madrid\/\" \/>\n<meta property=\"og:site_name\" content=\"Itaka-Escolapios\" \/>\n<meta property=\"article:published_time\" content=\"2019-03-13T14:55:04+00:00\" \/>\n<meta property=\"article:modified_time\" content=\"2023-11-28T11:36:56+00:00\" \/>\n<meta property=\"og:image\" content=\"https:\/\/www.itakaescolapios.org\/wp-content\/uploads\/2019\/03\/WhatsApp-Image-2019-03-10-at-17.05.27.jpeg\" \/>\n\t<meta property=\"og:image:width\" content=\"1103\" \/>\n\t<meta property=\"og:image:height\" content=\"1281\" \/>\n\t<meta property=\"og:image:type\" content=\"image\/jpeg\" \/>\n<meta name=\"author\" content=\"madrid01\" \/>\n<meta name=\"twitter:card\" content=\"summary_large_image\" \/>\n<meta name=\"twitter:label1\" content=\"Written by\" \/>\n\t<meta name=\"twitter:data1\" content=\"madrid01\" \/>\n\t<meta name=\"twitter:label2\" content=\"Est. reading time\" \/>\n\t<meta name=\"twitter:data2\" content=\"1 minutua\" \/>\n<script type=\"application\/ld+json\" class=\"yoast-schema-graph\">{\"@context\":\"https:\\\/\\\/schema.org\",\"@graph\":[{\"@type\":\"Article\",\"@id\":\"https:\\\/\\\/www.itakaescolapios.org\\\/eu\\\/2019\\\/03\\\/iii-encuentro-del-ves-en-madrid\\\/#article\",\"isPartOf\":{\"@id\":\"https:\\\/\\\/www.itakaescolapios.org\\\/eu\\\/2019\\\/03\\\/iii-encuentro-del-ves-en-madrid\\\/\"},\"author\":{\"name\":\"madrid01\",\"@id\":\"https:\\\/\\\/www.itakaescolapios.org\\\/es\\\/#\\\/schema\\\/person\\\/bcd60d18d9795d0e978153a567a2edcb\"},\"headline\":\"III ENCUENTRO DEL VES EN MADRID\",\"datePublished\":\"2019-03-13T14:55:04+00:00\",\"dateModified\":\"2023-11-28T11:36:56+00:00\",\"mainEntityOfPage\":{\"@id\":\"https:\\\/\\\/www.itakaescolapios.org\\\/eu\\\/2019\\\/03\\\/iii-encuentro-del-ves-en-madrid\\\/\"},\"wordCount\":195,\"publisher\":{\"@id\":\"https:\\\/\\\/www.itakaescolapios.org\\\/es\\\/#organization\"},\"image\":{\"@id\":\"https:\\\/\\\/www.itakaescolapios.org\\\/eu\\\/2019\\\/03\\\/iii-encuentro-del-ves-en-madrid\\\/#primaryimage\"},\"thumbnailUrl\":\"https:\\\/\\\/www.itakaescolapios.org\\\/wp-content\\\/uploads\\\/2019\\\/03\\\/WhatsApp-Image-2019-03-10-at-17.05.27.jpeg\",\"articleSection\":[\"Madrid\"],\"inLanguage\":\"eu\"},{\"@type\":\"WebPage\",\"@id\":\"https:\\\/\\\/www.itakaescolapios.org\\\/eu\\\/2019\\\/03\\\/iii-encuentro-del-ves-en-madrid\\\/\",\"url\":\"https:\\\/\\\/www.itakaescolapios.org\\\/eu\\\/2019\\\/03\\\/iii-encuentro-del-ves-en-madrid\\\/\",\"name\":\"III ENCUENTRO DEL VES EN MADRID - Itaka-Escolapios\",\"isPartOf\":{\"@id\":\"https:\\\/\\\/www.itakaescolapios.org\\\/es\\\/#website\"},\"primaryImageOfPage\":{\"@id\":\"https:\\\/\\\/www.itakaescolapios.org\\\/eu\\\/2019\\\/03\\\/iii-encuentro-del-ves-en-madrid\\\/#primaryimage\"},\"image\":{\"@id\":\"https:\\\/\\\/www.itakaescolapios.org\\\/eu\\\/2019\\\/03\\\/iii-encuentro-del-ves-en-madrid\\\/#primaryimage\"},\"thumbnailUrl\":\"https:\\\/\\\/www.itakaescolapios.org\\\/wp-content\\\/uploads\\\/2019\\\/03\\\/WhatsApp-Image-2019-03-10-at-17.05.27.jpeg\",\"datePublished\":\"2019-03-13T14:55:04+00:00\",\"dateModified\":\"2023-11-28T11:36:56+00:00\",\"breadcrumb\":{\"@id\":\"https:\\\/\\\/www.itakaescolapios.org\\\/eu\\\/2019\\\/03\\\/iii-encuentro-del-ves-en-madrid\\\/#breadcrumb\"},\"inLanguage\":\"eu\",\"potentialAction\":[{\"@type\":\"ReadAction\",\"target\":[\"https:\\\/\\\/www.itakaescolapios.org\\\/eu\\\/2019\\\/03\\\/iii-encuentro-del-ves-en-madrid\\\/\"]}]},{\"@type\":\"ImageObject\",\"inLanguage\":\"eu\",\"@id\":\"https:\\\/\\\/www.itakaescolapios.org\\\/eu\\\/2019\\\/03\\\/iii-encuentro-del-ves-en-madrid\\\/#primaryimage\",\"url\":\"https:\\\/\\\/www.itakaescolapios.org\\\/wp-content\\\/uploads\\\/2019\\\/03\\\/WhatsApp-Image-2019-03-10-at-17.05.27.jpeg\",\"contentUrl\":\"https:\\\/\\\/www.itakaescolapios.org\\\/wp-content\\\/uploads\\\/2019\\\/03\\\/WhatsApp-Image-2019-03-10-at-17.05.27.jpeg\",\"width\":1103,\"height\":1281},{\"@type\":\"BreadcrumbList\",\"@id\":\"https:\\\/\\\/www.itakaescolapios.org\\\/eu\\\/2019\\\/03\\\/iii-encuentro-del-ves-en-madrid\\\/#breadcrumb\",\"itemListElement\":[{\"@type\":\"ListItem\",\"position\":1,\"name\":\"Itaka-Escolapios\",\"item\":\"https:\\\/\\\/www.itakaescolapios.org\\\/es\\\/\"},{\"@type\":\"ListItem\",\"position\":2,\"name\":\"III ENCUENTRO DEL VES EN MADRID\"}]},{\"@type\":\"WebSite\",\"@id\":\"https:\\\/\\\/www.itakaescolapios.org\\\/eu\\\/es\\\/#website\",\"url\":\"https:\\\/\\\/www.itakaescolapios.org\\\/eu\\\/es\\\/\",\"name\":\"Itaka-Escolapios\",\"description\":\"Red de Itaka-Escolapios\",\"publisher\":{\"@id\":\"https:\\\/\\\/www.itakaescolapios.org\\\/eu\\\/es\\\/#organization\"},\"potentialAction\":[{\"@type\":\"SearchAction\",\"target\":{\"@type\":\"EntryPoint\",\"urlTemplate\":\"https:\\\/\\\/www.itakaescolapios.org\\\/eu\\\/es\\\/?s={search_term_string}\"},\"query-input\":{\"@type\":\"PropertyValueSpecification\",\"valueRequired\":true,\"valueName\":\"search_term_string\"}}],\"inLanguage\":\"eu\"},{\"@type\":\"Organization\",\"@id\":\"https:\\\/\\\/www.itakaescolapios.org\\\/eu\\\/es\\\/#organization\",\"name\":\"Fundaci\u00f3 Itaka-Escolapios\",\"url\":\"https:\\\/\\\/www.itakaescolapios.org\\\/eu\\\/es\\\/\",\"logo\":{\"@type\":\"ImageObject\",\"inLanguage\":\"eu\",\"@id\":\"https:\\\/\\\/www.itakaescolapios.org\\\/eu\\\/es\\\/#\\\/schema\\\/logo\\\/image\\\/\",\"url\":\"https:\\\/\\\/www.itakaescolapios.org\\\/wp-content\\\/uploads\\\/2024\\\/04\\\/Logo-itakaescolapios-peque.png\",\"contentUrl\":\"https:\\\/\\\/www.itakaescolapios.org\\\/wp-content\\\/uploads\\\/2024\\\/04\\\/Logo-itakaescolapios-peque.png\",\"width\":500,\"height\":199,\"caption\":\"Fundaci\u00f3 Itaka-Escolapios\"},\"image\":{\"@id\":\"https:\\\/\\\/www.itakaescolapios.org\\\/eu\\\/es\\\/#\\\/schema\\\/logo\\\/image\\\/\"}},{\"@type\":\"Person\",\"@id\":\"https:\\\/\\\/www.itakaescolapios.org\\\/es\\\/#\\\/schema\\\/person\\\/bcd60d18d9795d0e978153a567a2edcb\",\"name\":\"madrid01\",\"url\":\"https:\\\/\\\/www.itakaescolapios.org\\\/eu\\\/author\\\/madrid01\\\/\"}]}<\/script>\n<!-- \/ Yoast SEO plugin. -->","yoast_head_json":{"title":"III ENCUENTRO DEL VES EN MADRID","description":"Este fin de semana nos hemos reunido en Cercedilla en el tercer encuentro de voluntariado del curso para trabajar y reflexionar en torno a la acogida. Comenzamos la ma\u00f1ana del s\u00e1bado jugando, record\u00e1ndonos que el juego es una herramienta que nos permite integrar y disfrutar en equipo. Por la tarde tuvimos la suerte de incorporamos&hellip;","robots":{"index":"index","follow":"follow","max-snippet":"max-snippet:-1","max-image-preview":"max-image-preview:large","max-video-preview":"max-video-preview:-1"},"canonical":"Este fin de semana nos hemos reunido en Cercedilla en el tercer encuentro de voluntariado del curso para trabajar y reflexionar en torno a la acogida. Comenzamos la ma\u00f1ana del s\u00e1bado jugando, record\u00e1ndonos que el juego es una herramienta que nos permite integrar y disfrutar en equipo. Por la tarde tuvimos la suerte de incorporamos&hellip;","og_locale":"en_US","og_type":"article","og_title":"III ENCUENTRO DEL VES EN MADRID","og_description":"Este fin de semana nos hemos reunido en Cercedilla en el tercer encuentro de voluntariado del curso para trabajar y reflexionar en torno a la acogida. Comenzamos la ma\u00f1ana del s\u00e1bado jugando, record\u00e1ndonos que el juego es una herramienta que nos permite integrar y disfrutar en equipo. Por la tarde tuvimos la suerte de incorporamos&hellip;","og_url":"https:\/\/www.itakaescolapios.org\/eu\/2019\/03\/iii-encuentro-del-ves-en-madrid\/","og_site_name":"Itaka-Escolapios","article_published_time":"2019-03-13T14:55:04+00:00","article_modified_time":"2023-11-28T11:36:56+00:00","og_image":[{"width":1103,"height":1281,"url":"https:\/\/www.itakaescolapios.org\/wp-content\/uploads\/2019\/03\/WhatsApp-Image-2019-03-10-at-17.05.27.jpeg","type":"image\/jpeg"}],"author":"madrid01","twitter_card":"summary_large_image","twitter_misc":{"Written by":"madrid01","Est. reading time":"1 minutua"},"schema":{"@context":"https:\/\/schema.org","@graph":[{"@type":"Article","@id":"https:\/\/www.itakaescolapios.org\/eu\/2019\/03\/iii-encuentro-del-ves-en-madrid\/#article","isPartOf":{"@id":"https:\/\/www.itakaescolapios.org\/eu\/2019\/03\/iii-encuentro-del-ves-en-madrid\/"},"author":{"name":"madrid01","@id":"https:\/\/www.itakaescolapios.org\/es\/#\/schema\/person\/bcd60d18d9795d0e978153a567a2edcb"},"headline":"III ENCUENTRO DEL VES EN MADRID","datePublished":"2019-03-13T14:55:04+00:00","dateModified":"2023-11-28T11:36:56+00:00","mainEntityOfPage":{"@id":"https:\/\/www.itakaescolapios.org\/eu\/2019\/03\/iii-encuentro-del-ves-en-madrid\/"},"wordCount":195,"publisher":{"@id":"https:\/\/www.itakaescolapios.org\/es\/#organization"},"image":{"@id":"https:\/\/www.itakaescolapios.org\/eu\/2019\/03\/iii-encuentro-del-ves-en-madrid\/#primaryimage"},"thumbnailUrl":"https:\/\/www.itakaescolapios.org\/wp-content\/uploads\/2019\/03\/WhatsApp-Image-2019-03-10-at-17.05.27.jpeg","articleSection":["Madrid"],"inLanguage":"eu"},{"@type":"WebPage","@id":"https:\/\/www.itakaescolapios.org\/eu\/2019\/03\/iii-encuentro-del-ves-en-madrid\/","url":"https:\/\/www.itakaescolapios.org\/eu\/2019\/03\/iii-encuentro-del-ves-en-madrid\/","name":"III ENCUENTRO DEL VES EN MADRID - Itaka-Escolapios","isPartOf":{"@id":"https:\/\/www.itakaescolapios.org\/es\/#website"},"primaryImageOfPage":{"@id":"https:\/\/www.itakaescolapios.org\/eu\/2019\/03\/iii-encuentro-del-ves-en-madrid\/#primaryimage"},"image":{"@id":"https:\/\/www.itakaescolapios.org\/eu\/2019\/03\/iii-encuentro-del-ves-en-madrid\/#primaryimage"},"thumbnailUrl":"https:\/\/www.itakaescolapios.org\/wp-content\/uploads\/2019\/03\/WhatsApp-Image-2019-03-10-at-17.05.27.jpeg","datePublished":"2019-03-13T14:55:04+00:00","dateModified":"2023-11-28T11:36:56+00:00","breadcrumb":{"@id":"https:\/\/www.itakaescolapios.org\/eu\/2019\/03\/iii-encuentro-del-ves-en-madrid\/#breadcrumb"},"inLanguage":"eu","potentialAction":[{"@type":"ReadAction","target":["https:\/\/www.itakaescolapios.org\/eu\/2019\/03\/iii-encuentro-del-ves-en-madrid\/"]}]},{"@type":"ImageObject","inLanguage":"eu","@id":"https:\/\/www.itakaescolapios.org\/eu\/2019\/03\/iii-encuentro-del-ves-en-madrid\/#primaryimage","url":"https:\/\/www.itakaescolapios.org\/wp-content\/uploads\/2019\/03\/WhatsApp-Image-2019-03-10-at-17.05.27.jpeg","contentUrl":"https:\/\/www.itakaescolapios.org\/wp-content\/uploads\/2019\/03\/WhatsApp-Image-2019-03-10-at-17.05.27.jpeg","width":1103,"height":1281},{"@type":"BreadcrumbList","@id":"https:\/\/www.itakaescolapios.org\/eu\/2019\/03\/iii-encuentro-del-ves-en-madrid\/#breadcrumb","itemListElement":[{"@type":"ListItem","position":1,"name":"Itaka-Escolapios","item":"https:\/\/www.itakaescolapios.org\/es\/"},{"@type":"ListItem","position":2,"name":"III ENCUENTRO DEL VES EN MADRID"}]},{"@type":"WebSite","@id":"https:\/\/www.itakaescolapios.org\/eu\/es\/#website","url":"https:\/\/www.itakaescolapios.org\/eu\/es\/","name":"Itaka-Escolapios","description":"Red de Itaka-Escolapios","publisher":{"@id":"https:\/\/www.itakaescolapios.org\/eu\/es\/#organization"},"potentialAction":[{"@type":"SearchAction","target":{"@type":"EntryPoint","urlTemplate":"https:\/\/www.itakaescolapios.org\/eu\/es\/?s={search_term_string}"},"query-input":{"@type":"PropertyValueSpecification","valueRequired":true,"valueName":"search_term_string"}}],"inLanguage":"eu"},{"@type":"Organization","@id":"https:\/\/www.itakaescolapios.org\/eu\/es\/#organization","name":"Fundaci\u00f3 Itaka-Escolapios","url":"https:\/\/www.itakaescolapios.org\/eu\/es\/","logo":{"@type":"ImageObject","inLanguage":"eu","@id":"https:\/\/www.itakaescolapios.org\/eu\/es\/#\/schema\/logo\/image\/","url":"https:\/\/www.itakaescolapios.org\/wp-content\/uploads\/2024\/04\/Logo-itakaescolapios-peque.png","contentUrl":"https:\/\/www.itakaescolapios.org\/wp-content\/uploads\/2024\/04\/Logo-itakaescolapios-peque.png","width":500,"height":199,"caption":"Fundaci\u00f3 Itaka-Escolapios"},"image":{"@id":"https:\/\/www.itakaescolapios.org\/eu\/es\/#\/schema\/logo\/image\/"}},{"@type":"Person","@id":"https:\/\/www.itakaescolapios.org\/es\/#\/schema\/person\/bcd60d18d9795d0e978153a567a2edcb","name":"madrid01","url":"https:\/\/www.itakaescolapios.org\/eu\/author\/madrid01\/"}]}},"_links":{"self":[{"href":"https:\/\/www.itakaescolapios.org\/eu\/wp-json\/wp\/v2\/posts\/27007","targetHints":{"allow":["GET"]}}],"collection":[{"href":"https:\/\/www.itakaescolapios.org\/eu\/wp-json\/wp\/v2\/posts"}],"about":[{"href":"https:\/\/www.itakaescolapios.org\/eu\/wp-json\/wp\/v2\/types\/post"}],"author":[{"embeddable":true,"href":"https:\/\/www.itakaescolapios.org\/eu\/wp-json\/wp\/v2\/users\/48"}],"replies":[{"embeddable":true,"href":"https:\/\/www.itakaescolapios.org\/eu\/wp-json\/wp\/v2\/comments?post=27007"}],"version-history":[{"count":7,"href":"https:\/\/www.itakaescolapios.org\/eu\/wp-json\/wp\/v2\/posts\/27007\/revisions"}],"predecessor-version":[{"id":45819,"href":"https:\/\/www.itakaescolapios.org\/eu\/wp-json\/wp\/v2\/posts\/27007\/revisions\/45819"}],"wp:featuredmedia":[{"embeddable":true,"href":"https:\/\/www.itakaescolapios.org\/eu\/wp-json\/wp\/v2\/media\/27014"}],"wp:attachment":[{"href":"https:\/\/www.itakaescolapios.org\/eu\/wp-json\/wp\/v2\/media?parent=27007"}],"wp:term":[{"taxonomy":"category","embeddable":true,"href":"https:\/\/www.itakaescolapios.org\/eu\/wp-json\/wp\/v2\/categories?post=27007"},{"taxonomy":"post_tag","embeddable":true,"href":"https:\/\/www.itakaescolapios.org\/eu\/wp-json\/wp\/v2\/tags?post=27007"}],"curies":[{"name":"wp","href":"https:\/\/api.w.org\/{rel}","templated":true}]}}