{"id":28244,"date":"2019-09-05T11:48:03","date_gmt":"2019-09-05T10:48:03","guid":{"rendered":"https:\/\/www.itakaescolapios.org\/?p=28244"},"modified":"2023-11-28T12:36:44","modified_gmt":"2023-11-28T11:36:44","slug":"itaka-escolapios-da-la-palabra-a-muchos","status":"publish","type":"post","link":"https:\/\/www.itakaescolapios.org\/eu\/2019\/09\/itaka-escolapios-da-la-palabra-a-muchos\/","title":{"rendered":"ITAKA - ESCOLAPIOS... DA LA PALABRA A MUCHOS"},"content":{"rendered":"<p>La Red Itaka &#8211; Escolapios est\u00e1 dando palabra a muchas personas:<\/p>\n<ul>\n<li>a los j\u00f3venes porque tienen mucho que aportar de novedad, de ilusi\u00f3n, de futuro y de presente<\/li>\n<li>a los pobres que siempre ven mejor las necesidades del mundo entero<\/li>\n<li>a personas de todos los pa\u00edses, porque queremos ser del mundo entero<\/li>\n<li>a los sabios y a los sencillos, porque son miradas muy complementarias<\/li>\n<li>a hombres y mujeres, porque solo con esas dos formas de mirar podemos ver de verdad,<\/li>\n<li>a quienes m\u00e1s dispuestos est\u00e1n a hacer un mundo mejor,<\/li>\n<li>a los que m\u00e1s sufren&#8230; \u00a1a todos!<\/li>\n<\/ul>\n","protected":false},"excerpt":{"rendered":"<p>La Red Itaka &#8211; Escolapios est\u00e1 dando palabra a muchas personas: a los j\u00f3venes porque tienen mucho que aportar de novedad, de ilusi\u00f3n, de futuro y de presente a los [&hellip;]<\/p>\n","protected":false},"author":4,"featured_media":28245,"comment_status":"closed","ping_status":"closed","sticky":false,"template":"","format":"standard","meta":{"_et_pb_use_builder":"","_et_pb_old_content":"","_et_gb_content_width":"","footnotes":""},"categories":[30],"tags":[],"class_list":["post-28244","post","type-post","status-publish","format-standard","has-post-thumbnail","hentry","category-itaka-escolapios"],"yoast_head":"<!-- This site is optimized with the Yoast SEO plugin v27.4 - https:\/\/yoast.com\/product\/yoast-seo-wordpress\/ -->\n<title>ITAKA - ESCOLAPIOS... DA LA PALABRA A MUCHOS<\/title>\n<meta name=\"description\" content=\"La Red Itaka - Escolapios est\u00e1 dando palabra a muchas personas: a los j\u00f3venes porque tienen mucho que aportar de novedad, de ilusi\u00f3n, de futuro y de presente a los pobres que siempre ven mejor las necesidades del mundo entero a personas de todos los pa\u00edses, porque queremos ser del mundo entero a los sabios&hellip;\" \/>\n<meta name=\"robots\" content=\"index, follow, max-snippet:-1, max-image-preview:large, max-video-preview:-1\" \/>\n<link rel=\"canonical\" href=\"\" \/>\n<meta property=\"og:locale\" content=\"en_US\" \/>\n<meta property=\"og:type\" content=\"article\" \/>\n<meta property=\"og:title\" content=\"ITAKA - ESCOLAPIOS... DA LA PALABRA A MUCHOS\" \/>\n<meta property=\"og:description\" content=\"La Red Itaka - Escolapios est\u00e1 dando palabra a muchas personas: a los j\u00f3venes porque tienen mucho que aportar de novedad, de ilusi\u00f3n, de futuro y de presente a los pobres que siempre ven mejor las necesidades del mundo entero a personas de todos los pa\u00edses, porque queremos ser del mundo entero a los sabios&hellip;\" \/>\n<meta property=\"og:url\" content=\"https:\/\/www.itakaescolapios.org\/eu\/2019\/09\/itaka-escolapios-da-la-palabra-a-muchos\/\" \/>\n<meta property=\"og:site_name\" content=\"Itaka-Escolapios\" \/>\n<meta property=\"article:published_time\" content=\"2019-09-05T10:48:03+00:00\" \/>\n<meta property=\"article:modified_time\" content=\"2023-11-28T11:36:44+00:00\" \/>\n<meta property=\"og:image\" content=\"https:\/\/www.itakaescolapios.org\/wp-content\/uploads\/2019\/09\/1darpalabra.jpg\" \/>\n\t<meta property=\"og:image:width\" content=\"1300\" \/>\n\t<meta property=\"og:image:height\" content=\"1300\" \/>\n\t<meta property=\"og:image:type\" content=\"image\/jpeg\" \/>\n<meta name=\"author\" content=\"itaka\" \/>\n<meta name=\"twitter:card\" content=\"summary_large_image\" \/>\n<meta name=\"twitter:label1\" content=\"Written by\" \/>\n\t<meta name=\"twitter:data1\" content=\"itaka\" \/>\n\t<meta name=\"twitter:label2\" content=\"Est. reading time\" \/>\n\t<meta name=\"twitter:data2\" content=\"1 minutua\" \/>\n<script type=\"application\/ld+json\" class=\"yoast-schema-graph\">{\"@context\":\"https:\\\/\\\/schema.org\",\"@graph\":[{\"@type\":\"Article\",\"@id\":\"https:\\\/\\\/www.itakaescolapios.org\\\/eu\\\/2019\\\/09\\\/itaka-escolapios-da-la-palabra-a-muchos\\\/#article\",\"isPartOf\":{\"@id\":\"https:\\\/\\\/www.itakaescolapios.org\\\/eu\\\/2019\\\/09\\\/itaka-escolapios-da-la-palabra-a-muchos\\\/\"},\"author\":{\"name\":\"itaka\",\"@id\":\"https:\\\/\\\/www.itakaescolapios.org\\\/es\\\/#\\\/schema\\\/person\\\/670123daeb1cc31cae1b106740036ccb\"},\"headline\":\"ITAKA - ESCOLAPIOS... DA LA PALABRA A MUCHOS\",\"datePublished\":\"2019-09-05T10:48:03+00:00\",\"dateModified\":\"2023-11-28T11:36:44+00:00\",\"mainEntityOfPage\":{\"@id\":\"https:\\\/\\\/www.itakaescolapios.org\\\/eu\\\/2019\\\/09\\\/itaka-escolapios-da-la-palabra-a-muchos\\\/\"},\"wordCount\":111,\"publisher\":{\"@id\":\"https:\\\/\\\/www.itakaescolapios.org\\\/es\\\/#organization\"},\"image\":{\"@id\":\"https:\\\/\\\/www.itakaescolapios.org\\\/eu\\\/2019\\\/09\\\/itaka-escolapios-da-la-palabra-a-muchos\\\/#primaryimage\"},\"thumbnailUrl\":\"https:\\\/\\\/www.itakaescolapios.org\\\/wp-content\\\/uploads\\\/2019\\\/09\\\/1darpalabra.jpg\",\"articleSection\":[\"Itaka Escolapios\"],\"inLanguage\":\"eu\"},{\"@type\":\"WebPage\",\"@id\":\"https:\\\/\\\/www.itakaescolapios.org\\\/eu\\\/2019\\\/09\\\/itaka-escolapios-da-la-palabra-a-muchos\\\/\",\"url\":\"https:\\\/\\\/www.itakaescolapios.org\\\/eu\\\/2019\\\/09\\\/itaka-escolapios-da-la-palabra-a-muchos\\\/\",\"name\":\"ITAKA - ESCOLAPIOS... DA LA PALABRA A MUCHOS - Itaka-Escolapios\",\"isPartOf\":{\"@id\":\"https:\\\/\\\/www.itakaescolapios.org\\\/es\\\/#website\"},\"primaryImageOfPage\":{\"@id\":\"https:\\\/\\\/www.itakaescolapios.org\\\/eu\\\/2019\\\/09\\\/itaka-escolapios-da-la-palabra-a-muchos\\\/#primaryimage\"},\"image\":{\"@id\":\"https:\\\/\\\/www.itakaescolapios.org\\\/eu\\\/2019\\\/09\\\/itaka-escolapios-da-la-palabra-a-muchos\\\/#primaryimage\"},\"thumbnailUrl\":\"https:\\\/\\\/www.itakaescolapios.org\\\/wp-content\\\/uploads\\\/2019\\\/09\\\/1darpalabra.jpg\",\"datePublished\":\"2019-09-05T10:48:03+00:00\",\"dateModified\":\"2023-11-28T11:36:44+00:00\",\"breadcrumb\":{\"@id\":\"https:\\\/\\\/www.itakaescolapios.org\\\/eu\\\/2019\\\/09\\\/itaka-escolapios-da-la-palabra-a-muchos\\\/#breadcrumb\"},\"inLanguage\":\"eu\",\"potentialAction\":[{\"@type\":\"ReadAction\",\"target\":[\"https:\\\/\\\/www.itakaescolapios.org\\\/eu\\\/2019\\\/09\\\/itaka-escolapios-da-la-palabra-a-muchos\\\/\"]}]},{\"@type\":\"ImageObject\",\"inLanguage\":\"eu\",\"@id\":\"https:\\\/\\\/www.itakaescolapios.org\\\/eu\\\/2019\\\/09\\\/itaka-escolapios-da-la-palabra-a-muchos\\\/#primaryimage\",\"url\":\"https:\\\/\\\/www.itakaescolapios.org\\\/wp-content\\\/uploads\\\/2019\\\/09\\\/1darpalabra.jpg\",\"contentUrl\":\"https:\\\/\\\/www.itakaescolapios.org\\\/wp-content\\\/uploads\\\/2019\\\/09\\\/1darpalabra.jpg\",\"width\":1300,\"height\":1300},{\"@type\":\"BreadcrumbList\",\"@id\":\"https:\\\/\\\/www.itakaescolapios.org\\\/eu\\\/2019\\\/09\\\/itaka-escolapios-da-la-palabra-a-muchos\\\/#breadcrumb\",\"itemListElement\":[{\"@type\":\"ListItem\",\"position\":1,\"name\":\"Itaka-Escolapios\",\"item\":\"https:\\\/\\\/www.itakaescolapios.org\\\/es\\\/\"},{\"@type\":\"ListItem\",\"position\":2,\"name\":\"ITAKA - ESCOLAPIOS... DA LA PALABRA A MUCHOS\"}]},{\"@type\":\"WebSite\",\"@id\":\"https:\\\/\\\/www.itakaescolapios.org\\\/eu\\\/es\\\/#website\",\"url\":\"https:\\\/\\\/www.itakaescolapios.org\\\/eu\\\/es\\\/\",\"name\":\"Itaka-Escolapios\",\"description\":\"Red de Itaka-Escolapios\",\"publisher\":{\"@id\":\"https:\\\/\\\/www.itakaescolapios.org\\\/eu\\\/es\\\/#organization\"},\"potentialAction\":[{\"@type\":\"SearchAction\",\"target\":{\"@type\":\"EntryPoint\",\"urlTemplate\":\"https:\\\/\\\/www.itakaescolapios.org\\\/eu\\\/es\\\/?s={search_term_string}\"},\"query-input\":{\"@type\":\"PropertyValueSpecification\",\"valueRequired\":true,\"valueName\":\"search_term_string\"}}],\"inLanguage\":\"eu\"},{\"@type\":\"Organization\",\"@id\":\"https:\\\/\\\/www.itakaescolapios.org\\\/eu\\\/es\\\/#organization\",\"name\":\"Fundaci\u00f3 Itaka-Escolapios\",\"url\":\"https:\\\/\\\/www.itakaescolapios.org\\\/eu\\\/es\\\/\",\"logo\":{\"@type\":\"ImageObject\",\"inLanguage\":\"eu\",\"@id\":\"https:\\\/\\\/www.itakaescolapios.org\\\/eu\\\/es\\\/#\\\/schema\\\/logo\\\/image\\\/\",\"url\":\"https:\\\/\\\/www.itakaescolapios.org\\\/wp-content\\\/uploads\\\/2024\\\/04\\\/Logo-itakaescolapios-peque.png\",\"contentUrl\":\"https:\\\/\\\/www.itakaescolapios.org\\\/wp-content\\\/uploads\\\/2024\\\/04\\\/Logo-itakaescolapios-peque.png\",\"width\":500,\"height\":199,\"caption\":\"Fundaci\u00f3 Itaka-Escolapios\"},\"image\":{\"@id\":\"https:\\\/\\\/www.itakaescolapios.org\\\/eu\\\/es\\\/#\\\/schema\\\/logo\\\/image\\\/\"}},{\"@type\":\"Person\",\"@id\":\"https:\\\/\\\/www.itakaescolapios.org\\\/es\\\/#\\\/schema\\\/person\\\/670123daeb1cc31cae1b106740036ccb\",\"name\":\"itaka\",\"url\":\"https:\\\/\\\/www.itakaescolapios.org\\\/eu\\\/author\\\/itaka\\\/\"}]}<\/script>\n<!-- \/ Yoast SEO plugin. -->","yoast_head_json":{"title":"ITAKA - ESCOLAPIOS... DA LA PALABRA A MUCHOS","description":"La Red Itaka - Escolapios est\u00e1 dando palabra a muchas personas: a los j\u00f3venes porque tienen mucho que aportar de novedad, de ilusi\u00f3n, de futuro y de presente a los pobres que siempre ven mejor las necesidades del mundo entero a personas de todos los pa\u00edses, porque queremos ser del mundo entero a los sabios&hellip;","robots":{"index":"index","follow":"follow","max-snippet":"max-snippet:-1","max-image-preview":"max-image-preview:large","max-video-preview":"max-video-preview:-1"},"canonical":"La Red Itaka - Escolapios est\u00e1 dando palabra a muchas personas: a los j\u00f3venes porque tienen mucho que aportar de novedad, de ilusi\u00f3n, de futuro y de presente a los pobres que siempre ven mejor las necesidades del mundo entero a personas de todos los pa\u00edses, porque queremos ser del mundo entero a los sabios&hellip;","og_locale":"en_US","og_type":"article","og_title":"ITAKA - ESCOLAPIOS... DA LA PALABRA A MUCHOS","og_description":"La Red Itaka - Escolapios est\u00e1 dando palabra a muchas personas: a los j\u00f3venes porque tienen mucho que aportar de novedad, de ilusi\u00f3n, de futuro y de presente a los pobres que siempre ven mejor las necesidades del mundo entero a personas de todos los pa\u00edses, porque queremos ser del mundo entero a los sabios&hellip;","og_url":"https:\/\/www.itakaescolapios.org\/eu\/2019\/09\/itaka-escolapios-da-la-palabra-a-muchos\/","og_site_name":"Itaka-Escolapios","article_published_time":"2019-09-05T10:48:03+00:00","article_modified_time":"2023-11-28T11:36:44+00:00","og_image":[{"width":1300,"height":1300,"url":"https:\/\/www.itakaescolapios.org\/wp-content\/uploads\/2019\/09\/1darpalabra.jpg","type":"image\/jpeg"}],"author":"itaka","twitter_card":"summary_large_image","twitter_misc":{"Written by":"itaka","Est. reading time":"1 minutua"},"schema":{"@context":"https:\/\/schema.org","@graph":[{"@type":"Article","@id":"https:\/\/www.itakaescolapios.org\/eu\/2019\/09\/itaka-escolapios-da-la-palabra-a-muchos\/#article","isPartOf":{"@id":"https:\/\/www.itakaescolapios.org\/eu\/2019\/09\/itaka-escolapios-da-la-palabra-a-muchos\/"},"author":{"name":"itaka","@id":"https:\/\/www.itakaescolapios.org\/es\/#\/schema\/person\/670123daeb1cc31cae1b106740036ccb"},"headline":"ITAKA - ESCOLAPIOS... DA LA PALABRA A MUCHOS","datePublished":"2019-09-05T10:48:03+00:00","dateModified":"2023-11-28T11:36:44+00:00","mainEntityOfPage":{"@id":"https:\/\/www.itakaescolapios.org\/eu\/2019\/09\/itaka-escolapios-da-la-palabra-a-muchos\/"},"wordCount":111,"publisher":{"@id":"https:\/\/www.itakaescolapios.org\/es\/#organization"},"image":{"@id":"https:\/\/www.itakaescolapios.org\/eu\/2019\/09\/itaka-escolapios-da-la-palabra-a-muchos\/#primaryimage"},"thumbnailUrl":"https:\/\/www.itakaescolapios.org\/wp-content\/uploads\/2019\/09\/1darpalabra.jpg","articleSection":["Itaka Escolapios"],"inLanguage":"eu"},{"@type":"WebPage","@id":"https:\/\/www.itakaescolapios.org\/eu\/2019\/09\/itaka-escolapios-da-la-palabra-a-muchos\/","url":"https:\/\/www.itakaescolapios.org\/eu\/2019\/09\/itaka-escolapios-da-la-palabra-a-muchos\/","name":"ITAKA - ESCOLAPIOS... DA LA PALABRA A MUCHOS - Itaka-Escolapios","isPartOf":{"@id":"https:\/\/www.itakaescolapios.org\/es\/#website"},"primaryImageOfPage":{"@id":"https:\/\/www.itakaescolapios.org\/eu\/2019\/09\/itaka-escolapios-da-la-palabra-a-muchos\/#primaryimage"},"image":{"@id":"https:\/\/www.itakaescolapios.org\/eu\/2019\/09\/itaka-escolapios-da-la-palabra-a-muchos\/#primaryimage"},"thumbnailUrl":"https:\/\/www.itakaescolapios.org\/wp-content\/uploads\/2019\/09\/1darpalabra.jpg","datePublished":"2019-09-05T10:48:03+00:00","dateModified":"2023-11-28T11:36:44+00:00","breadcrumb":{"@id":"https:\/\/www.itakaescolapios.org\/eu\/2019\/09\/itaka-escolapios-da-la-palabra-a-muchos\/#breadcrumb"},"inLanguage":"eu","potentialAction":[{"@type":"ReadAction","target":["https:\/\/www.itakaescolapios.org\/eu\/2019\/09\/itaka-escolapios-da-la-palabra-a-muchos\/"]}]},{"@type":"ImageObject","inLanguage":"eu","@id":"https:\/\/www.itakaescolapios.org\/eu\/2019\/09\/itaka-escolapios-da-la-palabra-a-muchos\/#primaryimage","url":"https:\/\/www.itakaescolapios.org\/wp-content\/uploads\/2019\/09\/1darpalabra.jpg","contentUrl":"https:\/\/www.itakaescolapios.org\/wp-content\/uploads\/2019\/09\/1darpalabra.jpg","width":1300,"height":1300},{"@type":"BreadcrumbList","@id":"https:\/\/www.itakaescolapios.org\/eu\/2019\/09\/itaka-escolapios-da-la-palabra-a-muchos\/#breadcrumb","itemListElement":[{"@type":"ListItem","position":1,"name":"Itaka-Escolapios","item":"https:\/\/www.itakaescolapios.org\/es\/"},{"@type":"ListItem","position":2,"name":"ITAKA - ESCOLAPIOS... DA LA PALABRA A MUCHOS"}]},{"@type":"WebSite","@id":"https:\/\/www.itakaescolapios.org\/eu\/es\/#website","url":"https:\/\/www.itakaescolapios.org\/eu\/es\/","name":"Itaka-Escolapios","description":"Red de Itaka-Escolapios","publisher":{"@id":"https:\/\/www.itakaescolapios.org\/eu\/es\/#organization"},"potentialAction":[{"@type":"SearchAction","target":{"@type":"EntryPoint","urlTemplate":"https:\/\/www.itakaescolapios.org\/eu\/es\/?s={search_term_string}"},"query-input":{"@type":"PropertyValueSpecification","valueRequired":true,"valueName":"search_term_string"}}],"inLanguage":"eu"},{"@type":"Organization","@id":"https:\/\/www.itakaescolapios.org\/eu\/es\/#organization","name":"Fundaci\u00f3 Itaka-Escolapios","url":"https:\/\/www.itakaescolapios.org\/eu\/es\/","logo":{"@type":"ImageObject","inLanguage":"eu","@id":"https:\/\/www.itakaescolapios.org\/eu\/es\/#\/schema\/logo\/image\/","url":"https:\/\/www.itakaescolapios.org\/wp-content\/uploads\/2024\/04\/Logo-itakaescolapios-peque.png","contentUrl":"https:\/\/www.itakaescolapios.org\/wp-content\/uploads\/2024\/04\/Logo-itakaescolapios-peque.png","width":500,"height":199,"caption":"Fundaci\u00f3 Itaka-Escolapios"},"image":{"@id":"https:\/\/www.itakaescolapios.org\/eu\/es\/#\/schema\/logo\/image\/"}},{"@type":"Person","@id":"https:\/\/www.itakaescolapios.org\/es\/#\/schema\/person\/670123daeb1cc31cae1b106740036ccb","name":"itaka","url":"https:\/\/www.itakaescolapios.org\/eu\/author\/itaka\/"}]}},"_links":{"self":[{"href":"https:\/\/www.itakaescolapios.org\/eu\/wp-json\/wp\/v2\/posts\/28244","targetHints":{"allow":["GET"]}}],"collection":[{"href":"https:\/\/www.itakaescolapios.org\/eu\/wp-json\/wp\/v2\/posts"}],"about":[{"href":"https:\/\/www.itakaescolapios.org\/eu\/wp-json\/wp\/v2\/types\/post"}],"author":[{"embeddable":true,"href":"https:\/\/www.itakaescolapios.org\/eu\/wp-json\/wp\/v2\/users\/4"}],"replies":[{"embeddable":true,"href":"https:\/\/www.itakaescolapios.org\/eu\/wp-json\/wp\/v2\/comments?post=28244"}],"version-history":[{"count":4,"href":"https:\/\/www.itakaescolapios.org\/eu\/wp-json\/wp\/v2\/posts\/28244\/revisions"}],"predecessor-version":[{"id":45497,"href":"https:\/\/www.itakaescolapios.org\/eu\/wp-json\/wp\/v2\/posts\/28244\/revisions\/45497"}],"wp:featuredmedia":[{"embeddable":true,"href":"https:\/\/www.itakaescolapios.org\/eu\/wp-json\/wp\/v2\/media\/28245"}],"wp:attachment":[{"href":"https:\/\/www.itakaescolapios.org\/eu\/wp-json\/wp\/v2\/media?parent=28244"}],"wp:term":[{"taxonomy":"category","embeddable":true,"href":"https:\/\/www.itakaescolapios.org\/eu\/wp-json\/wp\/v2\/categories?post=28244"},{"taxonomy":"post_tag","embeddable":true,"href":"https:\/\/www.itakaescolapios.org\/eu\/wp-json\/wp\/v2\/tags?post=28244"}],"curies":[{"name":"wp","href":"https:\/\/api.w.org\/{rel}","templated":true}]}}