{"id":28546,"date":"2019-10-17T13:00:33","date_gmt":"2019-10-17T12:00:33","guid":{"rendered":"https:\/\/www.itakaescolapios.org\/?p=28546"},"modified":"2023-11-28T12:36:41","modified_gmt":"2023-11-28T11:36:41","slug":"itaka-escolapios-por-la-erradicacion-de-la-pobreza","status":"publish","type":"post","link":"https:\/\/www.itakaescolapios.org\/eu\/2019\/10\/itaka-escolapios-por-la-erradicacion-de-la-pobreza\/","title":{"rendered":"ITAKA - ESCOLAPIOS... POR LA ERRADICACI\u00d3N DE LA POBREZA"},"content":{"rendered":"<p>El 17 de octubre se celebra el D\u00eda Internacional por la erradicaci\u00f3n de la pobreza, recordando la concentraci\u00f3n que hace 32 a\u00f1os reuni\u00f3 a m\u00e1s de 100.000 personas en Par\u00eds en homenaje a las v\u00edctimas de la extrema pobreza, el hambre y la violencia que ellas generan.<\/p>\n<p>Hoy en d\u00eda, seg\u00fan la ONU, existen m\u00e1s de 800 millones de personas\u00a0en el mundo, muchas de ellas ni\u00f1as y ni\u00f1os, que viven bajo el umbral de la pobreza, es decir, con menos de 1,25 d\u00f3lares diarios.<\/p>\n<p>Itaka-Escolapios, desde sus inicios, y siendo coherente con su identidad cristiana y escolapia, se siente fuertemente comprometida con la lucha contra la pobreza y en favor de los Derechos Humanos.<\/p>\n<p>Desde el trabajo diario de atenci\u00f3n y cuidado de las v\u00edctimas de la injusticia, que muchas veces obliga a dejar la tierra de origen, buscamos restituir en parte los derechos conculcados, as\u00ed como la denuncia p\u00fablica y sensibilizaci\u00f3n de todas las personas sobre su inaceptable situaci\u00f3n. Del mismo modo, desde las escuelas que apoyamos en tantos lugares, as\u00ed como con nuestros proyectos socio-educativos y de alfabetizaci\u00f3n, apoyamos a quienes, en muchos casos, no han tenido nunca ocasi\u00f3n de formarse.<\/p>\n<p>Queriendo hacer nuestra peque\u00f1a aportaci\u00f3n a esta conmemoraci\u00f3n, hacemos un llamamiento a todas las personas de nuestro entorno a participar en los actos organizados en cada ciudad que, de forma pac\u00edfica y no-violenta, reclamen el respeto de los derechos humanos para todas las personas que sufren la pobreza en cualquiera de sus expresiones.<!--more--><\/p>\n","protected":false},"excerpt":{"rendered":"<p>El 17 de octubre se celebra el D\u00eda Internacional por la erradicaci\u00f3n de la pobreza, recordando la concentraci\u00f3n que hace 32 a\u00f1os reuni\u00f3 a m\u00e1s de 100.000 personas en Par\u00eds [&hellip;]<\/p>\n","protected":false},"author":4,"featured_media":28547,"comment_status":"closed","ping_status":"closed","sticky":false,"template":"","format":"standard","meta":{"_et_pb_use_builder":"","_et_pb_old_content":"","_et_gb_content_width":"","footnotes":""},"categories":[30],"tags":[],"class_list":["post-28546","post","type-post","status-publish","format-standard","has-post-thumbnail","hentry","category-itaka-escolapios"],"yoast_head":"<!-- This site is optimized with the Yoast SEO plugin v27.4 - https:\/\/yoast.com\/product\/yoast-seo-wordpress\/ -->\n<title>ITAKA - ESCOLAPIOS... POR LA ERRADICACI\u00d3N DE LA POBREZA<\/title>\n<meta name=\"description\" content=\"El 17 de octubre se celebra el D\u00eda Internacional por la erradicaci\u00f3n de la pobreza, recordando la concentraci\u00f3n que hace 32 a\u00f1os reuni\u00f3 a m\u00e1s de 100.000 personas en Par\u00eds en homenaje a las v\u00edctimas de la extrema pobreza, el hambre y la violencia que ellas generan. Hoy en d\u00eda, seg\u00fan la ONU, existen m\u00e1s&hellip;\" \/>\n<meta name=\"robots\" content=\"index, follow, max-snippet:-1, max-image-preview:large, max-video-preview:-1\" \/>\n<link rel=\"canonical\" href=\"http:\/\/El%2017%20de%20octubre%20se%20celebra%20el%20D\u00eda%20Internacional%20por%20la%20erradicaci\u00f3n%20de%20la%20pobreza,%20recordando%20la%20concentraci\u00f3n%20que%20hace%2032%20a\u00f1os%20reuni\u00f3%20a%20m\u00e1s%20de%20100.000%20personas%20en%20Par\u00eds%20en%20homenaje%20a%20las%20v\u00edctimas%20de%20la%20extrema%20pobreza,%20el%20hambre%20y%20la%20violencia%20que%20ellas%20generan.%20Hoy%20en%20d\u00eda,%20seg\u00fan%20la%20ONU,%20existen%20m\u00e1s&hellip;\" \/>\n<meta property=\"og:locale\" content=\"en_US\" \/>\n<meta property=\"og:type\" content=\"article\" \/>\n<meta property=\"og:title\" content=\"ITAKA - ESCOLAPIOS... POR LA ERRADICACI\u00d3N DE LA POBREZA\" \/>\n<meta property=\"og:description\" content=\"El 17 de octubre se celebra el D\u00eda Internacional por la erradicaci\u00f3n de la pobreza, recordando la concentraci\u00f3n que hace 32 a\u00f1os reuni\u00f3 a m\u00e1s de 100.000 personas en Par\u00eds en homenaje a las v\u00edctimas de la extrema pobreza, el hambre y la violencia que ellas generan. Hoy en d\u00eda, seg\u00fan la ONU, existen m\u00e1s&hellip;\" \/>\n<meta property=\"og:url\" content=\"https:\/\/www.itakaescolapios.org\/eu\/2019\/10\/itaka-escolapios-por-la-erradicacion-de-la-pobreza\/\" \/>\n<meta property=\"og:site_name\" content=\"Itaka-Escolapios\" \/>\n<meta property=\"article:published_time\" content=\"2019-10-17T12:00:33+00:00\" \/>\n<meta property=\"article:modified_time\" content=\"2023-11-28T11:36:41+00:00\" \/>\n<meta property=\"og:image\" content=\"https:\/\/www.itakaescolapios.org\/wp-content\/uploads\/2019\/10\/1ERRADICAR.jpg\" \/>\n\t<meta property=\"og:image:width\" content=\"373\" \/>\n\t<meta property=\"og:image:height\" content=\"135\" \/>\n\t<meta property=\"og:image:type\" content=\"image\/jpeg\" \/>\n<meta name=\"author\" content=\"itaka\" \/>\n<meta name=\"twitter:card\" content=\"summary_large_image\" \/>\n<meta name=\"twitter:label1\" content=\"Written by\" \/>\n\t<meta name=\"twitter:data1\" content=\"itaka\" \/>\n\t<meta name=\"twitter:label2\" content=\"Est. reading time\" \/>\n\t<meta name=\"twitter:data2\" content=\"1 minutua\" \/>\n<script type=\"application\/ld+json\" class=\"yoast-schema-graph\">{\"@context\":\"https:\\\/\\\/schema.org\",\"@graph\":[{\"@type\":\"Article\",\"@id\":\"https:\\\/\\\/www.itakaescolapios.org\\\/eu\\\/2019\\\/10\\\/itaka-escolapios-por-la-erradicacion-de-la-pobreza\\\/#article\",\"isPartOf\":{\"@id\":\"https:\\\/\\\/www.itakaescolapios.org\\\/eu\\\/2019\\\/10\\\/itaka-escolapios-por-la-erradicacion-de-la-pobreza\\\/\"},\"author\":{\"name\":\"itaka\",\"@id\":\"https:\\\/\\\/www.itakaescolapios.org\\\/es\\\/#\\\/schema\\\/person\\\/670123daeb1cc31cae1b106740036ccb\"},\"headline\":\"ITAKA - ESCOLAPIOS... POR LA ERRADICACI\u00d3N DE LA POBREZA\",\"datePublished\":\"2019-10-17T12:00:33+00:00\",\"dateModified\":\"2023-11-28T11:36:41+00:00\",\"mainEntityOfPage\":{\"@id\":\"https:\\\/\\\/www.itakaescolapios.org\\\/eu\\\/2019\\\/10\\\/itaka-escolapios-por-la-erradicacion-de-la-pobreza\\\/\"},\"wordCount\":276,\"publisher\":{\"@id\":\"https:\\\/\\\/www.itakaescolapios.org\\\/es\\\/#organization\"},\"image\":{\"@id\":\"https:\\\/\\\/www.itakaescolapios.org\\\/eu\\\/2019\\\/10\\\/itaka-escolapios-por-la-erradicacion-de-la-pobreza\\\/#primaryimage\"},\"thumbnailUrl\":\"https:\\\/\\\/www.itakaescolapios.org\\\/wp-content\\\/uploads\\\/2019\\\/10\\\/1ERRADICAR.jpg\",\"articleSection\":[\"Itaka Escolapios\"],\"inLanguage\":\"eu\"},{\"@type\":\"WebPage\",\"@id\":\"https:\\\/\\\/www.itakaescolapios.org\\\/eu\\\/2019\\\/10\\\/itaka-escolapios-por-la-erradicacion-de-la-pobreza\\\/\",\"url\":\"https:\\\/\\\/www.itakaescolapios.org\\\/eu\\\/2019\\\/10\\\/itaka-escolapios-por-la-erradicacion-de-la-pobreza\\\/\",\"name\":\"ITAKA - ESCOLAPIOS... POR LA ERRADICACI\u00d3N DE LA POBREZA - Itaka-Escolapios\",\"isPartOf\":{\"@id\":\"https:\\\/\\\/www.itakaescolapios.org\\\/es\\\/#website\"},\"primaryImageOfPage\":{\"@id\":\"https:\\\/\\\/www.itakaescolapios.org\\\/eu\\\/2019\\\/10\\\/itaka-escolapios-por-la-erradicacion-de-la-pobreza\\\/#primaryimage\"},\"image\":{\"@id\":\"https:\\\/\\\/www.itakaescolapios.org\\\/eu\\\/2019\\\/10\\\/itaka-escolapios-por-la-erradicacion-de-la-pobreza\\\/#primaryimage\"},\"thumbnailUrl\":\"https:\\\/\\\/www.itakaescolapios.org\\\/wp-content\\\/uploads\\\/2019\\\/10\\\/1ERRADICAR.jpg\",\"datePublished\":\"2019-10-17T12:00:33+00:00\",\"dateModified\":\"2023-11-28T11:36:41+00:00\",\"breadcrumb\":{\"@id\":\"https:\\\/\\\/www.itakaescolapios.org\\\/eu\\\/2019\\\/10\\\/itaka-escolapios-por-la-erradicacion-de-la-pobreza\\\/#breadcrumb\"},\"inLanguage\":\"eu\",\"potentialAction\":[{\"@type\":\"ReadAction\",\"target\":[\"https:\\\/\\\/www.itakaescolapios.org\\\/eu\\\/2019\\\/10\\\/itaka-escolapios-por-la-erradicacion-de-la-pobreza\\\/\"]}]},{\"@type\":\"ImageObject\",\"inLanguage\":\"eu\",\"@id\":\"https:\\\/\\\/www.itakaescolapios.org\\\/eu\\\/2019\\\/10\\\/itaka-escolapios-por-la-erradicacion-de-la-pobreza\\\/#primaryimage\",\"url\":\"https:\\\/\\\/www.itakaescolapios.org\\\/wp-content\\\/uploads\\\/2019\\\/10\\\/1ERRADICAR.jpg\",\"contentUrl\":\"https:\\\/\\\/www.itakaescolapios.org\\\/wp-content\\\/uploads\\\/2019\\\/10\\\/1ERRADICAR.jpg\",\"width\":373,\"height\":135},{\"@type\":\"BreadcrumbList\",\"@id\":\"https:\\\/\\\/www.itakaescolapios.org\\\/eu\\\/2019\\\/10\\\/itaka-escolapios-por-la-erradicacion-de-la-pobreza\\\/#breadcrumb\",\"itemListElement\":[{\"@type\":\"ListItem\",\"position\":1,\"name\":\"Itaka-Escolapios\",\"item\":\"https:\\\/\\\/www.itakaescolapios.org\\\/es\\\/\"},{\"@type\":\"ListItem\",\"position\":2,\"name\":\"ITAKA - ESCOLAPIOS... POR LA ERRADICACI\u00d3N DE LA POBREZA\"}]},{\"@type\":\"WebSite\",\"@id\":\"https:\\\/\\\/www.itakaescolapios.org\\\/eu\\\/es\\\/#website\",\"url\":\"https:\\\/\\\/www.itakaescolapios.org\\\/eu\\\/es\\\/\",\"name\":\"Itaka-Escolapios\",\"description\":\"Red de Itaka-Escolapios\",\"publisher\":{\"@id\":\"https:\\\/\\\/www.itakaescolapios.org\\\/eu\\\/es\\\/#organization\"},\"potentialAction\":[{\"@type\":\"SearchAction\",\"target\":{\"@type\":\"EntryPoint\",\"urlTemplate\":\"https:\\\/\\\/www.itakaescolapios.org\\\/eu\\\/es\\\/?s={search_term_string}\"},\"query-input\":{\"@type\":\"PropertyValueSpecification\",\"valueRequired\":true,\"valueName\":\"search_term_string\"}}],\"inLanguage\":\"eu\"},{\"@type\":\"Organization\",\"@id\":\"https:\\\/\\\/www.itakaescolapios.org\\\/eu\\\/es\\\/#organization\",\"name\":\"Fundaci\u00f3 Itaka-Escolapios\",\"url\":\"https:\\\/\\\/www.itakaescolapios.org\\\/eu\\\/es\\\/\",\"logo\":{\"@type\":\"ImageObject\",\"inLanguage\":\"eu\",\"@id\":\"https:\\\/\\\/www.itakaescolapios.org\\\/eu\\\/es\\\/#\\\/schema\\\/logo\\\/image\\\/\",\"url\":\"https:\\\/\\\/www.itakaescolapios.org\\\/wp-content\\\/uploads\\\/2024\\\/04\\\/Logo-itakaescolapios-peque.png\",\"contentUrl\":\"https:\\\/\\\/www.itakaescolapios.org\\\/wp-content\\\/uploads\\\/2024\\\/04\\\/Logo-itakaescolapios-peque.png\",\"width\":500,\"height\":199,\"caption\":\"Fundaci\u00f3 Itaka-Escolapios\"},\"image\":{\"@id\":\"https:\\\/\\\/www.itakaescolapios.org\\\/eu\\\/es\\\/#\\\/schema\\\/logo\\\/image\\\/\"}},{\"@type\":\"Person\",\"@id\":\"https:\\\/\\\/www.itakaescolapios.org\\\/es\\\/#\\\/schema\\\/person\\\/670123daeb1cc31cae1b106740036ccb\",\"name\":\"itaka\",\"url\":\"https:\\\/\\\/www.itakaescolapios.org\\\/eu\\\/author\\\/itaka\\\/\"}]}<\/script>\n<!-- \/ Yoast SEO plugin. -->","yoast_head_json":{"title":"ITAKA - ESCOLAPIOS... POR LA ERRADICACI\u00d3N DE LA POBREZA","description":"El 17 de octubre se celebra el D\u00eda Internacional por la erradicaci\u00f3n de la pobreza, recordando la concentraci\u00f3n que hace 32 a\u00f1os reuni\u00f3 a m\u00e1s de 100.000 personas en Par\u00eds en homenaje a las v\u00edctimas de la extrema pobreza, el hambre y la violencia que ellas generan. Hoy en d\u00eda, seg\u00fan la ONU, existen m\u00e1s&hellip;","robots":{"index":"index","follow":"follow","max-snippet":"max-snippet:-1","max-image-preview":"max-image-preview:large","max-video-preview":"max-video-preview:-1"},"canonical":"El 17 de octubre se celebra el D\u00eda Internacional por la erradicaci\u00f3n de la pobreza, recordando la concentraci\u00f3n que hace 32 a\u00f1os reuni\u00f3 a m\u00e1s de 100.000 personas en Par\u00eds en homenaje a las v\u00edctimas de la extrema pobreza, el hambre y la violencia que ellas generan. Hoy en d\u00eda, seg\u00fan la ONU, existen m\u00e1s&hellip;","og_locale":"en_US","og_type":"article","og_title":"ITAKA - ESCOLAPIOS... POR LA ERRADICACI\u00d3N DE LA POBREZA","og_description":"El 17 de octubre se celebra el D\u00eda Internacional por la erradicaci\u00f3n de la pobreza, recordando la concentraci\u00f3n que hace 32 a\u00f1os reuni\u00f3 a m\u00e1s de 100.000 personas en Par\u00eds en homenaje a las v\u00edctimas de la extrema pobreza, el hambre y la violencia que ellas generan. Hoy en d\u00eda, seg\u00fan la ONU, existen m\u00e1s&hellip;","og_url":"https:\/\/www.itakaescolapios.org\/eu\/2019\/10\/itaka-escolapios-por-la-erradicacion-de-la-pobreza\/","og_site_name":"Itaka-Escolapios","article_published_time":"2019-10-17T12:00:33+00:00","article_modified_time":"2023-11-28T11:36:41+00:00","og_image":[{"width":373,"height":135,"url":"https:\/\/www.itakaescolapios.org\/wp-content\/uploads\/2019\/10\/1ERRADICAR.jpg","type":"image\/jpeg"}],"author":"itaka","twitter_card":"summary_large_image","twitter_misc":{"Written by":"itaka","Est. reading time":"1 minutua"},"schema":{"@context":"https:\/\/schema.org","@graph":[{"@type":"Article","@id":"https:\/\/www.itakaescolapios.org\/eu\/2019\/10\/itaka-escolapios-por-la-erradicacion-de-la-pobreza\/#article","isPartOf":{"@id":"https:\/\/www.itakaescolapios.org\/eu\/2019\/10\/itaka-escolapios-por-la-erradicacion-de-la-pobreza\/"},"author":{"name":"itaka","@id":"https:\/\/www.itakaescolapios.org\/es\/#\/schema\/person\/670123daeb1cc31cae1b106740036ccb"},"headline":"ITAKA - ESCOLAPIOS... POR LA ERRADICACI\u00d3N DE LA POBREZA","datePublished":"2019-10-17T12:00:33+00:00","dateModified":"2023-11-28T11:36:41+00:00","mainEntityOfPage":{"@id":"https:\/\/www.itakaescolapios.org\/eu\/2019\/10\/itaka-escolapios-por-la-erradicacion-de-la-pobreza\/"},"wordCount":276,"publisher":{"@id":"https:\/\/www.itakaescolapios.org\/es\/#organization"},"image":{"@id":"https:\/\/www.itakaescolapios.org\/eu\/2019\/10\/itaka-escolapios-por-la-erradicacion-de-la-pobreza\/#primaryimage"},"thumbnailUrl":"https:\/\/www.itakaescolapios.org\/wp-content\/uploads\/2019\/10\/1ERRADICAR.jpg","articleSection":["Itaka Escolapios"],"inLanguage":"eu"},{"@type":"WebPage","@id":"https:\/\/www.itakaescolapios.org\/eu\/2019\/10\/itaka-escolapios-por-la-erradicacion-de-la-pobreza\/","url":"https:\/\/www.itakaescolapios.org\/eu\/2019\/10\/itaka-escolapios-por-la-erradicacion-de-la-pobreza\/","name":"ITAKA - ESCOLAPIOS... POR LA ERRADICACI\u00d3N DE LA POBREZA - Itaka-Escolapios","isPartOf":{"@id":"https:\/\/www.itakaescolapios.org\/es\/#website"},"primaryImageOfPage":{"@id":"https:\/\/www.itakaescolapios.org\/eu\/2019\/10\/itaka-escolapios-por-la-erradicacion-de-la-pobreza\/#primaryimage"},"image":{"@id":"https:\/\/www.itakaescolapios.org\/eu\/2019\/10\/itaka-escolapios-por-la-erradicacion-de-la-pobreza\/#primaryimage"},"thumbnailUrl":"https:\/\/www.itakaescolapios.org\/wp-content\/uploads\/2019\/10\/1ERRADICAR.jpg","datePublished":"2019-10-17T12:00:33+00:00","dateModified":"2023-11-28T11:36:41+00:00","breadcrumb":{"@id":"https:\/\/www.itakaescolapios.org\/eu\/2019\/10\/itaka-escolapios-por-la-erradicacion-de-la-pobreza\/#breadcrumb"},"inLanguage":"eu","potentialAction":[{"@type":"ReadAction","target":["https:\/\/www.itakaescolapios.org\/eu\/2019\/10\/itaka-escolapios-por-la-erradicacion-de-la-pobreza\/"]}]},{"@type":"ImageObject","inLanguage":"eu","@id":"https:\/\/www.itakaescolapios.org\/eu\/2019\/10\/itaka-escolapios-por-la-erradicacion-de-la-pobreza\/#primaryimage","url":"https:\/\/www.itakaescolapios.org\/wp-content\/uploads\/2019\/10\/1ERRADICAR.jpg","contentUrl":"https:\/\/www.itakaescolapios.org\/wp-content\/uploads\/2019\/10\/1ERRADICAR.jpg","width":373,"height":135},{"@type":"BreadcrumbList","@id":"https:\/\/www.itakaescolapios.org\/eu\/2019\/10\/itaka-escolapios-por-la-erradicacion-de-la-pobreza\/#breadcrumb","itemListElement":[{"@type":"ListItem","position":1,"name":"Itaka-Escolapios","item":"https:\/\/www.itakaescolapios.org\/es\/"},{"@type":"ListItem","position":2,"name":"ITAKA - ESCOLAPIOS... POR LA ERRADICACI\u00d3N DE LA POBREZA"}]},{"@type":"WebSite","@id":"https:\/\/www.itakaescolapios.org\/eu\/es\/#website","url":"https:\/\/www.itakaescolapios.org\/eu\/es\/","name":"Itaka-Escolapios","description":"Red de Itaka-Escolapios","publisher":{"@id":"https:\/\/www.itakaescolapios.org\/eu\/es\/#organization"},"potentialAction":[{"@type":"SearchAction","target":{"@type":"EntryPoint","urlTemplate":"https:\/\/www.itakaescolapios.org\/eu\/es\/?s={search_term_string}"},"query-input":{"@type":"PropertyValueSpecification","valueRequired":true,"valueName":"search_term_string"}}],"inLanguage":"eu"},{"@type":"Organization","@id":"https:\/\/www.itakaescolapios.org\/eu\/es\/#organization","name":"Fundaci\u00f3 Itaka-Escolapios","url":"https:\/\/www.itakaescolapios.org\/eu\/es\/","logo":{"@type":"ImageObject","inLanguage":"eu","@id":"https:\/\/www.itakaescolapios.org\/eu\/es\/#\/schema\/logo\/image\/","url":"https:\/\/www.itakaescolapios.org\/wp-content\/uploads\/2024\/04\/Logo-itakaescolapios-peque.png","contentUrl":"https:\/\/www.itakaescolapios.org\/wp-content\/uploads\/2024\/04\/Logo-itakaescolapios-peque.png","width":500,"height":199,"caption":"Fundaci\u00f3 Itaka-Escolapios"},"image":{"@id":"https:\/\/www.itakaescolapios.org\/eu\/es\/#\/schema\/logo\/image\/"}},{"@type":"Person","@id":"https:\/\/www.itakaescolapios.org\/es\/#\/schema\/person\/670123daeb1cc31cae1b106740036ccb","name":"itaka","url":"https:\/\/www.itakaescolapios.org\/eu\/author\/itaka\/"}]}},"_links":{"self":[{"href":"https:\/\/www.itakaescolapios.org\/eu\/wp-json\/wp\/v2\/posts\/28546","targetHints":{"allow":["GET"]}}],"collection":[{"href":"https:\/\/www.itakaescolapios.org\/eu\/wp-json\/wp\/v2\/posts"}],"about":[{"href":"https:\/\/www.itakaescolapios.org\/eu\/wp-json\/wp\/v2\/types\/post"}],"author":[{"embeddable":true,"href":"https:\/\/www.itakaescolapios.org\/eu\/wp-json\/wp\/v2\/users\/4"}],"replies":[{"embeddable":true,"href":"https:\/\/www.itakaescolapios.org\/eu\/wp-json\/wp\/v2\/comments?post=28546"}],"version-history":[{"count":7,"href":"https:\/\/www.itakaescolapios.org\/eu\/wp-json\/wp\/v2\/posts\/28546\/revisions"}],"predecessor-version":[{"id":45423,"href":"https:\/\/www.itakaescolapios.org\/eu\/wp-json\/wp\/v2\/posts\/28546\/revisions\/45423"}],"wp:featuredmedia":[{"embeddable":true,"href":"https:\/\/www.itakaescolapios.org\/eu\/wp-json\/wp\/v2\/media\/28547"}],"wp:attachment":[{"href":"https:\/\/www.itakaescolapios.org\/eu\/wp-json\/wp\/v2\/media?parent=28546"}],"wp:term":[{"taxonomy":"category","embeddable":true,"href":"https:\/\/www.itakaescolapios.org\/eu\/wp-json\/wp\/v2\/categories?post=28546"},{"taxonomy":"post_tag","embeddable":true,"href":"https:\/\/www.itakaescolapios.org\/eu\/wp-json\/wp\/v2\/tags?post=28546"}],"curies":[{"name":"wp","href":"https:\/\/api.w.org\/{rel}","templated":true}]}}