{"id":28598,"date":"2019-10-28T09:39:01","date_gmt":"2019-10-28T08:39:01","guid":{"rendered":"https:\/\/www.itakaescolapios.org\/?p=28598"},"modified":"2023-11-28T12:36:40","modified_gmt":"2023-11-28T11:36:40","slug":"agradecimiento-por-la-campana-de-solidaridad-escolapia-al-ritmo-del-congo","status":"publish","type":"post","link":"https:\/\/www.itakaescolapios.org\/eu\/2019\/10\/agradecimiento-por-la-campana-de-solidaridad-escolapia-al-ritmo-del-congo\/","title":{"rendered":"AGRADECIMIENTO POR LA CAMPA\u00d1A DE SOLIDARIDAD ESCOLAPIA \u201cAL RITMO DEL CONGO\u201d."},"content":{"rendered":"<p>Como bien sab\u00e9is, durante los a\u00f1os 2018-19, hemos impulsado la campa\u00f1a de solidaridad escolapia \u201cAl ritmo del Congo\u201d.<\/p>\n<p>Os informamos del balance de la campa\u00f1a de solidaridad escolapia \u201cAl ritmo del Congo\u201d. Vamos a enviar 223.390,63 \u20ac al Congo para impulsar la presencia escolapia en el Congo. En la campa\u00f1a de solidaridad escolapia hemos participado 75 presencias escolapias.<\/p>\n<p>Para difundir este agradecimiento hemos creado un video con varias presencias escolapia cantando \u201cAmawol\u00e9\u201d.<\/p>\n<p>&nbsp;<\/p>\n<p><iframe loading=\"lazy\" width=\"560\" height=\"315\" src=\"https:\/\/www.youtube.com\/embed\/UjURKU_07ho\" frameborder=\"0\" allow=\"accelerometer; autoplay; encrypted-media; gyroscope; picture-in-picture\" allowfullscreen><\/iframe><\/p>\n","protected":false},"excerpt":{"rendered":"<p>Como bien sab\u00e9is, durante los a\u00f1os 2018-19, hemos impulsado la campa\u00f1a de solidaridad escolapia \u201cAl ritmo del Congo\u201d. Os informamos del balance de la campa\u00f1a de solidaridad escolapia \u201cAl ritmo [&hellip;]<\/p>\n","protected":false},"author":4,"featured_media":28600,"comment_status":"closed","ping_status":"closed","sticky":false,"template":"","format":"standard","meta":{"_et_pb_use_builder":"","_et_pb_old_content":"","_et_gb_content_width":"","footnotes":""},"categories":[30],"tags":[],"class_list":["post-28598","post","type-post","status-publish","format-standard","has-post-thumbnail","hentry","category-itaka-escolapios"],"yoast_head":"<!-- This site is optimized with the Yoast SEO plugin v27.4 - https:\/\/yoast.com\/product\/yoast-seo-wordpress\/ -->\n<title>AGRADECIMIENTO POR LA CAMPA\u00d1A DE SOLIDARIDAD ESCOLAPIA \u201cAL RITMO DEL CONGO\u201d.<\/title>\n<meta name=\"description\" content=\"Como bien sab\u00e9is, durante los a\u00f1os 2018-19, hemos impulsado la campa\u00f1a de solidaridad escolapia \u201cAl ritmo del Congo\u201d. Os informamos del balance de la campa\u00f1a de solidaridad escolapia \u201cAl ritmo del Congo\u201d. Vamos a enviar 223.390,63 \u20ac al Congo para impulsar la presencia escolapia en el Congo. En la campa\u00f1a de solidaridad escolapia hemos participado&hellip;\" \/>\n<meta name=\"robots\" content=\"index, follow, max-snippet:-1, max-image-preview:large, max-video-preview:-1\" \/>\n<link rel=\"canonical\" href=\"http:\/\/Como%20bien%20sab\u00e9is,%20durante%20los%20a\u00f1os%202018-19,%20hemos%20impulsado%20la%20campa\u00f1a%20de%20solidaridad%20escolapia%20\u201cAl%20ritmo%20del%20Congo\u201d.%20Os%20informamos%20del%20balance%20de%20la%20campa\u00f1a%20de%20solidaridad%20escolapia%20\u201cAl%20ritmo%20del%20Congo\u201d.%20Vamos%20a%20enviar%20223.390,63%20\u20ac%20al%20Congo%20para%20impulsar%20la%20presencia%20escolapia%20en%20el%20Congo.%20En%20la%20campa\u00f1a%20de%20solidaridad%20escolapia%20hemos%20participado&hellip;\" \/>\n<meta property=\"og:locale\" content=\"en_US\" \/>\n<meta property=\"og:type\" content=\"article\" \/>\n<meta property=\"og:title\" content=\"AGRADECIMIENTO POR LA CAMPA\u00d1A DE SOLIDARIDAD ESCOLAPIA \u201cAL RITMO DEL CONGO\u201d.\" \/>\n<meta property=\"og:description\" content=\"Como bien sab\u00e9is, durante los a\u00f1os 2018-19, hemos impulsado la campa\u00f1a de solidaridad escolapia \u201cAl ritmo del Congo\u201d. Os informamos del balance de la campa\u00f1a de solidaridad escolapia \u201cAl ritmo del Congo\u201d. Vamos a enviar 223.390,63 \u20ac al Congo para impulsar la presencia escolapia en el Congo. En la campa\u00f1a de solidaridad escolapia hemos participado&hellip;\" \/>\n<meta property=\"og:url\" content=\"https:\/\/www.itakaescolapios.org\/eu\/2019\/10\/agradecimiento-por-la-campana-de-solidaridad-escolapia-al-ritmo-del-congo\/\" \/>\n<meta property=\"og:site_name\" content=\"Itaka-Escolapios\" \/>\n<meta property=\"article:published_time\" content=\"2019-10-28T08:39:01+00:00\" \/>\n<meta property=\"article:modified_time\" content=\"2023-11-28T11:36:40+00:00\" \/>\n<meta property=\"og:image\" content=\"https:\/\/www.itakaescolapios.org\/wp-content\/uploads\/2019\/10\/CARTEL-ITAKA-CASTELLANO-1819.jpg\" \/>\n\t<meta property=\"og:image:width\" content=\"1984\" \/>\n\t<meta property=\"og:image:height\" content=\"1417\" \/>\n\t<meta property=\"og:image:type\" content=\"image\/jpeg\" \/>\n<meta name=\"author\" content=\"itaka\" \/>\n<meta name=\"twitter:card\" content=\"summary_large_image\" \/>\n<meta name=\"twitter:label1\" content=\"Written by\" \/>\n\t<meta name=\"twitter:data1\" content=\"itaka\" \/>\n<script type=\"application\/ld+json\" class=\"yoast-schema-graph\">{\"@context\":\"https:\\\/\\\/schema.org\",\"@graph\":[{\"@type\":\"Article\",\"@id\":\"https:\\\/\\\/www.itakaescolapios.org\\\/eu\\\/2019\\\/10\\\/agradecimiento-por-la-campana-de-solidaridad-escolapia-al-ritmo-del-congo\\\/#article\",\"isPartOf\":{\"@id\":\"https:\\\/\\\/www.itakaescolapios.org\\\/eu\\\/2019\\\/10\\\/agradecimiento-por-la-campana-de-solidaridad-escolapia-al-ritmo-del-congo\\\/\"},\"author\":{\"name\":\"itaka\",\"@id\":\"https:\\\/\\\/www.itakaescolapios.org\\\/es\\\/#\\\/schema\\\/person\\\/670123daeb1cc31cae1b106740036ccb\"},\"headline\":\"AGRADECIMIENTO POR LA CAMPA\u00d1A DE SOLIDARIDAD ESCOLAPIA \u201cAL RITMO DEL CONGO\u201d.\",\"datePublished\":\"2019-10-28T08:39:01+00:00\",\"dateModified\":\"2023-11-28T11:36:40+00:00\",\"mainEntityOfPage\":{\"@id\":\"https:\\\/\\\/www.itakaescolapios.org\\\/eu\\\/2019\\\/10\\\/agradecimiento-por-la-campana-de-solidaridad-escolapia-al-ritmo-del-congo\\\/\"},\"wordCount\":87,\"publisher\":{\"@id\":\"https:\\\/\\\/www.itakaescolapios.org\\\/es\\\/#organization\"},\"image\":{\"@id\":\"https:\\\/\\\/www.itakaescolapios.org\\\/eu\\\/2019\\\/10\\\/agradecimiento-por-la-campana-de-solidaridad-escolapia-al-ritmo-del-congo\\\/#primaryimage\"},\"thumbnailUrl\":\"https:\\\/\\\/www.itakaescolapios.org\\\/wp-content\\\/uploads\\\/2019\\\/10\\\/CARTEL-ITAKA-CASTELLANO-1819.jpg\",\"articleSection\":[\"Itaka Escolapios\"],\"inLanguage\":\"eu\"},{\"@type\":\"WebPage\",\"@id\":\"https:\\\/\\\/www.itakaescolapios.org\\\/eu\\\/2019\\\/10\\\/agradecimiento-por-la-campana-de-solidaridad-escolapia-al-ritmo-del-congo\\\/\",\"url\":\"https:\\\/\\\/www.itakaescolapios.org\\\/eu\\\/2019\\\/10\\\/agradecimiento-por-la-campana-de-solidaridad-escolapia-al-ritmo-del-congo\\\/\",\"name\":\"AGRADECIMIENTO POR LA CAMPA\u00d1A DE SOLIDARIDAD ESCOLAPIA \u201cAL RITMO DEL CONGO\u201d. - Itaka-Escolapios\",\"isPartOf\":{\"@id\":\"https:\\\/\\\/www.itakaescolapios.org\\\/es\\\/#website\"},\"primaryImageOfPage\":{\"@id\":\"https:\\\/\\\/www.itakaescolapios.org\\\/eu\\\/2019\\\/10\\\/agradecimiento-por-la-campana-de-solidaridad-escolapia-al-ritmo-del-congo\\\/#primaryimage\"},\"image\":{\"@id\":\"https:\\\/\\\/www.itakaescolapios.org\\\/eu\\\/2019\\\/10\\\/agradecimiento-por-la-campana-de-solidaridad-escolapia-al-ritmo-del-congo\\\/#primaryimage\"},\"thumbnailUrl\":\"https:\\\/\\\/www.itakaescolapios.org\\\/wp-content\\\/uploads\\\/2019\\\/10\\\/CARTEL-ITAKA-CASTELLANO-1819.jpg\",\"datePublished\":\"2019-10-28T08:39:01+00:00\",\"dateModified\":\"2023-11-28T11:36:40+00:00\",\"breadcrumb\":{\"@id\":\"https:\\\/\\\/www.itakaescolapios.org\\\/eu\\\/2019\\\/10\\\/agradecimiento-por-la-campana-de-solidaridad-escolapia-al-ritmo-del-congo\\\/#breadcrumb\"},\"inLanguage\":\"eu\",\"potentialAction\":[{\"@type\":\"ReadAction\",\"target\":[\"https:\\\/\\\/www.itakaescolapios.org\\\/eu\\\/2019\\\/10\\\/agradecimiento-por-la-campana-de-solidaridad-escolapia-al-ritmo-del-congo\\\/\"]}]},{\"@type\":\"ImageObject\",\"inLanguage\":\"eu\",\"@id\":\"https:\\\/\\\/www.itakaescolapios.org\\\/eu\\\/2019\\\/10\\\/agradecimiento-por-la-campana-de-solidaridad-escolapia-al-ritmo-del-congo\\\/#primaryimage\",\"url\":\"https:\\\/\\\/www.itakaescolapios.org\\\/wp-content\\\/uploads\\\/2019\\\/10\\\/CARTEL-ITAKA-CASTELLANO-1819.jpg\",\"contentUrl\":\"https:\\\/\\\/www.itakaescolapios.org\\\/wp-content\\\/uploads\\\/2019\\\/10\\\/CARTEL-ITAKA-CASTELLANO-1819.jpg\",\"width\":1984,\"height\":1417},{\"@type\":\"BreadcrumbList\",\"@id\":\"https:\\\/\\\/www.itakaescolapios.org\\\/eu\\\/2019\\\/10\\\/agradecimiento-por-la-campana-de-solidaridad-escolapia-al-ritmo-del-congo\\\/#breadcrumb\",\"itemListElement\":[{\"@type\":\"ListItem\",\"position\":1,\"name\":\"Itaka-Escolapios\",\"item\":\"https:\\\/\\\/www.itakaescolapios.org\\\/es\\\/\"},{\"@type\":\"ListItem\",\"position\":2,\"name\":\"AGRADECIMIENTO POR LA CAMPA\u00d1A DE SOLIDARIDAD ESCOLAPIA \u201cAL RITMO DEL CONGO\u201d.\"}]},{\"@type\":\"WebSite\",\"@id\":\"https:\\\/\\\/www.itakaescolapios.org\\\/eu\\\/es\\\/#website\",\"url\":\"https:\\\/\\\/www.itakaescolapios.org\\\/eu\\\/es\\\/\",\"name\":\"Itaka-Escolapios\",\"description\":\"Red de Itaka-Escolapios\",\"publisher\":{\"@id\":\"https:\\\/\\\/www.itakaescolapios.org\\\/eu\\\/es\\\/#organization\"},\"potentialAction\":[{\"@type\":\"SearchAction\",\"target\":{\"@type\":\"EntryPoint\",\"urlTemplate\":\"https:\\\/\\\/www.itakaescolapios.org\\\/eu\\\/es\\\/?s={search_term_string}\"},\"query-input\":{\"@type\":\"PropertyValueSpecification\",\"valueRequired\":true,\"valueName\":\"search_term_string\"}}],\"inLanguage\":\"eu\"},{\"@type\":\"Organization\",\"@id\":\"https:\\\/\\\/www.itakaescolapios.org\\\/eu\\\/es\\\/#organization\",\"name\":\"Fundaci\u00f3 Itaka-Escolapios\",\"url\":\"https:\\\/\\\/www.itakaescolapios.org\\\/eu\\\/es\\\/\",\"logo\":{\"@type\":\"ImageObject\",\"inLanguage\":\"eu\",\"@id\":\"https:\\\/\\\/www.itakaescolapios.org\\\/eu\\\/es\\\/#\\\/schema\\\/logo\\\/image\\\/\",\"url\":\"https:\\\/\\\/www.itakaescolapios.org\\\/wp-content\\\/uploads\\\/2024\\\/04\\\/Logo-itakaescolapios-peque.png\",\"contentUrl\":\"https:\\\/\\\/www.itakaescolapios.org\\\/wp-content\\\/uploads\\\/2024\\\/04\\\/Logo-itakaescolapios-peque.png\",\"width\":500,\"height\":199,\"caption\":\"Fundaci\u00f3 Itaka-Escolapios\"},\"image\":{\"@id\":\"https:\\\/\\\/www.itakaescolapios.org\\\/eu\\\/es\\\/#\\\/schema\\\/logo\\\/image\\\/\"}},{\"@type\":\"Person\",\"@id\":\"https:\\\/\\\/www.itakaescolapios.org\\\/es\\\/#\\\/schema\\\/person\\\/670123daeb1cc31cae1b106740036ccb\",\"name\":\"itaka\",\"url\":\"https:\\\/\\\/www.itakaescolapios.org\\\/eu\\\/author\\\/itaka\\\/\"}]}<\/script>\n<!-- \/ Yoast SEO plugin. -->","yoast_head_json":{"title":"AGRADECIMIENTO POR LA CAMPA\u00d1A DE SOLIDARIDAD ESCOLAPIA \u201cAL RITMO DEL CONGO\u201d.","description":"Como bien sab\u00e9is, durante los a\u00f1os 2018-19, hemos impulsado la campa\u00f1a de solidaridad escolapia \u201cAl ritmo del Congo\u201d. Os informamos del balance de la campa\u00f1a de solidaridad escolapia \u201cAl ritmo del Congo\u201d. Vamos a enviar 223.390,63 \u20ac al Congo para impulsar la presencia escolapia en el Congo. En la campa\u00f1a de solidaridad escolapia hemos participado&hellip;","robots":{"index":"index","follow":"follow","max-snippet":"max-snippet:-1","max-image-preview":"max-image-preview:large","max-video-preview":"max-video-preview:-1"},"canonical":"Como bien sab\u00e9is, durante los a\u00f1os 2018-19, hemos impulsado la campa\u00f1a de solidaridad escolapia \u201cAl ritmo del Congo\u201d. Os informamos del balance de la campa\u00f1a de solidaridad escolapia \u201cAl ritmo del Congo\u201d. Vamos a enviar 223.390,63 \u20ac al Congo para impulsar la presencia escolapia en el Congo. En la campa\u00f1a de solidaridad escolapia hemos participado&hellip;","og_locale":"en_US","og_type":"article","og_title":"AGRADECIMIENTO POR LA CAMPA\u00d1A DE SOLIDARIDAD ESCOLAPIA \u201cAL RITMO DEL CONGO\u201d.","og_description":"Como bien sab\u00e9is, durante los a\u00f1os 2018-19, hemos impulsado la campa\u00f1a de solidaridad escolapia \u201cAl ritmo del Congo\u201d. Os informamos del balance de la campa\u00f1a de solidaridad escolapia \u201cAl ritmo del Congo\u201d. Vamos a enviar 223.390,63 \u20ac al Congo para impulsar la presencia escolapia en el Congo. En la campa\u00f1a de solidaridad escolapia hemos participado&hellip;","og_url":"https:\/\/www.itakaescolapios.org\/eu\/2019\/10\/agradecimiento-por-la-campana-de-solidaridad-escolapia-al-ritmo-del-congo\/","og_site_name":"Itaka-Escolapios","article_published_time":"2019-10-28T08:39:01+00:00","article_modified_time":"2023-11-28T11:36:40+00:00","og_image":[{"width":1984,"height":1417,"url":"https:\/\/www.itakaescolapios.org\/wp-content\/uploads\/2019\/10\/CARTEL-ITAKA-CASTELLANO-1819.jpg","type":"image\/jpeg"}],"author":"itaka","twitter_card":"summary_large_image","twitter_misc":{"Written by":"itaka"},"schema":{"@context":"https:\/\/schema.org","@graph":[{"@type":"Article","@id":"https:\/\/www.itakaescolapios.org\/eu\/2019\/10\/agradecimiento-por-la-campana-de-solidaridad-escolapia-al-ritmo-del-congo\/#article","isPartOf":{"@id":"https:\/\/www.itakaescolapios.org\/eu\/2019\/10\/agradecimiento-por-la-campana-de-solidaridad-escolapia-al-ritmo-del-congo\/"},"author":{"name":"itaka","@id":"https:\/\/www.itakaescolapios.org\/es\/#\/schema\/person\/670123daeb1cc31cae1b106740036ccb"},"headline":"AGRADECIMIENTO POR LA CAMPA\u00d1A DE SOLIDARIDAD ESCOLAPIA \u201cAL RITMO DEL CONGO\u201d.","datePublished":"2019-10-28T08:39:01+00:00","dateModified":"2023-11-28T11:36:40+00:00","mainEntityOfPage":{"@id":"https:\/\/www.itakaescolapios.org\/eu\/2019\/10\/agradecimiento-por-la-campana-de-solidaridad-escolapia-al-ritmo-del-congo\/"},"wordCount":87,"publisher":{"@id":"https:\/\/www.itakaescolapios.org\/es\/#organization"},"image":{"@id":"https:\/\/www.itakaescolapios.org\/eu\/2019\/10\/agradecimiento-por-la-campana-de-solidaridad-escolapia-al-ritmo-del-congo\/#primaryimage"},"thumbnailUrl":"https:\/\/www.itakaescolapios.org\/wp-content\/uploads\/2019\/10\/CARTEL-ITAKA-CASTELLANO-1819.jpg","articleSection":["Itaka Escolapios"],"inLanguage":"eu"},{"@type":"WebPage","@id":"https:\/\/www.itakaescolapios.org\/eu\/2019\/10\/agradecimiento-por-la-campana-de-solidaridad-escolapia-al-ritmo-del-congo\/","url":"https:\/\/www.itakaescolapios.org\/eu\/2019\/10\/agradecimiento-por-la-campana-de-solidaridad-escolapia-al-ritmo-del-congo\/","name":"AGRADECIMIENTO POR LA CAMPA\u00d1A DE SOLIDARIDAD ESCOLAPIA \u201cAL RITMO DEL CONGO\u201d. - Itaka-Escolapios","isPartOf":{"@id":"https:\/\/www.itakaescolapios.org\/es\/#website"},"primaryImageOfPage":{"@id":"https:\/\/www.itakaescolapios.org\/eu\/2019\/10\/agradecimiento-por-la-campana-de-solidaridad-escolapia-al-ritmo-del-congo\/#primaryimage"},"image":{"@id":"https:\/\/www.itakaescolapios.org\/eu\/2019\/10\/agradecimiento-por-la-campana-de-solidaridad-escolapia-al-ritmo-del-congo\/#primaryimage"},"thumbnailUrl":"https:\/\/www.itakaescolapios.org\/wp-content\/uploads\/2019\/10\/CARTEL-ITAKA-CASTELLANO-1819.jpg","datePublished":"2019-10-28T08:39:01+00:00","dateModified":"2023-11-28T11:36:40+00:00","breadcrumb":{"@id":"https:\/\/www.itakaescolapios.org\/eu\/2019\/10\/agradecimiento-por-la-campana-de-solidaridad-escolapia-al-ritmo-del-congo\/#breadcrumb"},"inLanguage":"eu","potentialAction":[{"@type":"ReadAction","target":["https:\/\/www.itakaescolapios.org\/eu\/2019\/10\/agradecimiento-por-la-campana-de-solidaridad-escolapia-al-ritmo-del-congo\/"]}]},{"@type":"ImageObject","inLanguage":"eu","@id":"https:\/\/www.itakaescolapios.org\/eu\/2019\/10\/agradecimiento-por-la-campana-de-solidaridad-escolapia-al-ritmo-del-congo\/#primaryimage","url":"https:\/\/www.itakaescolapios.org\/wp-content\/uploads\/2019\/10\/CARTEL-ITAKA-CASTELLANO-1819.jpg","contentUrl":"https:\/\/www.itakaescolapios.org\/wp-content\/uploads\/2019\/10\/CARTEL-ITAKA-CASTELLANO-1819.jpg","width":1984,"height":1417},{"@type":"BreadcrumbList","@id":"https:\/\/www.itakaescolapios.org\/eu\/2019\/10\/agradecimiento-por-la-campana-de-solidaridad-escolapia-al-ritmo-del-congo\/#breadcrumb","itemListElement":[{"@type":"ListItem","position":1,"name":"Itaka-Escolapios","item":"https:\/\/www.itakaescolapios.org\/es\/"},{"@type":"ListItem","position":2,"name":"AGRADECIMIENTO POR LA CAMPA\u00d1A DE SOLIDARIDAD ESCOLAPIA \u201cAL RITMO DEL CONGO\u201d."}]},{"@type":"WebSite","@id":"https:\/\/www.itakaescolapios.org\/eu\/es\/#website","url":"https:\/\/www.itakaescolapios.org\/eu\/es\/","name":"Itaka-Escolapios","description":"Red de Itaka-Escolapios","publisher":{"@id":"https:\/\/www.itakaescolapios.org\/eu\/es\/#organization"},"potentialAction":[{"@type":"SearchAction","target":{"@type":"EntryPoint","urlTemplate":"https:\/\/www.itakaescolapios.org\/eu\/es\/?s={search_term_string}"},"query-input":{"@type":"PropertyValueSpecification","valueRequired":true,"valueName":"search_term_string"}}],"inLanguage":"eu"},{"@type":"Organization","@id":"https:\/\/www.itakaescolapios.org\/eu\/es\/#organization","name":"Fundaci\u00f3 Itaka-Escolapios","url":"https:\/\/www.itakaescolapios.org\/eu\/es\/","logo":{"@type":"ImageObject","inLanguage":"eu","@id":"https:\/\/www.itakaescolapios.org\/eu\/es\/#\/schema\/logo\/image\/","url":"https:\/\/www.itakaescolapios.org\/wp-content\/uploads\/2024\/04\/Logo-itakaescolapios-peque.png","contentUrl":"https:\/\/www.itakaescolapios.org\/wp-content\/uploads\/2024\/04\/Logo-itakaescolapios-peque.png","width":500,"height":199,"caption":"Fundaci\u00f3 Itaka-Escolapios"},"image":{"@id":"https:\/\/www.itakaescolapios.org\/eu\/es\/#\/schema\/logo\/image\/"}},{"@type":"Person","@id":"https:\/\/www.itakaescolapios.org\/es\/#\/schema\/person\/670123daeb1cc31cae1b106740036ccb","name":"itaka","url":"https:\/\/www.itakaescolapios.org\/eu\/author\/itaka\/"}]}},"_links":{"self":[{"href":"https:\/\/www.itakaescolapios.org\/eu\/wp-json\/wp\/v2\/posts\/28598","targetHints":{"allow":["GET"]}}],"collection":[{"href":"https:\/\/www.itakaescolapios.org\/eu\/wp-json\/wp\/v2\/posts"}],"about":[{"href":"https:\/\/www.itakaescolapios.org\/eu\/wp-json\/wp\/v2\/types\/post"}],"author":[{"embeddable":true,"href":"https:\/\/www.itakaescolapios.org\/eu\/wp-json\/wp\/v2\/users\/4"}],"replies":[{"embeddable":true,"href":"https:\/\/www.itakaescolapios.org\/eu\/wp-json\/wp\/v2\/comments?post=28598"}],"version-history":[{"count":4,"href":"https:\/\/www.itakaescolapios.org\/eu\/wp-json\/wp\/v2\/posts\/28598\/revisions"}],"predecessor-version":[{"id":45401,"href":"https:\/\/www.itakaescolapios.org\/eu\/wp-json\/wp\/v2\/posts\/28598\/revisions\/45401"}],"wp:featuredmedia":[{"embeddable":true,"href":"https:\/\/www.itakaescolapios.org\/eu\/wp-json\/wp\/v2\/media\/28600"}],"wp:attachment":[{"href":"https:\/\/www.itakaescolapios.org\/eu\/wp-json\/wp\/v2\/media?parent=28598"}],"wp:term":[{"taxonomy":"category","embeddable":true,"href":"https:\/\/www.itakaescolapios.org\/eu\/wp-json\/wp\/v2\/categories?post=28598"},{"taxonomy":"post_tag","embeddable":true,"href":"https:\/\/www.itakaescolapios.org\/eu\/wp-json\/wp\/v2\/tags?post=28598"}],"curies":[{"name":"wp","href":"https:\/\/api.w.org\/{rel}","templated":true}]}}