{"id":2993,"date":"2012-09-03T13:07:26","date_gmt":"2012-09-03T12:07:26","guid":{"rendered":"https:\/\/www.itakaescolapios.org\/?p=2993"},"modified":"2023-11-28T12:39:39","modified_gmt":"2023-11-28T11:39:39","slug":"abierto-el-plazo-de-inscripcion-para-el-curso-de-monitores","status":"publish","type":"post","link":"https:\/\/www.itakaescolapios.org\/eu\/2012\/09\/abierto-el-plazo-de-inscripcion-para-el-curso-de-monitores\/","title":{"rendered":"Abierto el plazo de inscripci\u00f3n para el curso de monitores"},"content":{"rendered":"<p>El lunes 3 de septiembre se abre el plazo de inscripci\u00f3n para el curso de monitores 2012-2013. El curso empieza el 6 de octubre y termina el 20 de abril, y se llevar\u00e1 a cabo en 9 s\u00e1bados y 3 fines de semana completos.<\/p>\n<p>Todo el que est\u00e9 interesado puede solicitar informaci\u00f3n por tel\u00e9fono, en el 948 700 094, o por mail en la direcci\u00f3n <a href=\"https:\/\/amxprd0410.outlook.com\/owa\/redir.aspx?C=KR3Ix0gKsk68OjOz1tGL5aLSFsmhYM8IqICf3yhldAtN3E-E1UP1l3JxtYOyATc7rGw8dcorPag.&amp;URL=mailto%3asedetafalla%40itakaescolapios.org\" target=\"_blank\" rel=\"noopener\">sedetafalla@itakaescolapios.org<\/a><\/p>\n","protected":false},"excerpt":{"rendered":"<p>El lunes 3 de septiembre se abre el plazo de inscripci\u00f3n para el curso de monitores 2012-2013. El curso empieza el 6 de octubre y termina el 20 de abril, [&hellip;]<\/p>\n","protected":false},"author":3,"featured_media":2994,"comment_status":"closed","ping_status":"closed","sticky":false,"template":"","format":"standard","meta":{"_et_pb_use_builder":"","_et_pb_old_content":"","_et_gb_content_width":"","footnotes":""},"categories":[23],"tags":[],"class_list":["post-2993","post","type-post","status-publish","format-standard","has-post-thumbnail","hentry","category-tafalla"],"yoast_head":"<!-- This site is optimized with the Yoast SEO plugin v27.4 - https:\/\/yoast.com\/product\/yoast-seo-wordpress\/ -->\n<title>Abierto el plazo de inscripci\u00f3n para el curso de monitores<\/title>\n<meta name=\"description\" content=\"El lunes 3 de septiembre se abre el plazo de inscripci\u00f3n para el curso de monitores 2012-2013. El curso empieza el 6 de octubre y termina el 20 de abril, y se llevar\u00e1 a cabo en 9 s\u00e1bados y 3 fines de semana completos. Todo el que est\u00e9 interesado puede solicitar informaci\u00f3n por tel\u00e9fono, en&hellip;\" \/>\n<meta name=\"robots\" content=\"index, follow, max-snippet:-1, max-image-preview:large, max-video-preview:-1\" \/>\n<link rel=\"canonical\" href=\"http:\/\/El%20lunes%203%20de%20septiembre%20se%20abre%20el%20plazo%20de%20inscripci\u00f3n%20para%20el%20curso%20de%20monitores%202012-2013.%20El%20curso%20empieza%20el%206%20de%20octubre%20y%20termina%20el%2020%20de%20abril,%20y%20se%20llevar\u00e1%20a%20cabo%20en%209%20s\u00e1bados%20y%203%20fines%20de%20semana%20completos.%20Todo%20el%20que%20est\u00e9%20interesado%20puede%20solicitar%20informaci\u00f3n%20por%20tel\u00e9fono,%20en&hellip;\" \/>\n<meta property=\"og:locale\" content=\"en_US\" \/>\n<meta property=\"og:type\" content=\"article\" \/>\n<meta property=\"og:title\" content=\"Abierto el plazo de inscripci\u00f3n para el curso de monitores\" \/>\n<meta property=\"og:description\" content=\"El lunes 3 de septiembre se abre el plazo de inscripci\u00f3n para el curso de monitores 2012-2013. El curso empieza el 6 de octubre y termina el 20 de abril, y se llevar\u00e1 a cabo en 9 s\u00e1bados y 3 fines de semana completos. Todo el que est\u00e9 interesado puede solicitar informaci\u00f3n por tel\u00e9fono, en&hellip;\" \/>\n<meta property=\"og:url\" content=\"https:\/\/www.itakaescolapios.org\/eu\/2012\/09\/abierto-el-plazo-de-inscripcion-para-el-curso-de-monitores\/\" \/>\n<meta property=\"og:site_name\" content=\"Itaka-Escolapios\" \/>\n<meta property=\"article:published_time\" content=\"2012-09-03T12:07:26+00:00\" \/>\n<meta property=\"article:modified_time\" content=\"2023-11-28T11:39:39+00:00\" \/>\n<meta property=\"og:image\" content=\"https:\/\/www.itakaescolapios.org\/wp-content\/uploads\/2012\/09\/MONITORES.jpg\" \/>\n\t<meta property=\"og:image:width\" content=\"674\" \/>\n\t<meta property=\"og:image:height\" content=\"954\" \/>\n\t<meta property=\"og:image:type\" content=\"image\/jpeg\" \/>\n<meta name=\"author\" content=\"Bilbao\" \/>\n<meta name=\"twitter:card\" content=\"summary_large_image\" \/>\n<meta name=\"twitter:label1\" content=\"Written by\" \/>\n\t<meta name=\"twitter:data1\" content=\"Bilbao\" \/>\n<script type=\"application\/ld+json\" class=\"yoast-schema-graph\">{\"@context\":\"https:\\\/\\\/schema.org\",\"@graph\":[{\"@type\":\"Article\",\"@id\":\"https:\\\/\\\/www.itakaescolapios.org\\\/eu\\\/2012\\\/09\\\/abierto-el-plazo-de-inscripcion-para-el-curso-de-monitores\\\/#article\",\"isPartOf\":{\"@id\":\"https:\\\/\\\/www.itakaescolapios.org\\\/eu\\\/2012\\\/09\\\/abierto-el-plazo-de-inscripcion-para-el-curso-de-monitores\\\/\"},\"author\":{\"name\":\"Bilbao\",\"@id\":\"https:\\\/\\\/www.itakaescolapios.org\\\/es\\\/#\\\/schema\\\/person\\\/d5b530ea20cbfbbd734611b2591f590c\"},\"headline\":\"Abierto el plazo de inscripci\u00f3n para el curso de monitores\",\"datePublished\":\"2012-09-03T12:07:26+00:00\",\"dateModified\":\"2023-11-28T11:39:39+00:00\",\"mainEntityOfPage\":{\"@id\":\"https:\\\/\\\/www.itakaescolapios.org\\\/eu\\\/2012\\\/09\\\/abierto-el-plazo-de-inscripcion-para-el-curso-de-monitores\\\/\"},\"wordCount\":76,\"publisher\":{\"@id\":\"https:\\\/\\\/www.itakaescolapios.org\\\/es\\\/#organization\"},\"image\":{\"@id\":\"https:\\\/\\\/www.itakaescolapios.org\\\/eu\\\/2012\\\/09\\\/abierto-el-plazo-de-inscripcion-para-el-curso-de-monitores\\\/#primaryimage\"},\"thumbnailUrl\":\"https:\\\/\\\/www.itakaescolapios.org\\\/wp-content\\\/uploads\\\/2012\\\/09\\\/MONITORES.jpg\",\"articleSection\":[\"Tafalla\"],\"inLanguage\":\"eu\"},{\"@type\":\"WebPage\",\"@id\":\"https:\\\/\\\/www.itakaescolapios.org\\\/eu\\\/2012\\\/09\\\/abierto-el-plazo-de-inscripcion-para-el-curso-de-monitores\\\/\",\"url\":\"https:\\\/\\\/www.itakaescolapios.org\\\/eu\\\/2012\\\/09\\\/abierto-el-plazo-de-inscripcion-para-el-curso-de-monitores\\\/\",\"name\":\"Abierto el plazo de inscripci\u00f3n para el curso de monitores - Itaka-Escolapios\",\"isPartOf\":{\"@id\":\"https:\\\/\\\/www.itakaescolapios.org\\\/es\\\/#website\"},\"primaryImageOfPage\":{\"@id\":\"https:\\\/\\\/www.itakaescolapios.org\\\/eu\\\/2012\\\/09\\\/abierto-el-plazo-de-inscripcion-para-el-curso-de-monitores\\\/#primaryimage\"},\"image\":{\"@id\":\"https:\\\/\\\/www.itakaescolapios.org\\\/eu\\\/2012\\\/09\\\/abierto-el-plazo-de-inscripcion-para-el-curso-de-monitores\\\/#primaryimage\"},\"thumbnailUrl\":\"https:\\\/\\\/www.itakaescolapios.org\\\/wp-content\\\/uploads\\\/2012\\\/09\\\/MONITORES.jpg\",\"datePublished\":\"2012-09-03T12:07:26+00:00\",\"dateModified\":\"2023-11-28T11:39:39+00:00\",\"breadcrumb\":{\"@id\":\"https:\\\/\\\/www.itakaescolapios.org\\\/eu\\\/2012\\\/09\\\/abierto-el-plazo-de-inscripcion-para-el-curso-de-monitores\\\/#breadcrumb\"},\"inLanguage\":\"eu\",\"potentialAction\":[{\"@type\":\"ReadAction\",\"target\":[\"https:\\\/\\\/www.itakaescolapios.org\\\/eu\\\/2012\\\/09\\\/abierto-el-plazo-de-inscripcion-para-el-curso-de-monitores\\\/\"]}]},{\"@type\":\"ImageObject\",\"inLanguage\":\"eu\",\"@id\":\"https:\\\/\\\/www.itakaescolapios.org\\\/eu\\\/2012\\\/09\\\/abierto-el-plazo-de-inscripcion-para-el-curso-de-monitores\\\/#primaryimage\",\"url\":\"https:\\\/\\\/www.itakaescolapios.org\\\/wp-content\\\/uploads\\\/2012\\\/09\\\/MONITORES.jpg\",\"contentUrl\":\"https:\\\/\\\/www.itakaescolapios.org\\\/wp-content\\\/uploads\\\/2012\\\/09\\\/MONITORES.jpg\",\"width\":\"674\",\"height\":\"954\"},{\"@type\":\"BreadcrumbList\",\"@id\":\"https:\\\/\\\/www.itakaescolapios.org\\\/eu\\\/2012\\\/09\\\/abierto-el-plazo-de-inscripcion-para-el-curso-de-monitores\\\/#breadcrumb\",\"itemListElement\":[{\"@type\":\"ListItem\",\"position\":1,\"name\":\"Itaka-Escolapios\",\"item\":\"https:\\\/\\\/www.itakaescolapios.org\\\/es\\\/\"},{\"@type\":\"ListItem\",\"position\":2,\"name\":\"Abierto el plazo de inscripci\u00f3n para el curso de monitores\"}]},{\"@type\":\"WebSite\",\"@id\":\"https:\\\/\\\/www.itakaescolapios.org\\\/eu\\\/es\\\/#website\",\"url\":\"https:\\\/\\\/www.itakaescolapios.org\\\/eu\\\/es\\\/\",\"name\":\"Itaka-Escolapios\",\"description\":\"Red de Itaka-Escolapios\",\"publisher\":{\"@id\":\"https:\\\/\\\/www.itakaescolapios.org\\\/eu\\\/es\\\/#organization\"},\"potentialAction\":[{\"@type\":\"SearchAction\",\"target\":{\"@type\":\"EntryPoint\",\"urlTemplate\":\"https:\\\/\\\/www.itakaescolapios.org\\\/eu\\\/es\\\/?s={search_term_string}\"},\"query-input\":{\"@type\":\"PropertyValueSpecification\",\"valueRequired\":true,\"valueName\":\"search_term_string\"}}],\"inLanguage\":\"eu\"},{\"@type\":\"Organization\",\"@id\":\"https:\\\/\\\/www.itakaescolapios.org\\\/eu\\\/es\\\/#organization\",\"name\":\"Fundaci\u00f3 Itaka-Escolapios\",\"url\":\"https:\\\/\\\/www.itakaescolapios.org\\\/eu\\\/es\\\/\",\"logo\":{\"@type\":\"ImageObject\",\"inLanguage\":\"eu\",\"@id\":\"https:\\\/\\\/www.itakaescolapios.org\\\/eu\\\/es\\\/#\\\/schema\\\/logo\\\/image\\\/\",\"url\":\"https:\\\/\\\/www.itakaescolapios.org\\\/wp-content\\\/uploads\\\/2024\\\/04\\\/Logo-itakaescolapios-peque.png\",\"contentUrl\":\"https:\\\/\\\/www.itakaescolapios.org\\\/wp-content\\\/uploads\\\/2024\\\/04\\\/Logo-itakaescolapios-peque.png\",\"width\":500,\"height\":199,\"caption\":\"Fundaci\u00f3 Itaka-Escolapios\"},\"image\":{\"@id\":\"https:\\\/\\\/www.itakaescolapios.org\\\/eu\\\/es\\\/#\\\/schema\\\/logo\\\/image\\\/\"}},{\"@type\":\"Person\",\"@id\":\"https:\\\/\\\/www.itakaescolapios.org\\\/es\\\/#\\\/schema\\\/person\\\/d5b530ea20cbfbbd734611b2591f590c\",\"name\":\"Bilbao\",\"url\":\"https:\\\/\\\/www.itakaescolapios.org\\\/eu\\\/author\\\/bilbao\\\/\"}]}<\/script>\n<!-- \/ Yoast SEO plugin. -->","yoast_head_json":{"title":"Abierto el plazo de inscripci\u00f3n para el curso de monitores","description":"El lunes 3 de septiembre se abre el plazo de inscripci\u00f3n para el curso de monitores 2012-2013. El curso empieza el 6 de octubre y termina el 20 de abril, y se llevar\u00e1 a cabo en 9 s\u00e1bados y 3 fines de semana completos. Todo el que est\u00e9 interesado puede solicitar informaci\u00f3n por tel\u00e9fono, en&hellip;","robots":{"index":"index","follow":"follow","max-snippet":"max-snippet:-1","max-image-preview":"max-image-preview:large","max-video-preview":"max-video-preview:-1"},"canonical":"El lunes 3 de septiembre se abre el plazo de inscripci\u00f3n para el curso de monitores 2012-2013. El curso empieza el 6 de octubre y termina el 20 de abril, y se llevar\u00e1 a cabo en 9 s\u00e1bados y 3 fines de semana completos. Todo el que est\u00e9 interesado puede solicitar informaci\u00f3n por tel\u00e9fono, en&hellip;","og_locale":"en_US","og_type":"article","og_title":"Abierto el plazo de inscripci\u00f3n para el curso de monitores","og_description":"El lunes 3 de septiembre se abre el plazo de inscripci\u00f3n para el curso de monitores 2012-2013. El curso empieza el 6 de octubre y termina el 20 de abril, y se llevar\u00e1 a cabo en 9 s\u00e1bados y 3 fines de semana completos. Todo el que est\u00e9 interesado puede solicitar informaci\u00f3n por tel\u00e9fono, en&hellip;","og_url":"https:\/\/www.itakaescolapios.org\/eu\/2012\/09\/abierto-el-plazo-de-inscripcion-para-el-curso-de-monitores\/","og_site_name":"Itaka-Escolapios","article_published_time":"2012-09-03T12:07:26+00:00","article_modified_time":"2023-11-28T11:39:39+00:00","og_image":[{"width":674,"height":954,"url":"https:\/\/www.itakaescolapios.org\/wp-content\/uploads\/2012\/09\/MONITORES.jpg","type":"image\/jpeg"}],"author":"Bilbao","twitter_card":"summary_large_image","twitter_misc":{"Written by":"Bilbao"},"schema":{"@context":"https:\/\/schema.org","@graph":[{"@type":"Article","@id":"https:\/\/www.itakaescolapios.org\/eu\/2012\/09\/abierto-el-plazo-de-inscripcion-para-el-curso-de-monitores\/#article","isPartOf":{"@id":"https:\/\/www.itakaescolapios.org\/eu\/2012\/09\/abierto-el-plazo-de-inscripcion-para-el-curso-de-monitores\/"},"author":{"name":"Bilbao","@id":"https:\/\/www.itakaescolapios.org\/es\/#\/schema\/person\/d5b530ea20cbfbbd734611b2591f590c"},"headline":"Abierto el plazo de inscripci\u00f3n para el curso de monitores","datePublished":"2012-09-03T12:07:26+00:00","dateModified":"2023-11-28T11:39:39+00:00","mainEntityOfPage":{"@id":"https:\/\/www.itakaescolapios.org\/eu\/2012\/09\/abierto-el-plazo-de-inscripcion-para-el-curso-de-monitores\/"},"wordCount":76,"publisher":{"@id":"https:\/\/www.itakaescolapios.org\/es\/#organization"},"image":{"@id":"https:\/\/www.itakaescolapios.org\/eu\/2012\/09\/abierto-el-plazo-de-inscripcion-para-el-curso-de-monitores\/#primaryimage"},"thumbnailUrl":"https:\/\/www.itakaescolapios.org\/wp-content\/uploads\/2012\/09\/MONITORES.jpg","articleSection":["Tafalla"],"inLanguage":"eu"},{"@type":"WebPage","@id":"https:\/\/www.itakaescolapios.org\/eu\/2012\/09\/abierto-el-plazo-de-inscripcion-para-el-curso-de-monitores\/","url":"https:\/\/www.itakaescolapios.org\/eu\/2012\/09\/abierto-el-plazo-de-inscripcion-para-el-curso-de-monitores\/","name":"Abierto el plazo de inscripci\u00f3n para el curso de monitores - Itaka-Escolapios","isPartOf":{"@id":"https:\/\/www.itakaescolapios.org\/es\/#website"},"primaryImageOfPage":{"@id":"https:\/\/www.itakaescolapios.org\/eu\/2012\/09\/abierto-el-plazo-de-inscripcion-para-el-curso-de-monitores\/#primaryimage"},"image":{"@id":"https:\/\/www.itakaescolapios.org\/eu\/2012\/09\/abierto-el-plazo-de-inscripcion-para-el-curso-de-monitores\/#primaryimage"},"thumbnailUrl":"https:\/\/www.itakaescolapios.org\/wp-content\/uploads\/2012\/09\/MONITORES.jpg","datePublished":"2012-09-03T12:07:26+00:00","dateModified":"2023-11-28T11:39:39+00:00","breadcrumb":{"@id":"https:\/\/www.itakaescolapios.org\/eu\/2012\/09\/abierto-el-plazo-de-inscripcion-para-el-curso-de-monitores\/#breadcrumb"},"inLanguage":"eu","potentialAction":[{"@type":"ReadAction","target":["https:\/\/www.itakaescolapios.org\/eu\/2012\/09\/abierto-el-plazo-de-inscripcion-para-el-curso-de-monitores\/"]}]},{"@type":"ImageObject","inLanguage":"eu","@id":"https:\/\/www.itakaescolapios.org\/eu\/2012\/09\/abierto-el-plazo-de-inscripcion-para-el-curso-de-monitores\/#primaryimage","url":"https:\/\/www.itakaescolapios.org\/wp-content\/uploads\/2012\/09\/MONITORES.jpg","contentUrl":"https:\/\/www.itakaescolapios.org\/wp-content\/uploads\/2012\/09\/MONITORES.jpg","width":"674","height":"954"},{"@type":"BreadcrumbList","@id":"https:\/\/www.itakaescolapios.org\/eu\/2012\/09\/abierto-el-plazo-de-inscripcion-para-el-curso-de-monitores\/#breadcrumb","itemListElement":[{"@type":"ListItem","position":1,"name":"Itaka-Escolapios","item":"https:\/\/www.itakaescolapios.org\/es\/"},{"@type":"ListItem","position":2,"name":"Abierto el plazo de inscripci\u00f3n para el curso de monitores"}]},{"@type":"WebSite","@id":"https:\/\/www.itakaescolapios.org\/eu\/es\/#website","url":"https:\/\/www.itakaescolapios.org\/eu\/es\/","name":"Itaka-Escolapios","description":"Red de Itaka-Escolapios","publisher":{"@id":"https:\/\/www.itakaescolapios.org\/eu\/es\/#organization"},"potentialAction":[{"@type":"SearchAction","target":{"@type":"EntryPoint","urlTemplate":"https:\/\/www.itakaescolapios.org\/eu\/es\/?s={search_term_string}"},"query-input":{"@type":"PropertyValueSpecification","valueRequired":true,"valueName":"search_term_string"}}],"inLanguage":"eu"},{"@type":"Organization","@id":"https:\/\/www.itakaescolapios.org\/eu\/es\/#organization","name":"Fundaci\u00f3 Itaka-Escolapios","url":"https:\/\/www.itakaescolapios.org\/eu\/es\/","logo":{"@type":"ImageObject","inLanguage":"eu","@id":"https:\/\/www.itakaescolapios.org\/eu\/es\/#\/schema\/logo\/image\/","url":"https:\/\/www.itakaescolapios.org\/wp-content\/uploads\/2024\/04\/Logo-itakaescolapios-peque.png","contentUrl":"https:\/\/www.itakaescolapios.org\/wp-content\/uploads\/2024\/04\/Logo-itakaescolapios-peque.png","width":500,"height":199,"caption":"Fundaci\u00f3 Itaka-Escolapios"},"image":{"@id":"https:\/\/www.itakaescolapios.org\/eu\/es\/#\/schema\/logo\/image\/"}},{"@type":"Person","@id":"https:\/\/www.itakaescolapios.org\/es\/#\/schema\/person\/d5b530ea20cbfbbd734611b2591f590c","name":"Bilbao","url":"https:\/\/www.itakaescolapios.org\/eu\/author\/bilbao\/"}]}},"_links":{"self":[{"href":"https:\/\/www.itakaescolapios.org\/eu\/wp-json\/wp\/v2\/posts\/2993","targetHints":{"allow":["GET"]}}],"collection":[{"href":"https:\/\/www.itakaescolapios.org\/eu\/wp-json\/wp\/v2\/posts"}],"about":[{"href":"https:\/\/www.itakaescolapios.org\/eu\/wp-json\/wp\/v2\/types\/post"}],"author":[{"embeddable":true,"href":"https:\/\/www.itakaescolapios.org\/eu\/wp-json\/wp\/v2\/users\/3"}],"replies":[{"embeddable":true,"href":"https:\/\/www.itakaescolapios.org\/eu\/wp-json\/wp\/v2\/comments?post=2993"}],"version-history":[{"count":4,"href":"https:\/\/www.itakaescolapios.org\/eu\/wp-json\/wp\/v2\/posts\/2993\/revisions"}],"predecessor-version":[{"id":50040,"href":"https:\/\/www.itakaescolapios.org\/eu\/wp-json\/wp\/v2\/posts\/2993\/revisions\/50040"}],"wp:featuredmedia":[{"embeddable":true,"href":"https:\/\/www.itakaescolapios.org\/eu\/wp-json\/wp\/v2\/media\/2994"}],"wp:attachment":[{"href":"https:\/\/www.itakaescolapios.org\/eu\/wp-json\/wp\/v2\/media?parent=2993"}],"wp:term":[{"taxonomy":"category","embeddable":true,"href":"https:\/\/www.itakaescolapios.org\/eu\/wp-json\/wp\/v2\/categories?post=2993"},{"taxonomy":"post_tag","embeddable":true,"href":"https:\/\/www.itakaescolapios.org\/eu\/wp-json\/wp\/v2\/tags?post=2993"}],"curies":[{"name":"wp","href":"https:\/\/api.w.org\/{rel}","templated":true}]}}