{"id":30104,"date":"2020-02-26T11:30:21","date_gmt":"2020-02-26T10:30:21","guid":{"rendered":"https:\/\/www.itakaescolapios.org\/?p=30104"},"modified":"2023-11-28T12:36:28","modified_gmt":"2023-11-28T11:36:28","slug":"37-rastrillo-solidario-en-itaka-escolapios-bilbao","status":"publish","type":"post","link":"https:\/\/www.itakaescolapios.org\/eu\/2020\/02\/37-rastrillo-solidario-en-itaka-escolapios-bilbao\/","title":{"rendered":"37 RASTRILLO SOLIDARIO EN ITAKA \u2013 ESCOLAPIOS BILBAO"},"content":{"rendered":"<p>Ya est\u00e1 en marcha, por 37 a\u00f1os consecutivos, una nueva edici\u00f3n de este Mercadillo solidario que va recogiendo durante un mes diversos objetos para ponerlos a la venta en un fin de semana. La labor ecol\u00f3gica de reciclaje, la sensibilizaci\u00f3n hacia una necesidad social del entorno, el impulso al voluntariado que mueve, la recaudaci\u00f3n de un dinero que ayuda a un proyecto concreto, la labor educativa en el colegio y en la misma ciudad\u2026 son las finalidades que persigue y consigue cada a\u00f1o.<br \/>\nEn esta ocasi\u00f3n el 37 Rastrillo Solidario quiere impulsar el nuevo Centro de D\u00eda AILARA que surge como respuesta a la necesidad del Proyecto Beregain, de llegar a atender de forma integral a un mayor n\u00famero de familias monomarentales en situaci\u00f3n vulnerable, ofreciendo los apoyos necesarios para su inclusi\u00f3n social y para una adecuada atenci\u00f3n de sus hijos e hijas y tambi\u00e9n el proyecto socioeducativo AINGURA en el barrio de San Francisco que pretende educar en un tiempo libre saludable y educativo a la infancia del barrio de San Francisco y a sus familias.<\/p>\n\n\t\t<style type=\"text\/css\">\n\t\t\t#gallery-1 {\n\t\t\t\tmargin: auto;\n\t\t\t}\n\t\t\t#gallery-1 .gallery-item {\n\t\t\t\tfloat: left;\n\t\t\t\tmargin-top: 10px;\n\t\t\t\ttext-align: center;\n\t\t\t\twidth: 33%;\n\t\t\t}\n\t\t\t#gallery-1 img {\n\t\t\t\tborder: 2px solid #cfcfcf;\n\t\t\t}\n\t\t\t#gallery-1 .gallery-caption {\n\t\t\t\tmargin-left: 0;\n\t\t\t}\n\t\t\t\/* see gallery_shortcode() in wp-includes\/media.php *\/\n\t\t<\/style>\n\t\t<div id='gallery-1' class='gallery galleryid-30104 gallery-columns-3 gallery-size-thumbnail'><dl class='gallery-item'>\n\t\t\t<dt class='gallery-icon landscape'>\n\t\t\t\t<a href='https:\/\/www.itakaescolapios.org\/eu\/2020\/02\/37-rastrillo-solidario-en-itaka-escolapios-bilbao\/cartel-rastrillo-2020-def\/'><img decoding=\"async\" width=\"90\" height=\"90\" src=\"https:\/\/www.itakaescolapios.org\/wp-content\/uploads\/2020\/02\/Cartel-Rastrillo-2020-DEF-90x90.jpg\" class=\"attachment-thumbnail size-thumbnail\" alt=\"\" \/><\/a>\n\t\t\t<\/dt><\/dl>\n\t\t\t<br style='clear: both' \/>\n\t\t<\/div>\n\n","protected":false},"excerpt":{"rendered":"<p>Ya est\u00e1 en marcha, por 37 a\u00f1os consecutivos, una nueva edici\u00f3n de este Mercadillo solidario que va recogiendo durante un mes diversos objetos para ponerlos a la venta en un [&hellip;]<\/p>\n","protected":false},"author":4,"featured_media":30105,"comment_status":"closed","ping_status":"closed","sticky":false,"template":"","format":"standard","meta":{"_et_pb_use_builder":"","_et_pb_old_content":"","_et_gb_content_width":"","footnotes":""},"categories":[9],"tags":[],"class_list":["post-30104","post","type-post","status-publish","format-standard","has-post-thumbnail","hentry","category-bilbao"],"yoast_head":"<!-- This site is optimized with the Yoast SEO plugin v27.4 - https:\/\/yoast.com\/product\/yoast-seo-wordpress\/ -->\n<title>37 RASTRILLO SOLIDARIO EN ITAKA \u2013 ESCOLAPIOS BILBAO<\/title>\n<meta name=\"description\" content=\"Ya est\u00e1 en marcha, por 37 a\u00f1os consecutivos, una nueva edici\u00f3n de este Mercadillo solidario que va recogiendo durante un mes diversos objetos para ponerlos a la venta en un fin de semana. La labor ecol\u00f3gica de reciclaje, la sensibilizaci\u00f3n hacia una necesidad social del entorno, el impulso al voluntariado que mueve, la recaudaci\u00f3n de&hellip;\" \/>\n<meta name=\"robots\" content=\"index, follow, max-snippet:-1, max-image-preview:large, max-video-preview:-1\" \/>\n<link rel=\"canonical\" href=\"http:\/\/Ya%20est\u00e1%20en%20marcha,%20por%2037%20a\u00f1os%20consecutivos,%20una%20nueva%20edici\u00f3n%20de%20este%20Mercadillo%20solidario%20que%20va%20recogiendo%20durante%20un%20mes%20diversos%20objetos%20para%20ponerlos%20a%20la%20venta%20en%20un%20fin%20de%20semana.%20La%20labor%20ecol\u00f3gica%20de%20reciclaje,%20la%20sensibilizaci\u00f3n%20hacia%20una%20necesidad%20social%20del%20entorno,%20el%20impulso%20al%20voluntariado%20que%20mueve,%20la%20recaudaci\u00f3n%20de&hellip;\" \/>\n<meta property=\"og:locale\" content=\"en_US\" \/>\n<meta property=\"og:type\" content=\"article\" \/>\n<meta property=\"og:title\" content=\"37 RASTRILLO SOLIDARIO EN ITAKA \u2013 ESCOLAPIOS BILBAO\" \/>\n<meta property=\"og:description\" content=\"Ya est\u00e1 en marcha, por 37 a\u00f1os consecutivos, una nueva edici\u00f3n de este Mercadillo solidario que va recogiendo durante un mes diversos objetos para ponerlos a la venta en un fin de semana. La labor ecol\u00f3gica de reciclaje, la sensibilizaci\u00f3n hacia una necesidad social del entorno, el impulso al voluntariado que mueve, la recaudaci\u00f3n de&hellip;\" \/>\n<meta property=\"og:url\" content=\"https:\/\/www.itakaescolapios.org\/eu\/2020\/02\/37-rastrillo-solidario-en-itaka-escolapios-bilbao\/\" \/>\n<meta property=\"og:site_name\" content=\"Itaka-Escolapios\" \/>\n<meta property=\"article:published_time\" content=\"2020-02-26T10:30:21+00:00\" \/>\n<meta property=\"article:modified_time\" content=\"2023-11-28T11:36:28+00:00\" \/>\n<meta property=\"og:image\" content=\"https:\/\/www.itakaescolapios.org\/wp-content\/uploads\/2020\/02\/Cartel-Rastrillo-2020-DEF.jpg\" \/>\n\t<meta property=\"og:image:width\" content=\"2000\" \/>\n\t<meta property=\"og:image:height\" content=\"1414\" \/>\n\t<meta property=\"og:image:type\" content=\"image\/jpeg\" \/>\n<meta name=\"author\" content=\"itaka\" \/>\n<meta name=\"twitter:card\" content=\"summary_large_image\" \/>\n<meta name=\"twitter:label1\" content=\"Written by\" \/>\n\t<meta name=\"twitter:data1\" content=\"itaka\" \/>\n\t<meta name=\"twitter:label2\" content=\"Est. reading time\" \/>\n\t<meta name=\"twitter:data2\" content=\"1 minutua\" \/>\n<script type=\"application\/ld+json\" class=\"yoast-schema-graph\">{\"@context\":\"https:\\\/\\\/schema.org\",\"@graph\":[{\"@type\":\"Article\",\"@id\":\"https:\\\/\\\/www.itakaescolapios.org\\\/eu\\\/2020\\\/02\\\/37-rastrillo-solidario-en-itaka-escolapios-bilbao\\\/#article\",\"isPartOf\":{\"@id\":\"https:\\\/\\\/www.itakaescolapios.org\\\/eu\\\/2020\\\/02\\\/37-rastrillo-solidario-en-itaka-escolapios-bilbao\\\/\"},\"author\":{\"name\":\"itaka\",\"@id\":\"https:\\\/\\\/www.itakaescolapios.org\\\/es\\\/#\\\/schema\\\/person\\\/670123daeb1cc31cae1b106740036ccb\"},\"headline\":\"37 RASTRILLO SOLIDARIO EN ITAKA \u2013 ESCOLAPIOS BILBAO\",\"datePublished\":\"2020-02-26T10:30:21+00:00\",\"dateModified\":\"2023-11-28T11:36:28+00:00\",\"mainEntityOfPage\":{\"@id\":\"https:\\\/\\\/www.itakaescolapios.org\\\/eu\\\/2020\\\/02\\\/37-rastrillo-solidario-en-itaka-escolapios-bilbao\\\/\"},\"wordCount\":196,\"publisher\":{\"@id\":\"https:\\\/\\\/www.itakaescolapios.org\\\/es\\\/#organization\"},\"image\":{\"@id\":\"https:\\\/\\\/www.itakaescolapios.org\\\/eu\\\/2020\\\/02\\\/37-rastrillo-solidario-en-itaka-escolapios-bilbao\\\/#primaryimage\"},\"thumbnailUrl\":\"https:\\\/\\\/www.itakaescolapios.org\\\/wp-content\\\/uploads\\\/2020\\\/02\\\/Cartel-Rastrillo-2020-DEF.jpg\",\"articleSection\":[\"Bilbo\"],\"inLanguage\":\"eu\"},{\"@type\":\"WebPage\",\"@id\":\"https:\\\/\\\/www.itakaescolapios.org\\\/eu\\\/2020\\\/02\\\/37-rastrillo-solidario-en-itaka-escolapios-bilbao\\\/\",\"url\":\"https:\\\/\\\/www.itakaescolapios.org\\\/eu\\\/2020\\\/02\\\/37-rastrillo-solidario-en-itaka-escolapios-bilbao\\\/\",\"name\":\"37 RASTRILLO SOLIDARIO EN ITAKA \u2013 ESCOLAPIOS BILBAO - Itaka-Escolapios\",\"isPartOf\":{\"@id\":\"https:\\\/\\\/www.itakaescolapios.org\\\/es\\\/#website\"},\"primaryImageOfPage\":{\"@id\":\"https:\\\/\\\/www.itakaescolapios.org\\\/eu\\\/2020\\\/02\\\/37-rastrillo-solidario-en-itaka-escolapios-bilbao\\\/#primaryimage\"},\"image\":{\"@id\":\"https:\\\/\\\/www.itakaescolapios.org\\\/eu\\\/2020\\\/02\\\/37-rastrillo-solidario-en-itaka-escolapios-bilbao\\\/#primaryimage\"},\"thumbnailUrl\":\"https:\\\/\\\/www.itakaescolapios.org\\\/wp-content\\\/uploads\\\/2020\\\/02\\\/Cartel-Rastrillo-2020-DEF.jpg\",\"datePublished\":\"2020-02-26T10:30:21+00:00\",\"dateModified\":\"2023-11-28T11:36:28+00:00\",\"breadcrumb\":{\"@id\":\"https:\\\/\\\/www.itakaescolapios.org\\\/eu\\\/2020\\\/02\\\/37-rastrillo-solidario-en-itaka-escolapios-bilbao\\\/#breadcrumb\"},\"inLanguage\":\"eu\",\"potentialAction\":[{\"@type\":\"ReadAction\",\"target\":[\"https:\\\/\\\/www.itakaescolapios.org\\\/eu\\\/2020\\\/02\\\/37-rastrillo-solidario-en-itaka-escolapios-bilbao\\\/\"]}]},{\"@type\":\"ImageObject\",\"inLanguage\":\"eu\",\"@id\":\"https:\\\/\\\/www.itakaescolapios.org\\\/eu\\\/2020\\\/02\\\/37-rastrillo-solidario-en-itaka-escolapios-bilbao\\\/#primaryimage\",\"url\":\"https:\\\/\\\/www.itakaescolapios.org\\\/wp-content\\\/uploads\\\/2020\\\/02\\\/Cartel-Rastrillo-2020-DEF.jpg\",\"contentUrl\":\"https:\\\/\\\/www.itakaescolapios.org\\\/wp-content\\\/uploads\\\/2020\\\/02\\\/Cartel-Rastrillo-2020-DEF.jpg\",\"width\":2000,\"height\":1414},{\"@type\":\"BreadcrumbList\",\"@id\":\"https:\\\/\\\/www.itakaescolapios.org\\\/eu\\\/2020\\\/02\\\/37-rastrillo-solidario-en-itaka-escolapios-bilbao\\\/#breadcrumb\",\"itemListElement\":[{\"@type\":\"ListItem\",\"position\":1,\"name\":\"Itaka-Escolapios\",\"item\":\"https:\\\/\\\/www.itakaescolapios.org\\\/es\\\/\"},{\"@type\":\"ListItem\",\"position\":2,\"name\":\"37 RASTRILLO SOLIDARIO EN ITAKA \u2013 ESCOLAPIOS BILBAO\"}]},{\"@type\":\"WebSite\",\"@id\":\"https:\\\/\\\/www.itakaescolapios.org\\\/eu\\\/es\\\/#website\",\"url\":\"https:\\\/\\\/www.itakaescolapios.org\\\/eu\\\/es\\\/\",\"name\":\"Itaka-Escolapios\",\"description\":\"Red de Itaka-Escolapios\",\"publisher\":{\"@id\":\"https:\\\/\\\/www.itakaescolapios.org\\\/eu\\\/es\\\/#organization\"},\"potentialAction\":[{\"@type\":\"SearchAction\",\"target\":{\"@type\":\"EntryPoint\",\"urlTemplate\":\"https:\\\/\\\/www.itakaescolapios.org\\\/eu\\\/es\\\/?s={search_term_string}\"},\"query-input\":{\"@type\":\"PropertyValueSpecification\",\"valueRequired\":true,\"valueName\":\"search_term_string\"}}],\"inLanguage\":\"eu\"},{\"@type\":\"Organization\",\"@id\":\"https:\\\/\\\/www.itakaescolapios.org\\\/eu\\\/es\\\/#organization\",\"name\":\"Fundaci\u00f3 Itaka-Escolapios\",\"url\":\"https:\\\/\\\/www.itakaescolapios.org\\\/eu\\\/es\\\/\",\"logo\":{\"@type\":\"ImageObject\",\"inLanguage\":\"eu\",\"@id\":\"https:\\\/\\\/www.itakaescolapios.org\\\/eu\\\/es\\\/#\\\/schema\\\/logo\\\/image\\\/\",\"url\":\"https:\\\/\\\/www.itakaescolapios.org\\\/wp-content\\\/uploads\\\/2024\\\/04\\\/Logo-itakaescolapios-peque.png\",\"contentUrl\":\"https:\\\/\\\/www.itakaescolapios.org\\\/wp-content\\\/uploads\\\/2024\\\/04\\\/Logo-itakaescolapios-peque.png\",\"width\":500,\"height\":199,\"caption\":\"Fundaci\u00f3 Itaka-Escolapios\"},\"image\":{\"@id\":\"https:\\\/\\\/www.itakaescolapios.org\\\/eu\\\/es\\\/#\\\/schema\\\/logo\\\/image\\\/\"}},{\"@type\":\"Person\",\"@id\":\"https:\\\/\\\/www.itakaescolapios.org\\\/es\\\/#\\\/schema\\\/person\\\/670123daeb1cc31cae1b106740036ccb\",\"name\":\"itaka\",\"url\":\"https:\\\/\\\/www.itakaescolapios.org\\\/eu\\\/author\\\/itaka\\\/\"}]}<\/script>\n<!-- \/ Yoast SEO plugin. -->","yoast_head_json":{"title":"37 RASTRILLO SOLIDARIO EN ITAKA \u2013 ESCOLAPIOS BILBAO","description":"Ya est\u00e1 en marcha, por 37 a\u00f1os consecutivos, una nueva edici\u00f3n de este Mercadillo solidario que va recogiendo durante un mes diversos objetos para ponerlos a la venta en un fin de semana. La labor ecol\u00f3gica de reciclaje, la sensibilizaci\u00f3n hacia una necesidad social del entorno, el impulso al voluntariado que mueve, la recaudaci\u00f3n de&hellip;","robots":{"index":"index","follow":"follow","max-snippet":"max-snippet:-1","max-image-preview":"max-image-preview:large","max-video-preview":"max-video-preview:-1"},"canonical":"Ya est\u00e1 en marcha, por 37 a\u00f1os consecutivos, una nueva edici\u00f3n de este Mercadillo solidario que va recogiendo durante un mes diversos objetos para ponerlos a la venta en un fin de semana. La labor ecol\u00f3gica de reciclaje, la sensibilizaci\u00f3n hacia una necesidad social del entorno, el impulso al voluntariado que mueve, la recaudaci\u00f3n de&hellip;","og_locale":"en_US","og_type":"article","og_title":"37 RASTRILLO SOLIDARIO EN ITAKA \u2013 ESCOLAPIOS BILBAO","og_description":"Ya est\u00e1 en marcha, por 37 a\u00f1os consecutivos, una nueva edici\u00f3n de este Mercadillo solidario que va recogiendo durante un mes diversos objetos para ponerlos a la venta en un fin de semana. La labor ecol\u00f3gica de reciclaje, la sensibilizaci\u00f3n hacia una necesidad social del entorno, el impulso al voluntariado que mueve, la recaudaci\u00f3n de&hellip;","og_url":"https:\/\/www.itakaescolapios.org\/eu\/2020\/02\/37-rastrillo-solidario-en-itaka-escolapios-bilbao\/","og_site_name":"Itaka-Escolapios","article_published_time":"2020-02-26T10:30:21+00:00","article_modified_time":"2023-11-28T11:36:28+00:00","og_image":[{"width":2000,"height":1414,"url":"https:\/\/www.itakaescolapios.org\/wp-content\/uploads\/2020\/02\/Cartel-Rastrillo-2020-DEF.jpg","type":"image\/jpeg"}],"author":"itaka","twitter_card":"summary_large_image","twitter_misc":{"Written by":"itaka","Est. reading time":"1 minutua"},"schema":{"@context":"https:\/\/schema.org","@graph":[{"@type":"Article","@id":"https:\/\/www.itakaescolapios.org\/eu\/2020\/02\/37-rastrillo-solidario-en-itaka-escolapios-bilbao\/#article","isPartOf":{"@id":"https:\/\/www.itakaescolapios.org\/eu\/2020\/02\/37-rastrillo-solidario-en-itaka-escolapios-bilbao\/"},"author":{"name":"itaka","@id":"https:\/\/www.itakaescolapios.org\/es\/#\/schema\/person\/670123daeb1cc31cae1b106740036ccb"},"headline":"37 RASTRILLO SOLIDARIO EN ITAKA \u2013 ESCOLAPIOS BILBAO","datePublished":"2020-02-26T10:30:21+00:00","dateModified":"2023-11-28T11:36:28+00:00","mainEntityOfPage":{"@id":"https:\/\/www.itakaescolapios.org\/eu\/2020\/02\/37-rastrillo-solidario-en-itaka-escolapios-bilbao\/"},"wordCount":196,"publisher":{"@id":"https:\/\/www.itakaescolapios.org\/es\/#organization"},"image":{"@id":"https:\/\/www.itakaescolapios.org\/eu\/2020\/02\/37-rastrillo-solidario-en-itaka-escolapios-bilbao\/#primaryimage"},"thumbnailUrl":"https:\/\/www.itakaescolapios.org\/wp-content\/uploads\/2020\/02\/Cartel-Rastrillo-2020-DEF.jpg","articleSection":["Bilbo"],"inLanguage":"eu"},{"@type":"WebPage","@id":"https:\/\/www.itakaescolapios.org\/eu\/2020\/02\/37-rastrillo-solidario-en-itaka-escolapios-bilbao\/","url":"https:\/\/www.itakaescolapios.org\/eu\/2020\/02\/37-rastrillo-solidario-en-itaka-escolapios-bilbao\/","name":"37 RASTRILLO SOLIDARIO EN ITAKA \u2013 ESCOLAPIOS BILBAO - Itaka-Escolapios","isPartOf":{"@id":"https:\/\/www.itakaescolapios.org\/es\/#website"},"primaryImageOfPage":{"@id":"https:\/\/www.itakaescolapios.org\/eu\/2020\/02\/37-rastrillo-solidario-en-itaka-escolapios-bilbao\/#primaryimage"},"image":{"@id":"https:\/\/www.itakaescolapios.org\/eu\/2020\/02\/37-rastrillo-solidario-en-itaka-escolapios-bilbao\/#primaryimage"},"thumbnailUrl":"https:\/\/www.itakaescolapios.org\/wp-content\/uploads\/2020\/02\/Cartel-Rastrillo-2020-DEF.jpg","datePublished":"2020-02-26T10:30:21+00:00","dateModified":"2023-11-28T11:36:28+00:00","breadcrumb":{"@id":"https:\/\/www.itakaescolapios.org\/eu\/2020\/02\/37-rastrillo-solidario-en-itaka-escolapios-bilbao\/#breadcrumb"},"inLanguage":"eu","potentialAction":[{"@type":"ReadAction","target":["https:\/\/www.itakaescolapios.org\/eu\/2020\/02\/37-rastrillo-solidario-en-itaka-escolapios-bilbao\/"]}]},{"@type":"ImageObject","inLanguage":"eu","@id":"https:\/\/www.itakaescolapios.org\/eu\/2020\/02\/37-rastrillo-solidario-en-itaka-escolapios-bilbao\/#primaryimage","url":"https:\/\/www.itakaescolapios.org\/wp-content\/uploads\/2020\/02\/Cartel-Rastrillo-2020-DEF.jpg","contentUrl":"https:\/\/www.itakaescolapios.org\/wp-content\/uploads\/2020\/02\/Cartel-Rastrillo-2020-DEF.jpg","width":2000,"height":1414},{"@type":"BreadcrumbList","@id":"https:\/\/www.itakaescolapios.org\/eu\/2020\/02\/37-rastrillo-solidario-en-itaka-escolapios-bilbao\/#breadcrumb","itemListElement":[{"@type":"ListItem","position":1,"name":"Itaka-Escolapios","item":"https:\/\/www.itakaescolapios.org\/es\/"},{"@type":"ListItem","position":2,"name":"37 RASTRILLO SOLIDARIO EN ITAKA \u2013 ESCOLAPIOS BILBAO"}]},{"@type":"WebSite","@id":"https:\/\/www.itakaescolapios.org\/eu\/es\/#website","url":"https:\/\/www.itakaescolapios.org\/eu\/es\/","name":"Itaka-Escolapios","description":"Red de Itaka-Escolapios","publisher":{"@id":"https:\/\/www.itakaescolapios.org\/eu\/es\/#organization"},"potentialAction":[{"@type":"SearchAction","target":{"@type":"EntryPoint","urlTemplate":"https:\/\/www.itakaescolapios.org\/eu\/es\/?s={search_term_string}"},"query-input":{"@type":"PropertyValueSpecification","valueRequired":true,"valueName":"search_term_string"}}],"inLanguage":"eu"},{"@type":"Organization","@id":"https:\/\/www.itakaescolapios.org\/eu\/es\/#organization","name":"Fundaci\u00f3 Itaka-Escolapios","url":"https:\/\/www.itakaescolapios.org\/eu\/es\/","logo":{"@type":"ImageObject","inLanguage":"eu","@id":"https:\/\/www.itakaescolapios.org\/eu\/es\/#\/schema\/logo\/image\/","url":"https:\/\/www.itakaescolapios.org\/wp-content\/uploads\/2024\/04\/Logo-itakaescolapios-peque.png","contentUrl":"https:\/\/www.itakaescolapios.org\/wp-content\/uploads\/2024\/04\/Logo-itakaescolapios-peque.png","width":500,"height":199,"caption":"Fundaci\u00f3 Itaka-Escolapios"},"image":{"@id":"https:\/\/www.itakaescolapios.org\/eu\/es\/#\/schema\/logo\/image\/"}},{"@type":"Person","@id":"https:\/\/www.itakaescolapios.org\/es\/#\/schema\/person\/670123daeb1cc31cae1b106740036ccb","name":"itaka","url":"https:\/\/www.itakaescolapios.org\/eu\/author\/itaka\/"}]}},"_links":{"self":[{"href":"https:\/\/www.itakaescolapios.org\/eu\/wp-json\/wp\/v2\/posts\/30104","targetHints":{"allow":["GET"]}}],"collection":[{"href":"https:\/\/www.itakaescolapios.org\/eu\/wp-json\/wp\/v2\/posts"}],"about":[{"href":"https:\/\/www.itakaescolapios.org\/eu\/wp-json\/wp\/v2\/types\/post"}],"author":[{"embeddable":true,"href":"https:\/\/www.itakaescolapios.org\/eu\/wp-json\/wp\/v2\/users\/4"}],"replies":[{"embeddable":true,"href":"https:\/\/www.itakaescolapios.org\/eu\/wp-json\/wp\/v2\/comments?post=30104"}],"version-history":[{"count":3,"href":"https:\/\/www.itakaescolapios.org\/eu\/wp-json\/wp\/v2\/posts\/30104\/revisions"}],"predecessor-version":[{"id":45060,"href":"https:\/\/www.itakaescolapios.org\/eu\/wp-json\/wp\/v2\/posts\/30104\/revisions\/45060"}],"wp:featuredmedia":[{"embeddable":true,"href":"https:\/\/www.itakaescolapios.org\/eu\/wp-json\/wp\/v2\/media\/30105"}],"wp:attachment":[{"href":"https:\/\/www.itakaescolapios.org\/eu\/wp-json\/wp\/v2\/media?parent=30104"}],"wp:term":[{"taxonomy":"category","embeddable":true,"href":"https:\/\/www.itakaescolapios.org\/eu\/wp-json\/wp\/v2\/categories?post=30104"},{"taxonomy":"post_tag","embeddable":true,"href":"https:\/\/www.itakaescolapios.org\/eu\/wp-json\/wp\/v2\/tags?post=30104"}],"curies":[{"name":"wp","href":"https:\/\/api.w.org\/{rel}","templated":true}]}}