{"id":30423,"date":"2020-04-09T16:39:37","date_gmt":"2020-04-09T15:39:37","guid":{"rendered":"https:\/\/www.itakaescolapios.org\/?p=30423"},"modified":"2023-11-28T12:36:24","modified_gmt":"2023-11-28T11:36:24","slug":"itaka-escolapios-se-suma-a-la-peticion-urgente-de-regularizacion-de-las-personas-migrantes","status":"publish","type":"post","link":"https:\/\/www.itakaescolapios.org\/eu\/2020\/04\/itaka-escolapios-se-suma-a-la-peticion-urgente-de-regularizacion-de-las-personas-migrantes\/","title":{"rendered":"Itaka-Escolapios se suma a la petici\u00f3n urgente de regularizaci\u00f3n de las personas migrantes"},"content":{"rendered":"<p><strong>Itaka-Escolapios se adhiere como entidad a la <a href=\"https:\/\/www.cear.es\/firma-regularizacion-migrantes\/\">petici\u00f3n urgente<\/a> promovida desde CEAR (Comisi\u00f3n Espa\u00f1ola de Ayuda al Refugiado) para la regularizaci\u00f3n de las personas migrantes ante la epidemia del coronavirus. Nuestro compromiso con la dignidad de la personas y\u00a0 sus derechos, as\u00ed como con tantas personas migrantes que en estos momentos ven a agravada su situaci\u00f3n de exclusi\u00f3n, nos llaman a sumar nuestra voz en esta reivindicaci\u00f3n de justicia.<\/strong><\/p>\n<pre style=\"box-sizing: border-box; font-family: 'Segoe UI', system-ui, 'Apple Color Emoji', 'Segoe UI Emoji', sans-serif; font-size: 14px; font-style: normal; font-variant-ligatures: normal; font-variant-caps: normal; font-weight: 400; letter-spacing: normal; orphans: 2; text-align: start; text-indent: 0px; text-transform: none; white-space: normal; widows: 2; word-spacing: 0px;\"><em>En el contexto actual de emergencia sanitaria mundial provocado por la COVID-19 es fundamental que se garanticen los derechos de todas las personas que se encuentran en el territorio espa\u00f1ol con especial atenci\u00f3n a aquellas m\u00e1s vulnerables como son las migrantes en situaci\u00f3n administrativa irregular y las personas solicitantes de asilo en espera prolongada de resoluci\u00f3n de su solicitud.<\/em>\r\n\r\n<em>Es importante recordar que la Oficina de Asilo (OAR) acumula actualmente m\u00e1s de 100.000 expedientes de asilo pendientes. Es necesario que los derechos de las personas migrantes en situaci\u00f3n administrativa irregular se vean garantizados. Para ello, es urgente que se ponga en marcha un proceso de regularizaci\u00f3n que les permita acceder a sus derechos en igualdad de condiciones al tiempo que se reconozca el valor las aptitudes, dedicaci\u00f3n y compromiso que pueden aportar a sociedad espa\u00f1ola.<\/em>\r\n\r\n<em>Por todo ello, pedimos al Gobierno espa\u00f1ol que, siguiendo la estela del gobierno portugu\u00e9s y la recomendaci\u00f3n del Consejo de Europa, ponga en marcha medidas de regularizaci\u00f3n extraordinaria con el fin de garantizar los derechos de las personas extranjeras en Espa\u00f1a.<\/em><\/pre>\n","protected":false},"excerpt":{"rendered":"<p>Itaka-Escolapios se adhiere como entidad a la petici\u00f3n urgente promovida desde CEAR (Comisi\u00f3n Espa\u00f1ola de Ayuda al Refugiado) para la regularizaci\u00f3n de las personas migrantes ante la epidemia del coronavirus. [&hellip;]<\/p>\n","protected":false},"author":46,"featured_media":30424,"comment_status":"closed","ping_status":"closed","sticky":false,"template":"","format":"standard","meta":{"_et_pb_use_builder":"","_et_pb_old_content":"","_et_gb_content_width":"","footnotes":""},"categories":[30],"tags":[],"class_list":["post-30423","post","type-post","status-publish","format-standard","has-post-thumbnail","hentry","category-itaka-escolapios"],"yoast_head":"<!-- This site is optimized with the Yoast SEO plugin v27.4 - https:\/\/yoast.com\/product\/yoast-seo-wordpress\/ -->\n<title>Itaka-Escolapios se suma a la petici\u00f3n urgente de regularizaci\u00f3n de las personas migrantes<\/title>\n<meta name=\"description\" content=\"Itaka-Escolapios se adhiere como entidad a la petici\u00f3n urgente promovida desde CEAR (Comisi\u00f3n Espa\u00f1ola de Ayuda al Refugiado) para la regularizaci\u00f3n de las personas migrantes ante la epidemia del coronavirus. Nuestro compromiso con la dignidad de la personas y\u00a0 sus derechos, as\u00ed como con tantas personas migrantes que en estos momentos ven a agravada su&hellip;\" \/>\n<meta name=\"robots\" content=\"index, follow, max-snippet:-1, max-image-preview:large, max-video-preview:-1\" \/>\n<link rel=\"canonical\" href=\"http:\/\/Itaka-Escolapios%20se%20adhiere%20como%20entidad%20a%20la%20petici\u00f3n%20urgente%20promovida%20desde%20CEAR%20(Comisi\u00f3n%20Espa\u00f1ola%20de%20Ayuda%20al%20Refugiado)%20para%20la%20regularizaci\u00f3n%20de%20las%20personas%20migrantes%20ante%20la%20epidemia%20del%20coronavirus.%20Nuestro%20compromiso%20con%20la%20dignidad%20de%20la%20personas%20y\u00a0%20sus%20derechos,%20as\u00ed%20como%20con%20tantas%20personas%20migrantes%20que%20en%20estos%20momentos%20ven%20a%20agravada%20su&hellip;\" \/>\n<meta property=\"og:locale\" content=\"en_US\" \/>\n<meta property=\"og:type\" content=\"article\" \/>\n<meta property=\"og:title\" content=\"Itaka-Escolapios se suma a la petici\u00f3n urgente de regularizaci\u00f3n de las personas migrantes\" \/>\n<meta property=\"og:description\" content=\"Itaka-Escolapios se adhiere como entidad a la petici\u00f3n urgente promovida desde CEAR (Comisi\u00f3n Espa\u00f1ola de Ayuda al Refugiado) para la regularizaci\u00f3n de las personas migrantes ante la epidemia del coronavirus. Nuestro compromiso con la dignidad de la personas y\u00a0 sus derechos, as\u00ed como con tantas personas migrantes que en estos momentos ven a agravada su&hellip;\" \/>\n<meta property=\"og:url\" content=\"https:\/\/www.itakaescolapios.org\/eu\/2020\/04\/itaka-escolapios-se-suma-a-la-peticion-urgente-de-regularizacion-de-las-personas-migrantes\/\" \/>\n<meta property=\"og:site_name\" content=\"Itaka-Escolapios\" \/>\n<meta property=\"article:published_time\" content=\"2020-04-09T15:39:37+00:00\" \/>\n<meta property=\"article:modified_time\" content=\"2023-11-28T11:36:24+00:00\" \/>\n<meta property=\"og:image\" content=\"https:\/\/www.itakaescolapios.org\/wp-content\/uploads\/2020\/04\/untitled.png\" \/>\n\t<meta property=\"og:image:width\" content=\"350\" \/>\n\t<meta property=\"og:image:height\" content=\"144\" \/>\n\t<meta property=\"og:image:type\" content=\"image\/png\" \/>\n<meta name=\"author\" content=\"itakaescolapios\" \/>\n<meta name=\"twitter:card\" content=\"summary_large_image\" \/>\n<meta name=\"twitter:label1\" content=\"Written by\" \/>\n\t<meta name=\"twitter:data1\" content=\"itakaescolapios\" \/>\n\t<meta name=\"twitter:label2\" content=\"Est. reading time\" \/>\n\t<meta name=\"twitter:data2\" content=\"1 minutua\" \/>\n<script type=\"application\/ld+json\" class=\"yoast-schema-graph\">{\"@context\":\"https:\\\/\\\/schema.org\",\"@graph\":[{\"@type\":\"Article\",\"@id\":\"https:\\\/\\\/www.itakaescolapios.org\\\/eu\\\/2020\\\/04\\\/itaka-escolapios-se-suma-a-la-peticion-urgente-de-regularizacion-de-las-personas-migrantes\\\/#article\",\"isPartOf\":{\"@id\":\"https:\\\/\\\/www.itakaescolapios.org\\\/eu\\\/2020\\\/04\\\/itaka-escolapios-se-suma-a-la-peticion-urgente-de-regularizacion-de-las-personas-migrantes\\\/\"},\"author\":{\"name\":\"itakaescolapios\",\"@id\":\"https:\\\/\\\/www.itakaescolapios.org\\\/es\\\/#\\\/schema\\\/person\\\/768ce0f19db5c2c2b6361e77e15db2db\"},\"headline\":\"Itaka-Escolapios se suma a la petici\u00f3n urgente de regularizaci\u00f3n de las personas migrantes\",\"datePublished\":\"2020-04-09T15:39:37+00:00\",\"dateModified\":\"2023-11-28T11:36:24+00:00\",\"mainEntityOfPage\":{\"@id\":\"https:\\\/\\\/www.itakaescolapios.org\\\/eu\\\/2020\\\/04\\\/itaka-escolapios-se-suma-a-la-peticion-urgente-de-regularizacion-de-las-personas-migrantes\\\/\"},\"wordCount\":91,\"publisher\":{\"@id\":\"https:\\\/\\\/www.itakaescolapios.org\\\/es\\\/#organization\"},\"image\":{\"@id\":\"https:\\\/\\\/www.itakaescolapios.org\\\/eu\\\/2020\\\/04\\\/itaka-escolapios-se-suma-a-la-peticion-urgente-de-regularizacion-de-las-personas-migrantes\\\/#primaryimage\"},\"thumbnailUrl\":\"https:\\\/\\\/www.itakaescolapios.org\\\/wp-content\\\/uploads\\\/2020\\\/04\\\/untitled.png\",\"articleSection\":[\"Itaka Escolapios\"],\"inLanguage\":\"eu\"},{\"@type\":\"WebPage\",\"@id\":\"https:\\\/\\\/www.itakaescolapios.org\\\/eu\\\/2020\\\/04\\\/itaka-escolapios-se-suma-a-la-peticion-urgente-de-regularizacion-de-las-personas-migrantes\\\/\",\"url\":\"https:\\\/\\\/www.itakaescolapios.org\\\/eu\\\/2020\\\/04\\\/itaka-escolapios-se-suma-a-la-peticion-urgente-de-regularizacion-de-las-personas-migrantes\\\/\",\"name\":\"Itaka-Escolapios se suma a la petici\u00f3n urgente de regularizaci\u00f3n de las personas migrantes - Itaka-Escolapios\",\"isPartOf\":{\"@id\":\"https:\\\/\\\/www.itakaescolapios.org\\\/es\\\/#website\"},\"primaryImageOfPage\":{\"@id\":\"https:\\\/\\\/www.itakaescolapios.org\\\/eu\\\/2020\\\/04\\\/itaka-escolapios-se-suma-a-la-peticion-urgente-de-regularizacion-de-las-personas-migrantes\\\/#primaryimage\"},\"image\":{\"@id\":\"https:\\\/\\\/www.itakaescolapios.org\\\/eu\\\/2020\\\/04\\\/itaka-escolapios-se-suma-a-la-peticion-urgente-de-regularizacion-de-las-personas-migrantes\\\/#primaryimage\"},\"thumbnailUrl\":\"https:\\\/\\\/www.itakaescolapios.org\\\/wp-content\\\/uploads\\\/2020\\\/04\\\/untitled.png\",\"datePublished\":\"2020-04-09T15:39:37+00:00\",\"dateModified\":\"2023-11-28T11:36:24+00:00\",\"breadcrumb\":{\"@id\":\"https:\\\/\\\/www.itakaescolapios.org\\\/eu\\\/2020\\\/04\\\/itaka-escolapios-se-suma-a-la-peticion-urgente-de-regularizacion-de-las-personas-migrantes\\\/#breadcrumb\"},\"inLanguage\":\"eu\",\"potentialAction\":[{\"@type\":\"ReadAction\",\"target\":[\"https:\\\/\\\/www.itakaescolapios.org\\\/eu\\\/2020\\\/04\\\/itaka-escolapios-se-suma-a-la-peticion-urgente-de-regularizacion-de-las-personas-migrantes\\\/\"]}]},{\"@type\":\"ImageObject\",\"inLanguage\":\"eu\",\"@id\":\"https:\\\/\\\/www.itakaescolapios.org\\\/eu\\\/2020\\\/04\\\/itaka-escolapios-se-suma-a-la-peticion-urgente-de-regularizacion-de-las-personas-migrantes\\\/#primaryimage\",\"url\":\"https:\\\/\\\/www.itakaescolapios.org\\\/wp-content\\\/uploads\\\/2020\\\/04\\\/untitled.png\",\"contentUrl\":\"https:\\\/\\\/www.itakaescolapios.org\\\/wp-content\\\/uploads\\\/2020\\\/04\\\/untitled.png\",\"width\":350,\"height\":144},{\"@type\":\"BreadcrumbList\",\"@id\":\"https:\\\/\\\/www.itakaescolapios.org\\\/eu\\\/2020\\\/04\\\/itaka-escolapios-se-suma-a-la-peticion-urgente-de-regularizacion-de-las-personas-migrantes\\\/#breadcrumb\",\"itemListElement\":[{\"@type\":\"ListItem\",\"position\":1,\"name\":\"Itaka-Escolapios\",\"item\":\"https:\\\/\\\/www.itakaescolapios.org\\\/es\\\/\"},{\"@type\":\"ListItem\",\"position\":2,\"name\":\"Itaka-Escolapios se suma a la petici\u00f3n urgente de regularizaci\u00f3n de las personas migrantes\"}]},{\"@type\":\"WebSite\",\"@id\":\"https:\\\/\\\/www.itakaescolapios.org\\\/eu\\\/es\\\/#website\",\"url\":\"https:\\\/\\\/www.itakaescolapios.org\\\/eu\\\/es\\\/\",\"name\":\"Itaka-Escolapios\",\"description\":\"Red de Itaka-Escolapios\",\"publisher\":{\"@id\":\"https:\\\/\\\/www.itakaescolapios.org\\\/eu\\\/es\\\/#organization\"},\"potentialAction\":[{\"@type\":\"SearchAction\",\"target\":{\"@type\":\"EntryPoint\",\"urlTemplate\":\"https:\\\/\\\/www.itakaescolapios.org\\\/eu\\\/es\\\/?s={search_term_string}\"},\"query-input\":{\"@type\":\"PropertyValueSpecification\",\"valueRequired\":true,\"valueName\":\"search_term_string\"}}],\"inLanguage\":\"eu\"},{\"@type\":\"Organization\",\"@id\":\"https:\\\/\\\/www.itakaescolapios.org\\\/eu\\\/es\\\/#organization\",\"name\":\"Fundaci\u00f3 Itaka-Escolapios\",\"url\":\"https:\\\/\\\/www.itakaescolapios.org\\\/eu\\\/es\\\/\",\"logo\":{\"@type\":\"ImageObject\",\"inLanguage\":\"eu\",\"@id\":\"https:\\\/\\\/www.itakaescolapios.org\\\/eu\\\/es\\\/#\\\/schema\\\/logo\\\/image\\\/\",\"url\":\"https:\\\/\\\/www.itakaescolapios.org\\\/wp-content\\\/uploads\\\/2024\\\/04\\\/Logo-itakaescolapios-peque.png\",\"contentUrl\":\"https:\\\/\\\/www.itakaescolapios.org\\\/wp-content\\\/uploads\\\/2024\\\/04\\\/Logo-itakaescolapios-peque.png\",\"width\":500,\"height\":199,\"caption\":\"Fundaci\u00f3 Itaka-Escolapios\"},\"image\":{\"@id\":\"https:\\\/\\\/www.itakaescolapios.org\\\/eu\\\/es\\\/#\\\/schema\\\/logo\\\/image\\\/\"}},{\"@type\":\"Person\",\"@id\":\"https:\\\/\\\/www.itakaescolapios.org\\\/es\\\/#\\\/schema\\\/person\\\/768ce0f19db5c2c2b6361e77e15db2db\",\"name\":\"itakaescolapios\",\"url\":\"https:\\\/\\\/www.itakaescolapios.org\\\/eu\\\/author\\\/itakaescolapios\\\/\"}]}<\/script>\n<!-- \/ Yoast SEO plugin. -->","yoast_head_json":{"title":"Itaka-Escolapios se suma a la petici\u00f3n urgente de regularizaci\u00f3n de las personas migrantes","description":"Itaka-Escolapios se adhiere como entidad a la petici\u00f3n urgente promovida desde CEAR (Comisi\u00f3n Espa\u00f1ola de Ayuda al Refugiado) para la regularizaci\u00f3n de las personas migrantes ante la epidemia del coronavirus. Nuestro compromiso con la dignidad de la personas y\u00a0 sus derechos, as\u00ed como con tantas personas migrantes que en estos momentos ven a agravada su&hellip;","robots":{"index":"index","follow":"follow","max-snippet":"max-snippet:-1","max-image-preview":"max-image-preview:large","max-video-preview":"max-video-preview:-1"},"canonical":"Itaka-Escolapios se adhiere como entidad a la petici\u00f3n urgente promovida desde CEAR (Comisi\u00f3n Espa\u00f1ola de Ayuda al Refugiado) para la regularizaci\u00f3n de las personas migrantes ante la epidemia del coronavirus. Nuestro compromiso con la dignidad de la personas y\u00a0 sus derechos, as\u00ed como con tantas personas migrantes que en estos momentos ven a agravada su&hellip;","og_locale":"en_US","og_type":"article","og_title":"Itaka-Escolapios se suma a la petici\u00f3n urgente de regularizaci\u00f3n de las personas migrantes","og_description":"Itaka-Escolapios se adhiere como entidad a la petici\u00f3n urgente promovida desde CEAR (Comisi\u00f3n Espa\u00f1ola de Ayuda al Refugiado) para la regularizaci\u00f3n de las personas migrantes ante la epidemia del coronavirus. Nuestro compromiso con la dignidad de la personas y\u00a0 sus derechos, as\u00ed como con tantas personas migrantes que en estos momentos ven a agravada su&hellip;","og_url":"https:\/\/www.itakaescolapios.org\/eu\/2020\/04\/itaka-escolapios-se-suma-a-la-peticion-urgente-de-regularizacion-de-las-personas-migrantes\/","og_site_name":"Itaka-Escolapios","article_published_time":"2020-04-09T15:39:37+00:00","article_modified_time":"2023-11-28T11:36:24+00:00","og_image":[{"width":350,"height":144,"url":"https:\/\/www.itakaescolapios.org\/wp-content\/uploads\/2020\/04\/untitled.png","type":"image\/png"}],"author":"itakaescolapios","twitter_card":"summary_large_image","twitter_misc":{"Written by":"itakaescolapios","Est. reading time":"1 minutua"},"schema":{"@context":"https:\/\/schema.org","@graph":[{"@type":"Article","@id":"https:\/\/www.itakaescolapios.org\/eu\/2020\/04\/itaka-escolapios-se-suma-a-la-peticion-urgente-de-regularizacion-de-las-personas-migrantes\/#article","isPartOf":{"@id":"https:\/\/www.itakaescolapios.org\/eu\/2020\/04\/itaka-escolapios-se-suma-a-la-peticion-urgente-de-regularizacion-de-las-personas-migrantes\/"},"author":{"name":"itakaescolapios","@id":"https:\/\/www.itakaescolapios.org\/es\/#\/schema\/person\/768ce0f19db5c2c2b6361e77e15db2db"},"headline":"Itaka-Escolapios se suma a la petici\u00f3n urgente de regularizaci\u00f3n de las personas migrantes","datePublished":"2020-04-09T15:39:37+00:00","dateModified":"2023-11-28T11:36:24+00:00","mainEntityOfPage":{"@id":"https:\/\/www.itakaescolapios.org\/eu\/2020\/04\/itaka-escolapios-se-suma-a-la-peticion-urgente-de-regularizacion-de-las-personas-migrantes\/"},"wordCount":91,"publisher":{"@id":"https:\/\/www.itakaescolapios.org\/es\/#organization"},"image":{"@id":"https:\/\/www.itakaescolapios.org\/eu\/2020\/04\/itaka-escolapios-se-suma-a-la-peticion-urgente-de-regularizacion-de-las-personas-migrantes\/#primaryimage"},"thumbnailUrl":"https:\/\/www.itakaescolapios.org\/wp-content\/uploads\/2020\/04\/untitled.png","articleSection":["Itaka Escolapios"],"inLanguage":"eu"},{"@type":"WebPage","@id":"https:\/\/www.itakaescolapios.org\/eu\/2020\/04\/itaka-escolapios-se-suma-a-la-peticion-urgente-de-regularizacion-de-las-personas-migrantes\/","url":"https:\/\/www.itakaescolapios.org\/eu\/2020\/04\/itaka-escolapios-se-suma-a-la-peticion-urgente-de-regularizacion-de-las-personas-migrantes\/","name":"Itaka-Escolapios se suma a la petici\u00f3n urgente de regularizaci\u00f3n de las personas migrantes - Itaka-Escolapios","isPartOf":{"@id":"https:\/\/www.itakaescolapios.org\/es\/#website"},"primaryImageOfPage":{"@id":"https:\/\/www.itakaescolapios.org\/eu\/2020\/04\/itaka-escolapios-se-suma-a-la-peticion-urgente-de-regularizacion-de-las-personas-migrantes\/#primaryimage"},"image":{"@id":"https:\/\/www.itakaescolapios.org\/eu\/2020\/04\/itaka-escolapios-se-suma-a-la-peticion-urgente-de-regularizacion-de-las-personas-migrantes\/#primaryimage"},"thumbnailUrl":"https:\/\/www.itakaescolapios.org\/wp-content\/uploads\/2020\/04\/untitled.png","datePublished":"2020-04-09T15:39:37+00:00","dateModified":"2023-11-28T11:36:24+00:00","breadcrumb":{"@id":"https:\/\/www.itakaescolapios.org\/eu\/2020\/04\/itaka-escolapios-se-suma-a-la-peticion-urgente-de-regularizacion-de-las-personas-migrantes\/#breadcrumb"},"inLanguage":"eu","potentialAction":[{"@type":"ReadAction","target":["https:\/\/www.itakaescolapios.org\/eu\/2020\/04\/itaka-escolapios-se-suma-a-la-peticion-urgente-de-regularizacion-de-las-personas-migrantes\/"]}]},{"@type":"ImageObject","inLanguage":"eu","@id":"https:\/\/www.itakaescolapios.org\/eu\/2020\/04\/itaka-escolapios-se-suma-a-la-peticion-urgente-de-regularizacion-de-las-personas-migrantes\/#primaryimage","url":"https:\/\/www.itakaescolapios.org\/wp-content\/uploads\/2020\/04\/untitled.png","contentUrl":"https:\/\/www.itakaescolapios.org\/wp-content\/uploads\/2020\/04\/untitled.png","width":350,"height":144},{"@type":"BreadcrumbList","@id":"https:\/\/www.itakaescolapios.org\/eu\/2020\/04\/itaka-escolapios-se-suma-a-la-peticion-urgente-de-regularizacion-de-las-personas-migrantes\/#breadcrumb","itemListElement":[{"@type":"ListItem","position":1,"name":"Itaka-Escolapios","item":"https:\/\/www.itakaescolapios.org\/es\/"},{"@type":"ListItem","position":2,"name":"Itaka-Escolapios se suma a la petici\u00f3n urgente de regularizaci\u00f3n de las personas migrantes"}]},{"@type":"WebSite","@id":"https:\/\/www.itakaescolapios.org\/eu\/es\/#website","url":"https:\/\/www.itakaescolapios.org\/eu\/es\/","name":"Itaka-Escolapios","description":"Red de Itaka-Escolapios","publisher":{"@id":"https:\/\/www.itakaescolapios.org\/eu\/es\/#organization"},"potentialAction":[{"@type":"SearchAction","target":{"@type":"EntryPoint","urlTemplate":"https:\/\/www.itakaescolapios.org\/eu\/es\/?s={search_term_string}"},"query-input":{"@type":"PropertyValueSpecification","valueRequired":true,"valueName":"search_term_string"}}],"inLanguage":"eu"},{"@type":"Organization","@id":"https:\/\/www.itakaescolapios.org\/eu\/es\/#organization","name":"Fundaci\u00f3 Itaka-Escolapios","url":"https:\/\/www.itakaescolapios.org\/eu\/es\/","logo":{"@type":"ImageObject","inLanguage":"eu","@id":"https:\/\/www.itakaescolapios.org\/eu\/es\/#\/schema\/logo\/image\/","url":"https:\/\/www.itakaescolapios.org\/wp-content\/uploads\/2024\/04\/Logo-itakaescolapios-peque.png","contentUrl":"https:\/\/www.itakaescolapios.org\/wp-content\/uploads\/2024\/04\/Logo-itakaescolapios-peque.png","width":500,"height":199,"caption":"Fundaci\u00f3 Itaka-Escolapios"},"image":{"@id":"https:\/\/www.itakaescolapios.org\/eu\/es\/#\/schema\/logo\/image\/"}},{"@type":"Person","@id":"https:\/\/www.itakaescolapios.org\/es\/#\/schema\/person\/768ce0f19db5c2c2b6361e77e15db2db","name":"itakaescolapios","url":"https:\/\/www.itakaescolapios.org\/eu\/author\/itakaescolapios\/"}]}},"_links":{"self":[{"href":"https:\/\/www.itakaescolapios.org\/eu\/wp-json\/wp\/v2\/posts\/30423","targetHints":{"allow":["GET"]}}],"collection":[{"href":"https:\/\/www.itakaescolapios.org\/eu\/wp-json\/wp\/v2\/posts"}],"about":[{"href":"https:\/\/www.itakaescolapios.org\/eu\/wp-json\/wp\/v2\/types\/post"}],"author":[{"embeddable":true,"href":"https:\/\/www.itakaescolapios.org\/eu\/wp-json\/wp\/v2\/users\/46"}],"replies":[{"embeddable":true,"href":"https:\/\/www.itakaescolapios.org\/eu\/wp-json\/wp\/v2\/comments?post=30423"}],"version-history":[{"count":12,"href":"https:\/\/www.itakaescolapios.org\/eu\/wp-json\/wp\/v2\/posts\/30423\/revisions"}],"predecessor-version":[{"id":44936,"href":"https:\/\/www.itakaescolapios.org\/eu\/wp-json\/wp\/v2\/posts\/30423\/revisions\/44936"}],"wp:featuredmedia":[{"embeddable":true,"href":"https:\/\/www.itakaescolapios.org\/eu\/wp-json\/wp\/v2\/media\/30424"}],"wp:attachment":[{"href":"https:\/\/www.itakaescolapios.org\/eu\/wp-json\/wp\/v2\/media?parent=30423"}],"wp:term":[{"taxonomy":"category","embeddable":true,"href":"https:\/\/www.itakaescolapios.org\/eu\/wp-json\/wp\/v2\/categories?post=30423"},{"taxonomy":"post_tag","embeddable":true,"href":"https:\/\/www.itakaescolapios.org\/eu\/wp-json\/wp\/v2\/tags?post=30423"}],"curies":[{"name":"wp","href":"https:\/\/api.w.org\/{rel}","templated":true}]}}