{"id":3046,"date":"2012-09-03T15:39:23","date_gmt":"2012-09-03T14:39:23","guid":{"rendered":"https:\/\/www.itakaescolapios.org\/?p=3046"},"modified":"2023-11-28T12:39:38","modified_gmt":"2023-11-28T11:39:38","slug":"bafia-comienzo-del-ano-escolar-2012-13-este-3-de-septiembre-de-2012-marca-el-principio-de-un-nuevo-curso-escolar-en-camerun","status":"publish","type":"post","link":"https:\/\/www.itakaescolapios.org\/eu\/2012\/09\/bafia-comienzo-del-ano-escolar-2012-13-este-3-de-septiembre-de-2012-marca-el-principio-de-un-nuevo-curso-escolar-en-camerun\/","title":{"rendered":"Bafia - Comienzo del a\u00f1o escolar 2012-13. Este 3 de septiembre de 2012 marca el principio de un nuevo curso escolar en Camer\u00fan."},"content":{"rendered":"<p>Nuestra escuela de Bafia, como todos los dem\u00e1s centros escolares del pa\u00eds, reabri\u00f3 sus puertas. En este quinto a\u00f1o de existencia el Complejo Escolar Cat\u00f3lico Biling\u00fce Integral Calasanz (COSCABIC) acoge ya m\u00e1s de 600 chicas y chicos de esta localidad. As\u00ed como aspectos a destacar, se\u00f1alemos que el muro perimetral ha sido construido gracias a la ayuda de algunas instituciones particularmente los Ayuntamientos de Jaca y de Barbastro; el sistema Biling\u00fcismo Integral contin\u00faa su integraci\u00f3n progresiva de momento en la etapa infantil. Otro punto importante: el \u00faltimo curso del ciclo de primaria ha sido abierto, lo que significa que nuestra escuela cuenta desde este a\u00f1o todos los niveles de las dos etapas, infantil y de primaria.<\/p>\n<p>La demanda educativa sigue fuerte, la ampliaci\u00f3n de la escuela ya es imprescindible con el fin de ofrecer una educaci\u00f3n a todos estos ni\u00f1os\/as.<\/p>\n","protected":false},"excerpt":{"rendered":"<p>Nuestra escuela de Bafia, como todos los dem\u00e1s centros escolares del pa\u00eds, reabri\u00f3 sus puertas. En este quinto a\u00f1o de existencia el Complejo Escolar Cat\u00f3lico Biling\u00fce Integral Calasanz (COSCABIC) acoge [&hellip;]<\/p>\n","protected":false},"author":3,"featured_media":3047,"comment_status":"closed","ping_status":"closed","sticky":false,"template":"","format":"standard","meta":{"_et_pb_use_builder":"","_et_pb_old_content":"","_et_gb_content_width":"","footnotes":""},"categories":[10],"tags":[],"class_list":["post-3046","post","type-post","status-publish","format-standard","has-post-thumbnail","hentry","category-camerun"],"yoast_head":"<!-- This site is optimized with the Yoast SEO plugin v27.4 - https:\/\/yoast.com\/product\/yoast-seo-wordpress\/ -->\n<title>Bafia - Comienzo del a\u00f1o escolar 2012-13. Este 3 de septiembre de 2012 marca el principio de un nuevo curso escolar en Camer\u00fan.<\/title>\n<meta name=\"description\" content=\"Nuestra escuela de Bafia, como todos los dem\u00e1s centros escolares del pa\u00eds, reabri\u00f3 sus puertas. En este quinto a\u00f1o de existencia el Complejo Escolar Cat\u00f3lico Biling\u00fce Integral Calasanz (COSCABIC) acoge ya m\u00e1s de 600 chicas y chicos de esta localidad. As\u00ed como aspectos a destacar, se\u00f1alemos que el muro perimetral ha sido construido gracias a&hellip;\" \/>\n<meta name=\"robots\" content=\"index, follow, max-snippet:-1, max-image-preview:large, max-video-preview:-1\" \/>\n<link rel=\"canonical\" href=\"http:\/\/Nuestra%20escuela%20de%20Bafia,%20como%20todos%20los%20dem\u00e1s%20centros%20escolares%20del%20pa\u00eds,%20reabri\u00f3%20sus%20puertas.%20En%20este%20quinto%20a\u00f1o%20de%20existencia%20el%20Complejo%20Escolar%20Cat\u00f3lico%20Biling\u00fce%20Integral%20Calasanz%20(COSCABIC)%20acoge%20ya%20m\u00e1s%20de%20600%20chicas%20y%20chicos%20de%20esta%20localidad.%20As\u00ed%20como%20aspectos%20a%20destacar,%20se\u00f1alemos%20que%20el%20muro%20perimetral%20ha%20sido%20construido%20gracias%20a&hellip;\" \/>\n<meta property=\"og:locale\" content=\"en_US\" \/>\n<meta property=\"og:type\" content=\"article\" \/>\n<meta property=\"og:title\" content=\"Bafia - Comienzo del a\u00f1o escolar 2012-13. Este 3 de septiembre de 2012 marca el principio de un nuevo curso escolar en Camer\u00fan.\" \/>\n<meta property=\"og:description\" content=\"Nuestra escuela de Bafia, como todos los dem\u00e1s centros escolares del pa\u00eds, reabri\u00f3 sus puertas. En este quinto a\u00f1o de existencia el Complejo Escolar Cat\u00f3lico Biling\u00fce Integral Calasanz (COSCABIC) acoge ya m\u00e1s de 600 chicas y chicos de esta localidad. As\u00ed como aspectos a destacar, se\u00f1alemos que el muro perimetral ha sido construido gracias a&hellip;\" \/>\n<meta property=\"og:url\" content=\"https:\/\/www.itakaescolapios.org\/eu\/2012\/09\/bafia-comienzo-del-ano-escolar-2012-13-este-3-de-septiembre-de-2012-marca-el-principio-de-un-nuevo-curso-escolar-en-camerun\/\" \/>\n<meta property=\"og:site_name\" content=\"Itaka-Escolapios\" \/>\n<meta property=\"article:published_time\" content=\"2012-09-03T14:39:23+00:00\" \/>\n<meta property=\"article:modified_time\" content=\"2023-11-28T11:39:38+00:00\" \/>\n<meta property=\"og:image\" content=\"https:\/\/www.itakaescolapios.org\/wp-content\/uploads\/2012\/09\/NI\u00d1OS1.jpg\" \/>\n\t<meta property=\"og:image:width\" content=\"1299\" \/>\n\t<meta property=\"og:image:height\" content=\"975\" \/>\n\t<meta property=\"og:image:type\" content=\"image\/jpeg\" \/>\n<meta name=\"author\" content=\"Bilbao\" \/>\n<meta name=\"twitter:card\" content=\"summary_large_image\" \/>\n<meta name=\"twitter:label1\" content=\"Written by\" \/>\n\t<meta name=\"twitter:data1\" content=\"Bilbao\" \/>\n\t<meta name=\"twitter:label2\" content=\"Est. reading time\" \/>\n\t<meta name=\"twitter:data2\" content=\"1 minutua\" \/>\n<script type=\"application\/ld+json\" class=\"yoast-schema-graph\">{\"@context\":\"https:\\\/\\\/schema.org\",\"@graph\":[{\"@type\":\"Article\",\"@id\":\"https:\\\/\\\/www.itakaescolapios.org\\\/eu\\\/2012\\\/09\\\/bafia-comienzo-del-ano-escolar-2012-13-este-3-de-septiembre-de-2012-marca-el-principio-de-un-nuevo-curso-escolar-en-camerun\\\/#article\",\"isPartOf\":{\"@id\":\"https:\\\/\\\/www.itakaescolapios.org\\\/eu\\\/2012\\\/09\\\/bafia-comienzo-del-ano-escolar-2012-13-este-3-de-septiembre-de-2012-marca-el-principio-de-un-nuevo-curso-escolar-en-camerun\\\/\"},\"author\":{\"name\":\"Bilbao\",\"@id\":\"https:\\\/\\\/www.itakaescolapios.org\\\/es\\\/#\\\/schema\\\/person\\\/d5b530ea20cbfbbd734611b2591f590c\"},\"headline\":\"Bafia - Comienzo del a\u00f1o escolar 2012-13. Este 3 de septiembre de 2012 marca el principio de un nuevo curso escolar en Camer\u00fan.\",\"datePublished\":\"2012-09-03T14:39:23+00:00\",\"dateModified\":\"2023-11-28T11:39:38+00:00\",\"mainEntityOfPage\":{\"@id\":\"https:\\\/\\\/www.itakaescolapios.org\\\/eu\\\/2012\\\/09\\\/bafia-comienzo-del-ano-escolar-2012-13-este-3-de-septiembre-de-2012-marca-el-principio-de-un-nuevo-curso-escolar-en-camerun\\\/\"},\"wordCount\":177,\"publisher\":{\"@id\":\"https:\\\/\\\/www.itakaescolapios.org\\\/es\\\/#organization\"},\"image\":{\"@id\":\"https:\\\/\\\/www.itakaescolapios.org\\\/eu\\\/2012\\\/09\\\/bafia-comienzo-del-ano-escolar-2012-13-este-3-de-septiembre-de-2012-marca-el-principio-de-un-nuevo-curso-escolar-en-camerun\\\/#primaryimage\"},\"thumbnailUrl\":\"https:\\\/\\\/www.itakaescolapios.org\\\/wp-content\\\/uploads\\\/2012\\\/09\\\/NI\u00d1OS1.jpg\",\"articleSection\":[\"Kamerun\"],\"inLanguage\":\"eu\"},{\"@type\":\"WebPage\",\"@id\":\"https:\\\/\\\/www.itakaescolapios.org\\\/eu\\\/2012\\\/09\\\/bafia-comienzo-del-ano-escolar-2012-13-este-3-de-septiembre-de-2012-marca-el-principio-de-un-nuevo-curso-escolar-en-camerun\\\/\",\"url\":\"https:\\\/\\\/www.itakaescolapios.org\\\/eu\\\/2012\\\/09\\\/bafia-comienzo-del-ano-escolar-2012-13-este-3-de-septiembre-de-2012-marca-el-principio-de-un-nuevo-curso-escolar-en-camerun\\\/\",\"name\":\"Bafia - Comienzo del a\u00f1o escolar 2012-13. Este 3 de septiembre de 2012 marca el principio de un nuevo curso escolar en Camer\u00fan. - Itaka-Escolapios\",\"isPartOf\":{\"@id\":\"https:\\\/\\\/www.itakaescolapios.org\\\/es\\\/#website\"},\"primaryImageOfPage\":{\"@id\":\"https:\\\/\\\/www.itakaescolapios.org\\\/eu\\\/2012\\\/09\\\/bafia-comienzo-del-ano-escolar-2012-13-este-3-de-septiembre-de-2012-marca-el-principio-de-un-nuevo-curso-escolar-en-camerun\\\/#primaryimage\"},\"image\":{\"@id\":\"https:\\\/\\\/www.itakaescolapios.org\\\/eu\\\/2012\\\/09\\\/bafia-comienzo-del-ano-escolar-2012-13-este-3-de-septiembre-de-2012-marca-el-principio-de-un-nuevo-curso-escolar-en-camerun\\\/#primaryimage\"},\"thumbnailUrl\":\"https:\\\/\\\/www.itakaescolapios.org\\\/wp-content\\\/uploads\\\/2012\\\/09\\\/NI\u00d1OS1.jpg\",\"datePublished\":\"2012-09-03T14:39:23+00:00\",\"dateModified\":\"2023-11-28T11:39:38+00:00\",\"breadcrumb\":{\"@id\":\"https:\\\/\\\/www.itakaescolapios.org\\\/eu\\\/2012\\\/09\\\/bafia-comienzo-del-ano-escolar-2012-13-este-3-de-septiembre-de-2012-marca-el-principio-de-un-nuevo-curso-escolar-en-camerun\\\/#breadcrumb\"},\"inLanguage\":\"eu\",\"potentialAction\":[{\"@type\":\"ReadAction\",\"target\":[\"https:\\\/\\\/www.itakaescolapios.org\\\/eu\\\/2012\\\/09\\\/bafia-comienzo-del-ano-escolar-2012-13-este-3-de-septiembre-de-2012-marca-el-principio-de-un-nuevo-curso-escolar-en-camerun\\\/\"]}]},{\"@type\":\"ImageObject\",\"inLanguage\":\"eu\",\"@id\":\"https:\\\/\\\/www.itakaescolapios.org\\\/eu\\\/2012\\\/09\\\/bafia-comienzo-del-ano-escolar-2012-13-este-3-de-septiembre-de-2012-marca-el-principio-de-un-nuevo-curso-escolar-en-camerun\\\/#primaryimage\",\"url\":\"https:\\\/\\\/www.itakaescolapios.org\\\/wp-content\\\/uploads\\\/2012\\\/09\\\/NI\u00d1OS1.jpg\",\"contentUrl\":\"https:\\\/\\\/www.itakaescolapios.org\\\/wp-content\\\/uploads\\\/2012\\\/09\\\/NI\u00d1OS1.jpg\",\"width\":\"1299\",\"height\":\"975\"},{\"@type\":\"BreadcrumbList\",\"@id\":\"https:\\\/\\\/www.itakaescolapios.org\\\/eu\\\/2012\\\/09\\\/bafia-comienzo-del-ano-escolar-2012-13-este-3-de-septiembre-de-2012-marca-el-principio-de-un-nuevo-curso-escolar-en-camerun\\\/#breadcrumb\",\"itemListElement\":[{\"@type\":\"ListItem\",\"position\":1,\"name\":\"Itaka-Escolapios\",\"item\":\"https:\\\/\\\/www.itakaescolapios.org\\\/es\\\/\"},{\"@type\":\"ListItem\",\"position\":2,\"name\":\"Bafia - Comienzo del a\u00f1o escolar 2012-13. Este 3 de septiembre de 2012 marca el principio de un nuevo curso escolar en Camer\u00fan.\"}]},{\"@type\":\"WebSite\",\"@id\":\"https:\\\/\\\/www.itakaescolapios.org\\\/eu\\\/es\\\/#website\",\"url\":\"https:\\\/\\\/www.itakaescolapios.org\\\/eu\\\/es\\\/\",\"name\":\"Itaka-Escolapios\",\"description\":\"Red de Itaka-Escolapios\",\"publisher\":{\"@id\":\"https:\\\/\\\/www.itakaescolapios.org\\\/eu\\\/es\\\/#organization\"},\"potentialAction\":[{\"@type\":\"SearchAction\",\"target\":{\"@type\":\"EntryPoint\",\"urlTemplate\":\"https:\\\/\\\/www.itakaescolapios.org\\\/eu\\\/es\\\/?s={search_term_string}\"},\"query-input\":{\"@type\":\"PropertyValueSpecification\",\"valueRequired\":true,\"valueName\":\"search_term_string\"}}],\"inLanguage\":\"eu\"},{\"@type\":\"Organization\",\"@id\":\"https:\\\/\\\/www.itakaescolapios.org\\\/eu\\\/es\\\/#organization\",\"name\":\"Fundaci\u00f3 Itaka-Escolapios\",\"url\":\"https:\\\/\\\/www.itakaescolapios.org\\\/eu\\\/es\\\/\",\"logo\":{\"@type\":\"ImageObject\",\"inLanguage\":\"eu\",\"@id\":\"https:\\\/\\\/www.itakaescolapios.org\\\/eu\\\/es\\\/#\\\/schema\\\/logo\\\/image\\\/\",\"url\":\"https:\\\/\\\/www.itakaescolapios.org\\\/wp-content\\\/uploads\\\/2024\\\/04\\\/Logo-itakaescolapios-peque.png\",\"contentUrl\":\"https:\\\/\\\/www.itakaescolapios.org\\\/wp-content\\\/uploads\\\/2024\\\/04\\\/Logo-itakaescolapios-peque.png\",\"width\":500,\"height\":199,\"caption\":\"Fundaci\u00f3 Itaka-Escolapios\"},\"image\":{\"@id\":\"https:\\\/\\\/www.itakaescolapios.org\\\/eu\\\/es\\\/#\\\/schema\\\/logo\\\/image\\\/\"}},{\"@type\":\"Person\",\"@id\":\"https:\\\/\\\/www.itakaescolapios.org\\\/es\\\/#\\\/schema\\\/person\\\/d5b530ea20cbfbbd734611b2591f590c\",\"name\":\"Bilbao\",\"url\":\"https:\\\/\\\/www.itakaescolapios.org\\\/eu\\\/author\\\/bilbao\\\/\"}]}<\/script>\n<!-- \/ Yoast SEO plugin. -->","yoast_head_json":{"title":"Bafia - Comienzo del a\u00f1o escolar 2012-13. Este 3 de septiembre de 2012 marca el principio de un nuevo curso escolar en Camer\u00fan.","description":"Nuestra escuela de Bafia, como todos los dem\u00e1s centros escolares del pa\u00eds, reabri\u00f3 sus puertas. En este quinto a\u00f1o de existencia el Complejo Escolar Cat\u00f3lico Biling\u00fce Integral Calasanz (COSCABIC) acoge ya m\u00e1s de 600 chicas y chicos de esta localidad. As\u00ed como aspectos a destacar, se\u00f1alemos que el muro perimetral ha sido construido gracias a&hellip;","robots":{"index":"index","follow":"follow","max-snippet":"max-snippet:-1","max-image-preview":"max-image-preview:large","max-video-preview":"max-video-preview:-1"},"canonical":"Nuestra escuela de Bafia, como todos los dem\u00e1s centros escolares del pa\u00eds, reabri\u00f3 sus puertas. En este quinto a\u00f1o de existencia el Complejo Escolar Cat\u00f3lico Biling\u00fce Integral Calasanz (COSCABIC) acoge ya m\u00e1s de 600 chicas y chicos de esta localidad. As\u00ed como aspectos a destacar, se\u00f1alemos que el muro perimetral ha sido construido gracias a&hellip;","og_locale":"en_US","og_type":"article","og_title":"Bafia - Comienzo del a\u00f1o escolar 2012-13. Este 3 de septiembre de 2012 marca el principio de un nuevo curso escolar en Camer\u00fan.","og_description":"Nuestra escuela de Bafia, como todos los dem\u00e1s centros escolares del pa\u00eds, reabri\u00f3 sus puertas. En este quinto a\u00f1o de existencia el Complejo Escolar Cat\u00f3lico Biling\u00fce Integral Calasanz (COSCABIC) acoge ya m\u00e1s de 600 chicas y chicos de esta localidad. As\u00ed como aspectos a destacar, se\u00f1alemos que el muro perimetral ha sido construido gracias a&hellip;","og_url":"https:\/\/www.itakaescolapios.org\/eu\/2012\/09\/bafia-comienzo-del-ano-escolar-2012-13-este-3-de-septiembre-de-2012-marca-el-principio-de-un-nuevo-curso-escolar-en-camerun\/","og_site_name":"Itaka-Escolapios","article_published_time":"2012-09-03T14:39:23+00:00","article_modified_time":"2023-11-28T11:39:38+00:00","og_image":[{"width":1299,"height":975,"url":"https:\/\/www.itakaescolapios.org\/wp-content\/uploads\/2012\/09\/NI\u00d1OS1.jpg","type":"image\/jpeg"}],"author":"Bilbao","twitter_card":"summary_large_image","twitter_misc":{"Written by":"Bilbao","Est. reading time":"1 minutua"},"schema":{"@context":"https:\/\/schema.org","@graph":[{"@type":"Article","@id":"https:\/\/www.itakaescolapios.org\/eu\/2012\/09\/bafia-comienzo-del-ano-escolar-2012-13-este-3-de-septiembre-de-2012-marca-el-principio-de-un-nuevo-curso-escolar-en-camerun\/#article","isPartOf":{"@id":"https:\/\/www.itakaescolapios.org\/eu\/2012\/09\/bafia-comienzo-del-ano-escolar-2012-13-este-3-de-septiembre-de-2012-marca-el-principio-de-un-nuevo-curso-escolar-en-camerun\/"},"author":{"name":"Bilbao","@id":"https:\/\/www.itakaescolapios.org\/es\/#\/schema\/person\/d5b530ea20cbfbbd734611b2591f590c"},"headline":"Bafia - Comienzo del a\u00f1o escolar 2012-13. Este 3 de septiembre de 2012 marca el principio de un nuevo curso escolar en Camer\u00fan.","datePublished":"2012-09-03T14:39:23+00:00","dateModified":"2023-11-28T11:39:38+00:00","mainEntityOfPage":{"@id":"https:\/\/www.itakaescolapios.org\/eu\/2012\/09\/bafia-comienzo-del-ano-escolar-2012-13-este-3-de-septiembre-de-2012-marca-el-principio-de-un-nuevo-curso-escolar-en-camerun\/"},"wordCount":177,"publisher":{"@id":"https:\/\/www.itakaescolapios.org\/es\/#organization"},"image":{"@id":"https:\/\/www.itakaescolapios.org\/eu\/2012\/09\/bafia-comienzo-del-ano-escolar-2012-13-este-3-de-septiembre-de-2012-marca-el-principio-de-un-nuevo-curso-escolar-en-camerun\/#primaryimage"},"thumbnailUrl":"https:\/\/www.itakaescolapios.org\/wp-content\/uploads\/2012\/09\/NI\u00d1OS1.jpg","articleSection":["Kamerun"],"inLanguage":"eu"},{"@type":"WebPage","@id":"https:\/\/www.itakaescolapios.org\/eu\/2012\/09\/bafia-comienzo-del-ano-escolar-2012-13-este-3-de-septiembre-de-2012-marca-el-principio-de-un-nuevo-curso-escolar-en-camerun\/","url":"https:\/\/www.itakaescolapios.org\/eu\/2012\/09\/bafia-comienzo-del-ano-escolar-2012-13-este-3-de-septiembre-de-2012-marca-el-principio-de-un-nuevo-curso-escolar-en-camerun\/","name":"Bafia - Comienzo del a\u00f1o escolar 2012-13. Este 3 de septiembre de 2012 marca el principio de un nuevo curso escolar en Camer\u00fan. - Itaka-Escolapios","isPartOf":{"@id":"https:\/\/www.itakaescolapios.org\/es\/#website"},"primaryImageOfPage":{"@id":"https:\/\/www.itakaescolapios.org\/eu\/2012\/09\/bafia-comienzo-del-ano-escolar-2012-13-este-3-de-septiembre-de-2012-marca-el-principio-de-un-nuevo-curso-escolar-en-camerun\/#primaryimage"},"image":{"@id":"https:\/\/www.itakaescolapios.org\/eu\/2012\/09\/bafia-comienzo-del-ano-escolar-2012-13-este-3-de-septiembre-de-2012-marca-el-principio-de-un-nuevo-curso-escolar-en-camerun\/#primaryimage"},"thumbnailUrl":"https:\/\/www.itakaescolapios.org\/wp-content\/uploads\/2012\/09\/NI\u00d1OS1.jpg","datePublished":"2012-09-03T14:39:23+00:00","dateModified":"2023-11-28T11:39:38+00:00","breadcrumb":{"@id":"https:\/\/www.itakaescolapios.org\/eu\/2012\/09\/bafia-comienzo-del-ano-escolar-2012-13-este-3-de-septiembre-de-2012-marca-el-principio-de-un-nuevo-curso-escolar-en-camerun\/#breadcrumb"},"inLanguage":"eu","potentialAction":[{"@type":"ReadAction","target":["https:\/\/www.itakaescolapios.org\/eu\/2012\/09\/bafia-comienzo-del-ano-escolar-2012-13-este-3-de-septiembre-de-2012-marca-el-principio-de-un-nuevo-curso-escolar-en-camerun\/"]}]},{"@type":"ImageObject","inLanguage":"eu","@id":"https:\/\/www.itakaescolapios.org\/eu\/2012\/09\/bafia-comienzo-del-ano-escolar-2012-13-este-3-de-septiembre-de-2012-marca-el-principio-de-un-nuevo-curso-escolar-en-camerun\/#primaryimage","url":"https:\/\/www.itakaescolapios.org\/wp-content\/uploads\/2012\/09\/NI\u00d1OS1.jpg","contentUrl":"https:\/\/www.itakaescolapios.org\/wp-content\/uploads\/2012\/09\/NI\u00d1OS1.jpg","width":"1299","height":"975"},{"@type":"BreadcrumbList","@id":"https:\/\/www.itakaescolapios.org\/eu\/2012\/09\/bafia-comienzo-del-ano-escolar-2012-13-este-3-de-septiembre-de-2012-marca-el-principio-de-un-nuevo-curso-escolar-en-camerun\/#breadcrumb","itemListElement":[{"@type":"ListItem","position":1,"name":"Itaka-Escolapios","item":"https:\/\/www.itakaescolapios.org\/es\/"},{"@type":"ListItem","position":2,"name":"Bafia - Comienzo del a\u00f1o escolar 2012-13. Este 3 de septiembre de 2012 marca el principio de un nuevo curso escolar en Camer\u00fan."}]},{"@type":"WebSite","@id":"https:\/\/www.itakaescolapios.org\/eu\/es\/#website","url":"https:\/\/www.itakaescolapios.org\/eu\/es\/","name":"Itaka-Escolapios","description":"Red de Itaka-Escolapios","publisher":{"@id":"https:\/\/www.itakaescolapios.org\/eu\/es\/#organization"},"potentialAction":[{"@type":"SearchAction","target":{"@type":"EntryPoint","urlTemplate":"https:\/\/www.itakaescolapios.org\/eu\/es\/?s={search_term_string}"},"query-input":{"@type":"PropertyValueSpecification","valueRequired":true,"valueName":"search_term_string"}}],"inLanguage":"eu"},{"@type":"Organization","@id":"https:\/\/www.itakaescolapios.org\/eu\/es\/#organization","name":"Fundaci\u00f3 Itaka-Escolapios","url":"https:\/\/www.itakaescolapios.org\/eu\/es\/","logo":{"@type":"ImageObject","inLanguage":"eu","@id":"https:\/\/www.itakaescolapios.org\/eu\/es\/#\/schema\/logo\/image\/","url":"https:\/\/www.itakaescolapios.org\/wp-content\/uploads\/2024\/04\/Logo-itakaescolapios-peque.png","contentUrl":"https:\/\/www.itakaescolapios.org\/wp-content\/uploads\/2024\/04\/Logo-itakaescolapios-peque.png","width":500,"height":199,"caption":"Fundaci\u00f3 Itaka-Escolapios"},"image":{"@id":"https:\/\/www.itakaescolapios.org\/eu\/es\/#\/schema\/logo\/image\/"}},{"@type":"Person","@id":"https:\/\/www.itakaescolapios.org\/es\/#\/schema\/person\/d5b530ea20cbfbbd734611b2591f590c","name":"Bilbao","url":"https:\/\/www.itakaescolapios.org\/eu\/author\/bilbao\/"}]}},"_links":{"self":[{"href":"https:\/\/www.itakaescolapios.org\/eu\/wp-json\/wp\/v2\/posts\/3046","targetHints":{"allow":["GET"]}}],"collection":[{"href":"https:\/\/www.itakaescolapios.org\/eu\/wp-json\/wp\/v2\/posts"}],"about":[{"href":"https:\/\/www.itakaescolapios.org\/eu\/wp-json\/wp\/v2\/types\/post"}],"author":[{"embeddable":true,"href":"https:\/\/www.itakaescolapios.org\/eu\/wp-json\/wp\/v2\/users\/3"}],"replies":[{"embeddable":true,"href":"https:\/\/www.itakaescolapios.org\/eu\/wp-json\/wp\/v2\/comments?post=3046"}],"version-history":[{"count":4,"href":"https:\/\/www.itakaescolapios.org\/eu\/wp-json\/wp\/v2\/posts\/3046\/revisions"}],"predecessor-version":[{"id":50038,"href":"https:\/\/www.itakaescolapios.org\/eu\/wp-json\/wp\/v2\/posts\/3046\/revisions\/50038"}],"wp:featuredmedia":[{"embeddable":true,"href":"https:\/\/www.itakaescolapios.org\/eu\/wp-json\/wp\/v2\/media\/3047"}],"wp:attachment":[{"href":"https:\/\/www.itakaescolapios.org\/eu\/wp-json\/wp\/v2\/media?parent=3046"}],"wp:term":[{"taxonomy":"category","embeddable":true,"href":"https:\/\/www.itakaescolapios.org\/eu\/wp-json\/wp\/v2\/categories?post=3046"},{"taxonomy":"post_tag","embeddable":true,"href":"https:\/\/www.itakaescolapios.org\/eu\/wp-json\/wp\/v2\/tags?post=3046"}],"curies":[{"name":"wp","href":"https:\/\/api.w.org\/{rel}","templated":true}]}}