{"id":3049,"date":"2012-09-03T15:41:03","date_gmt":"2012-09-03T14:41:03","guid":{"rendered":"https:\/\/www.itakaescolapios.org\/?p=3049"},"modified":"2023-11-28T12:39:38","modified_gmt":"2023-11-28T11:39:38","slug":"bamendjou-inicio-del-curso-escolar-las-escuelas-escolapias-de-bamendjou-empezaron-un-nuevo-curso-escolar-este-3-de-septiembre-de-2012","status":"publish","type":"post","link":"https:\/\/www.itakaescolapios.org\/eu\/2012\/09\/bamendjou-inicio-del-curso-escolar-las-escuelas-escolapias-de-bamendjou-empezaron-un-nuevo-curso-escolar-este-3-de-septiembre-de-2012\/","title":{"rendered":"Bamendjou - Inicio del curso escolar. Las escuelas escolapias de Bamendjou empezaron un nuevo curso escolar este 3 de septiembre de 2012."},"content":{"rendered":"<p>El principal cambio se sit\u00faa al nivel de la escuela San Fabi\u00e1n de Mboum; con el fin de las obras de reconstrucci\u00f3n, alumnos y profesores ahora trabajan en un ambiente digno; quedan s\u00f3lo algunos arreglos sencillos. Muchas gracias a todas las personas e instituciones que han apoyado esta mejora importante.<\/p>\n<p>De manera general, todas las seis escuelas reabrieron sus puertas sin problema destacado, como pudieron comprobarlo los diferentes servicios locales del Ministerio de Educaci\u00f3n B\u00e1sica en su visita en este comienzo de a\u00f1o acad\u00e9mico.<\/p>\n","protected":false},"excerpt":{"rendered":"<p>El principal cambio se sit\u00faa al nivel de la escuela San Fabi\u00e1n de Mboum; con el fin de las obras de reconstrucci\u00f3n, alumnos y profesores ahora trabajan en un ambiente [&hellip;]<\/p>\n","protected":false},"author":3,"featured_media":3050,"comment_status":"closed","ping_status":"closed","sticky":false,"template":"","format":"standard","meta":{"_et_pb_use_builder":"","_et_pb_old_content":"","_et_gb_content_width":"","footnotes":""},"categories":[10],"tags":[],"class_list":["post-3049","post","type-post","status-publish","format-standard","has-post-thumbnail","hentry","category-camerun"],"yoast_head":"<!-- This site is optimized with the Yoast SEO plugin v27.4 - https:\/\/yoast.com\/product\/yoast-seo-wordpress\/ -->\n<title>Bamendjou - Inicio del curso escolar. Las escuelas escolapias de Bamendjou empezaron un nuevo curso escolar este 3 de septiembre de 2012.<\/title>\n<meta name=\"description\" content=\"El principal cambio se sit\u00faa al nivel de la escuela San Fabi\u00e1n de Mboum; con el fin de las obras de reconstrucci\u00f3n, alumnos y profesores ahora trabajan en un ambiente digno; quedan s\u00f3lo algunos arreglos sencillos. Muchas gracias a todas las personas e instituciones que han apoyado esta mejora importante. De manera general, todas las&hellip;\" \/>\n<meta name=\"robots\" content=\"index, follow, max-snippet:-1, max-image-preview:large, max-video-preview:-1\" \/>\n<link rel=\"canonical\" href=\"http:\/\/El%20principal%20cambio%20se%20sit\u00faa%20al%20nivel%20de%20la%20escuela%20San%20Fabi\u00e1n%20de%20Mboum;%20con%20el%20fin%20de%20las%20obras%20de%20reconstrucci\u00f3n,%20alumnos%20y%20profesores%20ahora%20trabajan%20en%20un%20ambiente%20digno;%20quedan%20s\u00f3lo%20algunos%20arreglos%20sencillos.%20Muchas%20gracias%20a%20todas%20las%20personas%20e%20instituciones%20que%20han%20apoyado%20esta%20mejora%20importante.%20De%20manera%20general,%20todas%20las&hellip;\" \/>\n<meta property=\"og:locale\" content=\"en_US\" \/>\n<meta property=\"og:type\" content=\"article\" \/>\n<meta property=\"og:title\" content=\"Bamendjou - Inicio del curso escolar. Las escuelas escolapias de Bamendjou empezaron un nuevo curso escolar este 3 de septiembre de 2012.\" \/>\n<meta property=\"og:description\" content=\"El principal cambio se sit\u00faa al nivel de la escuela San Fabi\u00e1n de Mboum; con el fin de las obras de reconstrucci\u00f3n, alumnos y profesores ahora trabajan en un ambiente digno; quedan s\u00f3lo algunos arreglos sencillos. Muchas gracias a todas las personas e instituciones que han apoyado esta mejora importante. De manera general, todas las&hellip;\" \/>\n<meta property=\"og:url\" content=\"https:\/\/www.itakaescolapios.org\/eu\/2012\/09\/bamendjou-inicio-del-curso-escolar-las-escuelas-escolapias-de-bamendjou-empezaron-un-nuevo-curso-escolar-este-3-de-septiembre-de-2012\/\" \/>\n<meta property=\"og:site_name\" content=\"Itaka-Escolapios\" \/>\n<meta property=\"article:published_time\" content=\"2012-09-03T14:41:03+00:00\" \/>\n<meta property=\"article:modified_time\" content=\"2023-11-28T11:39:38+00:00\" \/>\n<meta property=\"og:image\" content=\"https:\/\/www.itakaescolapios.org\/wp-content\/uploads\/2012\/09\/BAMENDJOU.jpg\" \/>\n\t<meta property=\"og:image:width\" content=\"1024\" \/>\n\t<meta property=\"og:image:height\" content=\"768\" \/>\n\t<meta property=\"og:image:type\" content=\"image\/jpeg\" \/>\n<meta name=\"author\" content=\"Bilbao\" \/>\n<meta name=\"twitter:card\" content=\"summary_large_image\" \/>\n<meta name=\"twitter:label1\" content=\"Written by\" \/>\n\t<meta name=\"twitter:data1\" content=\"Bilbao\" \/>\n<script type=\"application\/ld+json\" class=\"yoast-schema-graph\">{\"@context\":\"https:\\\/\\\/schema.org\",\"@graph\":[{\"@type\":\"Article\",\"@id\":\"https:\\\/\\\/www.itakaescolapios.org\\\/eu\\\/2012\\\/09\\\/bamendjou-inicio-del-curso-escolar-las-escuelas-escolapias-de-bamendjou-empezaron-un-nuevo-curso-escolar-este-3-de-septiembre-de-2012\\\/#article\",\"isPartOf\":{\"@id\":\"https:\\\/\\\/www.itakaescolapios.org\\\/eu\\\/2012\\\/09\\\/bamendjou-inicio-del-curso-escolar-las-escuelas-escolapias-de-bamendjou-empezaron-un-nuevo-curso-escolar-este-3-de-septiembre-de-2012\\\/\"},\"author\":{\"name\":\"Bilbao\",\"@id\":\"https:\\\/\\\/www.itakaescolapios.org\\\/es\\\/#\\\/schema\\\/person\\\/d5b530ea20cbfbbd734611b2591f590c\"},\"headline\":\"Bamendjou - Inicio del curso escolar. Las escuelas escolapias de Bamendjou empezaron un nuevo curso escolar este 3 de septiembre de 2012.\",\"datePublished\":\"2012-09-03T14:41:03+00:00\",\"dateModified\":\"2023-11-28T11:39:38+00:00\",\"mainEntityOfPage\":{\"@id\":\"https:\\\/\\\/www.itakaescolapios.org\\\/eu\\\/2012\\\/09\\\/bamendjou-inicio-del-curso-escolar-las-escuelas-escolapias-de-bamendjou-empezaron-un-nuevo-curso-escolar-este-3-de-septiembre-de-2012\\\/\"},\"wordCount\":112,\"publisher\":{\"@id\":\"https:\\\/\\\/www.itakaescolapios.org\\\/es\\\/#organization\"},\"image\":{\"@id\":\"https:\\\/\\\/www.itakaescolapios.org\\\/eu\\\/2012\\\/09\\\/bamendjou-inicio-del-curso-escolar-las-escuelas-escolapias-de-bamendjou-empezaron-un-nuevo-curso-escolar-este-3-de-septiembre-de-2012\\\/#primaryimage\"},\"thumbnailUrl\":\"https:\\\/\\\/www.itakaescolapios.org\\\/wp-content\\\/uploads\\\/2012\\\/09\\\/BAMENDJOU.jpg\",\"articleSection\":[\"Kamerun\"],\"inLanguage\":\"eu\"},{\"@type\":\"WebPage\",\"@id\":\"https:\\\/\\\/www.itakaescolapios.org\\\/eu\\\/2012\\\/09\\\/bamendjou-inicio-del-curso-escolar-las-escuelas-escolapias-de-bamendjou-empezaron-un-nuevo-curso-escolar-este-3-de-septiembre-de-2012\\\/\",\"url\":\"https:\\\/\\\/www.itakaescolapios.org\\\/eu\\\/2012\\\/09\\\/bamendjou-inicio-del-curso-escolar-las-escuelas-escolapias-de-bamendjou-empezaron-un-nuevo-curso-escolar-este-3-de-septiembre-de-2012\\\/\",\"name\":\"Bamendjou - Inicio del curso escolar. Las escuelas escolapias de Bamendjou empezaron un nuevo curso escolar este 3 de septiembre de 2012. - Itaka-Escolapios\",\"isPartOf\":{\"@id\":\"https:\\\/\\\/www.itakaescolapios.org\\\/es\\\/#website\"},\"primaryImageOfPage\":{\"@id\":\"https:\\\/\\\/www.itakaescolapios.org\\\/eu\\\/2012\\\/09\\\/bamendjou-inicio-del-curso-escolar-las-escuelas-escolapias-de-bamendjou-empezaron-un-nuevo-curso-escolar-este-3-de-septiembre-de-2012\\\/#primaryimage\"},\"image\":{\"@id\":\"https:\\\/\\\/www.itakaescolapios.org\\\/eu\\\/2012\\\/09\\\/bamendjou-inicio-del-curso-escolar-las-escuelas-escolapias-de-bamendjou-empezaron-un-nuevo-curso-escolar-este-3-de-septiembre-de-2012\\\/#primaryimage\"},\"thumbnailUrl\":\"https:\\\/\\\/www.itakaescolapios.org\\\/wp-content\\\/uploads\\\/2012\\\/09\\\/BAMENDJOU.jpg\",\"datePublished\":\"2012-09-03T14:41:03+00:00\",\"dateModified\":\"2023-11-28T11:39:38+00:00\",\"breadcrumb\":{\"@id\":\"https:\\\/\\\/www.itakaescolapios.org\\\/eu\\\/2012\\\/09\\\/bamendjou-inicio-del-curso-escolar-las-escuelas-escolapias-de-bamendjou-empezaron-un-nuevo-curso-escolar-este-3-de-septiembre-de-2012\\\/#breadcrumb\"},\"inLanguage\":\"eu\",\"potentialAction\":[{\"@type\":\"ReadAction\",\"target\":[\"https:\\\/\\\/www.itakaescolapios.org\\\/eu\\\/2012\\\/09\\\/bamendjou-inicio-del-curso-escolar-las-escuelas-escolapias-de-bamendjou-empezaron-un-nuevo-curso-escolar-este-3-de-septiembre-de-2012\\\/\"]}]},{\"@type\":\"ImageObject\",\"inLanguage\":\"eu\",\"@id\":\"https:\\\/\\\/www.itakaescolapios.org\\\/eu\\\/2012\\\/09\\\/bamendjou-inicio-del-curso-escolar-las-escuelas-escolapias-de-bamendjou-empezaron-un-nuevo-curso-escolar-este-3-de-septiembre-de-2012\\\/#primaryimage\",\"url\":\"https:\\\/\\\/www.itakaescolapios.org\\\/wp-content\\\/uploads\\\/2012\\\/09\\\/BAMENDJOU.jpg\",\"contentUrl\":\"https:\\\/\\\/www.itakaescolapios.org\\\/wp-content\\\/uploads\\\/2012\\\/09\\\/BAMENDJOU.jpg\",\"width\":\"1024\",\"height\":\"768\"},{\"@type\":\"BreadcrumbList\",\"@id\":\"https:\\\/\\\/www.itakaescolapios.org\\\/eu\\\/2012\\\/09\\\/bamendjou-inicio-del-curso-escolar-las-escuelas-escolapias-de-bamendjou-empezaron-un-nuevo-curso-escolar-este-3-de-septiembre-de-2012\\\/#breadcrumb\",\"itemListElement\":[{\"@type\":\"ListItem\",\"position\":1,\"name\":\"Itaka-Escolapios\",\"item\":\"https:\\\/\\\/www.itakaescolapios.org\\\/es\\\/\"},{\"@type\":\"ListItem\",\"position\":2,\"name\":\"Bamendjou - Inicio del curso escolar. Las escuelas escolapias de Bamendjou empezaron un nuevo curso escolar este 3 de septiembre de 2012.\"}]},{\"@type\":\"WebSite\",\"@id\":\"https:\\\/\\\/www.itakaescolapios.org\\\/eu\\\/es\\\/#website\",\"url\":\"https:\\\/\\\/www.itakaescolapios.org\\\/eu\\\/es\\\/\",\"name\":\"Itaka-Escolapios\",\"description\":\"Red de Itaka-Escolapios\",\"publisher\":{\"@id\":\"https:\\\/\\\/www.itakaescolapios.org\\\/eu\\\/es\\\/#organization\"},\"potentialAction\":[{\"@type\":\"SearchAction\",\"target\":{\"@type\":\"EntryPoint\",\"urlTemplate\":\"https:\\\/\\\/www.itakaescolapios.org\\\/eu\\\/es\\\/?s={search_term_string}\"},\"query-input\":{\"@type\":\"PropertyValueSpecification\",\"valueRequired\":true,\"valueName\":\"search_term_string\"}}],\"inLanguage\":\"eu\"},{\"@type\":\"Organization\",\"@id\":\"https:\\\/\\\/www.itakaescolapios.org\\\/eu\\\/es\\\/#organization\",\"name\":\"Fundaci\u00f3 Itaka-Escolapios\",\"url\":\"https:\\\/\\\/www.itakaescolapios.org\\\/eu\\\/es\\\/\",\"logo\":{\"@type\":\"ImageObject\",\"inLanguage\":\"eu\",\"@id\":\"https:\\\/\\\/www.itakaescolapios.org\\\/eu\\\/es\\\/#\\\/schema\\\/logo\\\/image\\\/\",\"url\":\"https:\\\/\\\/www.itakaescolapios.org\\\/wp-content\\\/uploads\\\/2024\\\/04\\\/Logo-itakaescolapios-peque.png\",\"contentUrl\":\"https:\\\/\\\/www.itakaescolapios.org\\\/wp-content\\\/uploads\\\/2024\\\/04\\\/Logo-itakaescolapios-peque.png\",\"width\":500,\"height\":199,\"caption\":\"Fundaci\u00f3 Itaka-Escolapios\"},\"image\":{\"@id\":\"https:\\\/\\\/www.itakaescolapios.org\\\/eu\\\/es\\\/#\\\/schema\\\/logo\\\/image\\\/\"}},{\"@type\":\"Person\",\"@id\":\"https:\\\/\\\/www.itakaescolapios.org\\\/es\\\/#\\\/schema\\\/person\\\/d5b530ea20cbfbbd734611b2591f590c\",\"name\":\"Bilbao\",\"url\":\"https:\\\/\\\/www.itakaescolapios.org\\\/eu\\\/author\\\/bilbao\\\/\"}]}<\/script>\n<!-- \/ Yoast SEO plugin. -->","yoast_head_json":{"title":"Bamendjou - Inicio del curso escolar. Las escuelas escolapias de Bamendjou empezaron un nuevo curso escolar este 3 de septiembre de 2012.","description":"El principal cambio se sit\u00faa al nivel de la escuela San Fabi\u00e1n de Mboum; con el fin de las obras de reconstrucci\u00f3n, alumnos y profesores ahora trabajan en un ambiente digno; quedan s\u00f3lo algunos arreglos sencillos. Muchas gracias a todas las personas e instituciones que han apoyado esta mejora importante. De manera general, todas las&hellip;","robots":{"index":"index","follow":"follow","max-snippet":"max-snippet:-1","max-image-preview":"max-image-preview:large","max-video-preview":"max-video-preview:-1"},"canonical":"El principal cambio se sit\u00faa al nivel de la escuela San Fabi\u00e1n de Mboum; con el fin de las obras de reconstrucci\u00f3n, alumnos y profesores ahora trabajan en un ambiente digno; quedan s\u00f3lo algunos arreglos sencillos. Muchas gracias a todas las personas e instituciones que han apoyado esta mejora importante. De manera general, todas las&hellip;","og_locale":"en_US","og_type":"article","og_title":"Bamendjou - Inicio del curso escolar. Las escuelas escolapias de Bamendjou empezaron un nuevo curso escolar este 3 de septiembre de 2012.","og_description":"El principal cambio se sit\u00faa al nivel de la escuela San Fabi\u00e1n de Mboum; con el fin de las obras de reconstrucci\u00f3n, alumnos y profesores ahora trabajan en un ambiente digno; quedan s\u00f3lo algunos arreglos sencillos. Muchas gracias a todas las personas e instituciones que han apoyado esta mejora importante. De manera general, todas las&hellip;","og_url":"https:\/\/www.itakaescolapios.org\/eu\/2012\/09\/bamendjou-inicio-del-curso-escolar-las-escuelas-escolapias-de-bamendjou-empezaron-un-nuevo-curso-escolar-este-3-de-septiembre-de-2012\/","og_site_name":"Itaka-Escolapios","article_published_time":"2012-09-03T14:41:03+00:00","article_modified_time":"2023-11-28T11:39:38+00:00","og_image":[{"width":1024,"height":768,"url":"https:\/\/www.itakaescolapios.org\/wp-content\/uploads\/2012\/09\/BAMENDJOU.jpg","type":"image\/jpeg"}],"author":"Bilbao","twitter_card":"summary_large_image","twitter_misc":{"Written by":"Bilbao"},"schema":{"@context":"https:\/\/schema.org","@graph":[{"@type":"Article","@id":"https:\/\/www.itakaescolapios.org\/eu\/2012\/09\/bamendjou-inicio-del-curso-escolar-las-escuelas-escolapias-de-bamendjou-empezaron-un-nuevo-curso-escolar-este-3-de-septiembre-de-2012\/#article","isPartOf":{"@id":"https:\/\/www.itakaescolapios.org\/eu\/2012\/09\/bamendjou-inicio-del-curso-escolar-las-escuelas-escolapias-de-bamendjou-empezaron-un-nuevo-curso-escolar-este-3-de-septiembre-de-2012\/"},"author":{"name":"Bilbao","@id":"https:\/\/www.itakaescolapios.org\/es\/#\/schema\/person\/d5b530ea20cbfbbd734611b2591f590c"},"headline":"Bamendjou - Inicio del curso escolar. Las escuelas escolapias de Bamendjou empezaron un nuevo curso escolar este 3 de septiembre de 2012.","datePublished":"2012-09-03T14:41:03+00:00","dateModified":"2023-11-28T11:39:38+00:00","mainEntityOfPage":{"@id":"https:\/\/www.itakaescolapios.org\/eu\/2012\/09\/bamendjou-inicio-del-curso-escolar-las-escuelas-escolapias-de-bamendjou-empezaron-un-nuevo-curso-escolar-este-3-de-septiembre-de-2012\/"},"wordCount":112,"publisher":{"@id":"https:\/\/www.itakaescolapios.org\/es\/#organization"},"image":{"@id":"https:\/\/www.itakaescolapios.org\/eu\/2012\/09\/bamendjou-inicio-del-curso-escolar-las-escuelas-escolapias-de-bamendjou-empezaron-un-nuevo-curso-escolar-este-3-de-septiembre-de-2012\/#primaryimage"},"thumbnailUrl":"https:\/\/www.itakaescolapios.org\/wp-content\/uploads\/2012\/09\/BAMENDJOU.jpg","articleSection":["Kamerun"],"inLanguage":"eu"},{"@type":"WebPage","@id":"https:\/\/www.itakaescolapios.org\/eu\/2012\/09\/bamendjou-inicio-del-curso-escolar-las-escuelas-escolapias-de-bamendjou-empezaron-un-nuevo-curso-escolar-este-3-de-septiembre-de-2012\/","url":"https:\/\/www.itakaescolapios.org\/eu\/2012\/09\/bamendjou-inicio-del-curso-escolar-las-escuelas-escolapias-de-bamendjou-empezaron-un-nuevo-curso-escolar-este-3-de-septiembre-de-2012\/","name":"Bamendjou - Inicio del curso escolar. Las escuelas escolapias de Bamendjou empezaron un nuevo curso escolar este 3 de septiembre de 2012. - Itaka-Escolapios","isPartOf":{"@id":"https:\/\/www.itakaescolapios.org\/es\/#website"},"primaryImageOfPage":{"@id":"https:\/\/www.itakaescolapios.org\/eu\/2012\/09\/bamendjou-inicio-del-curso-escolar-las-escuelas-escolapias-de-bamendjou-empezaron-un-nuevo-curso-escolar-este-3-de-septiembre-de-2012\/#primaryimage"},"image":{"@id":"https:\/\/www.itakaescolapios.org\/eu\/2012\/09\/bamendjou-inicio-del-curso-escolar-las-escuelas-escolapias-de-bamendjou-empezaron-un-nuevo-curso-escolar-este-3-de-septiembre-de-2012\/#primaryimage"},"thumbnailUrl":"https:\/\/www.itakaescolapios.org\/wp-content\/uploads\/2012\/09\/BAMENDJOU.jpg","datePublished":"2012-09-03T14:41:03+00:00","dateModified":"2023-11-28T11:39:38+00:00","breadcrumb":{"@id":"https:\/\/www.itakaescolapios.org\/eu\/2012\/09\/bamendjou-inicio-del-curso-escolar-las-escuelas-escolapias-de-bamendjou-empezaron-un-nuevo-curso-escolar-este-3-de-septiembre-de-2012\/#breadcrumb"},"inLanguage":"eu","potentialAction":[{"@type":"ReadAction","target":["https:\/\/www.itakaescolapios.org\/eu\/2012\/09\/bamendjou-inicio-del-curso-escolar-las-escuelas-escolapias-de-bamendjou-empezaron-un-nuevo-curso-escolar-este-3-de-septiembre-de-2012\/"]}]},{"@type":"ImageObject","inLanguage":"eu","@id":"https:\/\/www.itakaescolapios.org\/eu\/2012\/09\/bamendjou-inicio-del-curso-escolar-las-escuelas-escolapias-de-bamendjou-empezaron-un-nuevo-curso-escolar-este-3-de-septiembre-de-2012\/#primaryimage","url":"https:\/\/www.itakaescolapios.org\/wp-content\/uploads\/2012\/09\/BAMENDJOU.jpg","contentUrl":"https:\/\/www.itakaescolapios.org\/wp-content\/uploads\/2012\/09\/BAMENDJOU.jpg","width":"1024","height":"768"},{"@type":"BreadcrumbList","@id":"https:\/\/www.itakaescolapios.org\/eu\/2012\/09\/bamendjou-inicio-del-curso-escolar-las-escuelas-escolapias-de-bamendjou-empezaron-un-nuevo-curso-escolar-este-3-de-septiembre-de-2012\/#breadcrumb","itemListElement":[{"@type":"ListItem","position":1,"name":"Itaka-Escolapios","item":"https:\/\/www.itakaescolapios.org\/es\/"},{"@type":"ListItem","position":2,"name":"Bamendjou - Inicio del curso escolar. Las escuelas escolapias de Bamendjou empezaron un nuevo curso escolar este 3 de septiembre de 2012."}]},{"@type":"WebSite","@id":"https:\/\/www.itakaescolapios.org\/eu\/es\/#website","url":"https:\/\/www.itakaescolapios.org\/eu\/es\/","name":"Itaka-Escolapios","description":"Red de Itaka-Escolapios","publisher":{"@id":"https:\/\/www.itakaescolapios.org\/eu\/es\/#organization"},"potentialAction":[{"@type":"SearchAction","target":{"@type":"EntryPoint","urlTemplate":"https:\/\/www.itakaescolapios.org\/eu\/es\/?s={search_term_string}"},"query-input":{"@type":"PropertyValueSpecification","valueRequired":true,"valueName":"search_term_string"}}],"inLanguage":"eu"},{"@type":"Organization","@id":"https:\/\/www.itakaescolapios.org\/eu\/es\/#organization","name":"Fundaci\u00f3 Itaka-Escolapios","url":"https:\/\/www.itakaescolapios.org\/eu\/es\/","logo":{"@type":"ImageObject","inLanguage":"eu","@id":"https:\/\/www.itakaescolapios.org\/eu\/es\/#\/schema\/logo\/image\/","url":"https:\/\/www.itakaescolapios.org\/wp-content\/uploads\/2024\/04\/Logo-itakaescolapios-peque.png","contentUrl":"https:\/\/www.itakaescolapios.org\/wp-content\/uploads\/2024\/04\/Logo-itakaescolapios-peque.png","width":500,"height":199,"caption":"Fundaci\u00f3 Itaka-Escolapios"},"image":{"@id":"https:\/\/www.itakaescolapios.org\/eu\/es\/#\/schema\/logo\/image\/"}},{"@type":"Person","@id":"https:\/\/www.itakaescolapios.org\/es\/#\/schema\/person\/d5b530ea20cbfbbd734611b2591f590c","name":"Bilbao","url":"https:\/\/www.itakaescolapios.org\/eu\/author\/bilbao\/"}]}},"_links":{"self":[{"href":"https:\/\/www.itakaescolapios.org\/eu\/wp-json\/wp\/v2\/posts\/3049","targetHints":{"allow":["GET"]}}],"collection":[{"href":"https:\/\/www.itakaescolapios.org\/eu\/wp-json\/wp\/v2\/posts"}],"about":[{"href":"https:\/\/www.itakaescolapios.org\/eu\/wp-json\/wp\/v2\/types\/post"}],"author":[{"embeddable":true,"href":"https:\/\/www.itakaescolapios.org\/eu\/wp-json\/wp\/v2\/users\/3"}],"replies":[{"embeddable":true,"href":"https:\/\/www.itakaescolapios.org\/eu\/wp-json\/wp\/v2\/comments?post=3049"}],"version-history":[{"count":4,"href":"https:\/\/www.itakaescolapios.org\/eu\/wp-json\/wp\/v2\/posts\/3049\/revisions"}],"predecessor-version":[{"id":50036,"href":"https:\/\/www.itakaescolapios.org\/eu\/wp-json\/wp\/v2\/posts\/3049\/revisions\/50036"}],"wp:featuredmedia":[{"embeddable":true,"href":"https:\/\/www.itakaescolapios.org\/eu\/wp-json\/wp\/v2\/media\/3050"}],"wp:attachment":[{"href":"https:\/\/www.itakaescolapios.org\/eu\/wp-json\/wp\/v2\/media?parent=3049"}],"wp:term":[{"taxonomy":"category","embeddable":true,"href":"https:\/\/www.itakaescolapios.org\/eu\/wp-json\/wp\/v2\/categories?post=3049"},{"taxonomy":"post_tag","embeddable":true,"href":"https:\/\/www.itakaescolapios.org\/eu\/wp-json\/wp\/v2\/tags?post=3049"}],"curies":[{"name":"wp","href":"https:\/\/api.w.org\/{rel}","templated":true}]}}