{"id":325231,"date":"2024-02-14T12:05:51","date_gmt":"2024-02-14T11:05:51","guid":{"rendered":"https:\/\/www.itakaescolapios.org\/?p=43898"},"modified":"2025-03-07T18:28:27","modified_gmt":"2025-03-07T17:28:27","slug":"english-entering-lent-in-central-africa-ash-wednesday","status":"publish","type":"post","link":"https:\/\/www.itakaescolapios.org\/eu\/2024\/02\/english-entering-lent-in-central-africa-ash-wednesday\/","title":{"rendered":"Entrando en la Cuaresma en \u00c1frica Central: Mi\u00e9rcoles de Ceniza"},"content":{"rendered":"<p>Este mi\u00e9rcoles, 14 de febrero de 2024, marca el inicio de la Cuaresma en la Iglesia Cat\u00f3lica. Tambi\u00e9n conocido como Mi\u00e9rcoles de Ceniza, el 14 de febrero marca el inicio de la Cuaresma con la imposici\u00f3n de la ceniza. En las escuelas de la provincia centroafricana se celebraron misas en las que se invitaba a todos a la conversi\u00f3n, al cambio de comportamiento, a la oraci\u00f3n, a compartir, a la penitencia, al perd\u00f3n y, sobre todo, al amor al pr\u00f3jimo. En las Escuelas P\u00edas de Guinea Ecuatorial, Camer\u00fan y Gab\u00f3n, tuvimos celebraciones eucar\u00edsticas, seguidas de la imposici\u00f3n de la ceniza, recordatorio de la fragilidad del hombre. Feliz Cuaresma a todos&#8230;<!--more--><\/p>\n","protected":false},"excerpt":{"rendered":"<p>Este mi\u00e9rcoles, 14 de febrero de 2024, marca el inicio de la Cuaresma en la Iglesia Cat\u00f3lica. Tambi\u00e9n conocido como Mi\u00e9rcoles de Ceniza, el 14 de febrero marca el inicio [&hellip;]<\/p>\n","protected":false},"author":15,"featured_media":325570,"comment_status":"closed","ping_status":"closed","sticky":false,"template":"","format":"standard","meta":{"_et_pb_use_builder":"","_et_pb_old_content":"","_et_gb_content_width":"","footnotes":""},"categories":[53],"tags":[],"class_list":["post-325231","post","type-post","status-publish","format-standard","has-post-thumbnail","hentry","category-africa-central"],"yoast_head":"<!-- This site is optimized with the Yoast SEO plugin v27.4 - https:\/\/yoast.com\/product\/yoast-seo-wordpress\/ -->\n<title>Entrando en la Cuaresma en \u00c1frica Central: Mi\u00e9rcoles de Ceniza<\/title>\n<meta name=\"description\" content=\"Este mi\u00e9rcoles, 14 de febrero de 2024, marca el inicio de la Cuaresma en la Iglesia Cat\u00f3lica. Tambi\u00e9n conocido como Mi\u00e9rcoles de Ceniza, el 14 de febrero marca el inicio de la Cuaresma con la imposici\u00f3n de la ceniza. En las escuelas de la provincia centroafricana se celebraron misas en las que se invitaba a&hellip;\" \/>\n<meta name=\"robots\" content=\"index, follow, max-snippet:-1, max-image-preview:large, max-video-preview:-1\" \/>\n<link rel=\"canonical\" href=\"http:\/\/Este%20mi\u00e9rcoles,%2014%20de%20febrero%20de%202024,%20marca%20el%20inicio%20de%20la%20Cuaresma%20en%20la%20Iglesia%20Cat\u00f3lica.%20Tambi\u00e9n%20conocido%20como%20Mi\u00e9rcoles%20de%20Ceniza,%20el%2014%20de%20febrero%20marca%20el%20inicio%20de%20la%20Cuaresma%20con%20la%20imposici\u00f3n%20de%20la%20ceniza.%20En%20las%20escuelas%20de%20la%20provincia%20centroafricana%20se%20celebraron%20misas%20en%20las%20que%20se%20invitaba%20a&hellip;\" \/>\n<meta property=\"og:locale\" content=\"en_US\" \/>\n<meta property=\"og:type\" content=\"article\" \/>\n<meta property=\"og:title\" content=\"Entrando en la Cuaresma en \u00c1frica Central: Mi\u00e9rcoles de Ceniza\" \/>\n<meta property=\"og:description\" content=\"Este mi\u00e9rcoles, 14 de febrero de 2024, marca el inicio de la Cuaresma en la Iglesia Cat\u00f3lica. Tambi\u00e9n conocido como Mi\u00e9rcoles de Ceniza, el 14 de febrero marca el inicio de la Cuaresma con la imposici\u00f3n de la ceniza. En las escuelas de la provincia centroafricana se celebraron misas en las que se invitaba a&hellip;\" \/>\n<meta property=\"og:url\" content=\"https:\/\/www.itakaescolapios.org\/eu\/2024\/02\/english-entering-lent-in-central-africa-ash-wednesday\/\" \/>\n<meta property=\"og:site_name\" content=\"Itaka-Escolapios\" \/>\n<meta property=\"article:published_time\" content=\"2024-02-14T11:05:51+00:00\" \/>\n<meta property=\"article:modified_time\" content=\"2025-03-07T17:28:27+00:00\" \/>\n<meta property=\"og:image\" content=\"https:\/\/www.itakaescolapios.org\/wp-content\/uploads\/2024\/02\/WhatsApp-Image-2024-02-14-at-09.02.33-2-1.jpeg\" \/>\n\t<meta property=\"og:image:width\" content=\"1080\" \/>\n\t<meta property=\"og:image:height\" content=\"607\" \/>\n\t<meta property=\"og:image:type\" content=\"image\/jpeg\" \/>\n<meta name=\"author\" content=\"cameroun01\" \/>\n<meta name=\"twitter:card\" content=\"summary_large_image\" \/>\n<meta name=\"twitter:label1\" content=\"Written by\" \/>\n\t<meta name=\"twitter:data1\" content=\"cameroun01\" \/>\n\t<meta name=\"twitter:label2\" content=\"Est. reading time\" \/>\n\t<meta name=\"twitter:data2\" content=\"1 minutua\" \/>\n<script type=\"application\/ld+json\" class=\"yoast-schema-graph\">{\"@context\":\"https:\\\/\\\/schema.org\",\"@graph\":[{\"@type\":\"Article\",\"@id\":\"https:\\\/\\\/www.itakaescolapios.org\\\/eu\\\/2024\\\/02\\\/english-entering-lent-in-central-africa-ash-wednesday\\\/#article\",\"isPartOf\":{\"@id\":\"https:\\\/\\\/www.itakaescolapios.org\\\/eu\\\/2024\\\/02\\\/english-entering-lent-in-central-africa-ash-wednesday\\\/\"},\"author\":{\"name\":\"cameroun01\",\"@id\":\"https:\\\/\\\/www.itakaescolapios.org\\\/es\\\/#\\\/schema\\\/person\\\/d2844383e29bfdfef69039672ce14eb1\"},\"headline\":\"Entrando en la Cuaresma en \u00c1frica Central: Mi\u00e9rcoles de Ceniza\",\"datePublished\":\"2024-02-14T11:05:51+00:00\",\"dateModified\":\"2025-03-07T17:28:27+00:00\",\"mainEntityOfPage\":{\"@id\":\"https:\\\/\\\/www.itakaescolapios.org\\\/eu\\\/2024\\\/02\\\/english-entering-lent-in-central-africa-ash-wednesday\\\/\"},\"wordCount\":132,\"publisher\":{\"@id\":\"https:\\\/\\\/www.itakaescolapios.org\\\/es\\\/#organization\"},\"image\":{\"@id\":\"https:\\\/\\\/www.itakaescolapios.org\\\/eu\\\/2024\\\/02\\\/english-entering-lent-in-central-africa-ash-wednesday\\\/#primaryimage\"},\"thumbnailUrl\":\"https:\\\/\\\/www.itakaescolapios.org\\\/wp-content\\\/uploads\\\/2024\\\/02\\\/WhatsApp-Image-2024-02-14-at-09.02.33-2-1.jpeg\",\"articleSection\":[\"Erdialdeko Afrika\"],\"inLanguage\":\"eu\"},{\"@type\":\"WebPage\",\"@id\":\"https:\\\/\\\/www.itakaescolapios.org\\\/eu\\\/2024\\\/02\\\/english-entering-lent-in-central-africa-ash-wednesday\\\/\",\"url\":\"https:\\\/\\\/www.itakaescolapios.org\\\/eu\\\/2024\\\/02\\\/english-entering-lent-in-central-africa-ash-wednesday\\\/\",\"name\":\"Entrando en la Cuaresma en \u00c1frica Central: Mi\u00e9rcoles de Ceniza - Itaka-Escolapios\",\"isPartOf\":{\"@id\":\"https:\\\/\\\/www.itakaescolapios.org\\\/es\\\/#website\"},\"primaryImageOfPage\":{\"@id\":\"https:\\\/\\\/www.itakaescolapios.org\\\/eu\\\/2024\\\/02\\\/english-entering-lent-in-central-africa-ash-wednesday\\\/#primaryimage\"},\"image\":{\"@id\":\"https:\\\/\\\/www.itakaescolapios.org\\\/eu\\\/2024\\\/02\\\/english-entering-lent-in-central-africa-ash-wednesday\\\/#primaryimage\"},\"thumbnailUrl\":\"https:\\\/\\\/www.itakaescolapios.org\\\/wp-content\\\/uploads\\\/2024\\\/02\\\/WhatsApp-Image-2024-02-14-at-09.02.33-2-1.jpeg\",\"datePublished\":\"2024-02-14T11:05:51+00:00\",\"dateModified\":\"2025-03-07T17:28:27+00:00\",\"breadcrumb\":{\"@id\":\"https:\\\/\\\/www.itakaescolapios.org\\\/eu\\\/2024\\\/02\\\/english-entering-lent-in-central-africa-ash-wednesday\\\/#breadcrumb\"},\"inLanguage\":\"eu\",\"potentialAction\":[{\"@type\":\"ReadAction\",\"target\":[\"https:\\\/\\\/www.itakaescolapios.org\\\/eu\\\/2024\\\/02\\\/english-entering-lent-in-central-africa-ash-wednesday\\\/\"]}]},{\"@type\":\"ImageObject\",\"inLanguage\":\"eu\",\"@id\":\"https:\\\/\\\/www.itakaescolapios.org\\\/eu\\\/2024\\\/02\\\/english-entering-lent-in-central-africa-ash-wednesday\\\/#primaryimage\",\"url\":\"https:\\\/\\\/www.itakaescolapios.org\\\/wp-content\\\/uploads\\\/2024\\\/02\\\/WhatsApp-Image-2024-02-14-at-09.02.33-2-1.jpeg\",\"contentUrl\":\"https:\\\/\\\/www.itakaescolapios.org\\\/wp-content\\\/uploads\\\/2024\\\/02\\\/WhatsApp-Image-2024-02-14-at-09.02.33-2-1.jpeg\",\"width\":1080,\"height\":607},{\"@type\":\"BreadcrumbList\",\"@id\":\"https:\\\/\\\/www.itakaescolapios.org\\\/eu\\\/2024\\\/02\\\/english-entering-lent-in-central-africa-ash-wednesday\\\/#breadcrumb\",\"itemListElement\":[{\"@type\":\"ListItem\",\"position\":1,\"name\":\"Itaka-Escolapios\",\"item\":\"https:\\\/\\\/www.itakaescolapios.org\\\/es\\\/\"},{\"@type\":\"ListItem\",\"position\":2,\"name\":\"Entrando en la Cuaresma en \u00c1frica Central: Mi\u00e9rcoles de Ceniza\"}]},{\"@type\":\"WebSite\",\"@id\":\"https:\\\/\\\/www.itakaescolapios.org\\\/eu\\\/es\\\/#website\",\"url\":\"https:\\\/\\\/www.itakaescolapios.org\\\/eu\\\/es\\\/\",\"name\":\"Itaka-Escolapios\",\"description\":\"Red de Itaka-Escolapios\",\"publisher\":{\"@id\":\"https:\\\/\\\/www.itakaescolapios.org\\\/eu\\\/es\\\/#organization\"},\"potentialAction\":[{\"@type\":\"SearchAction\",\"target\":{\"@type\":\"EntryPoint\",\"urlTemplate\":\"https:\\\/\\\/www.itakaescolapios.org\\\/eu\\\/es\\\/?s={search_term_string}\"},\"query-input\":{\"@type\":\"PropertyValueSpecification\",\"valueRequired\":true,\"valueName\":\"search_term_string\"}}],\"inLanguage\":\"eu\"},{\"@type\":\"Organization\",\"@id\":\"https:\\\/\\\/www.itakaescolapios.org\\\/eu\\\/es\\\/#organization\",\"name\":\"Fundaci\u00f3 Itaka-Escolapios\",\"url\":\"https:\\\/\\\/www.itakaescolapios.org\\\/eu\\\/es\\\/\",\"logo\":{\"@type\":\"ImageObject\",\"inLanguage\":\"eu\",\"@id\":\"https:\\\/\\\/www.itakaescolapios.org\\\/eu\\\/es\\\/#\\\/schema\\\/logo\\\/image\\\/\",\"url\":\"https:\\\/\\\/www.itakaescolapios.org\\\/wp-content\\\/uploads\\\/2024\\\/04\\\/Logo-itakaescolapios-peque.png\",\"contentUrl\":\"https:\\\/\\\/www.itakaescolapios.org\\\/wp-content\\\/uploads\\\/2024\\\/04\\\/Logo-itakaescolapios-peque.png\",\"width\":500,\"height\":199,\"caption\":\"Fundaci\u00f3 Itaka-Escolapios\"},\"image\":{\"@id\":\"https:\\\/\\\/www.itakaescolapios.org\\\/eu\\\/es\\\/#\\\/schema\\\/logo\\\/image\\\/\"}},{\"@type\":\"Person\",\"@id\":\"https:\\\/\\\/www.itakaescolapios.org\\\/es\\\/#\\\/schema\\\/person\\\/d2844383e29bfdfef69039672ce14eb1\",\"name\":\"cameroun01\",\"url\":\"https:\\\/\\\/www.itakaescolapios.org\\\/eu\\\/author\\\/cameroun01\\\/\"}]}<\/script>\n<!-- \/ Yoast SEO plugin. -->","yoast_head_json":{"title":"Entrando en la Cuaresma en \u00c1frica Central: Mi\u00e9rcoles de Ceniza","description":"Este mi\u00e9rcoles, 14 de febrero de 2024, marca el inicio de la Cuaresma en la Iglesia Cat\u00f3lica. Tambi\u00e9n conocido como Mi\u00e9rcoles de Ceniza, el 14 de febrero marca el inicio de la Cuaresma con la imposici\u00f3n de la ceniza. En las escuelas de la provincia centroafricana se celebraron misas en las que se invitaba a&hellip;","robots":{"index":"index","follow":"follow","max-snippet":"max-snippet:-1","max-image-preview":"max-image-preview:large","max-video-preview":"max-video-preview:-1"},"canonical":"Este mi\u00e9rcoles, 14 de febrero de 2024, marca el inicio de la Cuaresma en la Iglesia Cat\u00f3lica. Tambi\u00e9n conocido como Mi\u00e9rcoles de Ceniza, el 14 de febrero marca el inicio de la Cuaresma con la imposici\u00f3n de la ceniza. En las escuelas de la provincia centroafricana se celebraron misas en las que se invitaba a&hellip;","og_locale":"en_US","og_type":"article","og_title":"Entrando en la Cuaresma en \u00c1frica Central: Mi\u00e9rcoles de Ceniza","og_description":"Este mi\u00e9rcoles, 14 de febrero de 2024, marca el inicio de la Cuaresma en la Iglesia Cat\u00f3lica. Tambi\u00e9n conocido como Mi\u00e9rcoles de Ceniza, el 14 de febrero marca el inicio de la Cuaresma con la imposici\u00f3n de la ceniza. En las escuelas de la provincia centroafricana se celebraron misas en las que se invitaba a&hellip;","og_url":"https:\/\/www.itakaescolapios.org\/eu\/2024\/02\/english-entering-lent-in-central-africa-ash-wednesday\/","og_site_name":"Itaka-Escolapios","article_published_time":"2024-02-14T11:05:51+00:00","article_modified_time":"2025-03-07T17:28:27+00:00","og_image":[{"width":1080,"height":607,"url":"https:\/\/www.itakaescolapios.org\/wp-content\/uploads\/2024\/02\/WhatsApp-Image-2024-02-14-at-09.02.33-2-1.jpeg","type":"image\/jpeg"}],"author":"cameroun01","twitter_card":"summary_large_image","twitter_misc":{"Written by":"cameroun01","Est. reading time":"1 minutua"},"schema":{"@context":"https:\/\/schema.org","@graph":[{"@type":"Article","@id":"https:\/\/www.itakaescolapios.org\/eu\/2024\/02\/english-entering-lent-in-central-africa-ash-wednesday\/#article","isPartOf":{"@id":"https:\/\/www.itakaescolapios.org\/eu\/2024\/02\/english-entering-lent-in-central-africa-ash-wednesday\/"},"author":{"name":"cameroun01","@id":"https:\/\/www.itakaescolapios.org\/es\/#\/schema\/person\/d2844383e29bfdfef69039672ce14eb1"},"headline":"Entrando en la Cuaresma en \u00c1frica Central: Mi\u00e9rcoles de Ceniza","datePublished":"2024-02-14T11:05:51+00:00","dateModified":"2025-03-07T17:28:27+00:00","mainEntityOfPage":{"@id":"https:\/\/www.itakaescolapios.org\/eu\/2024\/02\/english-entering-lent-in-central-africa-ash-wednesday\/"},"wordCount":132,"publisher":{"@id":"https:\/\/www.itakaescolapios.org\/es\/#organization"},"image":{"@id":"https:\/\/www.itakaescolapios.org\/eu\/2024\/02\/english-entering-lent-in-central-africa-ash-wednesday\/#primaryimage"},"thumbnailUrl":"https:\/\/www.itakaescolapios.org\/wp-content\/uploads\/2024\/02\/WhatsApp-Image-2024-02-14-at-09.02.33-2-1.jpeg","articleSection":["Erdialdeko Afrika"],"inLanguage":"eu"},{"@type":"WebPage","@id":"https:\/\/www.itakaescolapios.org\/eu\/2024\/02\/english-entering-lent-in-central-africa-ash-wednesday\/","url":"https:\/\/www.itakaescolapios.org\/eu\/2024\/02\/english-entering-lent-in-central-africa-ash-wednesday\/","name":"Entrando en la Cuaresma en \u00c1frica Central: Mi\u00e9rcoles de Ceniza - Itaka-Escolapios","isPartOf":{"@id":"https:\/\/www.itakaescolapios.org\/es\/#website"},"primaryImageOfPage":{"@id":"https:\/\/www.itakaescolapios.org\/eu\/2024\/02\/english-entering-lent-in-central-africa-ash-wednesday\/#primaryimage"},"image":{"@id":"https:\/\/www.itakaescolapios.org\/eu\/2024\/02\/english-entering-lent-in-central-africa-ash-wednesday\/#primaryimage"},"thumbnailUrl":"https:\/\/www.itakaescolapios.org\/wp-content\/uploads\/2024\/02\/WhatsApp-Image-2024-02-14-at-09.02.33-2-1.jpeg","datePublished":"2024-02-14T11:05:51+00:00","dateModified":"2025-03-07T17:28:27+00:00","breadcrumb":{"@id":"https:\/\/www.itakaescolapios.org\/eu\/2024\/02\/english-entering-lent-in-central-africa-ash-wednesday\/#breadcrumb"},"inLanguage":"eu","potentialAction":[{"@type":"ReadAction","target":["https:\/\/www.itakaescolapios.org\/eu\/2024\/02\/english-entering-lent-in-central-africa-ash-wednesday\/"]}]},{"@type":"ImageObject","inLanguage":"eu","@id":"https:\/\/www.itakaescolapios.org\/eu\/2024\/02\/english-entering-lent-in-central-africa-ash-wednesday\/#primaryimage","url":"https:\/\/www.itakaescolapios.org\/wp-content\/uploads\/2024\/02\/WhatsApp-Image-2024-02-14-at-09.02.33-2-1.jpeg","contentUrl":"https:\/\/www.itakaescolapios.org\/wp-content\/uploads\/2024\/02\/WhatsApp-Image-2024-02-14-at-09.02.33-2-1.jpeg","width":1080,"height":607},{"@type":"BreadcrumbList","@id":"https:\/\/www.itakaescolapios.org\/eu\/2024\/02\/english-entering-lent-in-central-africa-ash-wednesday\/#breadcrumb","itemListElement":[{"@type":"ListItem","position":1,"name":"Itaka-Escolapios","item":"https:\/\/www.itakaescolapios.org\/es\/"},{"@type":"ListItem","position":2,"name":"Entrando en la Cuaresma en \u00c1frica Central: Mi\u00e9rcoles de Ceniza"}]},{"@type":"WebSite","@id":"https:\/\/www.itakaescolapios.org\/eu\/es\/#website","url":"https:\/\/www.itakaescolapios.org\/eu\/es\/","name":"Itaka-Escolapios","description":"Red de Itaka-Escolapios","publisher":{"@id":"https:\/\/www.itakaescolapios.org\/eu\/es\/#organization"},"potentialAction":[{"@type":"SearchAction","target":{"@type":"EntryPoint","urlTemplate":"https:\/\/www.itakaescolapios.org\/eu\/es\/?s={search_term_string}"},"query-input":{"@type":"PropertyValueSpecification","valueRequired":true,"valueName":"search_term_string"}}],"inLanguage":"eu"},{"@type":"Organization","@id":"https:\/\/www.itakaescolapios.org\/eu\/es\/#organization","name":"Fundaci\u00f3 Itaka-Escolapios","url":"https:\/\/www.itakaescolapios.org\/eu\/es\/","logo":{"@type":"ImageObject","inLanguage":"eu","@id":"https:\/\/www.itakaescolapios.org\/eu\/es\/#\/schema\/logo\/image\/","url":"https:\/\/www.itakaescolapios.org\/wp-content\/uploads\/2024\/04\/Logo-itakaescolapios-peque.png","contentUrl":"https:\/\/www.itakaescolapios.org\/wp-content\/uploads\/2024\/04\/Logo-itakaescolapios-peque.png","width":500,"height":199,"caption":"Fundaci\u00f3 Itaka-Escolapios"},"image":{"@id":"https:\/\/www.itakaescolapios.org\/eu\/es\/#\/schema\/logo\/image\/"}},{"@type":"Person","@id":"https:\/\/www.itakaescolapios.org\/es\/#\/schema\/person\/d2844383e29bfdfef69039672ce14eb1","name":"cameroun01","url":"https:\/\/www.itakaescolapios.org\/eu\/author\/cameroun01\/"}]}},"_links":{"self":[{"href":"https:\/\/www.itakaescolapios.org\/eu\/wp-json\/wp\/v2\/posts\/325231","targetHints":{"allow":["GET"]}}],"collection":[{"href":"https:\/\/www.itakaescolapios.org\/eu\/wp-json\/wp\/v2\/posts"}],"about":[{"href":"https:\/\/www.itakaescolapios.org\/eu\/wp-json\/wp\/v2\/types\/post"}],"author":[{"embeddable":true,"href":"https:\/\/www.itakaescolapios.org\/eu\/wp-json\/wp\/v2\/users\/15"}],"replies":[{"embeddable":true,"href":"https:\/\/www.itakaescolapios.org\/eu\/wp-json\/wp\/v2\/comments?post=325231"}],"version-history":[{"count":2,"href":"https:\/\/www.itakaescolapios.org\/eu\/wp-json\/wp\/v2\/posts\/325231\/revisions"}],"predecessor-version":[{"id":326359,"href":"https:\/\/www.itakaescolapios.org\/eu\/wp-json\/wp\/v2\/posts\/325231\/revisions\/326359"}],"wp:featuredmedia":[{"embeddable":true,"href":"https:\/\/www.itakaescolapios.org\/eu\/wp-json\/wp\/v2\/media\/325570"}],"wp:attachment":[{"href":"https:\/\/www.itakaescolapios.org\/eu\/wp-json\/wp\/v2\/media?parent=325231"}],"wp:term":[{"taxonomy":"category","embeddable":true,"href":"https:\/\/www.itakaescolapios.org\/eu\/wp-json\/wp\/v2\/categories?post=325231"},{"taxonomy":"post_tag","embeddable":true,"href":"https:\/\/www.itakaescolapios.org\/eu\/wp-json\/wp\/v2\/tags?post=325231"}],"curies":[{"name":"wp","href":"https:\/\/api.w.org\/{rel}","templated":true}]}}